{"id":23905,"date":"2025-05-07T12:09:24","date_gmt":"2025-05-07T10:09:24","guid":{"rendered":"https:\/\/gabonnouvellevision.com\/gnv\/?p=23905"},"modified":"2025-05-07T12:11:20","modified_gmt":"2025-05-07T10:11:20","slug":"la-classe-politique-gabonaise-convoquee-ce-mercredi-au-palais-de-la-renovation","status":"publish","type":"post","link":"https:\/\/gabonnouvellevision.com\/gnv\/2025\/05\/07\/la-classe-politique-gabonaise-convoquee-ce-mercredi-au-palais-de-la-renovation\/","title":{"rendered":"La classe politique Gabonaise convoqu\u00e9e ce mercredi au palais de la R\u00e9novation"},"content":{"rendered":"\n<p>Le Pr\u00e9sident de la R\u00e9publique Brice Clotaire Oligui Nguema face \u00e0 la diaspora Gabonaise hier au palais de la R\u00e9novation. Presse Pr\u00e9sidentielle<\/p>\n\n\n\n<p><em><strong>Le Pr\u00e9sident de la R\u00e9publique, Brice Clotaire Oligui Nguema, re\u00e7oit les partis politiques l\u00e9galement reconnus ce mercredi 7 mai au palais de la R\u00e9novation de Libreville. Les l\u00e9gislatives et locales \u00e0 venir devraient figurer en bonne place<\/strong><\/em><strong>.<\/strong><\/p>\n\n\n\n<p>Apr\u00e8s la Diaspora Gabonaise hier, c&rsquo;est la classe politique Gabonaise qui est attendue au palais de la R\u00e9novation de Libreville ce mercredi 07 mai \u00e0 14h pour d\u00e9battre de l\u2019avenir du pays avec le Pr\u00e9sident de la R\u00e9publique Brice Clotaire Oligui Nguema.<\/p>\n\n\n\n<p>L\u2019organisation des l\u00e9gislatives et locales de septembre-octobre prochain devraient figurer en bonne place. Et la r\u00e9organisation des partis politiques en quatre blocs id\u00e9ologiques conform\u00e9ment aux dispositions de la nouvelle constitution.<\/p>\n\n\n\n<p>Le Gabon compte \u00e0 ce jour 106 partis politiques l\u00e9galement reconnus pour une population d\u2019\u00e0 peine 2 millions d\u2019habitants. Un nombre de partis politiques jug\u00e9 pl\u00e9thorique et complaisant \u00e0 l\u2019issue des travaux du Dialogue National inclusif d\u2019Angondj\u00e9 d\u2019avril-mai 2024, d\u2019o\u00f9 la n\u00e9cessit\u00e9 de le revoir \u00e0 la baisse en ne priorisant que les grands groupes id\u00e9ologiques, pour assainir le secteur devenu la chasse gard\u00e9e de certains politicards alimentaires depuis des d\u00e9cennies.<\/p>\n\n\n\n<p>Selon une source gouvernementale, au terme de la rencontre de ce jour, 2 comit\u00e9s seront mis en place pour \u00e9laborer des projets de lois relatifs \u00e0 l\u2019application des dispositions sur la cr\u00e9ation et le fonctionnement des partis politiques et la r\u00e9partition des si\u00e8ges \u00e9lectoraux, conform\u00e9ment \u00e0 l\u2019article 248 de la constitution.<\/p>\n\n\n\n<p>Un d\u00e9fi \u00e0 relever urgemment par les nouvelles autorit\u00e9s devant poser les jalons solides du Gabon dans la V\u00e8me R\u00e9publique.<\/p>\n\n\n\n<p><strong>Rufin Martial Oke Nze<\/strong><\/p>\n","protected":false},"excerpt":{"rendered":"<p>Le Pr\u00e9sident de la R\u00e9publique Brice Clotaire Oligui Nguema face \u00e0 la diaspora Gabonaise hier au palais de la R\u00e9novation. Presse Pr\u00e9sidentielle Le Pr\u00e9sident de la R\u00e9publique, Brice Clotaire Oligui Nguema, re\u00e7oit les partis politiques l\u00e9galement reconnus ce mercredi 7 mai au palais de la R\u00e9novation de Libreville. Les l\u00e9gislatives et locales \u00e0 venir devraient [&hellip;]<\/p>\n","protected":false},"author":7,"featured_media":23906,"comment_status":"open","ping_status":"open","sticky":false,"template":"","format":"standard","meta":{"footnotes":""},"categories":[57,55,65],"tags":[],"class_list":["post-23905","post","type-post","status-publish","format-standard","has-post-thumbnail","hentry","category-a-la-une","category-actualites","category-politique-podcasts"],"yoast_head":"<!-- This site is optimized with the Yoast SEO plugin v24.2 - https:\/\/yoast.com\/wordpress\/plugins\/seo\/ -->\n<title>La classe politique Gabonaise convoqu\u00e9e ce mercredi au palais de la R\u00e9novation - Gabon Nouvelle Vision<\/title>\n<meta name=\"robots\" content=\"index, follow, max-snippet:-1, max-image-preview:large, max-video-preview:-1\" \/>\n<link rel=\"canonical\" href=\"https:\/\/gabonnouvellevision.com\/gnv\/2025\/05\/07\/la-classe-politique-gabonaise-convoquee-ce-mercredi-au-palais-de-la-renovation\/\" \/>\n<meta property=\"og:locale\" content=\"fr_FR\" \/>\n<meta property=\"og:type\" content=\"article\" \/>\n<meta property=\"og:title\" content=\"La classe politique Gabonaise convoqu\u00e9e ce mercredi au palais de la R\u00e9novation - Gabon Nouvelle Vision\" \/>\n<meta property=\"og:description\" content=\"Le Pr\u00e9sident de la R\u00e9publique Brice Clotaire Oligui Nguema face \u00e0 la diaspora Gabonaise hier au palais de la R\u00e9novation. Presse Pr\u00e9sidentielle Le Pr\u00e9sident de la R\u00e9publique, Brice Clotaire Oligui Nguema, re\u00e7oit les partis politiques l\u00e9galement reconnus ce mercredi 7 mai au palais de la R\u00e9novation de Libreville. Les l\u00e9gislatives et locales \u00e0 venir devraient [&hellip;]\" \/>\n<meta property=\"og:url\" content=\"https:\/\/gabonnouvellevision.com\/gnv\/2025\/05\/07\/la-classe-politique-gabonaise-convoquee-ce-mercredi-au-palais-de-la-renovation\/\" \/>\n<meta property=\"og:site_name\" content=\"Gabon Nouvelle Vision\" \/>\n<meta property=\"article:publisher\" content=\"https:\/\/www.facebook.com\/GNVofficiel\" \/>\n<meta property=\"article:published_time\" content=\"2025-05-07T10:09:24+00:00\" \/>\n<meta property=\"article:modified_time\" content=\"2025-05-07T10:11:20+00:00\" \/>\n<meta property=\"og:image\" content=\"https:\/\/gabonnouvellevision.com\/gnv\/wp-content\/uploads\/2025\/05\/495223429_122251135742025336_8354498495232582768_n.jpg\" \/>\n\t<meta property=\"og:image:width\" content=\"2048\" \/>\n\t<meta property=\"og:image:height\" content=\"1293\" \/>\n\t<meta property=\"og:image:type\" content=\"image\/jpeg\" \/>\n<meta name=\"author\" content=\"Eyeng Obame\" \/>\n<meta name=\"twitter:card\" content=\"summary_large_image\" \/>\n<meta name=\"twitter:label1\" content=\"\u00c9crit par\" \/>\n\t<meta name=\"twitter:data1\" content=\"Eyeng Obame\" \/>\n\t<meta name=\"twitter:label2\" content=\"Dur\u00e9e de lecture estim\u00e9e\" \/>\n\t<meta name=\"twitter:data2\" content=\"2 minutes\" \/>\n<script type=\"application\/ld+json\" class=\"yoast-schema-graph\">{\"@context\":\"https:\/\/schema.org\",\"@graph\":[{\"@type\":\"Article\",\"@id\":\"https:\/\/gabonnouvellevision.com\/gnv\/2025\/05\/07\/la-classe-politique-gabonaise-convoquee-ce-mercredi-au-palais-de-la-renovation\/#article\",\"isPartOf\":{\"@id\":\"https:\/\/gabonnouvellevision.com\/gnv\/2025\/05\/07\/la-classe-politique-gabonaise-convoquee-ce-mercredi-au-palais-de-la-renovation\/\"},\"author\":{\"name\":\"Eyeng Obame\",\"@id\":\"https:\/\/gabonnouvellevision.com\/gnv\/#\/schema\/person\/4b48e07d222f83c0285affc3704bc899\"},\"headline\":\"La classe politique Gabonaise convoqu\u00e9e ce mercredi au palais de la R\u00e9novation\",\"datePublished\":\"2025-05-07T10:09:24+00:00\",\"dateModified\":\"2025-05-07T10:11:20+00:00\",\"mainEntityOfPage\":{\"@id\":\"https:\/\/gabonnouvellevision.com\/gnv\/2025\/05\/07\/la-classe-politique-gabonaise-convoquee-ce-mercredi-au-palais-de-la-renovation\/\"},\"wordCount\":318,\"commentCount\":0,\"publisher\":{\"@id\":\"https:\/\/gabonnouvellevision.com\/gnv\/#organization\"},\"image\":{\"@id\":\"https:\/\/gabonnouvellevision.com\/gnv\/2025\/05\/07\/la-classe-politique-gabonaise-convoquee-ce-mercredi-au-palais-de-la-renovation\/#primaryimage\"},\"thumbnailUrl\":\"https:\/\/gabonnouvellevision.com\/gnv\/wp-content\/uploads\/2025\/05\/495223429_122251135742025336_8354498495232582768_n.jpg\",\"articleSection\":[\"A la une\",\"Actualites\",\"Politique\"],\"inLanguage\":\"fr-FR\",\"potentialAction\":[{\"@type\":\"CommentAction\",\"name\":\"Comment\",\"target\":[\"https:\/\/gabonnouvellevision.com\/gnv\/2025\/05\/07\/la-classe-politique-gabonaise-convoquee-ce-mercredi-au-palais-de-la-renovation\/#respond\"]}]},{\"@type\":\"WebPage\",\"@id\":\"https:\/\/gabonnouvellevision.com\/gnv\/2025\/05\/07\/la-classe-politique-gabonaise-convoquee-ce-mercredi-au-palais-de-la-renovation\/\",\"url\":\"https:\/\/gabonnouvellevision.com\/gnv\/2025\/05\/07\/la-classe-politique-gabonaise-convoquee-ce-mercredi-au-palais-de-la-renovation\/\",\"name\":\"La classe politique Gabonaise convoqu\u00e9e ce mercredi au palais de la R\u00e9novation - Gabon Nouvelle Vision\",\"isPartOf\":{\"@id\":\"https:\/\/gabonnouvellevision.com\/gnv\/#website\"},\"primaryImageOfPage\":{\"@id\":\"https:\/\/gabonnouvellevision.com\/gnv\/2025\/05\/07\/la-classe-politique-gabonaise-convoquee-ce-mercredi-au-palais-de-la-renovation\/#primaryimage\"},\"image\":{\"@id\":\"https:\/\/gabonnouvellevision.com\/gnv\/2025\/05\/07\/la-classe-politique-gabonaise-convoquee-ce-mercredi-au-palais-de-la-renovation\/#primaryimage\"},\"thumbnailUrl\":\"https:\/\/gabonnouvellevision.com\/gnv\/wp-content\/uploads\/2025\/05\/495223429_122251135742025336_8354498495232582768_n.jpg\",\"datePublished\":\"2025-05-07T10:09:24+00:00\",\"dateModified\":\"2025-05-07T10:11:20+00:00\",\"breadcrumb\":{\"@id\":\"https:\/\/gabonnouvellevision.com\/gnv\/2025\/05\/07\/la-classe-politique-gabonaise-convoquee-ce-mercredi-au-palais-de-la-renovation\/#breadcrumb\"},\"inLanguage\":\"fr-FR\",\"potentialAction\":[{\"@type\":\"ReadAction\",\"target\":[\"https:\/\/gabonnouvellevision.com\/gnv\/2025\/05\/07\/la-classe-politique-gabonaise-convoquee-ce-mercredi-au-palais-de-la-renovation\/\"]}]},{\"@type\":\"ImageObject\",\"inLanguage\":\"fr-FR\",\"@id\":\"https:\/\/gabonnouvellevision.com\/gnv\/2025\/05\/07\/la-classe-politique-gabonaise-convoquee-ce-mercredi-au-palais-de-la-renovation\/#primaryimage\",\"url\":\"https:\/\/gabonnouvellevision.com\/gnv\/wp-content\/uploads\/2025\/05\/495223429_122251135742025336_8354498495232582768_n.jpg\",\"contentUrl\":\"https:\/\/gabonnouvellevision.com\/gnv\/wp-content\/uploads\/2025\/05\/495223429_122251135742025336_8354498495232582768_n.jpg\",\"width\":2048,\"height\":1293},{\"@type\":\"BreadcrumbList\",\"@id\":\"https:\/\/gabonnouvellevision.com\/gnv\/2025\/05\/07\/la-classe-politique-gabonaise-convoquee-ce-mercredi-au-palais-de-la-renovation\/#breadcrumb\",\"itemListElement\":[{\"@type\":\"ListItem\",\"position\":1,\"name\":\"Accueil\",\"item\":\"https:\/\/gabonnouvellevision.com\/gnv\/\"},{\"@type\":\"ListItem\",\"position\":2,\"name\":\"La classe politique Gabonaise convoqu\u00e9e ce mercredi au palais de la R\u00e9novation\"}]},{\"@type\":\"WebSite\",\"@id\":\"https:\/\/gabonnouvellevision.com\/gnv\/#website\",\"url\":\"https:\/\/gabonnouvellevision.com\/gnv\/\",\"name\":\"Gabon Nouvelle Vision\",\"description\":\"\",\"publisher\":{\"@id\":\"https:\/\/gabonnouvellevision.com\/gnv\/#organization\"},\"potentialAction\":[{\"@type\":\"SearchAction\",\"target\":{\"@type\":\"EntryPoint\",\"urlTemplate\":\"https:\/\/gabonnouvellevision.com\/gnv\/?s={search_term_string}\"},\"query-input\":{\"@type\":\"PropertyValueSpecification\",\"valueRequired\":true,\"valueName\":\"search_term_string\"}}],\"inLanguage\":\"fr-FR\"},{\"@type\":\"Organization\",\"@id\":\"https:\/\/gabonnouvellevision.com\/gnv\/#organization\",\"name\":\"Gabon Nouvelle Vision\",\"url\":\"https:\/\/gabonnouvellevision.com\/gnv\/\",\"logo\":{\"@type\":\"ImageObject\",\"inLanguage\":\"fr-FR\",\"@id\":\"https:\/\/gabonnouvellevision.com\/gnv\/#\/schema\/logo\/image\/\",\"url\":\"https:\/\/gabonnouvellevision.com\/gnv\/wp-content\/uploads\/2025\/01\/logo-text_Plan-de-travail-1.png\",\"contentUrl\":\"https:\/\/gabonnouvellevision.com\/gnv\/wp-content\/uploads\/2025\/01\/logo-text_Plan-de-travail-1.png\",\"width\":7169,\"height\":2390,\"caption\":\"Gabon Nouvelle Vision\"},\"image\":{\"@id\":\"https:\/\/gabonnouvellevision.com\/gnv\/#\/schema\/logo\/image\/\"},\"sameAs\":[\"https:\/\/www.facebook.com\/GNVofficiel\"]},{\"@type\":\"Person\",\"@id\":\"https:\/\/gabonnouvellevision.com\/gnv\/#\/schema\/person\/4b48e07d222f83c0285affc3704bc899\",\"name\":\"Eyeng Obame\",\"image\":{\"@type\":\"ImageObject\",\"inLanguage\":\"fr-FR\",\"@id\":\"https:\/\/gabonnouvellevision.com\/gnv\/#\/schema\/person\/image\/\",\"url\":\"https:\/\/secure.gravatar.com\/avatar\/167bc03b8baf3c77318a47159f80871de6f5a6cbf4bc8b6af750fbc1a369d7bf?s=96&d=mm&r=g\",\"contentUrl\":\"https:\/\/secure.gravatar.com\/avatar\/167bc03b8baf3c77318a47159f80871de6f5a6cbf4bc8b6af750fbc1a369d7bf?s=96&d=mm&r=g\",\"caption\":\"Eyeng Obame\"},\"url\":\"https:\/\/gabonnouvellevision.com\/gnv\/author\/rufin\/\"}]}<\/script>\n<!-- \/ Yoast SEO plugin. -->","yoast_head_json":{"title":"La classe politique Gabonaise convoqu\u00e9e ce mercredi au palais de la R\u00e9novation - Gabon Nouvelle Vision","robots":{"index":"index","follow":"follow","max-snippet":"max-snippet:-1","max-image-preview":"max-image-preview:large","max-video-preview":"max-video-preview:-1"},"canonical":"https:\/\/gabonnouvellevision.com\/gnv\/2025\/05\/07\/la-classe-politique-gabonaise-convoquee-ce-mercredi-au-palais-de-la-renovation\/","og_locale":"fr_FR","og_type":"article","og_title":"La classe politique Gabonaise convoqu\u00e9e ce mercredi au palais de la R\u00e9novation - Gabon Nouvelle Vision","og_description":"Le Pr\u00e9sident de la R\u00e9publique Brice Clotaire Oligui Nguema face \u00e0 la diaspora Gabonaise hier au palais de la R\u00e9novation. Presse Pr\u00e9sidentielle Le Pr\u00e9sident de la R\u00e9publique, Brice Clotaire Oligui Nguema, re\u00e7oit les partis politiques l\u00e9galement reconnus ce mercredi 7 mai au palais de la R\u00e9novation de Libreville. Les l\u00e9gislatives et locales \u00e0 venir devraient [&hellip;]","og_url":"https:\/\/gabonnouvellevision.com\/gnv\/2025\/05\/07\/la-classe-politique-gabonaise-convoquee-ce-mercredi-au-palais-de-la-renovation\/","og_site_name":"Gabon Nouvelle Vision","article_publisher":"https:\/\/www.facebook.com\/GNVofficiel","article_published_time":"2025-05-07T10:09:24+00:00","article_modified_time":"2025-05-07T10:11:20+00:00","og_image":[{"width":2048,"height":1293,"url":"https:\/\/gabonnouvellevision.com\/gnv\/wp-content\/uploads\/2025\/05\/495223429_122251135742025336_8354498495232582768_n.jpg","type":"image\/jpeg"}],"author":"Eyeng Obame","twitter_card":"summary_large_image","twitter_misc":{"\u00c9crit par":"Eyeng Obame","Dur\u00e9e de lecture estim\u00e9e":"2 minutes"},"schema":{"@context":"https:\/\/schema.org","@graph":[{"@type":"Article","@id":"https:\/\/gabonnouvellevision.com\/gnv\/2025\/05\/07\/la-classe-politique-gabonaise-convoquee-ce-mercredi-au-palais-de-la-renovation\/#article","isPartOf":{"@id":"https:\/\/gabonnouvellevision.com\/gnv\/2025\/05\/07\/la-classe-politique-gabonaise-convoquee-ce-mercredi-au-palais-de-la-renovation\/"},"author":{"name":"Eyeng Obame","@id":"https:\/\/gabonnouvellevision.com\/gnv\/#\/schema\/person\/4b48e07d222f83c0285affc3704bc899"},"headline":"La classe politique Gabonaise convoqu\u00e9e ce mercredi au palais de la R\u00e9novation","datePublished":"2025-05-07T10:09:24+00:00","dateModified":"2025-05-07T10:11:20+00:00","mainEntityOfPage":{"@id":"https:\/\/gabonnouvellevision.com\/gnv\/2025\/05\/07\/la-classe-politique-gabonaise-convoquee-ce-mercredi-au-palais-de-la-renovation\/"},"wordCount":318,"commentCount":0,"publisher":{"@id":"https:\/\/gabonnouvellevision.com\/gnv\/#organization"},"image":{"@id":"https:\/\/gabonnouvellevision.com\/gnv\/2025\/05\/07\/la-classe-politique-gabonaise-convoquee-ce-mercredi-au-palais-de-la-renovation\/#primaryimage"},"thumbnailUrl":"https:\/\/gabonnouvellevision.com\/gnv\/wp-content\/uploads\/2025\/05\/495223429_122251135742025336_8354498495232582768_n.jpg","articleSection":["A la une","Actualites","Politique"],"inLanguage":"fr-FR","potentialAction":[{"@type":"CommentAction","name":"Comment","target":["https:\/\/gabonnouvellevision.com\/gnv\/2025\/05\/07\/la-classe-politique-gabonaise-convoquee-ce-mercredi-au-palais-de-la-renovation\/#respond"]}]},{"@type":"WebPage","@id":"https:\/\/gabonnouvellevision.com\/gnv\/2025\/05\/07\/la-classe-politique-gabonaise-convoquee-ce-mercredi-au-palais-de-la-renovation\/","url":"https:\/\/gabonnouvellevision.com\/gnv\/2025\/05\/07\/la-classe-politique-gabonaise-convoquee-ce-mercredi-au-palais-de-la-renovation\/","name":"La classe politique Gabonaise convoqu\u00e9e ce mercredi au palais de la R\u00e9novation - Gabon Nouvelle Vision","isPartOf":{"@id":"https:\/\/gabonnouvellevision.com\/gnv\/#website"},"primaryImageOfPage":{"@id":"https:\/\/gabonnouvellevision.com\/gnv\/2025\/05\/07\/la-classe-politique-gabonaise-convoquee-ce-mercredi-au-palais-de-la-renovation\/#primaryimage"},"image":{"@id":"https:\/\/gabonnouvellevision.com\/gnv\/2025\/05\/07\/la-classe-politique-gabonaise-convoquee-ce-mercredi-au-palais-de-la-renovation\/#primaryimage"},"thumbnailUrl":"https:\/\/gabonnouvellevision.com\/gnv\/wp-content\/uploads\/2025\/05\/495223429_122251135742025336_8354498495232582768_n.jpg","datePublished":"2025-05-07T10:09:24+00:00","dateModified":"2025-05-07T10:11:20+00:00","breadcrumb":{"@id":"https:\/\/gabonnouvellevision.com\/gnv\/2025\/05\/07\/la-classe-politique-gabonaise-convoquee-ce-mercredi-au-palais-de-la-renovation\/#breadcrumb"},"inLanguage":"fr-FR","potentialAction":[{"@type":"ReadAction","target":["https:\/\/gabonnouvellevision.com\/gnv\/2025\/05\/07\/la-classe-politique-gabonaise-convoquee-ce-mercredi-au-palais-de-la-renovation\/"]}]},{"@type":"ImageObject","inLanguage":"fr-FR","@id":"https:\/\/gabonnouvellevision.com\/gnv\/2025\/05\/07\/la-classe-politique-gabonaise-convoquee-ce-mercredi-au-palais-de-la-renovation\/#primaryimage","url":"https:\/\/gabonnouvellevision.com\/gnv\/wp-content\/uploads\/2025\/05\/495223429_122251135742025336_8354498495232582768_n.jpg","contentUrl":"https:\/\/gabonnouvellevision.com\/gnv\/wp-content\/uploads\/2025\/05\/495223429_122251135742025336_8354498495232582768_n.jpg","width":2048,"height":1293},{"@type":"BreadcrumbList","@id":"https:\/\/gabonnouvellevision.com\/gnv\/2025\/05\/07\/la-classe-politique-gabonaise-convoquee-ce-mercredi-au-palais-de-la-renovation\/#breadcrumb","itemListElement":[{"@type":"ListItem","position":1,"name":"Accueil","item":"https:\/\/gabonnouvellevision.com\/gnv\/"},{"@type":"ListItem","position":2,"name":"La classe politique Gabonaise convoqu\u00e9e ce mercredi au palais de la R\u00e9novation"}]},{"@type":"WebSite","@id":"https:\/\/gabonnouvellevision.com\/gnv\/#website","url":"https:\/\/gabonnouvellevision.com\/gnv\/","name":"Gabon Nouvelle Vision","description":"","publisher":{"@id":"https:\/\/gabonnouvellevision.com\/gnv\/#organization"},"potentialAction":[{"@type":"SearchAction","target":{"@type":"EntryPoint","urlTemplate":"https:\/\/gabonnouvellevision.com\/gnv\/?s={search_term_string}"},"query-input":{"@type":"PropertyValueSpecification","valueRequired":true,"valueName":"search_term_string"}}],"inLanguage":"fr-FR"},{"@type":"Organization","@id":"https:\/\/gabonnouvellevision.com\/gnv\/#organization","name":"Gabon Nouvelle Vision","url":"https:\/\/gabonnouvellevision.com\/gnv\/","logo":{"@type":"ImageObject","inLanguage":"fr-FR","@id":"https:\/\/gabonnouvellevision.com\/gnv\/#\/schema\/logo\/image\/","url":"https:\/\/gabonnouvellevision.com\/gnv\/wp-content\/uploads\/2025\/01\/logo-text_Plan-de-travail-1.png","contentUrl":"https:\/\/gabonnouvellevision.com\/gnv\/wp-content\/uploads\/2025\/01\/logo-text_Plan-de-travail-1.png","width":7169,"height":2390,"caption":"Gabon Nouvelle Vision"},"image":{"@id":"https:\/\/gabonnouvellevision.com\/gnv\/#\/schema\/logo\/image\/"},"sameAs":["https:\/\/www.facebook.com\/GNVofficiel"]},{"@type":"Person","@id":"https:\/\/gabonnouvellevision.com\/gnv\/#\/schema\/person\/4b48e07d222f83c0285affc3704bc899","name":"Eyeng Obame","image":{"@type":"ImageObject","inLanguage":"fr-FR","@id":"https:\/\/gabonnouvellevision.com\/gnv\/#\/schema\/person\/image\/","url":"https:\/\/secure.gravatar.com\/avatar\/167bc03b8baf3c77318a47159f80871de6f5a6cbf4bc8b6af750fbc1a369d7bf?s=96&d=mm&r=g","contentUrl":"https:\/\/secure.gravatar.com\/avatar\/167bc03b8baf3c77318a47159f80871de6f5a6cbf4bc8b6af750fbc1a369d7bf?s=96&d=mm&r=g","caption":"Eyeng Obame"},"url":"https:\/\/gabonnouvellevision.com\/gnv\/author\/rufin\/"}]}},"_links":{"self":[{"href":"https:\/\/gabonnouvellevision.com\/gnv\/wp-json\/wp\/v2\/posts\/23905","targetHints":{"allow":["GET"]}}],"collection":[{"href":"https:\/\/gabonnouvellevision.com\/gnv\/wp-json\/wp\/v2\/posts"}],"about":[{"href":"https:\/\/gabonnouvellevision.com\/gnv\/wp-json\/wp\/v2\/types\/post"}],"author":[{"embeddable":true,"href":"https:\/\/gabonnouvellevision.com\/gnv\/wp-json\/wp\/v2\/users\/7"}],"replies":[{"embeddable":true,"href":"https:\/\/gabonnouvellevision.com\/gnv\/wp-json\/wp\/v2\/comments?post=23905"}],"version-history":[{"count":2,"href":"https:\/\/gabonnouvellevision.com\/gnv\/wp-json\/wp\/v2\/posts\/23905\/revisions"}],"predecessor-version":[{"id":23909,"href":"https:\/\/gabonnouvellevision.com\/gnv\/wp-json\/wp\/v2\/posts\/23905\/revisions\/23909"}],"wp:featuredmedia":[{"embeddable":true,"href":"https:\/\/gabonnouvellevision.com\/gnv\/wp-json\/wp\/v2\/media\/23906"}],"wp:attachment":[{"href":"https:\/\/gabonnouvellevision.com\/gnv\/wp-json\/wp\/v2\/media?parent=23905"}],"wp:term":[{"taxonomy":"category","embeddable":true,"href":"https:\/\/gabonnouvellevision.com\/gnv\/wp-json\/wp\/v2\/categories?post=23905"},{"taxonomy":"post_tag","embeddable":true,"href":"https:\/\/gabonnouvellevision.com\/gnv\/wp-json\/wp\/v2\/tags?post=23905"}],"curies":[{"name":"wp","href":"https:\/\/api.w.org\/{rel}","templated":true}]}}