{"id":23896,"date":"2025-05-06T12:34:15","date_gmt":"2025-05-06T10:34:15","guid":{"rendered":"https:\/\/gabonnouvellevision.com\/gnv\/?p=23896"},"modified":"2025-05-06T12:35:51","modified_gmt":"2025-05-06T10:35:51","slug":"politique-la-veme-republique-en-marche-au-gabon","status":"publish","type":"post","link":"https:\/\/gabonnouvellevision.com\/gnv\/2025\/05\/06\/politique-la-veme-republique-en-marche-au-gabon\/","title":{"rendered":"Politique: la V\u00e8me R\u00e9publique en marche au Gabon!"},"content":{"rendered":"\n<p>Hugues Alexandre Barro Chambrier et Brice Clotaire Oligui Nguema, se congratulant hier au palais de la R\u00e9novation de Libreville. Presse Pr\u00e9sidentielle<\/p>\n\n\n\n<p><strong><em>Le Secr\u00e9taire G\u00e9n\u00e9ral de la Pr\u00e9sidence de la R\u00e9publique, Guy Rossatanga vient de rendre public par voie de presse,  les noms des principaux acteurs devant conduire l&rsquo;essor du Gabon vers la f\u00e9licit\u00e9 dans la V\u00e8me R\u00e9publique. Une \u00e9quipe gouvernementale qui devra traduire en acte le projet de soci\u00e9t\u00e9 par le quel Brice Clotaire Oligui Nguema a \u00e9t\u00e9 port\u00e9 \u00e0 la t\u00eate du pays le 12 avril dernier<\/em><\/strong>.<\/p>\n\n\n\n<p>Il s\u2019agit de S\u00e9raphin Moudounga, nomm\u00e9 Vice-Pr\u00e9sident de la R\u00e9publique. Ce sexag\u00e9naire originaire de Moabi dans la province de la Nyanga, et Pr\u00e9sident sortant du Conseil Economique et Social, &nbsp;devra aider le Pr\u00e9sident de la R\u00e9publique, Brice Clotaire Oligui Nguema, dans la prise de certaines d\u00e9cisions importantes du pays.<\/p>\n\n\n\n<p>Il est second\u00e9 par Hugues Alexandre Barro Chambrier, nomm\u00e9 \u00e9galement &nbsp;Vice-Pr\u00e9sident mais en charge de la coordination Gouvernementale.<\/p>\n\n\n\n<p>Une \u00e9quipe gouvernementale inclusive compos\u00e9e de 31 membres, pour acc\u00e9l\u00e9rer le processus de d\u00e9veloppement du Gabon qui accuse un retard d\u2019une cinquantaine d\u2019ann\u00e9es dans les tous les principaux &nbsp;secteurs d\u2019activit\u00e9s par rapport \u00e0 ses potentialit\u00e9s \u00e9conomiques ( pays \u00e0 Revenu interm\u00e9diaire de rang sup\u00e9rieur et 3 pays le plus riches d\u2019Afrique en ressources naturelles) de l&rsquo;avis des sp\u00e9cialistes.<\/p>\n\n\n\n<p>Un premier casting de la V\u00e8me R\u00e9publique qui semble faire l&rsquo;unanimit\u00e9 au sein de l&rsquo;opinion Gabonaise depuis sa publication officielle en raison d&rsquo;une forte pr\u00e9sence des nouvelles figures.<\/p>\n\n\n\n<p>Des figures anonymes, qui n&rsquo;auront pas d&rsquo;\u00e9tat de gr\u00e2ce, pour inverser drastiquement la courbe persistante de la pauvret\u00e9 et de la pr\u00e9carit\u00e9 h\u00e9rit\u00e9e du r\u00e9gime d\u00e9chu le 30 Ao\u00fbt 2023.\u00a0\u00bbEn prenant la pleine conscience des lourdes responsabilit\u00e9s qui m&rsquo;incombent, je m&rsquo;engage, sous l&rsquo;autorit\u00e9 de Monsieur le Pr\u00e9sident de la R\u00e9publique, \u00e0 donner le meilleur de moi-m\u00eame pour r\u00e9pondre rapidement, efficacement et durablement aux fortes attentes de nos compatriotes\u00a0\u00bb a d\u00e9clar\u00e9 Hugues Alexandre Barro Chambrier, apr\u00e8s sa nomination. <\/p>\n\n\n\n<p><strong>Rufin Martial Oke Nze<\/strong><\/p>\n","protected":false},"excerpt":{"rendered":"<p>Hugues Alexandre Barro Chambrier et Brice Clotaire Oligui Nguema, se congratulant hier au palais de la R\u00e9novation de Libreville. Presse Pr\u00e9sidentielle Le Secr\u00e9taire G\u00e9n\u00e9ral de la Pr\u00e9sidence de la R\u00e9publique, Guy Rossatanga vient de rendre public par voie de presse, les noms des principaux acteurs devant conduire l&rsquo;essor du Gabon vers la f\u00e9licit\u00e9 dans la [&hellip;]<\/p>\n","protected":false},"author":7,"featured_media":23897,"comment_status":"open","ping_status":"open","sticky":false,"template":"","format":"standard","meta":{"footnotes":""},"categories":[57,55,65],"tags":[],"class_list":["post-23896","post","type-post","status-publish","format-standard","has-post-thumbnail","hentry","category-a-la-une","category-actualites","category-politique-podcasts"],"yoast_head":"<!-- This site is optimized with the Yoast SEO plugin v24.2 - https:\/\/yoast.com\/wordpress\/plugins\/seo\/ -->\n<title>Politique: la V\u00e8me R\u00e9publique en marche au Gabon! - Gabon Nouvelle Vision<\/title>\n<meta name=\"robots\" content=\"index, follow, max-snippet:-1, max-image-preview:large, max-video-preview:-1\" \/>\n<link rel=\"canonical\" href=\"https:\/\/gabonnouvellevision.com\/gnv\/2025\/05\/06\/politique-la-veme-republique-en-marche-au-gabon\/\" \/>\n<meta property=\"og:locale\" content=\"fr_FR\" \/>\n<meta property=\"og:type\" content=\"article\" \/>\n<meta property=\"og:title\" content=\"Politique: la V\u00e8me R\u00e9publique en marche au Gabon! - Gabon Nouvelle Vision\" \/>\n<meta property=\"og:description\" content=\"Hugues Alexandre Barro Chambrier et Brice Clotaire Oligui Nguema, se congratulant hier au palais de la R\u00e9novation de Libreville. Presse Pr\u00e9sidentielle Le Secr\u00e9taire G\u00e9n\u00e9ral de la Pr\u00e9sidence de la R\u00e9publique, Guy Rossatanga vient de rendre public par voie de presse, les noms des principaux acteurs devant conduire l&rsquo;essor du Gabon vers la f\u00e9licit\u00e9 dans la [&hellip;]\" \/>\n<meta property=\"og:url\" content=\"https:\/\/gabonnouvellevision.com\/gnv\/2025\/05\/06\/politique-la-veme-republique-en-marche-au-gabon\/\" \/>\n<meta property=\"og:site_name\" content=\"Gabon Nouvelle Vision\" \/>\n<meta property=\"article:publisher\" content=\"https:\/\/www.facebook.com\/GNVofficiel\" \/>\n<meta property=\"article:published_time\" content=\"2025-05-06T10:34:15+00:00\" \/>\n<meta property=\"article:modified_time\" content=\"2025-05-06T10:35:51+00:00\" \/>\n<meta property=\"og:image\" content=\"https:\/\/gabonnouvellevision.com\/gnv\/wp-content\/uploads\/2025\/05\/493890721_1225437398952915_4876725002518148903_n.jpg\" \/>\n\t<meta property=\"og:image:width\" content=\"720\" \/>\n\t<meta property=\"og:image:height\" content=\"524\" \/>\n\t<meta property=\"og:image:type\" content=\"image\/jpeg\" \/>\n<meta name=\"author\" content=\"Eyeng Obame\" \/>\n<meta name=\"twitter:card\" content=\"summary_large_image\" \/>\n<meta name=\"twitter:label1\" content=\"\u00c9crit par\" \/>\n\t<meta name=\"twitter:data1\" content=\"Eyeng Obame\" \/>\n\t<meta name=\"twitter:label2\" content=\"Dur\u00e9e de lecture estim\u00e9e\" \/>\n\t<meta name=\"twitter:data2\" content=\"2 minutes\" \/>\n<script type=\"application\/ld+json\" class=\"yoast-schema-graph\">{\"@context\":\"https:\/\/schema.org\",\"@graph\":[{\"@type\":\"Article\",\"@id\":\"https:\/\/gabonnouvellevision.com\/gnv\/2025\/05\/06\/politique-la-veme-republique-en-marche-au-gabon\/#article\",\"isPartOf\":{\"@id\":\"https:\/\/gabonnouvellevision.com\/gnv\/2025\/05\/06\/politique-la-veme-republique-en-marche-au-gabon\/\"},\"author\":{\"name\":\"Eyeng Obame\",\"@id\":\"https:\/\/gabonnouvellevision.com\/gnv\/#\/schema\/person\/4b48e07d222f83c0285affc3704bc899\"},\"headline\":\"Politique: la V\u00e8me R\u00e9publique en marche au Gabon!\",\"datePublished\":\"2025-05-06T10:34:15+00:00\",\"dateModified\":\"2025-05-06T10:35:51+00:00\",\"mainEntityOfPage\":{\"@id\":\"https:\/\/gabonnouvellevision.com\/gnv\/2025\/05\/06\/politique-la-veme-republique-en-marche-au-gabon\/\"},\"wordCount\":380,\"commentCount\":0,\"publisher\":{\"@id\":\"https:\/\/gabonnouvellevision.com\/gnv\/#organization\"},\"image\":{\"@id\":\"https:\/\/gabonnouvellevision.com\/gnv\/2025\/05\/06\/politique-la-veme-republique-en-marche-au-gabon\/#primaryimage\"},\"thumbnailUrl\":\"https:\/\/gabonnouvellevision.com\/gnv\/wp-content\/uploads\/2025\/05\/493890721_1225437398952915_4876725002518148903_n.jpg\",\"articleSection\":[\"A la une\",\"Actualites\",\"Politique\"],\"inLanguage\":\"fr-FR\",\"potentialAction\":[{\"@type\":\"CommentAction\",\"name\":\"Comment\",\"target\":[\"https:\/\/gabonnouvellevision.com\/gnv\/2025\/05\/06\/politique-la-veme-republique-en-marche-au-gabon\/#respond\"]}]},{\"@type\":\"WebPage\",\"@id\":\"https:\/\/gabonnouvellevision.com\/gnv\/2025\/05\/06\/politique-la-veme-republique-en-marche-au-gabon\/\",\"url\":\"https:\/\/gabonnouvellevision.com\/gnv\/2025\/05\/06\/politique-la-veme-republique-en-marche-au-gabon\/\",\"name\":\"Politique: la V\u00e8me R\u00e9publique en marche au Gabon! - Gabon Nouvelle Vision\",\"isPartOf\":{\"@id\":\"https:\/\/gabonnouvellevision.com\/gnv\/#website\"},\"primaryImageOfPage\":{\"@id\":\"https:\/\/gabonnouvellevision.com\/gnv\/2025\/05\/06\/politique-la-veme-republique-en-marche-au-gabon\/#primaryimage\"},\"image\":{\"@id\":\"https:\/\/gabonnouvellevision.com\/gnv\/2025\/05\/06\/politique-la-veme-republique-en-marche-au-gabon\/#primaryimage\"},\"thumbnailUrl\":\"https:\/\/gabonnouvellevision.com\/gnv\/wp-content\/uploads\/2025\/05\/493890721_1225437398952915_4876725002518148903_n.jpg\",\"datePublished\":\"2025-05-06T10:34:15+00:00\",\"dateModified\":\"2025-05-06T10:35:51+00:00\",\"breadcrumb\":{\"@id\":\"https:\/\/gabonnouvellevision.com\/gnv\/2025\/05\/06\/politique-la-veme-republique-en-marche-au-gabon\/#breadcrumb\"},\"inLanguage\":\"fr-FR\",\"potentialAction\":[{\"@type\":\"ReadAction\",\"target\":[\"https:\/\/gabonnouvellevision.com\/gnv\/2025\/05\/06\/politique-la-veme-republique-en-marche-au-gabon\/\"]}]},{\"@type\":\"ImageObject\",\"inLanguage\":\"fr-FR\",\"@id\":\"https:\/\/gabonnouvellevision.com\/gnv\/2025\/05\/06\/politique-la-veme-republique-en-marche-au-gabon\/#primaryimage\",\"url\":\"https:\/\/gabonnouvellevision.com\/gnv\/wp-content\/uploads\/2025\/05\/493890721_1225437398952915_4876725002518148903_n.jpg\",\"contentUrl\":\"https:\/\/gabonnouvellevision.com\/gnv\/wp-content\/uploads\/2025\/05\/493890721_1225437398952915_4876725002518148903_n.jpg\",\"width\":720,\"height\":524},{\"@type\":\"BreadcrumbList\",\"@id\":\"https:\/\/gabonnouvellevision.com\/gnv\/2025\/05\/06\/politique-la-veme-republique-en-marche-au-gabon\/#breadcrumb\",\"itemListElement\":[{\"@type\":\"ListItem\",\"position\":1,\"name\":\"Accueil\",\"item\":\"https:\/\/gabonnouvellevision.com\/gnv\/\"},{\"@type\":\"ListItem\",\"position\":2,\"name\":\"Politique: la V\u00e8me R\u00e9publique en marche au Gabon!\"}]},{\"@type\":\"WebSite\",\"@id\":\"https:\/\/gabonnouvellevision.com\/gnv\/#website\",\"url\":\"https:\/\/gabonnouvellevision.com\/gnv\/\",\"name\":\"Gabon Nouvelle Vision\",\"description\":\"\",\"publisher\":{\"@id\":\"https:\/\/gabonnouvellevision.com\/gnv\/#organization\"},\"potentialAction\":[{\"@type\":\"SearchAction\",\"target\":{\"@type\":\"EntryPoint\",\"urlTemplate\":\"https:\/\/gabonnouvellevision.com\/gnv\/?s={search_term_string}\"},\"query-input\":{\"@type\":\"PropertyValueSpecification\",\"valueRequired\":true,\"valueName\":\"search_term_string\"}}],\"inLanguage\":\"fr-FR\"},{\"@type\":\"Organization\",\"@id\":\"https:\/\/gabonnouvellevision.com\/gnv\/#organization\",\"name\":\"Gabon Nouvelle Vision\",\"url\":\"https:\/\/gabonnouvellevision.com\/gnv\/\",\"logo\":{\"@type\":\"ImageObject\",\"inLanguage\":\"fr-FR\",\"@id\":\"https:\/\/gabonnouvellevision.com\/gnv\/#\/schema\/logo\/image\/\",\"url\":\"https:\/\/gabonnouvellevision.com\/gnv\/wp-content\/uploads\/2025\/01\/logo-text_Plan-de-travail-1.png\",\"contentUrl\":\"https:\/\/gabonnouvellevision.com\/gnv\/wp-content\/uploads\/2025\/01\/logo-text_Plan-de-travail-1.png\",\"width\":7169,\"height\":2390,\"caption\":\"Gabon Nouvelle Vision\"},\"image\":{\"@id\":\"https:\/\/gabonnouvellevision.com\/gnv\/#\/schema\/logo\/image\/\"},\"sameAs\":[\"https:\/\/www.facebook.com\/GNVofficiel\"]},{\"@type\":\"Person\",\"@id\":\"https:\/\/gabonnouvellevision.com\/gnv\/#\/schema\/person\/4b48e07d222f83c0285affc3704bc899\",\"name\":\"Eyeng Obame\",\"image\":{\"@type\":\"ImageObject\",\"inLanguage\":\"fr-FR\",\"@id\":\"https:\/\/gabonnouvellevision.com\/gnv\/#\/schema\/person\/image\/\",\"url\":\"https:\/\/secure.gravatar.com\/avatar\/167bc03b8baf3c77318a47159f80871de6f5a6cbf4bc8b6af750fbc1a369d7bf?s=96&d=mm&r=g\",\"contentUrl\":\"https:\/\/secure.gravatar.com\/avatar\/167bc03b8baf3c77318a47159f80871de6f5a6cbf4bc8b6af750fbc1a369d7bf?s=96&d=mm&r=g\",\"caption\":\"Eyeng Obame\"},\"url\":\"https:\/\/gabonnouvellevision.com\/gnv\/author\/rufin\/\"}]}<\/script>\n<!-- \/ Yoast SEO plugin. -->","yoast_head_json":{"title":"Politique: la V\u00e8me R\u00e9publique en marche au Gabon! - Gabon Nouvelle Vision","robots":{"index":"index","follow":"follow","max-snippet":"max-snippet:-1","max-image-preview":"max-image-preview:large","max-video-preview":"max-video-preview:-1"},"canonical":"https:\/\/gabonnouvellevision.com\/gnv\/2025\/05\/06\/politique-la-veme-republique-en-marche-au-gabon\/","og_locale":"fr_FR","og_type":"article","og_title":"Politique: la V\u00e8me R\u00e9publique en marche au Gabon! - Gabon Nouvelle Vision","og_description":"Hugues Alexandre Barro Chambrier et Brice Clotaire Oligui Nguema, se congratulant hier au palais de la R\u00e9novation de Libreville. Presse Pr\u00e9sidentielle Le Secr\u00e9taire G\u00e9n\u00e9ral de la Pr\u00e9sidence de la R\u00e9publique, Guy Rossatanga vient de rendre public par voie de presse, les noms des principaux acteurs devant conduire l&rsquo;essor du Gabon vers la f\u00e9licit\u00e9 dans la [&hellip;]","og_url":"https:\/\/gabonnouvellevision.com\/gnv\/2025\/05\/06\/politique-la-veme-republique-en-marche-au-gabon\/","og_site_name":"Gabon Nouvelle Vision","article_publisher":"https:\/\/www.facebook.com\/GNVofficiel","article_published_time":"2025-05-06T10:34:15+00:00","article_modified_time":"2025-05-06T10:35:51+00:00","og_image":[{"width":720,"height":524,"url":"https:\/\/gabonnouvellevision.com\/gnv\/wp-content\/uploads\/2025\/05\/493890721_1225437398952915_4876725002518148903_n.jpg","type":"image\/jpeg"}],"author":"Eyeng Obame","twitter_card":"summary_large_image","twitter_misc":{"\u00c9crit par":"Eyeng Obame","Dur\u00e9e de lecture estim\u00e9e":"2 minutes"},"schema":{"@context":"https:\/\/schema.org","@graph":[{"@type":"Article","@id":"https:\/\/gabonnouvellevision.com\/gnv\/2025\/05\/06\/politique-la-veme-republique-en-marche-au-gabon\/#article","isPartOf":{"@id":"https:\/\/gabonnouvellevision.com\/gnv\/2025\/05\/06\/politique-la-veme-republique-en-marche-au-gabon\/"},"author":{"name":"Eyeng Obame","@id":"https:\/\/gabonnouvellevision.com\/gnv\/#\/schema\/person\/4b48e07d222f83c0285affc3704bc899"},"headline":"Politique: la V\u00e8me R\u00e9publique en marche au Gabon!","datePublished":"2025-05-06T10:34:15+00:00","dateModified":"2025-05-06T10:35:51+00:00","mainEntityOfPage":{"@id":"https:\/\/gabonnouvellevision.com\/gnv\/2025\/05\/06\/politique-la-veme-republique-en-marche-au-gabon\/"},"wordCount":380,"commentCount":0,"publisher":{"@id":"https:\/\/gabonnouvellevision.com\/gnv\/#organization"},"image":{"@id":"https:\/\/gabonnouvellevision.com\/gnv\/2025\/05\/06\/politique-la-veme-republique-en-marche-au-gabon\/#primaryimage"},"thumbnailUrl":"https:\/\/gabonnouvellevision.com\/gnv\/wp-content\/uploads\/2025\/05\/493890721_1225437398952915_4876725002518148903_n.jpg","articleSection":["A la une","Actualites","Politique"],"inLanguage":"fr-FR","potentialAction":[{"@type":"CommentAction","name":"Comment","target":["https:\/\/gabonnouvellevision.com\/gnv\/2025\/05\/06\/politique-la-veme-republique-en-marche-au-gabon\/#respond"]}]},{"@type":"WebPage","@id":"https:\/\/gabonnouvellevision.com\/gnv\/2025\/05\/06\/politique-la-veme-republique-en-marche-au-gabon\/","url":"https:\/\/gabonnouvellevision.com\/gnv\/2025\/05\/06\/politique-la-veme-republique-en-marche-au-gabon\/","name":"Politique: la V\u00e8me R\u00e9publique en marche au Gabon! - Gabon Nouvelle Vision","isPartOf":{"@id":"https:\/\/gabonnouvellevision.com\/gnv\/#website"},"primaryImageOfPage":{"@id":"https:\/\/gabonnouvellevision.com\/gnv\/2025\/05\/06\/politique-la-veme-republique-en-marche-au-gabon\/#primaryimage"},"image":{"@id":"https:\/\/gabonnouvellevision.com\/gnv\/2025\/05\/06\/politique-la-veme-republique-en-marche-au-gabon\/#primaryimage"},"thumbnailUrl":"https:\/\/gabonnouvellevision.com\/gnv\/wp-content\/uploads\/2025\/05\/493890721_1225437398952915_4876725002518148903_n.jpg","datePublished":"2025-05-06T10:34:15+00:00","dateModified":"2025-05-06T10:35:51+00:00","breadcrumb":{"@id":"https:\/\/gabonnouvellevision.com\/gnv\/2025\/05\/06\/politique-la-veme-republique-en-marche-au-gabon\/#breadcrumb"},"inLanguage":"fr-FR","potentialAction":[{"@type":"ReadAction","target":["https:\/\/gabonnouvellevision.com\/gnv\/2025\/05\/06\/politique-la-veme-republique-en-marche-au-gabon\/"]}]},{"@type":"ImageObject","inLanguage":"fr-FR","@id":"https:\/\/gabonnouvellevision.com\/gnv\/2025\/05\/06\/politique-la-veme-republique-en-marche-au-gabon\/#primaryimage","url":"https:\/\/gabonnouvellevision.com\/gnv\/wp-content\/uploads\/2025\/05\/493890721_1225437398952915_4876725002518148903_n.jpg","contentUrl":"https:\/\/gabonnouvellevision.com\/gnv\/wp-content\/uploads\/2025\/05\/493890721_1225437398952915_4876725002518148903_n.jpg","width":720,"height":524},{"@type":"BreadcrumbList","@id":"https:\/\/gabonnouvellevision.com\/gnv\/2025\/05\/06\/politique-la-veme-republique-en-marche-au-gabon\/#breadcrumb","itemListElement":[{"@type":"ListItem","position":1,"name":"Accueil","item":"https:\/\/gabonnouvellevision.com\/gnv\/"},{"@type":"ListItem","position":2,"name":"Politique: la V\u00e8me R\u00e9publique en marche au Gabon!"}]},{"@type":"WebSite","@id":"https:\/\/gabonnouvellevision.com\/gnv\/#website","url":"https:\/\/gabonnouvellevision.com\/gnv\/","name":"Gabon Nouvelle Vision","description":"","publisher":{"@id":"https:\/\/gabonnouvellevision.com\/gnv\/#organization"},"potentialAction":[{"@type":"SearchAction","target":{"@type":"EntryPoint","urlTemplate":"https:\/\/gabonnouvellevision.com\/gnv\/?s={search_term_string}"},"query-input":{"@type":"PropertyValueSpecification","valueRequired":true,"valueName":"search_term_string"}}],"inLanguage":"fr-FR"},{"@type":"Organization","@id":"https:\/\/gabonnouvellevision.com\/gnv\/#organization","name":"Gabon Nouvelle Vision","url":"https:\/\/gabonnouvellevision.com\/gnv\/","logo":{"@type":"ImageObject","inLanguage":"fr-FR","@id":"https:\/\/gabonnouvellevision.com\/gnv\/#\/schema\/logo\/image\/","url":"https:\/\/gabonnouvellevision.com\/gnv\/wp-content\/uploads\/2025\/01\/logo-text_Plan-de-travail-1.png","contentUrl":"https:\/\/gabonnouvellevision.com\/gnv\/wp-content\/uploads\/2025\/01\/logo-text_Plan-de-travail-1.png","width":7169,"height":2390,"caption":"Gabon Nouvelle Vision"},"image":{"@id":"https:\/\/gabonnouvellevision.com\/gnv\/#\/schema\/logo\/image\/"},"sameAs":["https:\/\/www.facebook.com\/GNVofficiel"]},{"@type":"Person","@id":"https:\/\/gabonnouvellevision.com\/gnv\/#\/schema\/person\/4b48e07d222f83c0285affc3704bc899","name":"Eyeng Obame","image":{"@type":"ImageObject","inLanguage":"fr-FR","@id":"https:\/\/gabonnouvellevision.com\/gnv\/#\/schema\/person\/image\/","url":"https:\/\/secure.gravatar.com\/avatar\/167bc03b8baf3c77318a47159f80871de6f5a6cbf4bc8b6af750fbc1a369d7bf?s=96&d=mm&r=g","contentUrl":"https:\/\/secure.gravatar.com\/avatar\/167bc03b8baf3c77318a47159f80871de6f5a6cbf4bc8b6af750fbc1a369d7bf?s=96&d=mm&r=g","caption":"Eyeng Obame"},"url":"https:\/\/gabonnouvellevision.com\/gnv\/author\/rufin\/"}]}},"_links":{"self":[{"href":"https:\/\/gabonnouvellevision.com\/gnv\/wp-json\/wp\/v2\/posts\/23896","targetHints":{"allow":["GET"]}}],"collection":[{"href":"https:\/\/gabonnouvellevision.com\/gnv\/wp-json\/wp\/v2\/posts"}],"about":[{"href":"https:\/\/gabonnouvellevision.com\/gnv\/wp-json\/wp\/v2\/types\/post"}],"author":[{"embeddable":true,"href":"https:\/\/gabonnouvellevision.com\/gnv\/wp-json\/wp\/v2\/users\/7"}],"replies":[{"embeddable":true,"href":"https:\/\/gabonnouvellevision.com\/gnv\/wp-json\/wp\/v2\/comments?post=23896"}],"version-history":[{"count":2,"href":"https:\/\/gabonnouvellevision.com\/gnv\/wp-json\/wp\/v2\/posts\/23896\/revisions"}],"predecessor-version":[{"id":23899,"href":"https:\/\/gabonnouvellevision.com\/gnv\/wp-json\/wp\/v2\/posts\/23896\/revisions\/23899"}],"wp:featuredmedia":[{"embeddable":true,"href":"https:\/\/gabonnouvellevision.com\/gnv\/wp-json\/wp\/v2\/media\/23897"}],"wp:attachment":[{"href":"https:\/\/gabonnouvellevision.com\/gnv\/wp-json\/wp\/v2\/media?parent=23896"}],"wp:term":[{"taxonomy":"category","embeddable":true,"href":"https:\/\/gabonnouvellevision.com\/gnv\/wp-json\/wp\/v2\/categories?post=23896"},{"taxonomy":"post_tag","embeddable":true,"href":"https:\/\/gabonnouvellevision.com\/gnv\/wp-json\/wp\/v2\/tags?post=23896"}],"curies":[{"name":"wp","href":"https:\/\/api.w.org\/{rel}","templated":true}]}}