{"id":23891,"date":"2025-04-30T14:22:36","date_gmt":"2025-04-30T12:22:36","guid":{"rendered":"https:\/\/gabonnouvellevision.com\/gnv\/?p=23891"},"modified":"2025-04-30T14:22:38","modified_gmt":"2025-04-30T12:22:38","slug":"la-fete-du-travail-celebree-ce-jeudi-1er-mai","status":"publish","type":"post","link":"https:\/\/gabonnouvellevision.com\/gnv\/2025\/04\/30\/la-fete-du-travail-celebree-ce-jeudi-1er-mai\/","title":{"rendered":"La f\u00eate du Travail c\u00e9l\u00e9br\u00e9e ce jeudi 1er mai"},"content":{"rendered":"\n<p><em><strong>La communaut\u00e9 internationale comm\u00e9more la f\u00eate du travail ce jeudi 1er mai. Un \u00e9v\u00e8nement marqu\u00e9 \u00e0 Libreville par des d\u00e9corations, de la lecture du manifeste des travailleurs &nbsp;et d\u2019un grand d\u00e9fil\u00e9 au boulevard triomphal<\/strong><\/em><strong>.<\/strong><\/p>\n\n\n\n<p>Les festivit\u00e9s marquant la f\u00eate des travailleurs auront lieu ce jeudi 1er mai \u00e0 travers le monde.<\/p>\n\n\n\n<p>Une journ\u00e9e d\u00e9cr\u00e9t\u00e9e f\u00e9ri\u00e9e, ch\u00f4m\u00e9e-pay\u00e9e &nbsp;sur toute l\u2019\u00e9tendue du territoire national. Et marqu\u00e9e par la lecture du manifeste des travailleurs par le porte-parole des centrales syndicales suivies d\u2019une grande parade des travailleurs au boulevard triomphal de Libreville. Une c\u00e9r\u00e9monie qui devra \u00eatre rehauss\u00e9e par le Pr\u00e9sident de la R\u00e9publique, Brice Clotaire Oligui Nguema.<\/p>\n\n\n\n<p>Cette f\u00eate a pour but de comm\u00e9morer les luttes historiques, et les progr\u00e8s r\u00e9alis\u00e9s par les travailleurs du monde entier.<\/p>\n\n\n\n<p><strong>Rufin Martial Oke Nze<\/strong><\/p>\n","protected":false},"excerpt":{"rendered":"<p>La communaut\u00e9 internationale comm\u00e9more la f\u00eate du travail ce jeudi 1er mai. Un \u00e9v\u00e8nement marqu\u00e9 \u00e0 Libreville par des d\u00e9corations, de la lecture du manifeste des travailleurs &nbsp;et d\u2019un grand d\u00e9fil\u00e9 au boulevard triomphal. Les festivit\u00e9s marquant la f\u00eate des travailleurs auront lieu ce jeudi 1er mai \u00e0 travers le monde. Une journ\u00e9e d\u00e9cr\u00e9t\u00e9e f\u00e9ri\u00e9e, [&hellip;]<\/p>\n","protected":false},"author":7,"featured_media":23795,"comment_status":"open","ping_status":"open","sticky":false,"template":"","format":"standard","meta":{"footnotes":""},"categories":[1],"tags":[],"class_list":["post-23891","post","type-post","status-publish","format-standard","has-post-thumbnail","hentry","category-non-classe"],"yoast_head":"<!-- This site is optimized with the Yoast SEO plugin v24.2 - https:\/\/yoast.com\/wordpress\/plugins\/seo\/ -->\n<title>La f\u00eate du Travail c\u00e9l\u00e9br\u00e9e ce jeudi 1er mai - Gabon Nouvelle Vision<\/title>\n<meta name=\"robots\" content=\"index, follow, max-snippet:-1, max-image-preview:large, max-video-preview:-1\" \/>\n<link rel=\"canonical\" href=\"https:\/\/gabonnouvellevision.com\/gnv\/2025\/04\/30\/la-fete-du-travail-celebree-ce-jeudi-1er-mai\/\" \/>\n<meta property=\"og:locale\" content=\"fr_FR\" \/>\n<meta property=\"og:type\" content=\"article\" \/>\n<meta property=\"og:title\" content=\"La f\u00eate du Travail c\u00e9l\u00e9br\u00e9e ce jeudi 1er mai - Gabon Nouvelle Vision\" \/>\n<meta property=\"og:description\" content=\"La communaut\u00e9 internationale comm\u00e9more la f\u00eate du travail ce jeudi 1er mai. Un \u00e9v\u00e8nement marqu\u00e9 \u00e0 Libreville par des d\u00e9corations, de la lecture du manifeste des travailleurs &nbsp;et d\u2019un grand d\u00e9fil\u00e9 au boulevard triomphal. Les festivit\u00e9s marquant la f\u00eate des travailleurs auront lieu ce jeudi 1er mai \u00e0 travers le monde. Une journ\u00e9e d\u00e9cr\u00e9t\u00e9e f\u00e9ri\u00e9e, [&hellip;]\" \/>\n<meta property=\"og:url\" content=\"https:\/\/gabonnouvellevision.com\/gnv\/2025\/04\/30\/la-fete-du-travail-celebree-ce-jeudi-1er-mai\/\" \/>\n<meta property=\"og:site_name\" content=\"Gabon Nouvelle Vision\" \/>\n<meta property=\"article:publisher\" content=\"https:\/\/www.facebook.com\/GNVofficiel\" \/>\n<meta property=\"article:published_time\" content=\"2025-04-30T12:22:36+00:00\" \/>\n<meta property=\"article:modified_time\" content=\"2025-04-30T12:22:38+00:00\" \/>\n<meta property=\"og:image\" content=\"https:\/\/gabonnouvellevision.com\/gnv\/wp-content\/uploads\/2025\/03\/WhatsApp-Image-2025-03-19-a-17.18.53_d238f6e7-2.jpg\" \/>\n\t<meta property=\"og:image:width\" content=\"636\" \/>\n\t<meta property=\"og:image:height\" content=\"406\" \/>\n\t<meta property=\"og:image:type\" content=\"image\/jpeg\" \/>\n<meta name=\"author\" content=\"Eyeng Obame\" \/>\n<meta name=\"twitter:card\" content=\"summary_large_image\" \/>\n<meta name=\"twitter:label1\" content=\"\u00c9crit par\" \/>\n\t<meta name=\"twitter:data1\" content=\"Eyeng Obame\" \/>\n\t<meta name=\"twitter:label2\" content=\"Dur\u00e9e de lecture estim\u00e9e\" \/>\n\t<meta name=\"twitter:data2\" content=\"1 minute\" \/>\n<script type=\"application\/ld+json\" class=\"yoast-schema-graph\">{\"@context\":\"https:\/\/schema.org\",\"@graph\":[{\"@type\":\"Article\",\"@id\":\"https:\/\/gabonnouvellevision.com\/gnv\/2025\/04\/30\/la-fete-du-travail-celebree-ce-jeudi-1er-mai\/#article\",\"isPartOf\":{\"@id\":\"https:\/\/gabonnouvellevision.com\/gnv\/2025\/04\/30\/la-fete-du-travail-celebree-ce-jeudi-1er-mai\/\"},\"author\":{\"name\":\"Eyeng Obame\",\"@id\":\"https:\/\/gabonnouvellevision.com\/gnv\/#\/schema\/person\/4b48e07d222f83c0285affc3704bc899\"},\"headline\":\"La f\u00eate du Travail c\u00e9l\u00e9br\u00e9e ce jeudi 1er mai\",\"datePublished\":\"2025-04-30T12:22:36+00:00\",\"dateModified\":\"2025-04-30T12:22:38+00:00\",\"mainEntityOfPage\":{\"@id\":\"https:\/\/gabonnouvellevision.com\/gnv\/2025\/04\/30\/la-fete-du-travail-celebree-ce-jeudi-1er-mai\/\"},\"wordCount\":171,\"commentCount\":0,\"publisher\":{\"@id\":\"https:\/\/gabonnouvellevision.com\/gnv\/#organization\"},\"image\":{\"@id\":\"https:\/\/gabonnouvellevision.com\/gnv\/2025\/04\/30\/la-fete-du-travail-celebree-ce-jeudi-1er-mai\/#primaryimage\"},\"thumbnailUrl\":\"https:\/\/gabonnouvellevision.com\/gnv\/wp-content\/uploads\/2025\/03\/WhatsApp-Image-2025-03-19-a-17.18.53_d238f6e7-2.jpg\",\"inLanguage\":\"fr-FR\",\"potentialAction\":[{\"@type\":\"CommentAction\",\"name\":\"Comment\",\"target\":[\"https:\/\/gabonnouvellevision.com\/gnv\/2025\/04\/30\/la-fete-du-travail-celebree-ce-jeudi-1er-mai\/#respond\"]}]},{\"@type\":\"WebPage\",\"@id\":\"https:\/\/gabonnouvellevision.com\/gnv\/2025\/04\/30\/la-fete-du-travail-celebree-ce-jeudi-1er-mai\/\",\"url\":\"https:\/\/gabonnouvellevision.com\/gnv\/2025\/04\/30\/la-fete-du-travail-celebree-ce-jeudi-1er-mai\/\",\"name\":\"La f\u00eate du Travail c\u00e9l\u00e9br\u00e9e ce jeudi 1er mai - Gabon Nouvelle Vision\",\"isPartOf\":{\"@id\":\"https:\/\/gabonnouvellevision.com\/gnv\/#website\"},\"primaryImageOfPage\":{\"@id\":\"https:\/\/gabonnouvellevision.com\/gnv\/2025\/04\/30\/la-fete-du-travail-celebree-ce-jeudi-1er-mai\/#primaryimage\"},\"image\":{\"@id\":\"https:\/\/gabonnouvellevision.com\/gnv\/2025\/04\/30\/la-fete-du-travail-celebree-ce-jeudi-1er-mai\/#primaryimage\"},\"thumbnailUrl\":\"https:\/\/gabonnouvellevision.com\/gnv\/wp-content\/uploads\/2025\/03\/WhatsApp-Image-2025-03-19-a-17.18.53_d238f6e7-2.jpg\",\"datePublished\":\"2025-04-30T12:22:36+00:00\",\"dateModified\":\"2025-04-30T12:22:38+00:00\",\"breadcrumb\":{\"@id\":\"https:\/\/gabonnouvellevision.com\/gnv\/2025\/04\/30\/la-fete-du-travail-celebree-ce-jeudi-1er-mai\/#breadcrumb\"},\"inLanguage\":\"fr-FR\",\"potentialAction\":[{\"@type\":\"ReadAction\",\"target\":[\"https:\/\/gabonnouvellevision.com\/gnv\/2025\/04\/30\/la-fete-du-travail-celebree-ce-jeudi-1er-mai\/\"]}]},{\"@type\":\"ImageObject\",\"inLanguage\":\"fr-FR\",\"@id\":\"https:\/\/gabonnouvellevision.com\/gnv\/2025\/04\/30\/la-fete-du-travail-celebree-ce-jeudi-1er-mai\/#primaryimage\",\"url\":\"https:\/\/gabonnouvellevision.com\/gnv\/wp-content\/uploads\/2025\/03\/WhatsApp-Image-2025-03-19-a-17.18.53_d238f6e7-2.jpg\",\"contentUrl\":\"https:\/\/gabonnouvellevision.com\/gnv\/wp-content\/uploads\/2025\/03\/WhatsApp-Image-2025-03-19-a-17.18.53_d238f6e7-2.jpg\",\"width\":636,\"height\":406},{\"@type\":\"BreadcrumbList\",\"@id\":\"https:\/\/gabonnouvellevision.com\/gnv\/2025\/04\/30\/la-fete-du-travail-celebree-ce-jeudi-1er-mai\/#breadcrumb\",\"itemListElement\":[{\"@type\":\"ListItem\",\"position\":1,\"name\":\"Accueil\",\"item\":\"https:\/\/gabonnouvellevision.com\/gnv\/\"},{\"@type\":\"ListItem\",\"position\":2,\"name\":\"La f\u00eate du Travail c\u00e9l\u00e9br\u00e9e ce jeudi 1er mai\"}]},{\"@type\":\"WebSite\",\"@id\":\"https:\/\/gabonnouvellevision.com\/gnv\/#website\",\"url\":\"https:\/\/gabonnouvellevision.com\/gnv\/\",\"name\":\"Gabon Nouvelle Vision\",\"description\":\"\",\"publisher\":{\"@id\":\"https:\/\/gabonnouvellevision.com\/gnv\/#organization\"},\"potentialAction\":[{\"@type\":\"SearchAction\",\"target\":{\"@type\":\"EntryPoint\",\"urlTemplate\":\"https:\/\/gabonnouvellevision.com\/gnv\/?s={search_term_string}\"},\"query-input\":{\"@type\":\"PropertyValueSpecification\",\"valueRequired\":true,\"valueName\":\"search_term_string\"}}],\"inLanguage\":\"fr-FR\"},{\"@type\":\"Organization\",\"@id\":\"https:\/\/gabonnouvellevision.com\/gnv\/#organization\",\"name\":\"Gabon Nouvelle Vision\",\"url\":\"https:\/\/gabonnouvellevision.com\/gnv\/\",\"logo\":{\"@type\":\"ImageObject\",\"inLanguage\":\"fr-FR\",\"@id\":\"https:\/\/gabonnouvellevision.com\/gnv\/#\/schema\/logo\/image\/\",\"url\":\"https:\/\/gabonnouvellevision.com\/gnv\/wp-content\/uploads\/2025\/01\/logo-text_Plan-de-travail-1.png\",\"contentUrl\":\"https:\/\/gabonnouvellevision.com\/gnv\/wp-content\/uploads\/2025\/01\/logo-text_Plan-de-travail-1.png\",\"width\":7169,\"height\":2390,\"caption\":\"Gabon Nouvelle Vision\"},\"image\":{\"@id\":\"https:\/\/gabonnouvellevision.com\/gnv\/#\/schema\/logo\/image\/\"},\"sameAs\":[\"https:\/\/www.facebook.com\/GNVofficiel\"]},{\"@type\":\"Person\",\"@id\":\"https:\/\/gabonnouvellevision.com\/gnv\/#\/schema\/person\/4b48e07d222f83c0285affc3704bc899\",\"name\":\"Eyeng Obame\",\"image\":{\"@type\":\"ImageObject\",\"inLanguage\":\"fr-FR\",\"@id\":\"https:\/\/gabonnouvellevision.com\/gnv\/#\/schema\/person\/image\/\",\"url\":\"https:\/\/secure.gravatar.com\/avatar\/167bc03b8baf3c77318a47159f80871de6f5a6cbf4bc8b6af750fbc1a369d7bf?s=96&d=mm&r=g\",\"contentUrl\":\"https:\/\/secure.gravatar.com\/avatar\/167bc03b8baf3c77318a47159f80871de6f5a6cbf4bc8b6af750fbc1a369d7bf?s=96&d=mm&r=g\",\"caption\":\"Eyeng Obame\"},\"url\":\"https:\/\/gabonnouvellevision.com\/gnv\/author\/rufin\/\"}]}<\/script>\n<!-- \/ Yoast SEO plugin. -->","yoast_head_json":{"title":"La f\u00eate du Travail c\u00e9l\u00e9br\u00e9e ce jeudi 1er mai - Gabon Nouvelle Vision","robots":{"index":"index","follow":"follow","max-snippet":"max-snippet:-1","max-image-preview":"max-image-preview:large","max-video-preview":"max-video-preview:-1"},"canonical":"https:\/\/gabonnouvellevision.com\/gnv\/2025\/04\/30\/la-fete-du-travail-celebree-ce-jeudi-1er-mai\/","og_locale":"fr_FR","og_type":"article","og_title":"La f\u00eate du Travail c\u00e9l\u00e9br\u00e9e ce jeudi 1er mai - Gabon Nouvelle Vision","og_description":"La communaut\u00e9 internationale comm\u00e9more la f\u00eate du travail ce jeudi 1er mai. Un \u00e9v\u00e8nement marqu\u00e9 \u00e0 Libreville par des d\u00e9corations, de la lecture du manifeste des travailleurs &nbsp;et d\u2019un grand d\u00e9fil\u00e9 au boulevard triomphal. Les festivit\u00e9s marquant la f\u00eate des travailleurs auront lieu ce jeudi 1er mai \u00e0 travers le monde. Une journ\u00e9e d\u00e9cr\u00e9t\u00e9e f\u00e9ri\u00e9e, [&hellip;]","og_url":"https:\/\/gabonnouvellevision.com\/gnv\/2025\/04\/30\/la-fete-du-travail-celebree-ce-jeudi-1er-mai\/","og_site_name":"Gabon Nouvelle Vision","article_publisher":"https:\/\/www.facebook.com\/GNVofficiel","article_published_time":"2025-04-30T12:22:36+00:00","article_modified_time":"2025-04-30T12:22:38+00:00","og_image":[{"width":636,"height":406,"url":"https:\/\/gabonnouvellevision.com\/gnv\/wp-content\/uploads\/2025\/03\/WhatsApp-Image-2025-03-19-a-17.18.53_d238f6e7-2.jpg","type":"image\/jpeg"}],"author":"Eyeng Obame","twitter_card":"summary_large_image","twitter_misc":{"\u00c9crit par":"Eyeng Obame","Dur\u00e9e de lecture estim\u00e9e":"1 minute"},"schema":{"@context":"https:\/\/schema.org","@graph":[{"@type":"Article","@id":"https:\/\/gabonnouvellevision.com\/gnv\/2025\/04\/30\/la-fete-du-travail-celebree-ce-jeudi-1er-mai\/#article","isPartOf":{"@id":"https:\/\/gabonnouvellevision.com\/gnv\/2025\/04\/30\/la-fete-du-travail-celebree-ce-jeudi-1er-mai\/"},"author":{"name":"Eyeng Obame","@id":"https:\/\/gabonnouvellevision.com\/gnv\/#\/schema\/person\/4b48e07d222f83c0285affc3704bc899"},"headline":"La f\u00eate du Travail c\u00e9l\u00e9br\u00e9e ce jeudi 1er mai","datePublished":"2025-04-30T12:22:36+00:00","dateModified":"2025-04-30T12:22:38+00:00","mainEntityOfPage":{"@id":"https:\/\/gabonnouvellevision.com\/gnv\/2025\/04\/30\/la-fete-du-travail-celebree-ce-jeudi-1er-mai\/"},"wordCount":171,"commentCount":0,"publisher":{"@id":"https:\/\/gabonnouvellevision.com\/gnv\/#organization"},"image":{"@id":"https:\/\/gabonnouvellevision.com\/gnv\/2025\/04\/30\/la-fete-du-travail-celebree-ce-jeudi-1er-mai\/#primaryimage"},"thumbnailUrl":"https:\/\/gabonnouvellevision.com\/gnv\/wp-content\/uploads\/2025\/03\/WhatsApp-Image-2025-03-19-a-17.18.53_d238f6e7-2.jpg","inLanguage":"fr-FR","potentialAction":[{"@type":"CommentAction","name":"Comment","target":["https:\/\/gabonnouvellevision.com\/gnv\/2025\/04\/30\/la-fete-du-travail-celebree-ce-jeudi-1er-mai\/#respond"]}]},{"@type":"WebPage","@id":"https:\/\/gabonnouvellevision.com\/gnv\/2025\/04\/30\/la-fete-du-travail-celebree-ce-jeudi-1er-mai\/","url":"https:\/\/gabonnouvellevision.com\/gnv\/2025\/04\/30\/la-fete-du-travail-celebree-ce-jeudi-1er-mai\/","name":"La f\u00eate du Travail c\u00e9l\u00e9br\u00e9e ce jeudi 1er mai - Gabon Nouvelle Vision","isPartOf":{"@id":"https:\/\/gabonnouvellevision.com\/gnv\/#website"},"primaryImageOfPage":{"@id":"https:\/\/gabonnouvellevision.com\/gnv\/2025\/04\/30\/la-fete-du-travail-celebree-ce-jeudi-1er-mai\/#primaryimage"},"image":{"@id":"https:\/\/gabonnouvellevision.com\/gnv\/2025\/04\/30\/la-fete-du-travail-celebree-ce-jeudi-1er-mai\/#primaryimage"},"thumbnailUrl":"https:\/\/gabonnouvellevision.com\/gnv\/wp-content\/uploads\/2025\/03\/WhatsApp-Image-2025-03-19-a-17.18.53_d238f6e7-2.jpg","datePublished":"2025-04-30T12:22:36+00:00","dateModified":"2025-04-30T12:22:38+00:00","breadcrumb":{"@id":"https:\/\/gabonnouvellevision.com\/gnv\/2025\/04\/30\/la-fete-du-travail-celebree-ce-jeudi-1er-mai\/#breadcrumb"},"inLanguage":"fr-FR","potentialAction":[{"@type":"ReadAction","target":["https:\/\/gabonnouvellevision.com\/gnv\/2025\/04\/30\/la-fete-du-travail-celebree-ce-jeudi-1er-mai\/"]}]},{"@type":"ImageObject","inLanguage":"fr-FR","@id":"https:\/\/gabonnouvellevision.com\/gnv\/2025\/04\/30\/la-fete-du-travail-celebree-ce-jeudi-1er-mai\/#primaryimage","url":"https:\/\/gabonnouvellevision.com\/gnv\/wp-content\/uploads\/2025\/03\/WhatsApp-Image-2025-03-19-a-17.18.53_d238f6e7-2.jpg","contentUrl":"https:\/\/gabonnouvellevision.com\/gnv\/wp-content\/uploads\/2025\/03\/WhatsApp-Image-2025-03-19-a-17.18.53_d238f6e7-2.jpg","width":636,"height":406},{"@type":"BreadcrumbList","@id":"https:\/\/gabonnouvellevision.com\/gnv\/2025\/04\/30\/la-fete-du-travail-celebree-ce-jeudi-1er-mai\/#breadcrumb","itemListElement":[{"@type":"ListItem","position":1,"name":"Accueil","item":"https:\/\/gabonnouvellevision.com\/gnv\/"},{"@type":"ListItem","position":2,"name":"La f\u00eate du Travail c\u00e9l\u00e9br\u00e9e ce jeudi 1er mai"}]},{"@type":"WebSite","@id":"https:\/\/gabonnouvellevision.com\/gnv\/#website","url":"https:\/\/gabonnouvellevision.com\/gnv\/","name":"Gabon Nouvelle Vision","description":"","publisher":{"@id":"https:\/\/gabonnouvellevision.com\/gnv\/#organization"},"potentialAction":[{"@type":"SearchAction","target":{"@type":"EntryPoint","urlTemplate":"https:\/\/gabonnouvellevision.com\/gnv\/?s={search_term_string}"},"query-input":{"@type":"PropertyValueSpecification","valueRequired":true,"valueName":"search_term_string"}}],"inLanguage":"fr-FR"},{"@type":"Organization","@id":"https:\/\/gabonnouvellevision.com\/gnv\/#organization","name":"Gabon Nouvelle Vision","url":"https:\/\/gabonnouvellevision.com\/gnv\/","logo":{"@type":"ImageObject","inLanguage":"fr-FR","@id":"https:\/\/gabonnouvellevision.com\/gnv\/#\/schema\/logo\/image\/","url":"https:\/\/gabonnouvellevision.com\/gnv\/wp-content\/uploads\/2025\/01\/logo-text_Plan-de-travail-1.png","contentUrl":"https:\/\/gabonnouvellevision.com\/gnv\/wp-content\/uploads\/2025\/01\/logo-text_Plan-de-travail-1.png","width":7169,"height":2390,"caption":"Gabon Nouvelle Vision"},"image":{"@id":"https:\/\/gabonnouvellevision.com\/gnv\/#\/schema\/logo\/image\/"},"sameAs":["https:\/\/www.facebook.com\/GNVofficiel"]},{"@type":"Person","@id":"https:\/\/gabonnouvellevision.com\/gnv\/#\/schema\/person\/4b48e07d222f83c0285affc3704bc899","name":"Eyeng Obame","image":{"@type":"ImageObject","inLanguage":"fr-FR","@id":"https:\/\/gabonnouvellevision.com\/gnv\/#\/schema\/person\/image\/","url":"https:\/\/secure.gravatar.com\/avatar\/167bc03b8baf3c77318a47159f80871de6f5a6cbf4bc8b6af750fbc1a369d7bf?s=96&d=mm&r=g","contentUrl":"https:\/\/secure.gravatar.com\/avatar\/167bc03b8baf3c77318a47159f80871de6f5a6cbf4bc8b6af750fbc1a369d7bf?s=96&d=mm&r=g","caption":"Eyeng Obame"},"url":"https:\/\/gabonnouvellevision.com\/gnv\/author\/rufin\/"}]}},"_links":{"self":[{"href":"https:\/\/gabonnouvellevision.com\/gnv\/wp-json\/wp\/v2\/posts\/23891","targetHints":{"allow":["GET"]}}],"collection":[{"href":"https:\/\/gabonnouvellevision.com\/gnv\/wp-json\/wp\/v2\/posts"}],"about":[{"href":"https:\/\/gabonnouvellevision.com\/gnv\/wp-json\/wp\/v2\/types\/post"}],"author":[{"embeddable":true,"href":"https:\/\/gabonnouvellevision.com\/gnv\/wp-json\/wp\/v2\/users\/7"}],"replies":[{"embeddable":true,"href":"https:\/\/gabonnouvellevision.com\/gnv\/wp-json\/wp\/v2\/comments?post=23891"}],"version-history":[{"count":1,"href":"https:\/\/gabonnouvellevision.com\/gnv\/wp-json\/wp\/v2\/posts\/23891\/revisions"}],"predecessor-version":[{"id":23892,"href":"https:\/\/gabonnouvellevision.com\/gnv\/wp-json\/wp\/v2\/posts\/23891\/revisions\/23892"}],"wp:featuredmedia":[{"embeddable":true,"href":"https:\/\/gabonnouvellevision.com\/gnv\/wp-json\/wp\/v2\/media\/23795"}],"wp:attachment":[{"href":"https:\/\/gabonnouvellevision.com\/gnv\/wp-json\/wp\/v2\/media?parent=23891"}],"wp:term":[{"taxonomy":"category","embeddable":true,"href":"https:\/\/gabonnouvellevision.com\/gnv\/wp-json\/wp\/v2\/categories?post=23891"},{"taxonomy":"post_tag","embeddable":true,"href":"https:\/\/gabonnouvellevision.com\/gnv\/wp-json\/wp\/v2\/tags?post=23891"}],"curies":[{"name":"wp","href":"https:\/\/api.w.org\/{rel}","templated":true}]}}