{"id":23889,"date":"2025-04-25T17:10:47","date_gmt":"2025-04-25T15:10:47","guid":{"rendered":"https:\/\/gabonnouvellevision.com\/gnv\/?p=23889"},"modified":"2025-04-25T17:10:49","modified_gmt":"2025-04-25T15:10:49","slug":"inhumation-pape-francois-le-president-brice-clotaire-oligui-nguema-a-rome","status":"publish","type":"post","link":"https:\/\/gabonnouvellevision.com\/gnv\/2025\/04\/25\/inhumation-pape-francois-le-president-brice-clotaire-oligui-nguema-a-rome\/","title":{"rendered":"Inhumation Pape Fran\u00e7ois: le Pr\u00e9sident Brice Clotaire Oligui Nguema \u00e0 Rome"},"content":{"rendered":"\n<p><em><strong>A peine confirm\u00e9 \u00e9lu d\u00e9finitivement \u00e0 la pr\u00e9sidentielle du 12 avril dernier par la Cour Constitutionnelle, le Pr\u00e9sident de la R\u00e9publique, Brice Clotaire Oligui&nbsp; Nguema, a quitt\u00e9 Libreville, ce vendredi 25 avril \u00e0 destination du Vatican, &nbsp;pour prendre part aux obs\u00e8ques du Pape Fran\u00e7ois&nbsp; pr\u00e9vue demain \u00e0 10h sur la place Saint Pierre de Rome<\/strong><\/em><strong>.<\/strong><\/p>\n\n\n\n<p>Un d\u00e9placement du chef de l\u2019ex\u00e9cutif Gabonais et chr\u00e9tien catholique engage qui devrait consolider davantage les relations bilat\u00e9rales entre le Gabon et le Saint si\u00e8ge en cette p\u00e9riode douloureuse de la perte du Souverain Pontife Fran\u00e7ois.<\/p>\n\n\n\n<p>La c\u00e9r\u00e9monie d\u2019inhumation du Pape Fran\u00e7ois est pr\u00e9vue \u00e0 10h sur la place Saint Pierre de Rome. La messe sera pr\u00e9sid\u00e9e par le Cardinal Giovanni Battista Re, doyen du coll\u00e8ge des cardinaux, \u00e2g\u00e9 de 91 ans. Une p\u00e9riode de deuil de neuf jours sera observ\u00e9e du 25 avril au 4 mai. Et le conclave pour \u00e9lire le nouveau pape par les 135 cardinaux devra d\u00e9buter entre le 5 et le 10 mai.<\/p>\n\n\n\n<p>L\u2018\u00e9glise Catholique repr\u00e9sente actuellement 52% de la population Gabonaise.<\/p>\n\n\n\n<p><strong>Rufin Martial Oke Nze<\/strong><\/p>\n","protected":false},"excerpt":{"rendered":"<p>A peine confirm\u00e9 \u00e9lu d\u00e9finitivement \u00e0 la pr\u00e9sidentielle du 12 avril dernier par la Cour Constitutionnelle, le Pr\u00e9sident de la R\u00e9publique, Brice Clotaire Oligui&nbsp; Nguema, a quitt\u00e9 Libreville, ce vendredi 25 avril \u00e0 destination du Vatican, &nbsp;pour prendre part aux obs\u00e8ques du Pape Fran\u00e7ois&nbsp; pr\u00e9vue demain \u00e0 10h sur la place Saint Pierre de Rome. [&hellip;]<\/p>\n","protected":false},"author":7,"featured_media":23882,"comment_status":"open","ping_status":"open","sticky":false,"template":"","format":"standard","meta":{"footnotes":""},"categories":[57,55,64],"tags":[],"class_list":["post-23889","post","type-post","status-publish","format-standard","has-post-thumbnail","hentry","category-a-la-une","category-actualites","category-religion"],"yoast_head":"<!-- This site is optimized with the Yoast SEO plugin v24.2 - https:\/\/yoast.com\/wordpress\/plugins\/seo\/ -->\n<title>Inhumation Pape Fran\u00e7ois: le Pr\u00e9sident Brice Clotaire Oligui Nguema \u00e0 Rome - Gabon Nouvelle Vision<\/title>\n<meta name=\"robots\" content=\"index, follow, max-snippet:-1, max-image-preview:large, max-video-preview:-1\" \/>\n<link rel=\"canonical\" href=\"https:\/\/gabonnouvellevision.com\/gnv\/2025\/04\/25\/inhumation-pape-francois-le-president-brice-clotaire-oligui-nguema-a-rome\/\" \/>\n<meta property=\"og:locale\" content=\"fr_FR\" \/>\n<meta property=\"og:type\" content=\"article\" \/>\n<meta property=\"og:title\" content=\"Inhumation Pape Fran\u00e7ois: le Pr\u00e9sident Brice Clotaire Oligui Nguema \u00e0 Rome - Gabon Nouvelle Vision\" \/>\n<meta property=\"og:description\" content=\"A peine confirm\u00e9 \u00e9lu d\u00e9finitivement \u00e0 la pr\u00e9sidentielle du 12 avril dernier par la Cour Constitutionnelle, le Pr\u00e9sident de la R\u00e9publique, Brice Clotaire Oligui&nbsp; Nguema, a quitt\u00e9 Libreville, ce vendredi 25 avril \u00e0 destination du Vatican, &nbsp;pour prendre part aux obs\u00e8ques du Pape Fran\u00e7ois&nbsp; pr\u00e9vue demain \u00e0 10h sur la place Saint Pierre de Rome. [&hellip;]\" \/>\n<meta property=\"og:url\" content=\"https:\/\/gabonnouvellevision.com\/gnv\/2025\/04\/25\/inhumation-pape-francois-le-president-brice-clotaire-oligui-nguema-a-rome\/\" \/>\n<meta property=\"og:site_name\" content=\"Gabon Nouvelle Vision\" \/>\n<meta property=\"article:publisher\" content=\"https:\/\/www.facebook.com\/GNVofficiel\" \/>\n<meta property=\"article:published_time\" content=\"2025-04-25T15:10:47+00:00\" \/>\n<meta property=\"article:modified_time\" content=\"2025-04-25T15:10:49+00:00\" \/>\n<meta property=\"og:image\" content=\"https:\/\/gabonnouvellevision.com\/gnv\/wp-content\/uploads\/2025\/04\/491446526_18502537864033412_7709234919109349514_n.jpg\" \/>\n\t<meta property=\"og:image:width\" content=\"512\" \/>\n\t<meta property=\"og:image:height\" content=\"640\" \/>\n\t<meta property=\"og:image:type\" content=\"image\/jpeg\" \/>\n<meta name=\"author\" content=\"Eyeng Obame\" \/>\n<meta name=\"twitter:card\" content=\"summary_large_image\" \/>\n<meta name=\"twitter:label1\" content=\"\u00c9crit par\" \/>\n\t<meta name=\"twitter:data1\" content=\"Eyeng Obame\" \/>\n\t<meta name=\"twitter:label2\" content=\"Dur\u00e9e de lecture estim\u00e9e\" \/>\n\t<meta name=\"twitter:data2\" content=\"2 minutes\" \/>\n<script type=\"application\/ld+json\" class=\"yoast-schema-graph\">{\"@context\":\"https:\/\/schema.org\",\"@graph\":[{\"@type\":\"Article\",\"@id\":\"https:\/\/gabonnouvellevision.com\/gnv\/2025\/04\/25\/inhumation-pape-francois-le-president-brice-clotaire-oligui-nguema-a-rome\/#article\",\"isPartOf\":{\"@id\":\"https:\/\/gabonnouvellevision.com\/gnv\/2025\/04\/25\/inhumation-pape-francois-le-president-brice-clotaire-oligui-nguema-a-rome\/\"},\"author\":{\"name\":\"Eyeng Obame\",\"@id\":\"https:\/\/gabonnouvellevision.com\/gnv\/#\/schema\/person\/4b48e07d222f83c0285affc3704bc899\"},\"headline\":\"Inhumation Pape Fran\u00e7ois: le Pr\u00e9sident Brice Clotaire Oligui Nguema \u00e0 Rome\",\"datePublished\":\"2025-04-25T15:10:47+00:00\",\"dateModified\":\"2025-04-25T15:10:49+00:00\",\"mainEntityOfPage\":{\"@id\":\"https:\/\/gabonnouvellevision.com\/gnv\/2025\/04\/25\/inhumation-pape-francois-le-president-brice-clotaire-oligui-nguema-a-rome\/\"},\"wordCount\":206,\"commentCount\":0,\"publisher\":{\"@id\":\"https:\/\/gabonnouvellevision.com\/gnv\/#organization\"},\"image\":{\"@id\":\"https:\/\/gabonnouvellevision.com\/gnv\/2025\/04\/25\/inhumation-pape-francois-le-president-brice-clotaire-oligui-nguema-a-rome\/#primaryimage\"},\"thumbnailUrl\":\"https:\/\/gabonnouvellevision.com\/gnv\/wp-content\/uploads\/2025\/04\/491446526_18502537864033412_7709234919109349514_n.jpg\",\"articleSection\":[\"A la une\",\"Actualites\",\"Religion\"],\"inLanguage\":\"fr-FR\",\"potentialAction\":[{\"@type\":\"CommentAction\",\"name\":\"Comment\",\"target\":[\"https:\/\/gabonnouvellevision.com\/gnv\/2025\/04\/25\/inhumation-pape-francois-le-president-brice-clotaire-oligui-nguema-a-rome\/#respond\"]}]},{\"@type\":\"WebPage\",\"@id\":\"https:\/\/gabonnouvellevision.com\/gnv\/2025\/04\/25\/inhumation-pape-francois-le-president-brice-clotaire-oligui-nguema-a-rome\/\",\"url\":\"https:\/\/gabonnouvellevision.com\/gnv\/2025\/04\/25\/inhumation-pape-francois-le-president-brice-clotaire-oligui-nguema-a-rome\/\",\"name\":\"Inhumation Pape Fran\u00e7ois: le Pr\u00e9sident Brice Clotaire Oligui Nguema \u00e0 Rome - Gabon Nouvelle Vision\",\"isPartOf\":{\"@id\":\"https:\/\/gabonnouvellevision.com\/gnv\/#website\"},\"primaryImageOfPage\":{\"@id\":\"https:\/\/gabonnouvellevision.com\/gnv\/2025\/04\/25\/inhumation-pape-francois-le-president-brice-clotaire-oligui-nguema-a-rome\/#primaryimage\"},\"image\":{\"@id\":\"https:\/\/gabonnouvellevision.com\/gnv\/2025\/04\/25\/inhumation-pape-francois-le-president-brice-clotaire-oligui-nguema-a-rome\/#primaryimage\"},\"thumbnailUrl\":\"https:\/\/gabonnouvellevision.com\/gnv\/wp-content\/uploads\/2025\/04\/491446526_18502537864033412_7709234919109349514_n.jpg\",\"datePublished\":\"2025-04-25T15:10:47+00:00\",\"dateModified\":\"2025-04-25T15:10:49+00:00\",\"breadcrumb\":{\"@id\":\"https:\/\/gabonnouvellevision.com\/gnv\/2025\/04\/25\/inhumation-pape-francois-le-president-brice-clotaire-oligui-nguema-a-rome\/#breadcrumb\"},\"inLanguage\":\"fr-FR\",\"potentialAction\":[{\"@type\":\"ReadAction\",\"target\":[\"https:\/\/gabonnouvellevision.com\/gnv\/2025\/04\/25\/inhumation-pape-francois-le-president-brice-clotaire-oligui-nguema-a-rome\/\"]}]},{\"@type\":\"ImageObject\",\"inLanguage\":\"fr-FR\",\"@id\":\"https:\/\/gabonnouvellevision.com\/gnv\/2025\/04\/25\/inhumation-pape-francois-le-president-brice-clotaire-oligui-nguema-a-rome\/#primaryimage\",\"url\":\"https:\/\/gabonnouvellevision.com\/gnv\/wp-content\/uploads\/2025\/04\/491446526_18502537864033412_7709234919109349514_n.jpg\",\"contentUrl\":\"https:\/\/gabonnouvellevision.com\/gnv\/wp-content\/uploads\/2025\/04\/491446526_18502537864033412_7709234919109349514_n.jpg\",\"width\":512,\"height\":640},{\"@type\":\"BreadcrumbList\",\"@id\":\"https:\/\/gabonnouvellevision.com\/gnv\/2025\/04\/25\/inhumation-pape-francois-le-president-brice-clotaire-oligui-nguema-a-rome\/#breadcrumb\",\"itemListElement\":[{\"@type\":\"ListItem\",\"position\":1,\"name\":\"Accueil\",\"item\":\"https:\/\/gabonnouvellevision.com\/gnv\/\"},{\"@type\":\"ListItem\",\"position\":2,\"name\":\"Inhumation Pape Fran\u00e7ois: le Pr\u00e9sident Brice Clotaire Oligui Nguema \u00e0 Rome\"}]},{\"@type\":\"WebSite\",\"@id\":\"https:\/\/gabonnouvellevision.com\/gnv\/#website\",\"url\":\"https:\/\/gabonnouvellevision.com\/gnv\/\",\"name\":\"Gabon Nouvelle Vision\",\"description\":\"\",\"publisher\":{\"@id\":\"https:\/\/gabonnouvellevision.com\/gnv\/#organization\"},\"potentialAction\":[{\"@type\":\"SearchAction\",\"target\":{\"@type\":\"EntryPoint\",\"urlTemplate\":\"https:\/\/gabonnouvellevision.com\/gnv\/?s={search_term_string}\"},\"query-input\":{\"@type\":\"PropertyValueSpecification\",\"valueRequired\":true,\"valueName\":\"search_term_string\"}}],\"inLanguage\":\"fr-FR\"},{\"@type\":\"Organization\",\"@id\":\"https:\/\/gabonnouvellevision.com\/gnv\/#organization\",\"name\":\"Gabon Nouvelle Vision\",\"url\":\"https:\/\/gabonnouvellevision.com\/gnv\/\",\"logo\":{\"@type\":\"ImageObject\",\"inLanguage\":\"fr-FR\",\"@id\":\"https:\/\/gabonnouvellevision.com\/gnv\/#\/schema\/logo\/image\/\",\"url\":\"https:\/\/gabonnouvellevision.com\/gnv\/wp-content\/uploads\/2025\/01\/logo-text_Plan-de-travail-1.png\",\"contentUrl\":\"https:\/\/gabonnouvellevision.com\/gnv\/wp-content\/uploads\/2025\/01\/logo-text_Plan-de-travail-1.png\",\"width\":7169,\"height\":2390,\"caption\":\"Gabon Nouvelle Vision\"},\"image\":{\"@id\":\"https:\/\/gabonnouvellevision.com\/gnv\/#\/schema\/logo\/image\/\"},\"sameAs\":[\"https:\/\/www.facebook.com\/GNVofficiel\"]},{\"@type\":\"Person\",\"@id\":\"https:\/\/gabonnouvellevision.com\/gnv\/#\/schema\/person\/4b48e07d222f83c0285affc3704bc899\",\"name\":\"Eyeng Obame\",\"image\":{\"@type\":\"ImageObject\",\"inLanguage\":\"fr-FR\",\"@id\":\"https:\/\/gabonnouvellevision.com\/gnv\/#\/schema\/person\/image\/\",\"url\":\"https:\/\/secure.gravatar.com\/avatar\/167bc03b8baf3c77318a47159f80871de6f5a6cbf4bc8b6af750fbc1a369d7bf?s=96&d=mm&r=g\",\"contentUrl\":\"https:\/\/secure.gravatar.com\/avatar\/167bc03b8baf3c77318a47159f80871de6f5a6cbf4bc8b6af750fbc1a369d7bf?s=96&d=mm&r=g\",\"caption\":\"Eyeng Obame\"},\"url\":\"https:\/\/gabonnouvellevision.com\/gnv\/author\/rufin\/\"}]}<\/script>\n<!-- \/ Yoast SEO plugin. -->","yoast_head_json":{"title":"Inhumation Pape Fran\u00e7ois: le Pr\u00e9sident Brice Clotaire Oligui Nguema \u00e0 Rome - Gabon Nouvelle Vision","robots":{"index":"index","follow":"follow","max-snippet":"max-snippet:-1","max-image-preview":"max-image-preview:large","max-video-preview":"max-video-preview:-1"},"canonical":"https:\/\/gabonnouvellevision.com\/gnv\/2025\/04\/25\/inhumation-pape-francois-le-president-brice-clotaire-oligui-nguema-a-rome\/","og_locale":"fr_FR","og_type":"article","og_title":"Inhumation Pape Fran\u00e7ois: le Pr\u00e9sident Brice Clotaire Oligui Nguema \u00e0 Rome - Gabon Nouvelle Vision","og_description":"A peine confirm\u00e9 \u00e9lu d\u00e9finitivement \u00e0 la pr\u00e9sidentielle du 12 avril dernier par la Cour Constitutionnelle, le Pr\u00e9sident de la R\u00e9publique, Brice Clotaire Oligui&nbsp; Nguema, a quitt\u00e9 Libreville, ce vendredi 25 avril \u00e0 destination du Vatican, &nbsp;pour prendre part aux obs\u00e8ques du Pape Fran\u00e7ois&nbsp; pr\u00e9vue demain \u00e0 10h sur la place Saint Pierre de Rome. [&hellip;]","og_url":"https:\/\/gabonnouvellevision.com\/gnv\/2025\/04\/25\/inhumation-pape-francois-le-president-brice-clotaire-oligui-nguema-a-rome\/","og_site_name":"Gabon Nouvelle Vision","article_publisher":"https:\/\/www.facebook.com\/GNVofficiel","article_published_time":"2025-04-25T15:10:47+00:00","article_modified_time":"2025-04-25T15:10:49+00:00","og_image":[{"width":512,"height":640,"url":"https:\/\/gabonnouvellevision.com\/gnv\/wp-content\/uploads\/2025\/04\/491446526_18502537864033412_7709234919109349514_n.jpg","type":"image\/jpeg"}],"author":"Eyeng Obame","twitter_card":"summary_large_image","twitter_misc":{"\u00c9crit par":"Eyeng Obame","Dur\u00e9e de lecture estim\u00e9e":"2 minutes"},"schema":{"@context":"https:\/\/schema.org","@graph":[{"@type":"Article","@id":"https:\/\/gabonnouvellevision.com\/gnv\/2025\/04\/25\/inhumation-pape-francois-le-president-brice-clotaire-oligui-nguema-a-rome\/#article","isPartOf":{"@id":"https:\/\/gabonnouvellevision.com\/gnv\/2025\/04\/25\/inhumation-pape-francois-le-president-brice-clotaire-oligui-nguema-a-rome\/"},"author":{"name":"Eyeng Obame","@id":"https:\/\/gabonnouvellevision.com\/gnv\/#\/schema\/person\/4b48e07d222f83c0285affc3704bc899"},"headline":"Inhumation Pape Fran\u00e7ois: le Pr\u00e9sident Brice Clotaire Oligui Nguema \u00e0 Rome","datePublished":"2025-04-25T15:10:47+00:00","dateModified":"2025-04-25T15:10:49+00:00","mainEntityOfPage":{"@id":"https:\/\/gabonnouvellevision.com\/gnv\/2025\/04\/25\/inhumation-pape-francois-le-president-brice-clotaire-oligui-nguema-a-rome\/"},"wordCount":206,"commentCount":0,"publisher":{"@id":"https:\/\/gabonnouvellevision.com\/gnv\/#organization"},"image":{"@id":"https:\/\/gabonnouvellevision.com\/gnv\/2025\/04\/25\/inhumation-pape-francois-le-president-brice-clotaire-oligui-nguema-a-rome\/#primaryimage"},"thumbnailUrl":"https:\/\/gabonnouvellevision.com\/gnv\/wp-content\/uploads\/2025\/04\/491446526_18502537864033412_7709234919109349514_n.jpg","articleSection":["A la une","Actualites","Religion"],"inLanguage":"fr-FR","potentialAction":[{"@type":"CommentAction","name":"Comment","target":["https:\/\/gabonnouvellevision.com\/gnv\/2025\/04\/25\/inhumation-pape-francois-le-president-brice-clotaire-oligui-nguema-a-rome\/#respond"]}]},{"@type":"WebPage","@id":"https:\/\/gabonnouvellevision.com\/gnv\/2025\/04\/25\/inhumation-pape-francois-le-president-brice-clotaire-oligui-nguema-a-rome\/","url":"https:\/\/gabonnouvellevision.com\/gnv\/2025\/04\/25\/inhumation-pape-francois-le-president-brice-clotaire-oligui-nguema-a-rome\/","name":"Inhumation Pape Fran\u00e7ois: le Pr\u00e9sident Brice Clotaire Oligui Nguema \u00e0 Rome - Gabon Nouvelle Vision","isPartOf":{"@id":"https:\/\/gabonnouvellevision.com\/gnv\/#website"},"primaryImageOfPage":{"@id":"https:\/\/gabonnouvellevision.com\/gnv\/2025\/04\/25\/inhumation-pape-francois-le-president-brice-clotaire-oligui-nguema-a-rome\/#primaryimage"},"image":{"@id":"https:\/\/gabonnouvellevision.com\/gnv\/2025\/04\/25\/inhumation-pape-francois-le-president-brice-clotaire-oligui-nguema-a-rome\/#primaryimage"},"thumbnailUrl":"https:\/\/gabonnouvellevision.com\/gnv\/wp-content\/uploads\/2025\/04\/491446526_18502537864033412_7709234919109349514_n.jpg","datePublished":"2025-04-25T15:10:47+00:00","dateModified":"2025-04-25T15:10:49+00:00","breadcrumb":{"@id":"https:\/\/gabonnouvellevision.com\/gnv\/2025\/04\/25\/inhumation-pape-francois-le-president-brice-clotaire-oligui-nguema-a-rome\/#breadcrumb"},"inLanguage":"fr-FR","potentialAction":[{"@type":"ReadAction","target":["https:\/\/gabonnouvellevision.com\/gnv\/2025\/04\/25\/inhumation-pape-francois-le-president-brice-clotaire-oligui-nguema-a-rome\/"]}]},{"@type":"ImageObject","inLanguage":"fr-FR","@id":"https:\/\/gabonnouvellevision.com\/gnv\/2025\/04\/25\/inhumation-pape-francois-le-president-brice-clotaire-oligui-nguema-a-rome\/#primaryimage","url":"https:\/\/gabonnouvellevision.com\/gnv\/wp-content\/uploads\/2025\/04\/491446526_18502537864033412_7709234919109349514_n.jpg","contentUrl":"https:\/\/gabonnouvellevision.com\/gnv\/wp-content\/uploads\/2025\/04\/491446526_18502537864033412_7709234919109349514_n.jpg","width":512,"height":640},{"@type":"BreadcrumbList","@id":"https:\/\/gabonnouvellevision.com\/gnv\/2025\/04\/25\/inhumation-pape-francois-le-president-brice-clotaire-oligui-nguema-a-rome\/#breadcrumb","itemListElement":[{"@type":"ListItem","position":1,"name":"Accueil","item":"https:\/\/gabonnouvellevision.com\/gnv\/"},{"@type":"ListItem","position":2,"name":"Inhumation Pape Fran\u00e7ois: le Pr\u00e9sident Brice Clotaire Oligui Nguema \u00e0 Rome"}]},{"@type":"WebSite","@id":"https:\/\/gabonnouvellevision.com\/gnv\/#website","url":"https:\/\/gabonnouvellevision.com\/gnv\/","name":"Gabon Nouvelle Vision","description":"","publisher":{"@id":"https:\/\/gabonnouvellevision.com\/gnv\/#organization"},"potentialAction":[{"@type":"SearchAction","target":{"@type":"EntryPoint","urlTemplate":"https:\/\/gabonnouvellevision.com\/gnv\/?s={search_term_string}"},"query-input":{"@type":"PropertyValueSpecification","valueRequired":true,"valueName":"search_term_string"}}],"inLanguage":"fr-FR"},{"@type":"Organization","@id":"https:\/\/gabonnouvellevision.com\/gnv\/#organization","name":"Gabon Nouvelle Vision","url":"https:\/\/gabonnouvellevision.com\/gnv\/","logo":{"@type":"ImageObject","inLanguage":"fr-FR","@id":"https:\/\/gabonnouvellevision.com\/gnv\/#\/schema\/logo\/image\/","url":"https:\/\/gabonnouvellevision.com\/gnv\/wp-content\/uploads\/2025\/01\/logo-text_Plan-de-travail-1.png","contentUrl":"https:\/\/gabonnouvellevision.com\/gnv\/wp-content\/uploads\/2025\/01\/logo-text_Plan-de-travail-1.png","width":7169,"height":2390,"caption":"Gabon Nouvelle Vision"},"image":{"@id":"https:\/\/gabonnouvellevision.com\/gnv\/#\/schema\/logo\/image\/"},"sameAs":["https:\/\/www.facebook.com\/GNVofficiel"]},{"@type":"Person","@id":"https:\/\/gabonnouvellevision.com\/gnv\/#\/schema\/person\/4b48e07d222f83c0285affc3704bc899","name":"Eyeng Obame","image":{"@type":"ImageObject","inLanguage":"fr-FR","@id":"https:\/\/gabonnouvellevision.com\/gnv\/#\/schema\/person\/image\/","url":"https:\/\/secure.gravatar.com\/avatar\/167bc03b8baf3c77318a47159f80871de6f5a6cbf4bc8b6af750fbc1a369d7bf?s=96&d=mm&r=g","contentUrl":"https:\/\/secure.gravatar.com\/avatar\/167bc03b8baf3c77318a47159f80871de6f5a6cbf4bc8b6af750fbc1a369d7bf?s=96&d=mm&r=g","caption":"Eyeng Obame"},"url":"https:\/\/gabonnouvellevision.com\/gnv\/author\/rufin\/"}]}},"_links":{"self":[{"href":"https:\/\/gabonnouvellevision.com\/gnv\/wp-json\/wp\/v2\/posts\/23889","targetHints":{"allow":["GET"]}}],"collection":[{"href":"https:\/\/gabonnouvellevision.com\/gnv\/wp-json\/wp\/v2\/posts"}],"about":[{"href":"https:\/\/gabonnouvellevision.com\/gnv\/wp-json\/wp\/v2\/types\/post"}],"author":[{"embeddable":true,"href":"https:\/\/gabonnouvellevision.com\/gnv\/wp-json\/wp\/v2\/users\/7"}],"replies":[{"embeddable":true,"href":"https:\/\/gabonnouvellevision.com\/gnv\/wp-json\/wp\/v2\/comments?post=23889"}],"version-history":[{"count":1,"href":"https:\/\/gabonnouvellevision.com\/gnv\/wp-json\/wp\/v2\/posts\/23889\/revisions"}],"predecessor-version":[{"id":23890,"href":"https:\/\/gabonnouvellevision.com\/gnv\/wp-json\/wp\/v2\/posts\/23889\/revisions\/23890"}],"wp:featuredmedia":[{"embeddable":true,"href":"https:\/\/gabonnouvellevision.com\/gnv\/wp-json\/wp\/v2\/media\/23882"}],"wp:attachment":[{"href":"https:\/\/gabonnouvellevision.com\/gnv\/wp-json\/wp\/v2\/media?parent=23889"}],"wp:term":[{"taxonomy":"category","embeddable":true,"href":"https:\/\/gabonnouvellevision.com\/gnv\/wp-json\/wp\/v2\/categories?post=23889"},{"taxonomy":"post_tag","embeddable":true,"href":"https:\/\/gabonnouvellevision.com\/gnv\/wp-json\/wp\/v2\/tags?post=23889"}],"curies":[{"name":"wp","href":"https:\/\/api.w.org\/{rel}","templated":true}]}}