{"id":23886,"date":"2025-04-24T12:20:23","date_gmt":"2025-04-24T10:20:23","guid":{"rendered":"https:\/\/gabonnouvellevision.com\/gnv\/?p=23886"},"modified":"2025-04-24T12:20:25","modified_gmt":"2025-04-24T10:20:25","slug":"deuil-du-pape-francois-les-drapeaux-en-berne-du-vendredi-25-au-dimanche-27-avril-au-gabon","status":"publish","type":"post","link":"https:\/\/gabonnouvellevision.com\/gnv\/2025\/04\/24\/deuil-du-pape-francois-les-drapeaux-en-berne-du-vendredi-25-au-dimanche-27-avril-au-gabon\/","title":{"rendered":"Deuil du Pape Fran\u00e7ois: les drapeaux en berne du vendredi 25 au dimanche 27 avril au Gabon"},"content":{"rendered":"\n<p>Photo, Vatican m\u00e9dia<\/p>\n\n\n\n<p><em><strong>Suite au d\u00e9c\u00e8s du Pape Fran\u00e7ois le lundi 21 avril dernier, les drapeaux seront mis en berne au Gabon \u00e0 compter de demain, \u00a0et ce, jusqu\u2019\u00e0 dimanche 27 avril. Annonce faite r\u00e9cemment par le porte-parole du Gouvernement, \u00e0 Libreville. Un parcours m\u00e9morable \u00a0du Souverain pontife salu\u00e9 par le Pr\u00e9sident de la R\u00e9publique, Brice Clotaire Oligui Nguema, dans son message de condol\u00e9ances aux chr\u00e9tiens catholiques<\/strong>.<\/em><\/p>\n\n\n\n<p>Pour exprimer et manifester clairement sa compassion \u00e0 la communaut\u00e9 catholique du Gabon et du monde entier, suite au d\u00e9c\u00e8s du Pape Fran\u00e7ois le 21 avril dernier au Vatican, un deuil national de 48 heures sera observ\u00e9 au Gabon du vendredi 25 avril \u00e0 18h, jusqu\u2019au dimanche 27 avril \u00e0 18h, notamment par la mise en berne des drapeaux. En attendant, le Pr\u00e9sident&nbsp; Oligui Nguema, vient d\u2019adresser un message de condol\u00e9ances aux catholiques. \u2019C\u2019est avec une profonde tristesse que j\u2019ai appris le d\u00e9c\u00e8s de sa saintet\u00e9 le Pape Fran\u00e7ois. J\u2019adresse mes sinc\u00e8res condol\u00e9ances, \u00e0 l\u2019ensemble de la communaut\u00e9 Catholique du Gabon et d\u2019ailleurs. Son message de foi, de paix et d\u2019humilit\u00e9 restera une source d\u2019inspiration pour l\u2019humanit\u00e9 toute enti\u00e8re\u2019\u2019 a post\u00e9 le Pr\u00e9sident de la R\u00e9publique, Brice Clotaire Oligui Nguema; sur les r\u00e9seaux sociaux. Le Pr\u00e9sident de la Conf\u00e9rence \u00e9piscopale du Gabon, Mgr Jean Vincent Ondo Eyene, \u00e9v\u00eaque du dioc\u00e8se d\u2019Oyem, &nbsp;a quitt\u00e9 le Gabon hier pour le Vatican, &nbsp;afin de prendre part \u00e0 l&rsquo;inhumation du Saint P\u00e8re, pr\u00e9vue ce samedi 26 avril \u00e0 Rome.<\/p>\n\n\n\n<p><strong>Rufin Martial Oke Nze<\/strong><\/p>\n","protected":false},"excerpt":{"rendered":"<p>Photo, Vatican m\u00e9dia Suite au d\u00e9c\u00e8s du Pape Fran\u00e7ois le lundi 21 avril dernier, les drapeaux seront mis en berne au Gabon \u00e0 compter de demain, \u00a0et ce, jusqu\u2019\u00e0 dimanche 27 avril. Annonce faite r\u00e9cemment par le porte-parole du Gouvernement, \u00e0 Libreville. Un parcours m\u00e9morable \u00a0du Souverain pontife salu\u00e9 par le Pr\u00e9sident de la R\u00e9publique, [&hellip;]<\/p>\n","protected":false},"author":7,"featured_media":23887,"comment_status":"open","ping_status":"open","sticky":false,"template":"","format":"standard","meta":{"footnotes":""},"categories":[57,55,65,64],"tags":[],"class_list":["post-23886","post","type-post","status-publish","format-standard","has-post-thumbnail","hentry","category-a-la-une","category-actualites","category-politique-podcasts","category-religion"],"yoast_head":"<!-- This site is optimized with the Yoast SEO plugin v24.2 - https:\/\/yoast.com\/wordpress\/plugins\/seo\/ -->\n<title>Deuil du Pape Fran\u00e7ois: les drapeaux en berne du vendredi 25 au dimanche 27 avril au Gabon - Gabon Nouvelle Vision<\/title>\n<meta name=\"robots\" content=\"index, follow, max-snippet:-1, max-image-preview:large, max-video-preview:-1\" \/>\n<link rel=\"canonical\" href=\"https:\/\/gabonnouvellevision.com\/gnv\/2025\/04\/24\/deuil-du-pape-francois-les-drapeaux-en-berne-du-vendredi-25-au-dimanche-27-avril-au-gabon\/\" \/>\n<meta property=\"og:locale\" content=\"fr_FR\" \/>\n<meta property=\"og:type\" content=\"article\" \/>\n<meta property=\"og:title\" content=\"Deuil du Pape Fran\u00e7ois: les drapeaux en berne du vendredi 25 au dimanche 27 avril au Gabon - Gabon Nouvelle Vision\" \/>\n<meta property=\"og:description\" content=\"Photo, Vatican m\u00e9dia Suite au d\u00e9c\u00e8s du Pape Fran\u00e7ois le lundi 21 avril dernier, les drapeaux seront mis en berne au Gabon \u00e0 compter de demain, \u00a0et ce, jusqu\u2019\u00e0 dimanche 27 avril. Annonce faite r\u00e9cemment par le porte-parole du Gouvernement, \u00e0 Libreville. Un parcours m\u00e9morable \u00a0du Souverain pontife salu\u00e9 par le Pr\u00e9sident de la R\u00e9publique, [&hellip;]\" \/>\n<meta property=\"og:url\" content=\"https:\/\/gabonnouvellevision.com\/gnv\/2025\/04\/24\/deuil-du-pape-francois-les-drapeaux-en-berne-du-vendredi-25-au-dimanche-27-avril-au-gabon\/\" \/>\n<meta property=\"og:site_name\" content=\"Gabon Nouvelle Vision\" \/>\n<meta property=\"article:publisher\" content=\"https:\/\/www.facebook.com\/GNVofficiel\" \/>\n<meta property=\"article:published_time\" content=\"2025-04-24T10:20:23+00:00\" \/>\n<meta property=\"article:modified_time\" content=\"2025-04-24T10:20:25+00:00\" \/>\n<meta property=\"og:image\" content=\"https:\/\/gabonnouvellevision.com\/gnv\/wp-content\/uploads\/2025\/04\/la-depouille-du-pape-francois-a-ete-transferee-a-la-basilique-saint-pierre-ce-mercredi-pour-y-etre-exposee-aux-fideles-avant-ses-funerailles-photo-vatican-media-sipa-1745471357.jpg\" \/>\n\t<meta property=\"og:image:width\" content=\"1000\" \/>\n\t<meta property=\"og:image:height\" content=\"500\" \/>\n\t<meta property=\"og:image:type\" content=\"image\/jpeg\" \/>\n<meta name=\"author\" content=\"Eyeng Obame\" \/>\n<meta name=\"twitter:card\" content=\"summary_large_image\" \/>\n<meta name=\"twitter:label1\" content=\"\u00c9crit par\" \/>\n\t<meta name=\"twitter:data1\" content=\"Eyeng Obame\" \/>\n\t<meta name=\"twitter:label2\" content=\"Dur\u00e9e de lecture estim\u00e9e\" \/>\n\t<meta name=\"twitter:data2\" content=\"2 minutes\" \/>\n<script type=\"application\/ld+json\" class=\"yoast-schema-graph\">{\"@context\":\"https:\/\/schema.org\",\"@graph\":[{\"@type\":\"Article\",\"@id\":\"https:\/\/gabonnouvellevision.com\/gnv\/2025\/04\/24\/deuil-du-pape-francois-les-drapeaux-en-berne-du-vendredi-25-au-dimanche-27-avril-au-gabon\/#article\",\"isPartOf\":{\"@id\":\"https:\/\/gabonnouvellevision.com\/gnv\/2025\/04\/24\/deuil-du-pape-francois-les-drapeaux-en-berne-du-vendredi-25-au-dimanche-27-avril-au-gabon\/\"},\"author\":{\"name\":\"Eyeng Obame\",\"@id\":\"https:\/\/gabonnouvellevision.com\/gnv\/#\/schema\/person\/4b48e07d222f83c0285affc3704bc899\"},\"headline\":\"Deuil du Pape Fran\u00e7ois: les drapeaux en berne du vendredi 25 au dimanche 27 avril au Gabon\",\"datePublished\":\"2025-04-24T10:20:23+00:00\",\"dateModified\":\"2025-04-24T10:20:25+00:00\",\"mainEntityOfPage\":{\"@id\":\"https:\/\/gabonnouvellevision.com\/gnv\/2025\/04\/24\/deuil-du-pape-francois-les-drapeaux-en-berne-du-vendredi-25-au-dimanche-27-avril-au-gabon\/\"},\"wordCount\":291,\"commentCount\":0,\"publisher\":{\"@id\":\"https:\/\/gabonnouvellevision.com\/gnv\/#organization\"},\"image\":{\"@id\":\"https:\/\/gabonnouvellevision.com\/gnv\/2025\/04\/24\/deuil-du-pape-francois-les-drapeaux-en-berne-du-vendredi-25-au-dimanche-27-avril-au-gabon\/#primaryimage\"},\"thumbnailUrl\":\"https:\/\/gabonnouvellevision.com\/gnv\/wp-content\/uploads\/2025\/04\/la-depouille-du-pape-francois-a-ete-transferee-a-la-basilique-saint-pierre-ce-mercredi-pour-y-etre-exposee-aux-fideles-avant-ses-funerailles-photo-vatican-media-sipa-1745471357.jpg\",\"articleSection\":[\"A la une\",\"Actualites\",\"Politique\",\"Religion\"],\"inLanguage\":\"fr-FR\",\"potentialAction\":[{\"@type\":\"CommentAction\",\"name\":\"Comment\",\"target\":[\"https:\/\/gabonnouvellevision.com\/gnv\/2025\/04\/24\/deuil-du-pape-francois-les-drapeaux-en-berne-du-vendredi-25-au-dimanche-27-avril-au-gabon\/#respond\"]}]},{\"@type\":\"WebPage\",\"@id\":\"https:\/\/gabonnouvellevision.com\/gnv\/2025\/04\/24\/deuil-du-pape-francois-les-drapeaux-en-berne-du-vendredi-25-au-dimanche-27-avril-au-gabon\/\",\"url\":\"https:\/\/gabonnouvellevision.com\/gnv\/2025\/04\/24\/deuil-du-pape-francois-les-drapeaux-en-berne-du-vendredi-25-au-dimanche-27-avril-au-gabon\/\",\"name\":\"Deuil du Pape Fran\u00e7ois: les drapeaux en berne du vendredi 25 au dimanche 27 avril au Gabon - Gabon Nouvelle Vision\",\"isPartOf\":{\"@id\":\"https:\/\/gabonnouvellevision.com\/gnv\/#website\"},\"primaryImageOfPage\":{\"@id\":\"https:\/\/gabonnouvellevision.com\/gnv\/2025\/04\/24\/deuil-du-pape-francois-les-drapeaux-en-berne-du-vendredi-25-au-dimanche-27-avril-au-gabon\/#primaryimage\"},\"image\":{\"@id\":\"https:\/\/gabonnouvellevision.com\/gnv\/2025\/04\/24\/deuil-du-pape-francois-les-drapeaux-en-berne-du-vendredi-25-au-dimanche-27-avril-au-gabon\/#primaryimage\"},\"thumbnailUrl\":\"https:\/\/gabonnouvellevision.com\/gnv\/wp-content\/uploads\/2025\/04\/la-depouille-du-pape-francois-a-ete-transferee-a-la-basilique-saint-pierre-ce-mercredi-pour-y-etre-exposee-aux-fideles-avant-ses-funerailles-photo-vatican-media-sipa-1745471357.jpg\",\"datePublished\":\"2025-04-24T10:20:23+00:00\",\"dateModified\":\"2025-04-24T10:20:25+00:00\",\"breadcrumb\":{\"@id\":\"https:\/\/gabonnouvellevision.com\/gnv\/2025\/04\/24\/deuil-du-pape-francois-les-drapeaux-en-berne-du-vendredi-25-au-dimanche-27-avril-au-gabon\/#breadcrumb\"},\"inLanguage\":\"fr-FR\",\"potentialAction\":[{\"@type\":\"ReadAction\",\"target\":[\"https:\/\/gabonnouvellevision.com\/gnv\/2025\/04\/24\/deuil-du-pape-francois-les-drapeaux-en-berne-du-vendredi-25-au-dimanche-27-avril-au-gabon\/\"]}]},{\"@type\":\"ImageObject\",\"inLanguage\":\"fr-FR\",\"@id\":\"https:\/\/gabonnouvellevision.com\/gnv\/2025\/04\/24\/deuil-du-pape-francois-les-drapeaux-en-berne-du-vendredi-25-au-dimanche-27-avril-au-gabon\/#primaryimage\",\"url\":\"https:\/\/gabonnouvellevision.com\/gnv\/wp-content\/uploads\/2025\/04\/la-depouille-du-pape-francois-a-ete-transferee-a-la-basilique-saint-pierre-ce-mercredi-pour-y-etre-exposee-aux-fideles-avant-ses-funerailles-photo-vatican-media-sipa-1745471357.jpg\",\"contentUrl\":\"https:\/\/gabonnouvellevision.com\/gnv\/wp-content\/uploads\/2025\/04\/la-depouille-du-pape-francois-a-ete-transferee-a-la-basilique-saint-pierre-ce-mercredi-pour-y-etre-exposee-aux-fideles-avant-ses-funerailles-photo-vatican-media-sipa-1745471357.jpg\",\"width\":1000,\"height\":500},{\"@type\":\"BreadcrumbList\",\"@id\":\"https:\/\/gabonnouvellevision.com\/gnv\/2025\/04\/24\/deuil-du-pape-francois-les-drapeaux-en-berne-du-vendredi-25-au-dimanche-27-avril-au-gabon\/#breadcrumb\",\"itemListElement\":[{\"@type\":\"ListItem\",\"position\":1,\"name\":\"Accueil\",\"item\":\"https:\/\/gabonnouvellevision.com\/gnv\/\"},{\"@type\":\"ListItem\",\"position\":2,\"name\":\"Deuil du Pape Fran\u00e7ois: les drapeaux en berne du vendredi 25 au dimanche 27 avril au Gabon\"}]},{\"@type\":\"WebSite\",\"@id\":\"https:\/\/gabonnouvellevision.com\/gnv\/#website\",\"url\":\"https:\/\/gabonnouvellevision.com\/gnv\/\",\"name\":\"Gabon Nouvelle Vision\",\"description\":\"\",\"publisher\":{\"@id\":\"https:\/\/gabonnouvellevision.com\/gnv\/#organization\"},\"potentialAction\":[{\"@type\":\"SearchAction\",\"target\":{\"@type\":\"EntryPoint\",\"urlTemplate\":\"https:\/\/gabonnouvellevision.com\/gnv\/?s={search_term_string}\"},\"query-input\":{\"@type\":\"PropertyValueSpecification\",\"valueRequired\":true,\"valueName\":\"search_term_string\"}}],\"inLanguage\":\"fr-FR\"},{\"@type\":\"Organization\",\"@id\":\"https:\/\/gabonnouvellevision.com\/gnv\/#organization\",\"name\":\"Gabon Nouvelle Vision\",\"url\":\"https:\/\/gabonnouvellevision.com\/gnv\/\",\"logo\":{\"@type\":\"ImageObject\",\"inLanguage\":\"fr-FR\",\"@id\":\"https:\/\/gabonnouvellevision.com\/gnv\/#\/schema\/logo\/image\/\",\"url\":\"https:\/\/gabonnouvellevision.com\/gnv\/wp-content\/uploads\/2025\/01\/logo-text_Plan-de-travail-1.png\",\"contentUrl\":\"https:\/\/gabonnouvellevision.com\/gnv\/wp-content\/uploads\/2025\/01\/logo-text_Plan-de-travail-1.png\",\"width\":7169,\"height\":2390,\"caption\":\"Gabon Nouvelle Vision\"},\"image\":{\"@id\":\"https:\/\/gabonnouvellevision.com\/gnv\/#\/schema\/logo\/image\/\"},\"sameAs\":[\"https:\/\/www.facebook.com\/GNVofficiel\"]},{\"@type\":\"Person\",\"@id\":\"https:\/\/gabonnouvellevision.com\/gnv\/#\/schema\/person\/4b48e07d222f83c0285affc3704bc899\",\"name\":\"Eyeng Obame\",\"image\":{\"@type\":\"ImageObject\",\"inLanguage\":\"fr-FR\",\"@id\":\"https:\/\/gabonnouvellevision.com\/gnv\/#\/schema\/person\/image\/\",\"url\":\"https:\/\/secure.gravatar.com\/avatar\/167bc03b8baf3c77318a47159f80871de6f5a6cbf4bc8b6af750fbc1a369d7bf?s=96&d=mm&r=g\",\"contentUrl\":\"https:\/\/secure.gravatar.com\/avatar\/167bc03b8baf3c77318a47159f80871de6f5a6cbf4bc8b6af750fbc1a369d7bf?s=96&d=mm&r=g\",\"caption\":\"Eyeng Obame\"},\"url\":\"https:\/\/gabonnouvellevision.com\/gnv\/author\/rufin\/\"}]}<\/script>\n<!-- \/ Yoast SEO plugin. -->","yoast_head_json":{"title":"Deuil du Pape Fran\u00e7ois: les drapeaux en berne du vendredi 25 au dimanche 27 avril au Gabon - Gabon Nouvelle Vision","robots":{"index":"index","follow":"follow","max-snippet":"max-snippet:-1","max-image-preview":"max-image-preview:large","max-video-preview":"max-video-preview:-1"},"canonical":"https:\/\/gabonnouvellevision.com\/gnv\/2025\/04\/24\/deuil-du-pape-francois-les-drapeaux-en-berne-du-vendredi-25-au-dimanche-27-avril-au-gabon\/","og_locale":"fr_FR","og_type":"article","og_title":"Deuil du Pape Fran\u00e7ois: les drapeaux en berne du vendredi 25 au dimanche 27 avril au Gabon - Gabon Nouvelle Vision","og_description":"Photo, Vatican m\u00e9dia Suite au d\u00e9c\u00e8s du Pape Fran\u00e7ois le lundi 21 avril dernier, les drapeaux seront mis en berne au Gabon \u00e0 compter de demain, \u00a0et ce, jusqu\u2019\u00e0 dimanche 27 avril. Annonce faite r\u00e9cemment par le porte-parole du Gouvernement, \u00e0 Libreville. Un parcours m\u00e9morable \u00a0du Souverain pontife salu\u00e9 par le Pr\u00e9sident de la R\u00e9publique, [&hellip;]","og_url":"https:\/\/gabonnouvellevision.com\/gnv\/2025\/04\/24\/deuil-du-pape-francois-les-drapeaux-en-berne-du-vendredi-25-au-dimanche-27-avril-au-gabon\/","og_site_name":"Gabon Nouvelle Vision","article_publisher":"https:\/\/www.facebook.com\/GNVofficiel","article_published_time":"2025-04-24T10:20:23+00:00","article_modified_time":"2025-04-24T10:20:25+00:00","og_image":[{"width":1000,"height":500,"url":"https:\/\/gabonnouvellevision.com\/gnv\/wp-content\/uploads\/2025\/04\/la-depouille-du-pape-francois-a-ete-transferee-a-la-basilique-saint-pierre-ce-mercredi-pour-y-etre-exposee-aux-fideles-avant-ses-funerailles-photo-vatican-media-sipa-1745471357.jpg","type":"image\/jpeg"}],"author":"Eyeng Obame","twitter_card":"summary_large_image","twitter_misc":{"\u00c9crit par":"Eyeng Obame","Dur\u00e9e de lecture estim\u00e9e":"2 minutes"},"schema":{"@context":"https:\/\/schema.org","@graph":[{"@type":"Article","@id":"https:\/\/gabonnouvellevision.com\/gnv\/2025\/04\/24\/deuil-du-pape-francois-les-drapeaux-en-berne-du-vendredi-25-au-dimanche-27-avril-au-gabon\/#article","isPartOf":{"@id":"https:\/\/gabonnouvellevision.com\/gnv\/2025\/04\/24\/deuil-du-pape-francois-les-drapeaux-en-berne-du-vendredi-25-au-dimanche-27-avril-au-gabon\/"},"author":{"name":"Eyeng Obame","@id":"https:\/\/gabonnouvellevision.com\/gnv\/#\/schema\/person\/4b48e07d222f83c0285affc3704bc899"},"headline":"Deuil du Pape Fran\u00e7ois: les drapeaux en berne du vendredi 25 au dimanche 27 avril au Gabon","datePublished":"2025-04-24T10:20:23+00:00","dateModified":"2025-04-24T10:20:25+00:00","mainEntityOfPage":{"@id":"https:\/\/gabonnouvellevision.com\/gnv\/2025\/04\/24\/deuil-du-pape-francois-les-drapeaux-en-berne-du-vendredi-25-au-dimanche-27-avril-au-gabon\/"},"wordCount":291,"commentCount":0,"publisher":{"@id":"https:\/\/gabonnouvellevision.com\/gnv\/#organization"},"image":{"@id":"https:\/\/gabonnouvellevision.com\/gnv\/2025\/04\/24\/deuil-du-pape-francois-les-drapeaux-en-berne-du-vendredi-25-au-dimanche-27-avril-au-gabon\/#primaryimage"},"thumbnailUrl":"https:\/\/gabonnouvellevision.com\/gnv\/wp-content\/uploads\/2025\/04\/la-depouille-du-pape-francois-a-ete-transferee-a-la-basilique-saint-pierre-ce-mercredi-pour-y-etre-exposee-aux-fideles-avant-ses-funerailles-photo-vatican-media-sipa-1745471357.jpg","articleSection":["A la une","Actualites","Politique","Religion"],"inLanguage":"fr-FR","potentialAction":[{"@type":"CommentAction","name":"Comment","target":["https:\/\/gabonnouvellevision.com\/gnv\/2025\/04\/24\/deuil-du-pape-francois-les-drapeaux-en-berne-du-vendredi-25-au-dimanche-27-avril-au-gabon\/#respond"]}]},{"@type":"WebPage","@id":"https:\/\/gabonnouvellevision.com\/gnv\/2025\/04\/24\/deuil-du-pape-francois-les-drapeaux-en-berne-du-vendredi-25-au-dimanche-27-avril-au-gabon\/","url":"https:\/\/gabonnouvellevision.com\/gnv\/2025\/04\/24\/deuil-du-pape-francois-les-drapeaux-en-berne-du-vendredi-25-au-dimanche-27-avril-au-gabon\/","name":"Deuil du Pape Fran\u00e7ois: les drapeaux en berne du vendredi 25 au dimanche 27 avril au Gabon - Gabon Nouvelle Vision","isPartOf":{"@id":"https:\/\/gabonnouvellevision.com\/gnv\/#website"},"primaryImageOfPage":{"@id":"https:\/\/gabonnouvellevision.com\/gnv\/2025\/04\/24\/deuil-du-pape-francois-les-drapeaux-en-berne-du-vendredi-25-au-dimanche-27-avril-au-gabon\/#primaryimage"},"image":{"@id":"https:\/\/gabonnouvellevision.com\/gnv\/2025\/04\/24\/deuil-du-pape-francois-les-drapeaux-en-berne-du-vendredi-25-au-dimanche-27-avril-au-gabon\/#primaryimage"},"thumbnailUrl":"https:\/\/gabonnouvellevision.com\/gnv\/wp-content\/uploads\/2025\/04\/la-depouille-du-pape-francois-a-ete-transferee-a-la-basilique-saint-pierre-ce-mercredi-pour-y-etre-exposee-aux-fideles-avant-ses-funerailles-photo-vatican-media-sipa-1745471357.jpg","datePublished":"2025-04-24T10:20:23+00:00","dateModified":"2025-04-24T10:20:25+00:00","breadcrumb":{"@id":"https:\/\/gabonnouvellevision.com\/gnv\/2025\/04\/24\/deuil-du-pape-francois-les-drapeaux-en-berne-du-vendredi-25-au-dimanche-27-avril-au-gabon\/#breadcrumb"},"inLanguage":"fr-FR","potentialAction":[{"@type":"ReadAction","target":["https:\/\/gabonnouvellevision.com\/gnv\/2025\/04\/24\/deuil-du-pape-francois-les-drapeaux-en-berne-du-vendredi-25-au-dimanche-27-avril-au-gabon\/"]}]},{"@type":"ImageObject","inLanguage":"fr-FR","@id":"https:\/\/gabonnouvellevision.com\/gnv\/2025\/04\/24\/deuil-du-pape-francois-les-drapeaux-en-berne-du-vendredi-25-au-dimanche-27-avril-au-gabon\/#primaryimage","url":"https:\/\/gabonnouvellevision.com\/gnv\/wp-content\/uploads\/2025\/04\/la-depouille-du-pape-francois-a-ete-transferee-a-la-basilique-saint-pierre-ce-mercredi-pour-y-etre-exposee-aux-fideles-avant-ses-funerailles-photo-vatican-media-sipa-1745471357.jpg","contentUrl":"https:\/\/gabonnouvellevision.com\/gnv\/wp-content\/uploads\/2025\/04\/la-depouille-du-pape-francois-a-ete-transferee-a-la-basilique-saint-pierre-ce-mercredi-pour-y-etre-exposee-aux-fideles-avant-ses-funerailles-photo-vatican-media-sipa-1745471357.jpg","width":1000,"height":500},{"@type":"BreadcrumbList","@id":"https:\/\/gabonnouvellevision.com\/gnv\/2025\/04\/24\/deuil-du-pape-francois-les-drapeaux-en-berne-du-vendredi-25-au-dimanche-27-avril-au-gabon\/#breadcrumb","itemListElement":[{"@type":"ListItem","position":1,"name":"Accueil","item":"https:\/\/gabonnouvellevision.com\/gnv\/"},{"@type":"ListItem","position":2,"name":"Deuil du Pape Fran\u00e7ois: les drapeaux en berne du vendredi 25 au dimanche 27 avril au Gabon"}]},{"@type":"WebSite","@id":"https:\/\/gabonnouvellevision.com\/gnv\/#website","url":"https:\/\/gabonnouvellevision.com\/gnv\/","name":"Gabon Nouvelle Vision","description":"","publisher":{"@id":"https:\/\/gabonnouvellevision.com\/gnv\/#organization"},"potentialAction":[{"@type":"SearchAction","target":{"@type":"EntryPoint","urlTemplate":"https:\/\/gabonnouvellevision.com\/gnv\/?s={search_term_string}"},"query-input":{"@type":"PropertyValueSpecification","valueRequired":true,"valueName":"search_term_string"}}],"inLanguage":"fr-FR"},{"@type":"Organization","@id":"https:\/\/gabonnouvellevision.com\/gnv\/#organization","name":"Gabon Nouvelle Vision","url":"https:\/\/gabonnouvellevision.com\/gnv\/","logo":{"@type":"ImageObject","inLanguage":"fr-FR","@id":"https:\/\/gabonnouvellevision.com\/gnv\/#\/schema\/logo\/image\/","url":"https:\/\/gabonnouvellevision.com\/gnv\/wp-content\/uploads\/2025\/01\/logo-text_Plan-de-travail-1.png","contentUrl":"https:\/\/gabonnouvellevision.com\/gnv\/wp-content\/uploads\/2025\/01\/logo-text_Plan-de-travail-1.png","width":7169,"height":2390,"caption":"Gabon Nouvelle Vision"},"image":{"@id":"https:\/\/gabonnouvellevision.com\/gnv\/#\/schema\/logo\/image\/"},"sameAs":["https:\/\/www.facebook.com\/GNVofficiel"]},{"@type":"Person","@id":"https:\/\/gabonnouvellevision.com\/gnv\/#\/schema\/person\/4b48e07d222f83c0285affc3704bc899","name":"Eyeng Obame","image":{"@type":"ImageObject","inLanguage":"fr-FR","@id":"https:\/\/gabonnouvellevision.com\/gnv\/#\/schema\/person\/image\/","url":"https:\/\/secure.gravatar.com\/avatar\/167bc03b8baf3c77318a47159f80871de6f5a6cbf4bc8b6af750fbc1a369d7bf?s=96&d=mm&r=g","contentUrl":"https:\/\/secure.gravatar.com\/avatar\/167bc03b8baf3c77318a47159f80871de6f5a6cbf4bc8b6af750fbc1a369d7bf?s=96&d=mm&r=g","caption":"Eyeng Obame"},"url":"https:\/\/gabonnouvellevision.com\/gnv\/author\/rufin\/"}]}},"_links":{"self":[{"href":"https:\/\/gabonnouvellevision.com\/gnv\/wp-json\/wp\/v2\/posts\/23886","targetHints":{"allow":["GET"]}}],"collection":[{"href":"https:\/\/gabonnouvellevision.com\/gnv\/wp-json\/wp\/v2\/posts"}],"about":[{"href":"https:\/\/gabonnouvellevision.com\/gnv\/wp-json\/wp\/v2\/types\/post"}],"author":[{"embeddable":true,"href":"https:\/\/gabonnouvellevision.com\/gnv\/wp-json\/wp\/v2\/users\/7"}],"replies":[{"embeddable":true,"href":"https:\/\/gabonnouvellevision.com\/gnv\/wp-json\/wp\/v2\/comments?post=23886"}],"version-history":[{"count":1,"href":"https:\/\/gabonnouvellevision.com\/gnv\/wp-json\/wp\/v2\/posts\/23886\/revisions"}],"predecessor-version":[{"id":23888,"href":"https:\/\/gabonnouvellevision.com\/gnv\/wp-json\/wp\/v2\/posts\/23886\/revisions\/23888"}],"wp:featuredmedia":[{"embeddable":true,"href":"https:\/\/gabonnouvellevision.com\/gnv\/wp-json\/wp\/v2\/media\/23887"}],"wp:attachment":[{"href":"https:\/\/gabonnouvellevision.com\/gnv\/wp-json\/wp\/v2\/media?parent=23886"}],"wp:term":[{"taxonomy":"category","embeddable":true,"href":"https:\/\/gabonnouvellevision.com\/gnv\/wp-json\/wp\/v2\/categories?post=23886"},{"taxonomy":"post_tag","embeddable":true,"href":"https:\/\/gabonnouvellevision.com\/gnv\/wp-json\/wp\/v2\/tags?post=23886"}],"curies":[{"name":"wp","href":"https:\/\/api.w.org\/{rel}","templated":true}]}}