{"id":23881,"date":"2025-04-22T12:00:49","date_gmt":"2025-04-22T10:00:49","guid":{"rendered":"https:\/\/gabonnouvellevision.com\/gnv\/?p=23881"},"modified":"2025-04-22T12:00:51","modified_gmt":"2025-04-22T10:00:51","slug":"la-depouille-du-pape-francois-exposee-a-la-chapelle-de-la-maison-sainte-marthe","status":"publish","type":"post","link":"https:\/\/gabonnouvellevision.com\/gnv\/2025\/04\/22\/la-depouille-du-pape-francois-exposee-a-la-chapelle-de-la-maison-sainte-marthe\/","title":{"rendered":"La d\u00e9pouille du Pape Fran\u00e7ois expos\u00e9e \u00e0 la chapelle de la \u00a0maison Sainte Marthe"},"content":{"rendered":"\n<p><em><strong>D\u00e9c\u00e9d\u00e9e hier de suite d\u2019un AVC, la d\u00e9pouille du Pape Fran\u00e7ois est expos\u00e9e depuis quelques heures \u00e0 la chapelle de la Maison Sainte Marthe de Rome au Vatican. Dans le reste du monde, l\u2019heure est au recueillement et \u00e0 la pri\u00e8re<\/strong><\/em><strong>.<\/strong><\/p>\n\n\n\n<p>La communaut\u00e9 chr\u00e9tienne Catholique est en deuil depuis hier \u00e0 la suite du d\u00e9c\u00e8s par crise cardiaque du Souverain pontife, Fran\u00e7ois. Mort \u00e0 l\u2019\u00e2ge de 88 ans, le successeur de l\u2019Ap\u00f4tre Saint Pierre et 266\u00e8me Pape de l\u2019\u00e9glise Catholique est expos\u00e9 depuis quelques heures \u00e0 la chapelle de la maison Sainte Marthe de Rome.<\/p>\n\n\n\n<p>\u2018\u2019Proches collaborateurs et membres de la curie peuvent s\u2019y recueillir jusqu\u2019\u00e0 minuit ce mardi soir\u2019 \u2019Indique un communiqu\u00e9 officiel du Saint Si\u00e8ge. Sa d\u00e9pouille sera expos\u00e9e au public dans la basilique Saint Pierre de Rome \u00e0 partir de demain.<\/p>\n\n\n\n<p>Dans le reste du monde, l\u2019heure est au recueillement et \u00e0 la pri\u00e8re en attendant son inhumation le samedi 26 avril prochain. Mais aussi de l\u2019\u00e9lection de son successeur parmi le coll\u00e8ge des cardinaux.<\/p>\n\n\n\n<p><strong>Rufin Martial Oke Nze<\/strong><\/p>\n","protected":false},"excerpt":{"rendered":"<p>D\u00e9c\u00e9d\u00e9e hier de suite d\u2019un AVC, la d\u00e9pouille du Pape Fran\u00e7ois est expos\u00e9e depuis quelques heures \u00e0 la chapelle de la Maison Sainte Marthe de Rome au Vatican. Dans le reste du monde, l\u2019heure est au recueillement et \u00e0 la pri\u00e8re. La communaut\u00e9 chr\u00e9tienne Catholique est en deuil depuis hier \u00e0 la suite du d\u00e9c\u00e8s [&hellip;]<\/p>\n","protected":false},"author":7,"featured_media":23882,"comment_status":"open","ping_status":"open","sticky":false,"template":"","format":"standard","meta":{"footnotes":""},"categories":[57,55,65],"tags":[],"class_list":["post-23881","post","type-post","status-publish","format-standard","has-post-thumbnail","hentry","category-a-la-une","category-actualites","category-politique-podcasts"],"yoast_head":"<!-- This site is optimized with the Yoast SEO plugin v24.2 - https:\/\/yoast.com\/wordpress\/plugins\/seo\/ -->\n<title>La d\u00e9pouille du Pape Fran\u00e7ois expos\u00e9e \u00e0 la chapelle de la \u00a0maison Sainte Marthe - Gabon Nouvelle Vision<\/title>\n<meta name=\"robots\" content=\"index, follow, max-snippet:-1, max-image-preview:large, max-video-preview:-1\" \/>\n<link rel=\"canonical\" href=\"https:\/\/gabonnouvellevision.com\/gnv\/2025\/04\/22\/la-depouille-du-pape-francois-exposee-a-la-chapelle-de-la-maison-sainte-marthe\/\" \/>\n<meta property=\"og:locale\" content=\"fr_FR\" \/>\n<meta property=\"og:type\" content=\"article\" \/>\n<meta property=\"og:title\" content=\"La d\u00e9pouille du Pape Fran\u00e7ois expos\u00e9e \u00e0 la chapelle de la \u00a0maison Sainte Marthe - Gabon Nouvelle Vision\" \/>\n<meta property=\"og:description\" content=\"D\u00e9c\u00e9d\u00e9e hier de suite d\u2019un AVC, la d\u00e9pouille du Pape Fran\u00e7ois est expos\u00e9e depuis quelques heures \u00e0 la chapelle de la Maison Sainte Marthe de Rome au Vatican. Dans le reste du monde, l\u2019heure est au recueillement et \u00e0 la pri\u00e8re. La communaut\u00e9 chr\u00e9tienne Catholique est en deuil depuis hier \u00e0 la suite du d\u00e9c\u00e8s [&hellip;]\" \/>\n<meta property=\"og:url\" content=\"https:\/\/gabonnouvellevision.com\/gnv\/2025\/04\/22\/la-depouille-du-pape-francois-exposee-a-la-chapelle-de-la-maison-sainte-marthe\/\" \/>\n<meta property=\"og:site_name\" content=\"Gabon Nouvelle Vision\" \/>\n<meta property=\"article:publisher\" content=\"https:\/\/www.facebook.com\/GNVofficiel\" \/>\n<meta property=\"article:published_time\" content=\"2025-04-22T10:00:49+00:00\" \/>\n<meta property=\"article:modified_time\" content=\"2025-04-22T10:00:51+00:00\" \/>\n<meta property=\"og:image\" content=\"https:\/\/gabonnouvellevision.com\/gnv\/wp-content\/uploads\/2025\/04\/491446526_18502537864033412_7709234919109349514_n.jpg\" \/>\n\t<meta property=\"og:image:width\" content=\"512\" \/>\n\t<meta property=\"og:image:height\" content=\"640\" \/>\n\t<meta property=\"og:image:type\" content=\"image\/jpeg\" \/>\n<meta name=\"author\" content=\"Eyeng Obame\" \/>\n<meta name=\"twitter:card\" content=\"summary_large_image\" \/>\n<meta name=\"twitter:label1\" content=\"\u00c9crit par\" \/>\n\t<meta name=\"twitter:data1\" content=\"Eyeng Obame\" \/>\n\t<meta name=\"twitter:label2\" content=\"Dur\u00e9e de lecture estim\u00e9e\" \/>\n\t<meta name=\"twitter:data2\" content=\"2 minutes\" \/>\n<script type=\"application\/ld+json\" class=\"yoast-schema-graph\">{\"@context\":\"https:\/\/schema.org\",\"@graph\":[{\"@type\":\"Article\",\"@id\":\"https:\/\/gabonnouvellevision.com\/gnv\/2025\/04\/22\/la-depouille-du-pape-francois-exposee-a-la-chapelle-de-la-maison-sainte-marthe\/#article\",\"isPartOf\":{\"@id\":\"https:\/\/gabonnouvellevision.com\/gnv\/2025\/04\/22\/la-depouille-du-pape-francois-exposee-a-la-chapelle-de-la-maison-sainte-marthe\/\"},\"author\":{\"name\":\"Eyeng Obame\",\"@id\":\"https:\/\/gabonnouvellevision.com\/gnv\/#\/schema\/person\/4b48e07d222f83c0285affc3704bc899\"},\"headline\":\"La d\u00e9pouille du Pape Fran\u00e7ois expos\u00e9e \u00e0 la chapelle de la \u00a0maison Sainte Marthe\",\"datePublished\":\"2025-04-22T10:00:49+00:00\",\"dateModified\":\"2025-04-22T10:00:51+00:00\",\"mainEntityOfPage\":{\"@id\":\"https:\/\/gabonnouvellevision.com\/gnv\/2025\/04\/22\/la-depouille-du-pape-francois-exposee-a-la-chapelle-de-la-maison-sainte-marthe\/\"},\"wordCount\":204,\"commentCount\":0,\"publisher\":{\"@id\":\"https:\/\/gabonnouvellevision.com\/gnv\/#organization\"},\"image\":{\"@id\":\"https:\/\/gabonnouvellevision.com\/gnv\/2025\/04\/22\/la-depouille-du-pape-francois-exposee-a-la-chapelle-de-la-maison-sainte-marthe\/#primaryimage\"},\"thumbnailUrl\":\"https:\/\/gabonnouvellevision.com\/gnv\/wp-content\/uploads\/2025\/04\/491446526_18502537864033412_7709234919109349514_n.jpg\",\"articleSection\":[\"A la une\",\"Actualites\",\"Politique\"],\"inLanguage\":\"fr-FR\",\"potentialAction\":[{\"@type\":\"CommentAction\",\"name\":\"Comment\",\"target\":[\"https:\/\/gabonnouvellevision.com\/gnv\/2025\/04\/22\/la-depouille-du-pape-francois-exposee-a-la-chapelle-de-la-maison-sainte-marthe\/#respond\"]}]},{\"@type\":\"WebPage\",\"@id\":\"https:\/\/gabonnouvellevision.com\/gnv\/2025\/04\/22\/la-depouille-du-pape-francois-exposee-a-la-chapelle-de-la-maison-sainte-marthe\/\",\"url\":\"https:\/\/gabonnouvellevision.com\/gnv\/2025\/04\/22\/la-depouille-du-pape-francois-exposee-a-la-chapelle-de-la-maison-sainte-marthe\/\",\"name\":\"La d\u00e9pouille du Pape Fran\u00e7ois expos\u00e9e \u00e0 la chapelle de la \u00a0maison Sainte Marthe - Gabon Nouvelle Vision\",\"isPartOf\":{\"@id\":\"https:\/\/gabonnouvellevision.com\/gnv\/#website\"},\"primaryImageOfPage\":{\"@id\":\"https:\/\/gabonnouvellevision.com\/gnv\/2025\/04\/22\/la-depouille-du-pape-francois-exposee-a-la-chapelle-de-la-maison-sainte-marthe\/#primaryimage\"},\"image\":{\"@id\":\"https:\/\/gabonnouvellevision.com\/gnv\/2025\/04\/22\/la-depouille-du-pape-francois-exposee-a-la-chapelle-de-la-maison-sainte-marthe\/#primaryimage\"},\"thumbnailUrl\":\"https:\/\/gabonnouvellevision.com\/gnv\/wp-content\/uploads\/2025\/04\/491446526_18502537864033412_7709234919109349514_n.jpg\",\"datePublished\":\"2025-04-22T10:00:49+00:00\",\"dateModified\":\"2025-04-22T10:00:51+00:00\",\"breadcrumb\":{\"@id\":\"https:\/\/gabonnouvellevision.com\/gnv\/2025\/04\/22\/la-depouille-du-pape-francois-exposee-a-la-chapelle-de-la-maison-sainte-marthe\/#breadcrumb\"},\"inLanguage\":\"fr-FR\",\"potentialAction\":[{\"@type\":\"ReadAction\",\"target\":[\"https:\/\/gabonnouvellevision.com\/gnv\/2025\/04\/22\/la-depouille-du-pape-francois-exposee-a-la-chapelle-de-la-maison-sainte-marthe\/\"]}]},{\"@type\":\"ImageObject\",\"inLanguage\":\"fr-FR\",\"@id\":\"https:\/\/gabonnouvellevision.com\/gnv\/2025\/04\/22\/la-depouille-du-pape-francois-exposee-a-la-chapelle-de-la-maison-sainte-marthe\/#primaryimage\",\"url\":\"https:\/\/gabonnouvellevision.com\/gnv\/wp-content\/uploads\/2025\/04\/491446526_18502537864033412_7709234919109349514_n.jpg\",\"contentUrl\":\"https:\/\/gabonnouvellevision.com\/gnv\/wp-content\/uploads\/2025\/04\/491446526_18502537864033412_7709234919109349514_n.jpg\",\"width\":512,\"height\":640},{\"@type\":\"BreadcrumbList\",\"@id\":\"https:\/\/gabonnouvellevision.com\/gnv\/2025\/04\/22\/la-depouille-du-pape-francois-exposee-a-la-chapelle-de-la-maison-sainte-marthe\/#breadcrumb\",\"itemListElement\":[{\"@type\":\"ListItem\",\"position\":1,\"name\":\"Accueil\",\"item\":\"https:\/\/gabonnouvellevision.com\/gnv\/\"},{\"@type\":\"ListItem\",\"position\":2,\"name\":\"La d\u00e9pouille du Pape Fran\u00e7ois expos\u00e9e \u00e0 la chapelle de la \u00a0maison Sainte Marthe\"}]},{\"@type\":\"WebSite\",\"@id\":\"https:\/\/gabonnouvellevision.com\/gnv\/#website\",\"url\":\"https:\/\/gabonnouvellevision.com\/gnv\/\",\"name\":\"Gabon Nouvelle Vision\",\"description\":\"\",\"publisher\":{\"@id\":\"https:\/\/gabonnouvellevision.com\/gnv\/#organization\"},\"potentialAction\":[{\"@type\":\"SearchAction\",\"target\":{\"@type\":\"EntryPoint\",\"urlTemplate\":\"https:\/\/gabonnouvellevision.com\/gnv\/?s={search_term_string}\"},\"query-input\":{\"@type\":\"PropertyValueSpecification\",\"valueRequired\":true,\"valueName\":\"search_term_string\"}}],\"inLanguage\":\"fr-FR\"},{\"@type\":\"Organization\",\"@id\":\"https:\/\/gabonnouvellevision.com\/gnv\/#organization\",\"name\":\"Gabon Nouvelle Vision\",\"url\":\"https:\/\/gabonnouvellevision.com\/gnv\/\",\"logo\":{\"@type\":\"ImageObject\",\"inLanguage\":\"fr-FR\",\"@id\":\"https:\/\/gabonnouvellevision.com\/gnv\/#\/schema\/logo\/image\/\",\"url\":\"https:\/\/gabonnouvellevision.com\/gnv\/wp-content\/uploads\/2025\/01\/logo-text_Plan-de-travail-1.png\",\"contentUrl\":\"https:\/\/gabonnouvellevision.com\/gnv\/wp-content\/uploads\/2025\/01\/logo-text_Plan-de-travail-1.png\",\"width\":7169,\"height\":2390,\"caption\":\"Gabon Nouvelle Vision\"},\"image\":{\"@id\":\"https:\/\/gabonnouvellevision.com\/gnv\/#\/schema\/logo\/image\/\"},\"sameAs\":[\"https:\/\/www.facebook.com\/GNVofficiel\"]},{\"@type\":\"Person\",\"@id\":\"https:\/\/gabonnouvellevision.com\/gnv\/#\/schema\/person\/4b48e07d222f83c0285affc3704bc899\",\"name\":\"Eyeng Obame\",\"image\":{\"@type\":\"ImageObject\",\"inLanguage\":\"fr-FR\",\"@id\":\"https:\/\/gabonnouvellevision.com\/gnv\/#\/schema\/person\/image\/\",\"url\":\"https:\/\/secure.gravatar.com\/avatar\/167bc03b8baf3c77318a47159f80871de6f5a6cbf4bc8b6af750fbc1a369d7bf?s=96&d=mm&r=g\",\"contentUrl\":\"https:\/\/secure.gravatar.com\/avatar\/167bc03b8baf3c77318a47159f80871de6f5a6cbf4bc8b6af750fbc1a369d7bf?s=96&d=mm&r=g\",\"caption\":\"Eyeng Obame\"},\"url\":\"https:\/\/gabonnouvellevision.com\/gnv\/author\/rufin\/\"}]}<\/script>\n<!-- \/ Yoast SEO plugin. -->","yoast_head_json":{"title":"La d\u00e9pouille du Pape Fran\u00e7ois expos\u00e9e \u00e0 la chapelle de la \u00a0maison Sainte Marthe - Gabon Nouvelle Vision","robots":{"index":"index","follow":"follow","max-snippet":"max-snippet:-1","max-image-preview":"max-image-preview:large","max-video-preview":"max-video-preview:-1"},"canonical":"https:\/\/gabonnouvellevision.com\/gnv\/2025\/04\/22\/la-depouille-du-pape-francois-exposee-a-la-chapelle-de-la-maison-sainte-marthe\/","og_locale":"fr_FR","og_type":"article","og_title":"La d\u00e9pouille du Pape Fran\u00e7ois expos\u00e9e \u00e0 la chapelle de la \u00a0maison Sainte Marthe - Gabon Nouvelle Vision","og_description":"D\u00e9c\u00e9d\u00e9e hier de suite d\u2019un AVC, la d\u00e9pouille du Pape Fran\u00e7ois est expos\u00e9e depuis quelques heures \u00e0 la chapelle de la Maison Sainte Marthe de Rome au Vatican. Dans le reste du monde, l\u2019heure est au recueillement et \u00e0 la pri\u00e8re. La communaut\u00e9 chr\u00e9tienne Catholique est en deuil depuis hier \u00e0 la suite du d\u00e9c\u00e8s [&hellip;]","og_url":"https:\/\/gabonnouvellevision.com\/gnv\/2025\/04\/22\/la-depouille-du-pape-francois-exposee-a-la-chapelle-de-la-maison-sainte-marthe\/","og_site_name":"Gabon Nouvelle Vision","article_publisher":"https:\/\/www.facebook.com\/GNVofficiel","article_published_time":"2025-04-22T10:00:49+00:00","article_modified_time":"2025-04-22T10:00:51+00:00","og_image":[{"width":512,"height":640,"url":"https:\/\/gabonnouvellevision.com\/gnv\/wp-content\/uploads\/2025\/04\/491446526_18502537864033412_7709234919109349514_n.jpg","type":"image\/jpeg"}],"author":"Eyeng Obame","twitter_card":"summary_large_image","twitter_misc":{"\u00c9crit par":"Eyeng Obame","Dur\u00e9e de lecture estim\u00e9e":"2 minutes"},"schema":{"@context":"https:\/\/schema.org","@graph":[{"@type":"Article","@id":"https:\/\/gabonnouvellevision.com\/gnv\/2025\/04\/22\/la-depouille-du-pape-francois-exposee-a-la-chapelle-de-la-maison-sainte-marthe\/#article","isPartOf":{"@id":"https:\/\/gabonnouvellevision.com\/gnv\/2025\/04\/22\/la-depouille-du-pape-francois-exposee-a-la-chapelle-de-la-maison-sainte-marthe\/"},"author":{"name":"Eyeng Obame","@id":"https:\/\/gabonnouvellevision.com\/gnv\/#\/schema\/person\/4b48e07d222f83c0285affc3704bc899"},"headline":"La d\u00e9pouille du Pape Fran\u00e7ois expos\u00e9e \u00e0 la chapelle de la \u00a0maison Sainte Marthe","datePublished":"2025-04-22T10:00:49+00:00","dateModified":"2025-04-22T10:00:51+00:00","mainEntityOfPage":{"@id":"https:\/\/gabonnouvellevision.com\/gnv\/2025\/04\/22\/la-depouille-du-pape-francois-exposee-a-la-chapelle-de-la-maison-sainte-marthe\/"},"wordCount":204,"commentCount":0,"publisher":{"@id":"https:\/\/gabonnouvellevision.com\/gnv\/#organization"},"image":{"@id":"https:\/\/gabonnouvellevision.com\/gnv\/2025\/04\/22\/la-depouille-du-pape-francois-exposee-a-la-chapelle-de-la-maison-sainte-marthe\/#primaryimage"},"thumbnailUrl":"https:\/\/gabonnouvellevision.com\/gnv\/wp-content\/uploads\/2025\/04\/491446526_18502537864033412_7709234919109349514_n.jpg","articleSection":["A la une","Actualites","Politique"],"inLanguage":"fr-FR","potentialAction":[{"@type":"CommentAction","name":"Comment","target":["https:\/\/gabonnouvellevision.com\/gnv\/2025\/04\/22\/la-depouille-du-pape-francois-exposee-a-la-chapelle-de-la-maison-sainte-marthe\/#respond"]}]},{"@type":"WebPage","@id":"https:\/\/gabonnouvellevision.com\/gnv\/2025\/04\/22\/la-depouille-du-pape-francois-exposee-a-la-chapelle-de-la-maison-sainte-marthe\/","url":"https:\/\/gabonnouvellevision.com\/gnv\/2025\/04\/22\/la-depouille-du-pape-francois-exposee-a-la-chapelle-de-la-maison-sainte-marthe\/","name":"La d\u00e9pouille du Pape Fran\u00e7ois expos\u00e9e \u00e0 la chapelle de la \u00a0maison Sainte Marthe - Gabon Nouvelle Vision","isPartOf":{"@id":"https:\/\/gabonnouvellevision.com\/gnv\/#website"},"primaryImageOfPage":{"@id":"https:\/\/gabonnouvellevision.com\/gnv\/2025\/04\/22\/la-depouille-du-pape-francois-exposee-a-la-chapelle-de-la-maison-sainte-marthe\/#primaryimage"},"image":{"@id":"https:\/\/gabonnouvellevision.com\/gnv\/2025\/04\/22\/la-depouille-du-pape-francois-exposee-a-la-chapelle-de-la-maison-sainte-marthe\/#primaryimage"},"thumbnailUrl":"https:\/\/gabonnouvellevision.com\/gnv\/wp-content\/uploads\/2025\/04\/491446526_18502537864033412_7709234919109349514_n.jpg","datePublished":"2025-04-22T10:00:49+00:00","dateModified":"2025-04-22T10:00:51+00:00","breadcrumb":{"@id":"https:\/\/gabonnouvellevision.com\/gnv\/2025\/04\/22\/la-depouille-du-pape-francois-exposee-a-la-chapelle-de-la-maison-sainte-marthe\/#breadcrumb"},"inLanguage":"fr-FR","potentialAction":[{"@type":"ReadAction","target":["https:\/\/gabonnouvellevision.com\/gnv\/2025\/04\/22\/la-depouille-du-pape-francois-exposee-a-la-chapelle-de-la-maison-sainte-marthe\/"]}]},{"@type":"ImageObject","inLanguage":"fr-FR","@id":"https:\/\/gabonnouvellevision.com\/gnv\/2025\/04\/22\/la-depouille-du-pape-francois-exposee-a-la-chapelle-de-la-maison-sainte-marthe\/#primaryimage","url":"https:\/\/gabonnouvellevision.com\/gnv\/wp-content\/uploads\/2025\/04\/491446526_18502537864033412_7709234919109349514_n.jpg","contentUrl":"https:\/\/gabonnouvellevision.com\/gnv\/wp-content\/uploads\/2025\/04\/491446526_18502537864033412_7709234919109349514_n.jpg","width":512,"height":640},{"@type":"BreadcrumbList","@id":"https:\/\/gabonnouvellevision.com\/gnv\/2025\/04\/22\/la-depouille-du-pape-francois-exposee-a-la-chapelle-de-la-maison-sainte-marthe\/#breadcrumb","itemListElement":[{"@type":"ListItem","position":1,"name":"Accueil","item":"https:\/\/gabonnouvellevision.com\/gnv\/"},{"@type":"ListItem","position":2,"name":"La d\u00e9pouille du Pape Fran\u00e7ois expos\u00e9e \u00e0 la chapelle de la \u00a0maison Sainte Marthe"}]},{"@type":"WebSite","@id":"https:\/\/gabonnouvellevision.com\/gnv\/#website","url":"https:\/\/gabonnouvellevision.com\/gnv\/","name":"Gabon Nouvelle Vision","description":"","publisher":{"@id":"https:\/\/gabonnouvellevision.com\/gnv\/#organization"},"potentialAction":[{"@type":"SearchAction","target":{"@type":"EntryPoint","urlTemplate":"https:\/\/gabonnouvellevision.com\/gnv\/?s={search_term_string}"},"query-input":{"@type":"PropertyValueSpecification","valueRequired":true,"valueName":"search_term_string"}}],"inLanguage":"fr-FR"},{"@type":"Organization","@id":"https:\/\/gabonnouvellevision.com\/gnv\/#organization","name":"Gabon Nouvelle Vision","url":"https:\/\/gabonnouvellevision.com\/gnv\/","logo":{"@type":"ImageObject","inLanguage":"fr-FR","@id":"https:\/\/gabonnouvellevision.com\/gnv\/#\/schema\/logo\/image\/","url":"https:\/\/gabonnouvellevision.com\/gnv\/wp-content\/uploads\/2025\/01\/logo-text_Plan-de-travail-1.png","contentUrl":"https:\/\/gabonnouvellevision.com\/gnv\/wp-content\/uploads\/2025\/01\/logo-text_Plan-de-travail-1.png","width":7169,"height":2390,"caption":"Gabon Nouvelle Vision"},"image":{"@id":"https:\/\/gabonnouvellevision.com\/gnv\/#\/schema\/logo\/image\/"},"sameAs":["https:\/\/www.facebook.com\/GNVofficiel"]},{"@type":"Person","@id":"https:\/\/gabonnouvellevision.com\/gnv\/#\/schema\/person\/4b48e07d222f83c0285affc3704bc899","name":"Eyeng Obame","image":{"@type":"ImageObject","inLanguage":"fr-FR","@id":"https:\/\/gabonnouvellevision.com\/gnv\/#\/schema\/person\/image\/","url":"https:\/\/secure.gravatar.com\/avatar\/167bc03b8baf3c77318a47159f80871de6f5a6cbf4bc8b6af750fbc1a369d7bf?s=96&d=mm&r=g","contentUrl":"https:\/\/secure.gravatar.com\/avatar\/167bc03b8baf3c77318a47159f80871de6f5a6cbf4bc8b6af750fbc1a369d7bf?s=96&d=mm&r=g","caption":"Eyeng Obame"},"url":"https:\/\/gabonnouvellevision.com\/gnv\/author\/rufin\/"}]}},"_links":{"self":[{"href":"https:\/\/gabonnouvellevision.com\/gnv\/wp-json\/wp\/v2\/posts\/23881","targetHints":{"allow":["GET"]}}],"collection":[{"href":"https:\/\/gabonnouvellevision.com\/gnv\/wp-json\/wp\/v2\/posts"}],"about":[{"href":"https:\/\/gabonnouvellevision.com\/gnv\/wp-json\/wp\/v2\/types\/post"}],"author":[{"embeddable":true,"href":"https:\/\/gabonnouvellevision.com\/gnv\/wp-json\/wp\/v2\/users\/7"}],"replies":[{"embeddable":true,"href":"https:\/\/gabonnouvellevision.com\/gnv\/wp-json\/wp\/v2\/comments?post=23881"}],"version-history":[{"count":1,"href":"https:\/\/gabonnouvellevision.com\/gnv\/wp-json\/wp\/v2\/posts\/23881\/revisions"}],"predecessor-version":[{"id":23883,"href":"https:\/\/gabonnouvellevision.com\/gnv\/wp-json\/wp\/v2\/posts\/23881\/revisions\/23883"}],"wp:featuredmedia":[{"embeddable":true,"href":"https:\/\/gabonnouvellevision.com\/gnv\/wp-json\/wp\/v2\/media\/23882"}],"wp:attachment":[{"href":"https:\/\/gabonnouvellevision.com\/gnv\/wp-json\/wp\/v2\/media?parent=23881"}],"wp:term":[{"taxonomy":"category","embeddable":true,"href":"https:\/\/gabonnouvellevision.com\/gnv\/wp-json\/wp\/v2\/categories?post=23881"},{"taxonomy":"post_tag","embeddable":true,"href":"https:\/\/gabonnouvellevision.com\/gnv\/wp-json\/wp\/v2\/tags?post=23881"}],"curies":[{"name":"wp","href":"https:\/\/api.w.org\/{rel}","templated":true}]}}