{"id":23872,"date":"2025-04-11T13:05:43","date_gmt":"2025-04-11T11:05:43","guid":{"rendered":"https:\/\/gabonnouvellevision.com\/gnv\/?p=23872"},"modified":"2025-04-11T13:05:44","modified_gmt":"2025-04-11T11:05:44","slug":"presidentielle-2025-les-gabonais-appeles-aux-urnes-ce-samedi-12-avril","status":"publish","type":"post","link":"https:\/\/gabonnouvellevision.com\/gnv\/2025\/04\/11\/presidentielle-2025-les-gabonais-appeles-aux-urnes-ce-samedi-12-avril\/","title":{"rendered":"Pr\u00e9sidentielle 2025: les Gabonais appel\u00e9s aux urnes ce samedi 12 avril"},"content":{"rendered":"\n<p><strong><em>Les Gabonais en \u00e2ge de voter se rendent aux urnes ce samedi 12 avril 2025 pour \u00e9lire leur Pr\u00e9sident de la R\u00e9publique parmi les huit candidats en lice.<\/em><\/strong><\/p>\n\n\n\n<p>plus de 850000 \u00e9lecteurs Gabonais se rendent aux urnes ce samedi 12 avril 2025 \u00e0 partir de 7h30 dans les diff\u00e9rents bureaux retenus pour la circonstance sur le territoire national et \u00e0 l&rsquo;\u00e9tranger,  pour \u00e9lire la personne qui devra pr\u00e9sider aux destin\u00e9es du Gabon au cours des sept prochaines ann\u00e9es. Une \u00e9lection pr\u00e9sidentielle synonyme du retour \u00e0 l\u2019ordre constitutionnel apr\u00e8s 19 mois de Transition militaire.<\/p>\n\n\n\n<p>Un scrutin qui s&rsquo;annonce paisible et transparent de l&rsquo;avis de nombreux observateurs internationaux d\u00e9j\u00e0 sur place.<\/p>\n\n\n\n<p>Que le meilleur gagne!<\/p>\n\n\n\n<p><strong>Rufin Martial Oke Nze<\/strong><\/p>\n\n\n\n<p><\/p>\n","protected":false},"excerpt":{"rendered":"<p>Les Gabonais en \u00e2ge de voter se rendent aux urnes ce samedi 12 avril 2025 pour \u00e9lire leur Pr\u00e9sident de la R\u00e9publique parmi les huit candidats en lice. plus de 850000 \u00e9lecteurs Gabonais se rendent aux urnes ce samedi 12 avril 2025 \u00e0 partir de 7h30 dans les diff\u00e9rents bureaux retenus pour la circonstance sur [&hellip;]<\/p>\n","protected":false},"author":7,"featured_media":23873,"comment_status":"open","ping_status":"open","sticky":false,"template":"","format":"standard","meta":{"footnotes":""},"categories":[57,55,59,65],"tags":[],"class_list":["post-23872","post","type-post","status-publish","format-standard","has-post-thumbnail","hentry","category-a-la-une","category-actualites","category-politique","category-politique-podcasts"],"yoast_head":"<!-- This site is optimized with the Yoast SEO plugin v24.2 - https:\/\/yoast.com\/wordpress\/plugins\/seo\/ -->\n<title>Pr\u00e9sidentielle 2025: les Gabonais appel\u00e9s aux urnes ce samedi 12 avril - Gabon Nouvelle Vision<\/title>\n<meta name=\"robots\" content=\"index, follow, max-snippet:-1, max-image-preview:large, max-video-preview:-1\" \/>\n<link rel=\"canonical\" href=\"https:\/\/gabonnouvellevision.com\/gnv\/2025\/04\/11\/presidentielle-2025-les-gabonais-appeles-aux-urnes-ce-samedi-12-avril\/\" \/>\n<meta property=\"og:locale\" content=\"fr_FR\" \/>\n<meta property=\"og:type\" content=\"article\" \/>\n<meta property=\"og:title\" content=\"Pr\u00e9sidentielle 2025: les Gabonais appel\u00e9s aux urnes ce samedi 12 avril - Gabon Nouvelle Vision\" \/>\n<meta property=\"og:description\" content=\"Les Gabonais en \u00e2ge de voter se rendent aux urnes ce samedi 12 avril 2025 pour \u00e9lire leur Pr\u00e9sident de la R\u00e9publique parmi les huit candidats en lice. plus de 850000 \u00e9lecteurs Gabonais se rendent aux urnes ce samedi 12 avril 2025 \u00e0 partir de 7h30 dans les diff\u00e9rents bureaux retenus pour la circonstance sur [&hellip;]\" \/>\n<meta property=\"og:url\" content=\"https:\/\/gabonnouvellevision.com\/gnv\/2025\/04\/11\/presidentielle-2025-les-gabonais-appeles-aux-urnes-ce-samedi-12-avril\/\" \/>\n<meta property=\"og:site_name\" content=\"Gabon Nouvelle Vision\" \/>\n<meta property=\"article:publisher\" content=\"https:\/\/www.facebook.com\/GNVofficiel\" \/>\n<meta property=\"article:published_time\" content=\"2025-04-11T11:05:43+00:00\" \/>\n<meta property=\"article:modified_time\" content=\"2025-04-11T11:05:44+00:00\" \/>\n<meta property=\"og:image\" content=\"https:\/\/gabonnouvellevision.com\/gnv\/wp-content\/uploads\/2025\/04\/17161294578568684084.jpeg\" \/>\n\t<meta property=\"og:image:width\" content=\"500\" \/>\n\t<meta property=\"og:image:height\" content=\"261\" \/>\n\t<meta property=\"og:image:type\" content=\"image\/jpeg\" \/>\n<meta name=\"author\" content=\"Eyeng Obame\" \/>\n<meta name=\"twitter:card\" content=\"summary_large_image\" \/>\n<meta name=\"twitter:label1\" content=\"\u00c9crit par\" \/>\n\t<meta name=\"twitter:data1\" content=\"Eyeng Obame\" \/>\n\t<meta name=\"twitter:label2\" content=\"Dur\u00e9e de lecture estim\u00e9e\" \/>\n\t<meta name=\"twitter:data2\" content=\"1 minute\" \/>\n<script type=\"application\/ld+json\" class=\"yoast-schema-graph\">{\"@context\":\"https:\/\/schema.org\",\"@graph\":[{\"@type\":\"Article\",\"@id\":\"https:\/\/gabonnouvellevision.com\/gnv\/2025\/04\/11\/presidentielle-2025-les-gabonais-appeles-aux-urnes-ce-samedi-12-avril\/#article\",\"isPartOf\":{\"@id\":\"https:\/\/gabonnouvellevision.com\/gnv\/2025\/04\/11\/presidentielle-2025-les-gabonais-appeles-aux-urnes-ce-samedi-12-avril\/\"},\"author\":{\"name\":\"Eyeng Obame\",\"@id\":\"https:\/\/gabonnouvellevision.com\/gnv\/#\/schema\/person\/4b48e07d222f83c0285affc3704bc899\"},\"headline\":\"Pr\u00e9sidentielle 2025: les Gabonais appel\u00e9s aux urnes ce samedi 12 avril\",\"datePublished\":\"2025-04-11T11:05:43+00:00\",\"dateModified\":\"2025-04-11T11:05:44+00:00\",\"mainEntityOfPage\":{\"@id\":\"https:\/\/gabonnouvellevision.com\/gnv\/2025\/04\/11\/presidentielle-2025-les-gabonais-appeles-aux-urnes-ce-samedi-12-avril\/\"},\"wordCount\":130,\"commentCount\":0,\"publisher\":{\"@id\":\"https:\/\/gabonnouvellevision.com\/gnv\/#organization\"},\"image\":{\"@id\":\"https:\/\/gabonnouvellevision.com\/gnv\/2025\/04\/11\/presidentielle-2025-les-gabonais-appeles-aux-urnes-ce-samedi-12-avril\/#primaryimage\"},\"thumbnailUrl\":\"https:\/\/gabonnouvellevision.com\/gnv\/wp-content\/uploads\/2025\/04\/17161294578568684084.jpeg\",\"articleSection\":[\"A la une\",\"Actualites\",\"Politique\",\"Politique\"],\"inLanguage\":\"fr-FR\",\"potentialAction\":[{\"@type\":\"CommentAction\",\"name\":\"Comment\",\"target\":[\"https:\/\/gabonnouvellevision.com\/gnv\/2025\/04\/11\/presidentielle-2025-les-gabonais-appeles-aux-urnes-ce-samedi-12-avril\/#respond\"]}]},{\"@type\":\"WebPage\",\"@id\":\"https:\/\/gabonnouvellevision.com\/gnv\/2025\/04\/11\/presidentielle-2025-les-gabonais-appeles-aux-urnes-ce-samedi-12-avril\/\",\"url\":\"https:\/\/gabonnouvellevision.com\/gnv\/2025\/04\/11\/presidentielle-2025-les-gabonais-appeles-aux-urnes-ce-samedi-12-avril\/\",\"name\":\"Pr\u00e9sidentielle 2025: les Gabonais appel\u00e9s aux urnes ce samedi 12 avril - Gabon Nouvelle Vision\",\"isPartOf\":{\"@id\":\"https:\/\/gabonnouvellevision.com\/gnv\/#website\"},\"primaryImageOfPage\":{\"@id\":\"https:\/\/gabonnouvellevision.com\/gnv\/2025\/04\/11\/presidentielle-2025-les-gabonais-appeles-aux-urnes-ce-samedi-12-avril\/#primaryimage\"},\"image\":{\"@id\":\"https:\/\/gabonnouvellevision.com\/gnv\/2025\/04\/11\/presidentielle-2025-les-gabonais-appeles-aux-urnes-ce-samedi-12-avril\/#primaryimage\"},\"thumbnailUrl\":\"https:\/\/gabonnouvellevision.com\/gnv\/wp-content\/uploads\/2025\/04\/17161294578568684084.jpeg\",\"datePublished\":\"2025-04-11T11:05:43+00:00\",\"dateModified\":\"2025-04-11T11:05:44+00:00\",\"breadcrumb\":{\"@id\":\"https:\/\/gabonnouvellevision.com\/gnv\/2025\/04\/11\/presidentielle-2025-les-gabonais-appeles-aux-urnes-ce-samedi-12-avril\/#breadcrumb\"},\"inLanguage\":\"fr-FR\",\"potentialAction\":[{\"@type\":\"ReadAction\",\"target\":[\"https:\/\/gabonnouvellevision.com\/gnv\/2025\/04\/11\/presidentielle-2025-les-gabonais-appeles-aux-urnes-ce-samedi-12-avril\/\"]}]},{\"@type\":\"ImageObject\",\"inLanguage\":\"fr-FR\",\"@id\":\"https:\/\/gabonnouvellevision.com\/gnv\/2025\/04\/11\/presidentielle-2025-les-gabonais-appeles-aux-urnes-ce-samedi-12-avril\/#primaryimage\",\"url\":\"https:\/\/gabonnouvellevision.com\/gnv\/wp-content\/uploads\/2025\/04\/17161294578568684084.jpeg\",\"contentUrl\":\"https:\/\/gabonnouvellevision.com\/gnv\/wp-content\/uploads\/2025\/04\/17161294578568684084.jpeg\",\"width\":500,\"height\":261},{\"@type\":\"BreadcrumbList\",\"@id\":\"https:\/\/gabonnouvellevision.com\/gnv\/2025\/04\/11\/presidentielle-2025-les-gabonais-appeles-aux-urnes-ce-samedi-12-avril\/#breadcrumb\",\"itemListElement\":[{\"@type\":\"ListItem\",\"position\":1,\"name\":\"Accueil\",\"item\":\"https:\/\/gabonnouvellevision.com\/gnv\/\"},{\"@type\":\"ListItem\",\"position\":2,\"name\":\"Pr\u00e9sidentielle 2025: les Gabonais appel\u00e9s aux urnes ce samedi 12 avril\"}]},{\"@type\":\"WebSite\",\"@id\":\"https:\/\/gabonnouvellevision.com\/gnv\/#website\",\"url\":\"https:\/\/gabonnouvellevision.com\/gnv\/\",\"name\":\"Gabon Nouvelle Vision\",\"description\":\"\",\"publisher\":{\"@id\":\"https:\/\/gabonnouvellevision.com\/gnv\/#organization\"},\"potentialAction\":[{\"@type\":\"SearchAction\",\"target\":{\"@type\":\"EntryPoint\",\"urlTemplate\":\"https:\/\/gabonnouvellevision.com\/gnv\/?s={search_term_string}\"},\"query-input\":{\"@type\":\"PropertyValueSpecification\",\"valueRequired\":true,\"valueName\":\"search_term_string\"}}],\"inLanguage\":\"fr-FR\"},{\"@type\":\"Organization\",\"@id\":\"https:\/\/gabonnouvellevision.com\/gnv\/#organization\",\"name\":\"Gabon Nouvelle Vision\",\"url\":\"https:\/\/gabonnouvellevision.com\/gnv\/\",\"logo\":{\"@type\":\"ImageObject\",\"inLanguage\":\"fr-FR\",\"@id\":\"https:\/\/gabonnouvellevision.com\/gnv\/#\/schema\/logo\/image\/\",\"url\":\"https:\/\/gabonnouvellevision.com\/gnv\/wp-content\/uploads\/2025\/01\/logo-text_Plan-de-travail-1.png\",\"contentUrl\":\"https:\/\/gabonnouvellevision.com\/gnv\/wp-content\/uploads\/2025\/01\/logo-text_Plan-de-travail-1.png\",\"width\":7169,\"height\":2390,\"caption\":\"Gabon Nouvelle Vision\"},\"image\":{\"@id\":\"https:\/\/gabonnouvellevision.com\/gnv\/#\/schema\/logo\/image\/\"},\"sameAs\":[\"https:\/\/www.facebook.com\/GNVofficiel\"]},{\"@type\":\"Person\",\"@id\":\"https:\/\/gabonnouvellevision.com\/gnv\/#\/schema\/person\/4b48e07d222f83c0285affc3704bc899\",\"name\":\"Eyeng Obame\",\"image\":{\"@type\":\"ImageObject\",\"inLanguage\":\"fr-FR\",\"@id\":\"https:\/\/gabonnouvellevision.com\/gnv\/#\/schema\/person\/image\/\",\"url\":\"https:\/\/secure.gravatar.com\/avatar\/167bc03b8baf3c77318a47159f80871de6f5a6cbf4bc8b6af750fbc1a369d7bf?s=96&d=mm&r=g\",\"contentUrl\":\"https:\/\/secure.gravatar.com\/avatar\/167bc03b8baf3c77318a47159f80871de6f5a6cbf4bc8b6af750fbc1a369d7bf?s=96&d=mm&r=g\",\"caption\":\"Eyeng Obame\"},\"url\":\"https:\/\/gabonnouvellevision.com\/gnv\/author\/rufin\/\"}]}<\/script>\n<!-- \/ Yoast SEO plugin. -->","yoast_head_json":{"title":"Pr\u00e9sidentielle 2025: les Gabonais appel\u00e9s aux urnes ce samedi 12 avril - Gabon Nouvelle Vision","robots":{"index":"index","follow":"follow","max-snippet":"max-snippet:-1","max-image-preview":"max-image-preview:large","max-video-preview":"max-video-preview:-1"},"canonical":"https:\/\/gabonnouvellevision.com\/gnv\/2025\/04\/11\/presidentielle-2025-les-gabonais-appeles-aux-urnes-ce-samedi-12-avril\/","og_locale":"fr_FR","og_type":"article","og_title":"Pr\u00e9sidentielle 2025: les Gabonais appel\u00e9s aux urnes ce samedi 12 avril - Gabon Nouvelle Vision","og_description":"Les Gabonais en \u00e2ge de voter se rendent aux urnes ce samedi 12 avril 2025 pour \u00e9lire leur Pr\u00e9sident de la R\u00e9publique parmi les huit candidats en lice. plus de 850000 \u00e9lecteurs Gabonais se rendent aux urnes ce samedi 12 avril 2025 \u00e0 partir de 7h30 dans les diff\u00e9rents bureaux retenus pour la circonstance sur [&hellip;]","og_url":"https:\/\/gabonnouvellevision.com\/gnv\/2025\/04\/11\/presidentielle-2025-les-gabonais-appeles-aux-urnes-ce-samedi-12-avril\/","og_site_name":"Gabon Nouvelle Vision","article_publisher":"https:\/\/www.facebook.com\/GNVofficiel","article_published_time":"2025-04-11T11:05:43+00:00","article_modified_time":"2025-04-11T11:05:44+00:00","og_image":[{"width":500,"height":261,"url":"https:\/\/gabonnouvellevision.com\/gnv\/wp-content\/uploads\/2025\/04\/17161294578568684084.jpeg","type":"image\/jpeg"}],"author":"Eyeng Obame","twitter_card":"summary_large_image","twitter_misc":{"\u00c9crit par":"Eyeng Obame","Dur\u00e9e de lecture estim\u00e9e":"1 minute"},"schema":{"@context":"https:\/\/schema.org","@graph":[{"@type":"Article","@id":"https:\/\/gabonnouvellevision.com\/gnv\/2025\/04\/11\/presidentielle-2025-les-gabonais-appeles-aux-urnes-ce-samedi-12-avril\/#article","isPartOf":{"@id":"https:\/\/gabonnouvellevision.com\/gnv\/2025\/04\/11\/presidentielle-2025-les-gabonais-appeles-aux-urnes-ce-samedi-12-avril\/"},"author":{"name":"Eyeng Obame","@id":"https:\/\/gabonnouvellevision.com\/gnv\/#\/schema\/person\/4b48e07d222f83c0285affc3704bc899"},"headline":"Pr\u00e9sidentielle 2025: les Gabonais appel\u00e9s aux urnes ce samedi 12 avril","datePublished":"2025-04-11T11:05:43+00:00","dateModified":"2025-04-11T11:05:44+00:00","mainEntityOfPage":{"@id":"https:\/\/gabonnouvellevision.com\/gnv\/2025\/04\/11\/presidentielle-2025-les-gabonais-appeles-aux-urnes-ce-samedi-12-avril\/"},"wordCount":130,"commentCount":0,"publisher":{"@id":"https:\/\/gabonnouvellevision.com\/gnv\/#organization"},"image":{"@id":"https:\/\/gabonnouvellevision.com\/gnv\/2025\/04\/11\/presidentielle-2025-les-gabonais-appeles-aux-urnes-ce-samedi-12-avril\/#primaryimage"},"thumbnailUrl":"https:\/\/gabonnouvellevision.com\/gnv\/wp-content\/uploads\/2025\/04\/17161294578568684084.jpeg","articleSection":["A la une","Actualites","Politique","Politique"],"inLanguage":"fr-FR","potentialAction":[{"@type":"CommentAction","name":"Comment","target":["https:\/\/gabonnouvellevision.com\/gnv\/2025\/04\/11\/presidentielle-2025-les-gabonais-appeles-aux-urnes-ce-samedi-12-avril\/#respond"]}]},{"@type":"WebPage","@id":"https:\/\/gabonnouvellevision.com\/gnv\/2025\/04\/11\/presidentielle-2025-les-gabonais-appeles-aux-urnes-ce-samedi-12-avril\/","url":"https:\/\/gabonnouvellevision.com\/gnv\/2025\/04\/11\/presidentielle-2025-les-gabonais-appeles-aux-urnes-ce-samedi-12-avril\/","name":"Pr\u00e9sidentielle 2025: les Gabonais appel\u00e9s aux urnes ce samedi 12 avril - Gabon Nouvelle Vision","isPartOf":{"@id":"https:\/\/gabonnouvellevision.com\/gnv\/#website"},"primaryImageOfPage":{"@id":"https:\/\/gabonnouvellevision.com\/gnv\/2025\/04\/11\/presidentielle-2025-les-gabonais-appeles-aux-urnes-ce-samedi-12-avril\/#primaryimage"},"image":{"@id":"https:\/\/gabonnouvellevision.com\/gnv\/2025\/04\/11\/presidentielle-2025-les-gabonais-appeles-aux-urnes-ce-samedi-12-avril\/#primaryimage"},"thumbnailUrl":"https:\/\/gabonnouvellevision.com\/gnv\/wp-content\/uploads\/2025\/04\/17161294578568684084.jpeg","datePublished":"2025-04-11T11:05:43+00:00","dateModified":"2025-04-11T11:05:44+00:00","breadcrumb":{"@id":"https:\/\/gabonnouvellevision.com\/gnv\/2025\/04\/11\/presidentielle-2025-les-gabonais-appeles-aux-urnes-ce-samedi-12-avril\/#breadcrumb"},"inLanguage":"fr-FR","potentialAction":[{"@type":"ReadAction","target":["https:\/\/gabonnouvellevision.com\/gnv\/2025\/04\/11\/presidentielle-2025-les-gabonais-appeles-aux-urnes-ce-samedi-12-avril\/"]}]},{"@type":"ImageObject","inLanguage":"fr-FR","@id":"https:\/\/gabonnouvellevision.com\/gnv\/2025\/04\/11\/presidentielle-2025-les-gabonais-appeles-aux-urnes-ce-samedi-12-avril\/#primaryimage","url":"https:\/\/gabonnouvellevision.com\/gnv\/wp-content\/uploads\/2025\/04\/17161294578568684084.jpeg","contentUrl":"https:\/\/gabonnouvellevision.com\/gnv\/wp-content\/uploads\/2025\/04\/17161294578568684084.jpeg","width":500,"height":261},{"@type":"BreadcrumbList","@id":"https:\/\/gabonnouvellevision.com\/gnv\/2025\/04\/11\/presidentielle-2025-les-gabonais-appeles-aux-urnes-ce-samedi-12-avril\/#breadcrumb","itemListElement":[{"@type":"ListItem","position":1,"name":"Accueil","item":"https:\/\/gabonnouvellevision.com\/gnv\/"},{"@type":"ListItem","position":2,"name":"Pr\u00e9sidentielle 2025: les Gabonais appel\u00e9s aux urnes ce samedi 12 avril"}]},{"@type":"WebSite","@id":"https:\/\/gabonnouvellevision.com\/gnv\/#website","url":"https:\/\/gabonnouvellevision.com\/gnv\/","name":"Gabon Nouvelle Vision","description":"","publisher":{"@id":"https:\/\/gabonnouvellevision.com\/gnv\/#organization"},"potentialAction":[{"@type":"SearchAction","target":{"@type":"EntryPoint","urlTemplate":"https:\/\/gabonnouvellevision.com\/gnv\/?s={search_term_string}"},"query-input":{"@type":"PropertyValueSpecification","valueRequired":true,"valueName":"search_term_string"}}],"inLanguage":"fr-FR"},{"@type":"Organization","@id":"https:\/\/gabonnouvellevision.com\/gnv\/#organization","name":"Gabon Nouvelle Vision","url":"https:\/\/gabonnouvellevision.com\/gnv\/","logo":{"@type":"ImageObject","inLanguage":"fr-FR","@id":"https:\/\/gabonnouvellevision.com\/gnv\/#\/schema\/logo\/image\/","url":"https:\/\/gabonnouvellevision.com\/gnv\/wp-content\/uploads\/2025\/01\/logo-text_Plan-de-travail-1.png","contentUrl":"https:\/\/gabonnouvellevision.com\/gnv\/wp-content\/uploads\/2025\/01\/logo-text_Plan-de-travail-1.png","width":7169,"height":2390,"caption":"Gabon Nouvelle Vision"},"image":{"@id":"https:\/\/gabonnouvellevision.com\/gnv\/#\/schema\/logo\/image\/"},"sameAs":["https:\/\/www.facebook.com\/GNVofficiel"]},{"@type":"Person","@id":"https:\/\/gabonnouvellevision.com\/gnv\/#\/schema\/person\/4b48e07d222f83c0285affc3704bc899","name":"Eyeng Obame","image":{"@type":"ImageObject","inLanguage":"fr-FR","@id":"https:\/\/gabonnouvellevision.com\/gnv\/#\/schema\/person\/image\/","url":"https:\/\/secure.gravatar.com\/avatar\/167bc03b8baf3c77318a47159f80871de6f5a6cbf4bc8b6af750fbc1a369d7bf?s=96&d=mm&r=g","contentUrl":"https:\/\/secure.gravatar.com\/avatar\/167bc03b8baf3c77318a47159f80871de6f5a6cbf4bc8b6af750fbc1a369d7bf?s=96&d=mm&r=g","caption":"Eyeng Obame"},"url":"https:\/\/gabonnouvellevision.com\/gnv\/author\/rufin\/"}]}},"_links":{"self":[{"href":"https:\/\/gabonnouvellevision.com\/gnv\/wp-json\/wp\/v2\/posts\/23872","targetHints":{"allow":["GET"]}}],"collection":[{"href":"https:\/\/gabonnouvellevision.com\/gnv\/wp-json\/wp\/v2\/posts"}],"about":[{"href":"https:\/\/gabonnouvellevision.com\/gnv\/wp-json\/wp\/v2\/types\/post"}],"author":[{"embeddable":true,"href":"https:\/\/gabonnouvellevision.com\/gnv\/wp-json\/wp\/v2\/users\/7"}],"replies":[{"embeddable":true,"href":"https:\/\/gabonnouvellevision.com\/gnv\/wp-json\/wp\/v2\/comments?post=23872"}],"version-history":[{"count":1,"href":"https:\/\/gabonnouvellevision.com\/gnv\/wp-json\/wp\/v2\/posts\/23872\/revisions"}],"predecessor-version":[{"id":23874,"href":"https:\/\/gabonnouvellevision.com\/gnv\/wp-json\/wp\/v2\/posts\/23872\/revisions\/23874"}],"wp:featuredmedia":[{"embeddable":true,"href":"https:\/\/gabonnouvellevision.com\/gnv\/wp-json\/wp\/v2\/media\/23873"}],"wp:attachment":[{"href":"https:\/\/gabonnouvellevision.com\/gnv\/wp-json\/wp\/v2\/media?parent=23872"}],"wp:term":[{"taxonomy":"category","embeddable":true,"href":"https:\/\/gabonnouvellevision.com\/gnv\/wp-json\/wp\/v2\/categories?post=23872"},{"taxonomy":"post_tag","embeddable":true,"href":"https:\/\/gabonnouvellevision.com\/gnv\/wp-json\/wp\/v2\/tags?post=23872"}],"curies":[{"name":"wp","href":"https:\/\/api.w.org\/{rel}","templated":true}]}}