{"id":23822,"date":"2025-03-28T10:03:40","date_gmt":"2025-03-28T09:03:40","guid":{"rendered":"https:\/\/gabonnouvellevision.com\/gnv\/?p=23822"},"modified":"2025-03-28T10:03:42","modified_gmt":"2025-03-28T09:03:42","slug":"communique-final-du-conseil-des-ministres-du-jeudi-27-mars-2025","status":"publish","type":"post","link":"https:\/\/gabonnouvellevision.com\/gnv\/2025\/03\/28\/communique-final-du-conseil-des-ministres-du-jeudi-27-mars-2025\/","title":{"rendered":"Communiqu\u00e9 final du Conseil des Ministres du jeudi 27 mars 2025"},"content":{"rendered":"\n<p><strong>Sous la Tr\u00e8s Haute Pr\u00e9sidence de Son Excellence&nbsp; Brice Clotaire OLIGUI NGUEMA, Pr\u00e9sident de&nbsp; la Transition, Pr\u00e9sident de la R\u00e9publique, Chef&nbsp; de l\u2019\u00c9tat, le Conseil des Ministres s\u2019est r\u00e9uni ce&nbsp; jeudi 27 mars 2025 \u00e0 10 heures pr\u00e9cises au Palais&nbsp; de la Pr\u00e9sidence de la R\u00e9publique.&nbsp;<\/strong><\/p>\n\n\n\n<p>En ouverture de ses travaux, le Conseil a salu\u00e9&nbsp; avec une grande satisfaction l\u2019impulsion&nbsp; r\u00e9solument \u00e9conomique donn\u00e9e \u00e0 l\u2019actualit\u00e9&nbsp; nationale ces derniers jours par le Chef de&nbsp; l\u2019\u00c9tat, dans un contexte de fin de Transition&nbsp; marqu\u00e9 par une exigence de r\u00e9sultats concrets et de souverainet\u00e9 renforc\u00e9e.&nbsp;<\/p>\n\n\n\n<p>\u00c0 cet \u00e9gard, le Conseil s\u2019est particuli\u00e8rement&nbsp; f\u00e9licit\u00e9 pour la signature, ce m\u00eame jour au Palais de&nbsp; la Pr\u00e9sidence de la R\u00e9publique, des conventions&nbsp; officialisant&nbsp;<strong>l\u2019acquisition par Gabon Oil&nbsp; Company (GOC) des actifs des soci\u00e9t\u00e9s Tullow&nbsp; Oil et SMP Afrique.&nbsp;<\/strong>Pr\u00e9sid\u00e9e par le Chef de l\u2019\u00c9tat&nbsp; en personne, cette c\u00e9r\u00e9monie consacre une avanc\u00e9e&nbsp; strat\u00e9gique majeure dans la reconqu\u00eate de notre souverainet\u00e9 \u00e9nerg\u00e9tique<\/p>\n\n\n\n<p>.&nbsp;<\/p>\n\n\n\n<p>En effet, cette op\u00e9ration s\u2019inscrit pleinement dans&nbsp; la vision port\u00e9e par les Autorit\u00e9s de la Transition :&nbsp;celle<strong> d\u2019un Gabon ma\u00eetre de ses ressources,&nbsp; affirmant son autonomie dans les secteurs&nbsp;strat\u00e9giques.&nbsp;<\/strong>Le rachat des actifs de SMP Afrique,&nbsp; sp\u00e9cialis\u00e9e dans le forage et le reconditionnement&nbsp; p\u00e9trolier, permettra \u00e0 la GOC d\u2019\u00e9largir&nbsp; significativement ses capacit\u00e9s op\u00e9rationnelles et&nbsp; techniques, tout en r\u00e9duisant les co\u00fbts&nbsp; d\u2019exploitation. \u00c0 travers cette double acquisition,&nbsp; l\u2019\u00c9tat ouvre de&nbsp;<strong>nouvelles perspectives de&nbsp; d\u00e9veloppement pour l\u2019\u00e9conomie nationale et&nbsp; affirme son ambition de b\u00e2tir un secteur&nbsp; p\u00e9trolier plus performant, plus rentable et plus&nbsp; gabonais.&nbsp;<\/strong><\/p>\n\n\n\n<p>Cette dynamique de reconqu\u00eate \u00e9conomique s\u2019est&nbsp; \u00e9galement traduite par l\u2019organisation r\u00e9cente du&nbsp; Symposium sur les investissements, tenu \u00e0&nbsp; Libreville, en pr\u00e9sence des principaux acteurs&nbsp; \u00e9conomiques nationaux et des partenaires&nbsp; financiers internationaux. V\u00e9ritable vitrine du&nbsp; potentiel gabonais et du volontarisme des autorit\u00e9s,&nbsp; cette rencontre a permis au Chef de l\u2019\u00c9tat de&nbsp; dresser un point d\u2019\u00e9tape rigoureux sur&nbsp; l\u2019utilisation des concours financiers obtenus,&nbsp; tout en exposant les priorit\u00e9s du pays en mati\u00e8re&nbsp; de transformation structurelle.&nbsp;<\/p>\n\n\n\n<p>Dans le prolongement de cet \u00e9v\u00e9nement, le&nbsp; Pr\u00e9sident de la Transition a multipli\u00e9 les visites de&nbsp; terrain sur les chantiers d\u2019envergure en cours,&nbsp; notamment ceux de la Cit\u00e9 de la D\u00e9mocratie, du&nbsp;projet \u00c9meraude et de la Baie des Rois. Ces&nbsp; d\u00e9placements, effectu\u00e9s en pr\u00e9sence des&nbsp; partenaires bancaires, traduisent une gouvernance&nbsp; fond\u00e9e sur l\u2019efficacit\u00e9, la transparence et la&nbsp; culture du r\u00e9sultat.&nbsp;<\/p>\n\n\n\n<p>Recevant les repr\u00e9sentants de la F\u00e9d\u00e9ration des&nbsp; Entreprises du Gabon (FEG), le Chef de l\u2019\u00c9tat a&nbsp; insist\u00e9 sur la&nbsp;<strong>n\u00e9cessit\u00e9 d\u2019un engagement collectif&nbsp; pour la refondation d\u2019un climat des affaires&nbsp; comp\u00e9titif et durable<\/strong>. \u00c0 cet effet, il a rappel\u00e9 les&nbsp; axes majeurs de la strat\u00e9gie \u00e9conomique nationale :&nbsp;<\/p>\n\n\n\n<p>\u2013 La consolidation de la stabilit\u00e9&nbsp; macro\u00e9conomique pour renforcer la confiance&nbsp; des investisseurs ;&nbsp;<\/p>\n\n\n\n<p>\u2013 Une gestion budg\u00e9taire rigoureuse afin de&nbsp; pr\u00e9server l\u2019\u00e9quilibre des finances publiques ; \u2013 L\u2019all\u00e8gement des barri\u00e8res commerciales pour&nbsp; stimuler la croissance et la comp\u00e9titivit\u00e9 ; \u2013 La simplification des proc\u00e9dures&nbsp; administratives et r\u00e9glementaires au b\u00e9n\u00e9fice&nbsp; des entreprises ;&nbsp;<\/p>\n\n\n\n<p>\u2013 L\u2019investissement dans la formation et le capital&nbsp; humain, moteur de productivit\u00e9 ;&nbsp;<\/p>\n\n\n\n<p>\u2013 Le renforcement de la s\u00e9curit\u00e9 juridique et&nbsp; judiciaire des affaires ;&nbsp;<\/p>\n\n\n\n<p>\u2013 La mise en place d\u2019une fiscalit\u00e9 stable et&nbsp; incitative, au service du d\u00e9veloppement ;<\/p>\n\n\n\n<p>Pr\u00e9sidence de la R\u00e9publique Communiqu\u00e9 final SCM Page 3 sur 27&nbsp;<\/p>\n\n\n\n<p>\u2013 La digitalisation compl\u00e8te de l\u2019administration&nbsp; pour fluidifier l\u2019action publique ;&nbsp;<\/p>\n\n\n\n<p>\u2013 L\u2019activation du secteur bancaire et financier&nbsp; national dans le financement de l\u2019\u00e9conomie ; \u2013 Et enfin, une gestion optimale de la dette&nbsp; publique, garante de la soutenabilit\u00e9 des&nbsp; r\u00e9formes.&nbsp;<\/p>\n\n\n\n<p>\u00c0 travers cette feuille de route claire et ambitieuse,&nbsp; le Conseil a r\u00e9affirm\u00e9 la volont\u00e9 du Pr\u00e9sident de la&nbsp; R\u00e9publique de faire de l\u2019\u00e9conomie r\u00e9elle un levier&nbsp; central de la transformation du pays, au service de&nbsp; l\u2019int\u00e9r\u00eat g\u00e9n\u00e9ral.&nbsp;<\/p>\n\n\n\n<p>Le Conseil s\u2019est r\u00e9joui de cette vision audacieuse&nbsp; et pragmatique qui pr\u00e9pare le Gabon \u00e0 franchir,&nbsp; avec confiance et s\u00e9r\u00e9nit\u00e9, une nouvelle \u00e9tape vers&nbsp; la stabilit\u00e9, la prosp\u00e9rit\u00e9 et la modernit\u00e9.&nbsp;<\/p>\n\n\n\n<p>Enfin, \u00e0 la faveur de ce dernier Conseil des&nbsp; Ministres avant l\u2019\u00e9ch\u00e9ance pr\u00e9sidentielle dont la&nbsp; campagne s\u2019ouvre ce samedi 29 mars 2025,&nbsp;<strong>le&nbsp; Pr\u00e9sident de la Transition a tenu \u00e0 exprimer sa&nbsp; reconnaissance pour l\u2019esprit de collaboration,&nbsp; de loyaut\u00e9 et d\u2019engagement r\u00e9publicain ayant&nbsp; anim\u00e9 l\u2019ensemble des membres du&nbsp; Gouvernement tout au long de cette phase&nbsp; exceptionnelle de notre histoire nationale.<\/strong><\/p>\n\n\n\n<p><strong>PROJETS DE TEXTES LEGISLATIFS&nbsp;&nbsp;ET REGLEMENTAIRES&nbsp;<\/strong><\/p>\n\n\n\n<p>Le Conseil des Ministres a d\u00e9lib\u00e9r\u00e9 sur les affaires&nbsp; suivantes :&nbsp;<\/p>\n\n\n\n<p><strong>MINISTERE DE L\u2019EDUCATION NATIONALE ET&nbsp; DE L\u2019INSTRUCTION CIVIQUE<\/strong><\/p>\n\n\n\n<p>\u2022&nbsp;<strong><em>Projet de d\u00e9cret portant d\u00e9nomination de&nbsp; certains \u00e9tablissements scolaires.&nbsp;<\/em><\/strong><\/p>\n\n\n\n<p>Pris conform\u00e9ment aux dispositions des articles&nbsp; 28, 37, 40 et 51 de la loi n\u00b0 21\/2011 du 14 f\u00e9vrier&nbsp; 2012 portant orientation g\u00e9n\u00e9rale de l\u2019Education,&nbsp; de la Formation et de la Recherche, le pr\u00e9sent&nbsp; projet de d\u00e9cret vise \u00e0 attribuer aux&nbsp; \u00e9tablissements qui seront d\u00e9sign\u00e9s le nom d\u2019un&nbsp; enseignant, d\u2019une personnalit\u00e9 du secteur&nbsp; Educatif, d\u2019une personnalit\u00e9 politique, \u00e9crivain et&nbsp; notable ayant marqu\u00e9 la vie de notre pays.&nbsp;<\/p>\n\n\n\n<p>\u2022&nbsp;<strong><em>Projet de d\u00e9cret instituant le travail manuel&nbsp; en milieu scolaire au Gabon.<\/em><\/strong><\/p>\n\n\n\n<p>Le pr\u00e9sent projet de d\u00e9cret, pris en application des&nbsp; dispositions de l\u2019article 5 de la loi n\u00b0 21\/2011 du&nbsp; 14 f\u00e9vrier 2012 portant orientation g\u00e9n\u00e9rale de&nbsp; l\u2019Education, de la Formation et de la Recherche a&nbsp; pour objectif principal de r\u00e9tablir la pratique du&nbsp; travail manuel en milieu scolaire en vue de&nbsp; concourir \u00e0 l\u2019assainissement de l\u2019environnement&nbsp; scolaire et l\u2019appropriation des valeurs citoyennes.&nbsp;<\/p>\n\n\n\n<p><strong>MINISTERE DE LA REFORME ET DES&nbsp; RELATIONS AVEC LES INSTITUTIONS<\/strong><\/p>\n\n\n\n<p>\u2022&nbsp;<strong><em>Projet de d\u00e9cret fixant le r\u00e9gime sp\u00e9cial des&nbsp; pensions et autres avantages des anciens&nbsp; Vice-pr\u00e9sidents de la R\u00e9publique, anciens&nbsp; Pr\u00e9sidents de Chambre du Parlement.&nbsp;<\/em><\/strong><\/p>\n\n\n\n<p>Pris en application de l\u2019article 8 de la loi&nbsp; n\u00b0022\/2018 du 8 f\u00e9vrier 2019 portant Code de&nbsp; protection sociale, ce projet de d\u00e9cret a pour objet&nbsp; de d\u00e9terminer les conditions d\u2019affiliation, de&nbsp; cotisation, de liquidation et de jouissance des&nbsp; pensions de retraite, ainsi que les avantages&nbsp; particuliers li\u00e9s \u00e0 l\u2019exercice de ces hautes fonctions&nbsp; de l\u2019\u00c9tat.&nbsp;<\/p>\n\n\n\n<p>Le texte consacre l\u2019immatriculation obligatoire&nbsp; aupr\u00e8s de l\u2019organisme de gestion des pensions de&nbsp;toute personne ayant acc\u00e9d\u00e9e aux fonctions de&nbsp; Vice-Pr\u00e9sident de la R\u00e9publique, de Premier&nbsp; Ministre ou de Pr\u00e9sident de chambre du Parlement.&nbsp; Il pr\u00e9voit \u00e9galement une contribution de l\u2019\u00c9tat \u00e0&nbsp; hauteur de 15% de la solde forfaitaire des&nbsp; assujettis, compl\u00e9t\u00e9e par une cotisation&nbsp; individuelle de 8% pr\u00e9lev\u00e9e \u00e0 la source.&nbsp;<\/p>\n\n\n\n<p>Le droit \u00e0 pension est ouvert apr\u00e8s trois ann\u00e9es de&nbsp; services effectifs dans lesdites fonctions. La&nbsp; pension, \u00e9quivalente \u00e0 70% du dernier traitement&nbsp; fonctionnel, est vers\u00e9e mensuellement et devient&nbsp; imm\u00e9diatement exigible \u00e0 la cessation des&nbsp; fonctions, sous condition d\u2019\u00e2ge.&nbsp;<\/p>\n\n\n\n<p>Le d\u00e9cret organise par ailleurs un r\u00e9gime de&nbsp; pension de r\u00e9version au profit du conjoint&nbsp; survivant, \u00e9quivalente \u00e0 60% de la pension du&nbsp; titulaire. Il encadre les conditions d\u2019attribution et&nbsp; de r\u00e9partition de cette pension entre les conjoints&nbsp; l\u00e9gaux reconnus, dans un souci d\u2019\u00e9quit\u00e9 et de&nbsp; coh\u00e9rence avec les principes du droit social&nbsp; gabonais.&nbsp;<\/p>\n\n\n\n<p>En compl\u00e9ment de la pension de retraite, le projet&nbsp; de d\u00e9cret accorde aux anciens titulaires de ces&nbsp; fonctions des avantages particuliers li\u00e9s \u00e0 la dignit\u00e9&nbsp; de leur statut. Il s\u2019agit notamment d\u2019une allocation&nbsp; mensuelle d\u2019intendance, de la mise \u00e0 disposition&nbsp; p\u00e9riodique de v\u00e9hicules de service, de la prise en&nbsp;charge m\u00e9dicale dans les structures du service de&nbsp; sant\u00e9 militaire, ainsi que de moyens logistiques de&nbsp; s\u00e9curit\u00e9 et d\u2019appui \u00e0 la mobilit\u00e9. Le texte pr\u00e9voit&nbsp; \u00e9galement la prise en charge des frais fun\u00e9raires&nbsp; dans les limites fix\u00e9es par voie r\u00e9glementaire.&nbsp;<\/p>\n\n\n\n<p><strong>MINISTERE DE LA DEFENSE NATIONALE&nbsp;<\/strong><\/p>\n\n\n\n<p>\u2022&nbsp;<strong><em>Projet de d\u00e9cret instituant le mois d\u00e9di\u00e9 \u00e0 la&nbsp; lutte contre l\u2019insalubrit\u00e9 dans les&nbsp; administrations publiques et leurs abords.&nbsp;<\/em><\/strong>\u2022&nbsp;<\/p>\n\n\n\n<p>Le pr\u00e9sent projet de d\u00e9cret, pris en application des&nbsp; dispositions de l\u2019article 95 de la Constitution,&nbsp; institue le mois d\u00e9di\u00e9 \u00e0 la lutte contre l\u2019insalubrit\u00e9&nbsp; dans les administrations publiques et leurs abords.&nbsp;<\/p>\n\n\n\n<p>Le mois d\u00e9di\u00e9 \u00e0 la lutte contre l\u2019insalubrit\u00e9 dans&nbsp; les administrations publiques et leurs abords a pour&nbsp; objectif d\u2019assainir leur environnement imm\u00e9diat. Il concerne l\u2019ensemble du territoire national et est&nbsp; fix\u00e9 d\u2019un commun accord avec les administrations&nbsp; concern\u00e9es.&nbsp;<\/p>\n\n\n\n<p>Au cours de ce mois, les Forces de D\u00e9fense et de&nbsp; S\u00e9curit\u00e9 proc\u00e8deront, dans les administrations&nbsp; publiques et leurs abords :&nbsp;<\/p>\n\n\n\n<p>\u2013 au nettoyage ;&nbsp;<\/p>\n\n\n\n<p>\u2013 \u00e0 l\u2019enl\u00e8vement des \u00e9paves de v\u00e9hicules&nbsp;abandonn\u00e9s ;&nbsp;<\/p>\n\n\n\n<p>\u2013 \u00e0 la d\u00e9sinfection, \u00e0 la d\u00e9sinsectisation et \u00e0 la&nbsp; d\u00e9ratisation ;&nbsp;<\/p>\n\n\n\n<p>\u2013 au curage des caniveaux.&nbsp;<\/p>\n\n\n\n<p><strong>MINISTERE DE LA JUSTICE, GARDE DES&nbsp; SCEAUX&nbsp;<\/strong><\/p>\n\n\n\n<p>\u2022&nbsp;<strong><em>Projet de loi fixant le statut particulier des&nbsp; Greffiers.&nbsp;<\/em><\/strong><\/p>\n\n\n\n<p>Ce projet de texte s\u2019inscrit dans la volont\u00e9 des plus&nbsp; hautes autorit\u00e9s de la transition de moderniser les&nbsp; professions juridiques et judiciaires, en dotant les&nbsp; personnels des Greffes d\u2019un cadre statutaire&nbsp; actualis\u00e9, mieux adapt\u00e9 aux exigences&nbsp; contemporaines de l\u2019\u00c9tat de droit et \u00e0 l\u2019\u00e9volution&nbsp; des normes juridiques, notamment&nbsp; communautaires.&nbsp;<\/p>\n\n\n\n<p>Ce projet de loi vise \u00e0 valoriser durablement le&nbsp; capital humain du corps des Greffiers \u00e0 travers la&nbsp; mise en place d\u2019un plan de carri\u00e8re structur\u00e9, des&nbsp; conditions d\u2019acc\u00e8s rehauss\u00e9es et une clarification&nbsp; des droits et obligations professionnels.&nbsp;<\/p>\n\n\n\n<p>Parmi les principales innovations figurent : \u2212 Le rel\u00e8vement du niveau de recrutement au&nbsp; grade de Master en droit ou en sciences&nbsp;\u00e9conomiques ;&nbsp;<\/p>\n\n\n\n<p>\u2212 La distinction formelle entre fonctions&nbsp; juridictionnelles et fonctions administratives ; \u2212 La cr\u00e9ation de deux grades (normal et&nbsp;&nbsp;<\/p>\n\n\n\n<p>Sup\u00e9rieur) d\u00e9clin\u00e9s en classes et \u00e9chelons ; \u2212 L\u2019\u00e9largissement du texte \u00e0 92 articles, incluant&nbsp; d\u00e9sormais un dispositif disciplinaire clair et&nbsp; des obligations professionnelles renforc\u00e9es. Par cette r\u00e9forme ambitieuse, le Gouvernement&nbsp; entend renforcer l\u2019efficacit\u00e9 de l\u2019appareil&nbsp; judiciaire, garantir une meilleure reconnaissance&nbsp; du r\u00f4le des Greffiers dans le fonctionnement de la&nbsp; justice, et promouvoir une administration judiciaire&nbsp; plus moderne, rigoureuse et professionnelle.&nbsp;<\/p>\n\n\n\n<p><strong>MINISTERE DU COMMERCE ET DES&nbsp; PME\/PMI&nbsp;<\/strong><\/p>\n\n\n\n<p>\u2022&nbsp;<strong><em>Projet de d\u00e9cret fixant les mesures&nbsp; d\u2019accompagnement pour la cr\u00e9ation et le&nbsp; d\u00e9veloppement des Activit\u00e9s G\u00e9n\u00e9ratrices de&nbsp; Revenus en R\u00e9publique Gabonaise.&nbsp;<\/em><\/strong><\/p>\n\n\n\n<p>Le pr\u00e9sent projet de d\u00e9cret, pris en application des&nbsp; dispositions de l\u2019article 95 de la Constitution,&nbsp; s\u2019inscrit dans le cadre du renforcement de la&nbsp; politique gouvernementale de lutte contre la&nbsp;pauvret\u00e9 et le ch\u00f4mage tel que souhait\u00e9 par le&nbsp; Comit\u00e9 pour la Transition et la Restauration des&nbsp; Institutions (CTRI).&nbsp;<\/p>\n\n\n\n<p>Ainsi, ce projet de d\u00e9cret propose une d\u00e9finition&nbsp; pr\u00e9cise de l\u2019Activit\u00e9 G\u00e9n\u00e9ratrice de Revenus afin&nbsp; d\u2019\u00e9viter toute confusion avec les autres activit\u00e9s&nbsp; entrepreneuriales soutenues par le Gouvernement&nbsp; et de mieux structurer l\u2019accompagnement de l\u2019Etat&nbsp; par une s\u00e9rie d\u2019actions principales telles que :&nbsp;<\/p>\n\n\n\n<p>\u2013 l\u2019information et la sensibilisation ;&nbsp;<\/p>\n\n\n\n<p>\u2013 l\u2019aide \u00e0 la conception ;&nbsp;<\/p>\n\n\n\n<p>\u2013 l\u2019accompagnement \u00e0 la formalisation ; \u2013 la formation ;&nbsp;<\/p>\n\n\n\n<p>\u2013 le financement ou l\u2019aide \u00e0 l\u2019acc\u00e8s au&nbsp; financement ;&nbsp;<\/p>\n\n\n\n<p>\u2013 le suivi et l\u2019\u00e9valuation.&nbsp;<\/p>\n\n\n\n<p><strong>MINISTERE DE L\u2019ECONOMIE ET DES&nbsp; PARTICIPATIONS&nbsp;<\/strong><\/p>\n\n\n\n<p>\u2022&nbsp;<strong><em>Projet de loi portant cr\u00e9ation, attributions,&nbsp; organisation et fonctionnement de la Caisse&nbsp; de Stabilisation et de P\u00e9r\u00e9quation.&nbsp;<\/em><\/strong><\/p>\n\n\n\n<p>Pris conform\u00e9ment aux dispositions de la loi n\u00b0&nbsp; 20\/2005 du 3 janvier 2006 fixant les r\u00e8gles de&nbsp; cr\u00e9ation, d\u2019organisation et de gestion des services&nbsp;de l\u2019Etat, la Caisse de Stabilisation et de&nbsp; P\u00e9r\u00e9quation (CAISTAB) cr\u00e9\u00e9e par ce pr\u00e9sent&nbsp; projet de loi est un \u00e9tablissement public \u00e0 caract\u00e8re&nbsp; industriel et commercial, dot\u00e9 de la personnalit\u00e9&nbsp; juridique et jouissant de l\u2019autonomie&nbsp; administrative et financi\u00e8re.&nbsp;<\/p>\n\n\n\n<p>La CAISTAB assure l\u2019ex\u00e9cution de la politique du&nbsp; Gouvernement en mati\u00e8re de stabilisation et de&nbsp; p\u00e9r\u00e9quation des prix des hydrocarbures, du caf\u00e9,&nbsp; du cacao et de soutien aux prix des produits de&nbsp; consommation courante de premi\u00e8re n\u00e9cessit\u00e9.&nbsp;<\/p>\n\n\n\n<p>Pour son fonctionnement, la CAISTAB comprend : \u2013 un Conseil d\u2019Administration ;&nbsp;<\/p>\n\n\n\n<p>\u2013 une Direction G\u00e9n\u00e9rale ;&nbsp;<\/p>\n\n\n\n<p>\u2013 une Agence Comptable.&nbsp;<\/p>\n\n\n\n<p>Aussi, par l\u2019effet du pr\u00e9sent projet de loi, la&nbsp; CAISTAB transf\u00e8re-t-elle \u00e0 cet \u00e9tablissement&nbsp; public les personnels et le patrimoine de la&nbsp; Direction G\u00e9n\u00e9rale des Caisses de Stabilisation et&nbsp; de P\u00e9r\u00e9quation et abroge par le m\u00eame temps&nbsp; l\u2019ensemble des textes ant\u00e9rieures y relatifs dont&nbsp; celle-ci assure la gestion \u00e0 ce jour.&nbsp;<\/p>\n\n\n\n<p><strong>MINISTERE DE L\u2019INDUSTRIE<\/strong><\/p>\n\n\n\n<p>\u2022&nbsp;<strong><em>Projet de d\u00e9cret portant approbation des&nbsp; statuts de l\u2019Agence Gabonaise de&nbsp; Normalisation.&nbsp;<\/em><\/strong><\/p>\n\n\n\n<p>Le pr\u00e9sent projet de d\u00e9cret approuve et rend&nbsp; ex\u00e9cutoire les statuts de l\u2019Agence Gabonaise de&nbsp; Normalisation, en pr\u00e9cisant son cadre&nbsp; organisationnel et fonctionnel, en vue de garantir \u00e0&nbsp; cette agence un fonctionnement efficace et&nbsp; efficient.&nbsp;&nbsp;<\/p>\n\n\n\n<p><strong>MINISTERE DE LA JEUNESSE ET DES&nbsp; SPORTS<\/strong><\/p>\n\n\n\n<p>\u2022&nbsp;<strong><em>Projet de loi portant cr\u00e9ation, attributions et&nbsp; organisation de l\u2019Office National du&nbsp; D\u00e9veloppement du Sport.&nbsp;<\/em><\/strong><\/p>\n\n\n\n<p>Le pr\u00e9sent projet de loi pris en application des&nbsp; dispositions de l\u2019article 94 de la Constitution, porte&nbsp; cr\u00e9ation, attributions et organisation de l\u2019Office&nbsp; National du D\u00e9veloppement du Sport, en abr\u00e9g\u00e9&nbsp; ONDS.&nbsp;<\/p>\n\n\n\n<p>L\u2019ONDS est un \u00e9tablissement public \u00e0 caract\u00e8re&nbsp; industriel et commercial qui jouit de l\u2019autonomie&nbsp; de gestion administrative et financi\u00e8re avec pour&nbsp;mission de financer la promotion et le&nbsp; d\u00e9veloppement du sport.&nbsp;<\/p>\n\n\n\n<p>A cet effet, l\u2019Office comprend :&nbsp;<\/p>\n\n\n\n<p>\u2013 Le Conseil d\u2019Administration ;&nbsp;<\/p>\n\n\n\n<p>\u2013 La Direction G\u00e9n\u00e9rale ;&nbsp;<\/p>\n\n\n\n<p>\u2013 L\u2019Agence Comptable.&nbsp;<\/p>\n\n\n\n<p><strong>EN MATIERE DE POLITIQUE GENERALE&nbsp;MINISTERE DE LA SANTE&nbsp;<\/strong><\/p>\n\n\n\n<p><strong>Au terme de l\u2019expos\u00e9 du Ministre, le Conseil des&nbsp; Ministres a pris bonne note des communications&nbsp; suivantes :&nbsp;<\/strong><\/p>\n\n\n\n<p>\u2022 Le rapport de l\u2019atelier national sur&nbsp; l\u2019\u00e9limination des produits cosm\u00e9tiques&nbsp; \u00e9claircissants contenant du mercure, tenu du 20&nbsp; au 22 janvier 2025, qui s\u2019inscrit dans le cadre&nbsp; des engagements du Gabon en mati\u00e8re de sant\u00e9&nbsp; publique et de protection des consommateurs ;&nbsp;<\/p>\n\n\n\n<p>\u2022 La c\u00e9r\u00e9monie de cl\u00f4ture de la campagne&nbsp; nationale de sensibilisation contre l\u2019usage&nbsp; d\u00e9tourn\u00e9 des m\u00e9dicaments et la consommation&nbsp; de drogues en milieu scolaire et universitaire,&nbsp; marquant une \u00e9tape importante dans la lutte&nbsp; contre les fl\u00e9aux qui affectent la jeunesse ;&nbsp;<\/p>\n\n\n\n<p>\u2022 Le cofinancement de la campagne de&nbsp;distribution de masse de moustiquaires&nbsp; impr\u00e9gn\u00e9es, visant \u00e0 renforcer la pr\u00e9vention du&nbsp; paludisme et \u00e0 am\u00e9liorer la couverture&nbsp; sanitaire sur l\u2019ensemble du territoire national.&nbsp;<\/p>\n\n\n\n<p><strong>MINISTERE DE L\u2019ECONOMIE&nbsp; NUMERIQUE ET DES NOUVELLES&nbsp; TECHNOLOGIES DE L\u2019INFORMATION<\/strong><\/p>\n\n\n\n<p><strong>Au terme de la communication du Ministre, le&nbsp; Conseil des Ministres a marqu\u00e9 son&nbsp; approbation pour la r\u00e9alisation du projet de&nbsp; construction du c\u00e2ble sous-marin optique&nbsp; M\u00e9dusa Afrique.&nbsp;<\/strong><\/p>\n\n\n\n<p>Ce projet structurant s\u2019inscrit dans la strat\u00e9gie de&nbsp; modernisation des infrastructures num\u00e9riques du&nbsp; Gabon, avec un point d\u2019atterrissement pr\u00e9vu \u00e0&nbsp; Port-Gentil, port\u00e9 par la soci\u00e9t\u00e9 ACE Gabon, entit\u00e9&nbsp; nationale \u00e0 capitaux publics. En compl\u00e9ment, le&nbsp; projet pr\u00e9voit un d\u00e9senclavement num\u00e9rique de&nbsp; l\u2019int\u00e9rieur du pays, avec une extension vers&nbsp; l\u2019Ogoou\u00e9 jusqu\u2019\u00e0 Ndjol\u00e9, en vue d\u2019une&nbsp; interconnexion avec le&nbsp;<em>Backbone National&nbsp; Gabonais&nbsp;<\/em>(BNG).&nbsp;<\/p>\n\n\n\n<p>Le c\u00e2ble M\u00e9dusa Afrique b\u00e9n\u00e9ficiera du&nbsp; financement du&nbsp;<strong>M\u00e9canisme pour&nbsp; l\u2019Interconnexion en Europe (MIE)&nbsp;<\/strong>de l\u2019Union&nbsp;Europ\u00e9enne, ainsi que du&nbsp;<strong>paquet d\u2019investissement&nbsp; \u00ab Global Gateway \u00bb Afrique-Europe<\/strong>, en&nbsp; coh\u00e9rence avec les ambitions de connectivit\u00e9&nbsp; continentale et de d\u00e9veloppement num\u00e9rique&nbsp; durable.&nbsp;<\/p>\n\n\n\n<p>Ce projet vise \u00e0 :&nbsp;<\/p>\n\n\n\n<p>\u2212 anticiper le double risque d\u2019obsolescence&nbsp; technologique et de fin de vie du c\u00e2ble ACE&nbsp; actuellement en exploitation ;&nbsp;<\/p>\n\n\n\n<p>\u2212 renforcer la diversit\u00e9 et la r\u00e9silience des&nbsp; infrastructures num\u00e9riques internationales du&nbsp; Gabon ;&nbsp;<\/p>\n\n\n\n<p>\u2212 offrir une connectivit\u00e9 plus rentable et plus&nbsp; performante, favorable \u00e0 la comp\u00e9titivit\u00e9&nbsp; num\u00e9rique du pays et \u00e0 l\u2019am\u00e9lioration de son&nbsp; Indice de D\u00e9veloppement des TIC (IDI) ;&nbsp;<\/p>\n\n\n\n<p>\u2212 cr\u00e9er de nouvelles opportunit\u00e9s de croissance,&nbsp; d\u2019inclusion num\u00e9rique et de r\u00e9silience&nbsp; \u00e9conomique, au service du d\u00e9veloppement&nbsp; humain durable.&nbsp;<\/p>\n\n\n\n<p><strong>MINISTERE DE LA FEMME ET DE LA&nbsp; PROTECTION DE L\u2019ENFANCE&nbsp;<\/strong><\/p>\n\n\n\n<p><strong>Le Conseil a donn\u00e9 son accord pour la&nbsp; c\u00e9l\u00e9bration de la Journ\u00e9e Nationale de la<\/strong><\/p>\n\n\n\n<p>Pr\u00e9sidence de la R\u00e9publique Communiqu\u00e9 final SCM Page 16 sur 27&nbsp;<\/p>\n\n\n\n<p><strong>Femme, le 17 avril 2025 \u00e0 Mouila, chef-lieu de&nbsp; la Ngouni\u00e9.&nbsp;<\/strong><\/p>\n\n\n\n<p>Une campagne de sensibilisation sera d\u00e9ploy\u00e9e&nbsp; dans les neuf provinces autour du th\u00e8me :&nbsp;<em>\u00ab&nbsp; L\u2019engagement communautaire pour l\u2019\u00e9galit\u00e9 de&nbsp; genre et l\u2019autonomie des femmes \u00bb.&nbsp;<\/em><\/p>\n\n\n\n<p>Les activit\u00e9s pr\u00e9vues incluent :&nbsp;<\/p>\n\n\n\n<p>\u2212 Une campagne nationale sur la participation&nbsp; des femmes \u00e0 la vie politique ;&nbsp;<\/p>\n\n\n\n<p>\u2212 Un concours culturel de projets artisanaux&nbsp; f\u00e9minins ;&nbsp;<\/p>\n\n\n\n<p>\u2212 Un appui cibl\u00e9 \u00e0 une dizaine d\u2019organisations&nbsp; f\u00e9minines pour leur autonomisation.&nbsp;<\/p>\n\n\n\n<p><strong>MINISTERE DE L\u2019ECONOMIE ET DES&nbsp; PARTICIPATIONS<\/strong><\/p>\n\n\n\n<p><strong>\u00c0 la suite de la communication de Monsieur le&nbsp; Ministre, le Conseil des Ministres a marqu\u00e9 son&nbsp; approbation pour l\u2019engagement, en proc\u00e9dure&nbsp; d\u2019urgence, de n\u00e9gociations avec les&nbsp; \u00e9tablissements de paiement en vue de&nbsp; l\u2019extension du m\u00e9canisme de paiement des taxes&nbsp; par support mobile.&nbsp;<\/strong><\/p>\n\n\n\n<p>Cette mesure s\u2019inscrit dans le cadre de la strat\u00e9gie&nbsp; de digitalisation des services publics et vise \u00e0&nbsp; renforcer la transparence des flux financiers,&nbsp;conform\u00e9ment aux exigences nationales et&nbsp; internationales en mati\u00e8re de lutte contre le&nbsp; blanchiment de capitaux.&nbsp;<\/p>\n\n\n\n<p>\u00c0 travers un Partenariat Public-Priv\u00e9 (PPP), l\u2019\u00c9tat&nbsp; entend \u00e9largir l\u2019assiette fiscale en int\u00e9grant&nbsp; certaines transactions, jusqu\u2019ici \u00e9chappant au&nbsp; champ classique de la fiscalit\u00e9, dans un dispositif&nbsp; innovant de perception \u00e9lectronique.&nbsp;<\/p>\n\n\n\n<p>Ce partenariat contribuera \u00e9galement \u00e0&nbsp; l\u2019am\u00e9lioration de l\u2019acc\u00e8s au cr\u00e9dit pour les&nbsp; entreprises, en favorisant une meilleure tra\u00e7abilit\u00e9&nbsp; des op\u00e9rations et un renforcement des outils de&nbsp; comptabilit\u00e9 formelle.&nbsp;<\/p>\n\n\n\n<p>Par ailleurs,&nbsp;<strong>le Conseil s\u2019est f\u00e9licit\u00e9 des&nbsp; conclusions du comit\u00e9 interminist\u00e9riel charg\u00e9 de&nbsp; l\u2019harmonisation et de la rationalisation des&nbsp; pr\u00e9l\u00e8vements effectu\u00e9s par les op\u00e9rateurs&nbsp; \u00e9conomiques aupr\u00e8s des administrations&nbsp; publiques et des collectivit\u00e9s locales.&nbsp;<\/strong><\/p>\n\n\n\n<p>Cette initiative vise \u00e0 r\u00e9duire significativement la&nbsp; multiplicit\u00e9 des frais, redevances et sanctions, et \u00e0&nbsp; limiter les sollicitations redondantes des op\u00e9rateurs&nbsp; \u00e9conomiques pour un m\u00eame objet, en instaurant un&nbsp; cadre plus lisible, plus juste et plus efficace.&nbsp;<\/p>\n\n\n\n<p><strong>Enfin le Conseil des Ministres a ent\u00e9rin\u00e9 les mesures&nbsp; individuelles dont les plus importantes sont les suivantes :<\/strong><\/p>\n\n\n\n<p><strong>PRESIDENCE DE LA REPUBLIQUE CABINET DU PRESIDENT&nbsp;<\/strong><\/p>\n\n\n\n<p>\u2013 Haut Repr\u00e9sentant Personnel du Pr\u00e9sident de la&nbsp; R\u00e9publique :&nbsp;<strong>Mme Louise BOUKANDOU.&nbsp;<\/strong><\/p>\n\n\n\n<p>\u2013 Haut Repr\u00e9sentant Personnel du Pr\u00e9sident de la&nbsp; R\u00e9publique :&nbsp;<strong>M. Andr\u00e9 Jacques AUGAND.&nbsp;<\/strong><\/p>\n\n\n\n<p><strong>UNITE SPECIALE DE SECURISATION ET&nbsp; DU CONTROLE DU SECTEUR DES&nbsp; HYDROCARBURES (USSCSH)&nbsp;<\/strong><\/p>\n\n\n\n<p><strong>CABINET DU COORDONNATEUR&nbsp; GENERAL&nbsp;<\/strong><\/p>\n\n\n\n<p>Il est mis fin aux fonctions de Conseiller de&nbsp; Monsieur Adrien VANGSY TATY.&nbsp;<\/p>\n\n\n\n<p><strong>MINISTERE DE L\u2019EDUCATION&nbsp; NATIONALE ET DE L\u2019INSTRUCTION&nbsp; CIVIQUE&nbsp;<\/strong><\/p>\n\n\n\n<p><strong>ECOLE NORMALE SUPERIEURE<\/strong><\/p>\n\n\n\n<p><strong>DIRECTION GENERALE&nbsp;<\/strong><\/p>\n\n\n\n<p>\u2013 Directeur G\u00e9n\u00e9ral :&nbsp;<strong>Pr. Gilbert NGUEMA&nbsp; ENDAMNE<\/strong>, en remplacement de Pr. Rufin&nbsp; DIZAMBOU<\/p>\n\n\n\n<p>.&nbsp;<\/p>\n\n\n\n<p><strong>ECOLE NORMALE SUPERIEURE DE&nbsp; L\u2019ENSEIGNEMENT TECHNIQUE&nbsp;<\/strong><\/p>\n\n\n\n<p><strong>DIRECTION GENERALE&nbsp;<\/strong><\/p>\n\n\n\n<p>\u2013 Directeur G\u00e9n\u00e9ral :&nbsp;<strong>M. Anatole&nbsp; TSIOUKAKA<\/strong>, en remplacement de Pr. Guy&nbsp; Richard KIBOUKA.<\/p>\n\n\n\n<p><strong>MINISTERE DES COMPTES PUBLICS ET&nbsp; DE LA DETTE&nbsp;<\/strong><\/p>\n\n\n\n<p><strong>COMMISSION NATIONALE DES TRAVAUX&nbsp; D\u2019INTERET PUBLIC POUR LA&nbsp; PROMOTION DE L\u2019ENTREPRENARIAT ET&nbsp; DE L\u2019EMPLOI (CN-TIPPEE)&nbsp;<\/strong><\/p>\n\n\n\n<p><strong>SECRETARIAT PERMANENT&nbsp;<\/strong><\/p>\n\n\n\n<p>\u2013 Secr\u00e9taire Permanent :&nbsp;<strong>Mme Nina Natacha&nbsp; SACKEMOUNOU Epse MACKANDJA.<\/strong><\/p>\n\n\n\n<p><strong>MINISTERE DU PETROLE&nbsp;<\/strong><\/p>\n\n\n\n<p><strong>GAB\u2019OIL<\/strong><\/p>\n\n\n\n<p><strong>DIRECTION GENERALE&nbsp;<\/strong><\/p>\n\n\n\n<p>\u2013 Directeur G\u00e9n\u00e9ral Adjoint :&nbsp;<strong>M. Michel&nbsp; AUBERT.&nbsp;<\/strong><\/p>\n\n\n\n<p><strong>MINISTERE DE LA FORMATION&nbsp; PROFESSIONNELLE<\/strong><\/p>\n\n\n\n<p><strong>CABINET DU MINISTRE&nbsp;<\/strong><\/p>\n\n\n\n<p>\u2013 Directeur de Cabinet :&nbsp;<strong>M. Jeff Morgan&nbsp; Gw\u00e9na\u00ebl N\u2019DOUTOUME-BIE.<\/strong><\/p>\n\n\n\n<p>\u2013 Secr\u00e9taire Particuli\u00e8re du Ministre :&nbsp;<strong>Mme&nbsp; Marie-Emma MAMBOULA Epse&nbsp; EYENET-TOUTOUME.&nbsp;<\/strong><\/p>\n\n\n\n<p>\u2013 Secr\u00e9taire Particuli\u00e8re du Directeur de&nbsp; Cabinet :&nbsp;<strong>Mme Nicole Germaine&nbsp; MAGANGA MOUSSAVOU.&nbsp;<\/strong><\/p>\n\n\n\n<p>\u2013 Secr\u00e9taires de Cabinet :&nbsp;&nbsp;<\/p>\n\n\n\n<p>Mmes&nbsp;<\/p>\n\n\n\n<p>&#8211;&nbsp;<strong>Gilvassia Elsa KOUELE ;<\/strong><\/p>\n\n\n\n<p>&#8211;&nbsp;<strong>Chim\u00e8ne IZANGA Epse MIKOLO.&nbsp;<\/strong><\/p>\n\n\n\n<p>\u2013 Conseiller Juridique :&nbsp;<strong>M. St\u00e9phane&nbsp; MENDENE.&nbsp;<\/strong><\/p>\n\n\n\n<p>\u2013 Conseiller Diplomatique :&nbsp;<strong>Dr. Marie-Claude&nbsp; NGNINGONE-ATEME.&nbsp;<\/strong><\/p>\n\n\n\n<p>\u2013 Conseiller en Communication :&nbsp;<strong>M. Ryan&nbsp; NZIENGUI.&nbsp;<\/strong><\/p>\n\n\n\n<p>\u2013 Conseillers Techniques :&nbsp;&nbsp;<\/p>\n\n\n\n<p>&#8211;&nbsp;<strong>M. Guy St\u00e9phane BINGANA ;&nbsp;<\/strong><\/p>\n\n\n\n<p>&#8211;&nbsp;<strong>M. Calvyn LIKAMBA TSAMA ;&nbsp;<\/strong><\/p>\n\n\n\n<p>&#8211;&nbsp;<strong>Dr. Paul Yannick BITOME ESSONO.&nbsp;<\/strong><\/p>\n\n\n\n<p>\u2013 Charg\u00e9s d\u2019Etudes :&nbsp;&nbsp;<\/p>\n\n\n\n<p>MM.&nbsp;<\/p>\n\n\n\n<p>&#8211;&nbsp;<strong>Jay-Jay Blaise MAMBONGHO ;&nbsp;<\/strong><\/p>\n\n\n\n<p>&#8211;<strong>Charles Roland BIDULE-BI-ABEIGNE.&nbsp;<\/strong><\/p>\n\n\n\n<p>\u2013 Charg\u00e9s de Missions :&nbsp;&nbsp;<\/p>\n\n\n\n<p>MM.&nbsp;<\/p>\n\n\n\n<p>&#8211;<strong>Freddy KOUMBI ;&nbsp;<\/strong><\/p>\n\n\n\n<p>&#8211;&nbsp;<strong>Albert KOULANI.<\/strong><\/p>\n\n\n\n<p>\u2013 Chef du Protocole :&nbsp;<strong>M. Ghillian Brice&nbsp; MAGHOUMBOU.&nbsp;<\/strong><\/p>\n\n\n\n<p>\u2013 Aide de Camp :&nbsp;<strong>Sergent Micha\u00ebl Rodney&nbsp; MOULEKA MOUSSAVOU.&nbsp;<\/strong><\/p>\n\n\n\n<p>\u2013 Agents de S\u00e9curit\u00e9&nbsp;<strong>:&nbsp;&nbsp;<\/strong><\/p>\n\n\n\n<p>&#8211;&nbsp;<strong>Sergent Parfait C\u00e9dric EPAMOLA ;&nbsp;<\/strong><\/p>\n\n\n\n<p>&#8211;<strong>Brigadier Dan Andy Ruben SAFOU&nbsp; LOUMBA.&nbsp;<\/strong><\/p>\n\n\n\n<p>\u2013 Chauffeur :&nbsp;<strong>M. Placide KOUMIKAKA. MINISTERE DE LA PECHE ET DE LA MER&nbsp;<\/strong><\/p>\n\n\n\n<p><strong>CABINET DU MINISTRE&nbsp;<\/strong><\/p>\n\n\n\n<p>\u2013 Directeur de Cabinet :&nbsp;<strong>Mme Anouchka&nbsp; MABAMBA MBOUMBA Epse MISSANDA&nbsp; NKOMBY.&nbsp;<\/strong><\/p>\n\n\n\n<p>\u2013 Secr\u00e9taire Particuli\u00e8re du Ministre :&nbsp;<strong>Mme&nbsp; Emma Stella AKERE ODIDI LIKASSA.&nbsp;<\/strong><\/p>\n\n\n\n<p>\u2013 Secr\u00e9taire Particuli\u00e8re du Directeur de&nbsp; Cabinet :&nbsp;<strong>Mme Ornelia Gypsie SIBAH NZE&nbsp; NZONG.<\/strong><\/p>\n\n\n\n<p>\u2013 Secr\u00e9taires de Cabinet :&nbsp;&nbsp;<\/p>\n\n\n\n<p>Mmes&nbsp;<\/p>\n\n\n\n<p>&#8211;&nbsp;<strong>Stevie REMANDA Epse MEBALE ;&nbsp;<\/strong><\/p>\n\n\n\n<p>&#8211;&nbsp;<strong>Josette Nina Prisca FAUSTHER&nbsp; OGALA.&nbsp;<\/strong><\/p>\n\n\n\n<p>\u2013 Conseiller en Communication :&nbsp;<strong>M. Orph\u00e9e&nbsp; BOUSSOUGOU BOUSSOUGOU.&nbsp;<\/strong><\/p>\n\n\n\n<p>\u2013 Conseillers Techniques :&nbsp;&nbsp;<\/p>\n\n\n\n<p>&#8211;&nbsp;<strong>M. Frydi Djeff NDHEMBHET&nbsp; TCHITOMBI ;&nbsp;<\/strong><\/p>\n\n\n\n<p>&#8211;&nbsp;<strong>M. Rodrigue Herman BAGNAMA ;&nbsp;<\/strong>o&nbsp;<strong>M. Eudes Fortune NZIENGUI&nbsp; BOUSSOUGOU ;&nbsp;<\/strong><\/p>\n\n\n\n<p>&#8211;&nbsp;<strong>M. Fabrice AUGAND NTCHANGO.&nbsp;<\/strong>\u2013 Charg\u00e9s d\u2019Etudes :&nbsp;&nbsp;<\/p>\n\n\n\n<p>&#8211;&nbsp;<strong>M. Priam MANFOUMBY ;&nbsp;<\/strong><\/p>\n\n\n\n<p>&#8211;&nbsp;<strong>Mme Zita Gladisse MAKANGOU Epse&nbsp; METOULE BIBANG.&nbsp;<\/strong><\/p>\n\n\n\n<p>\u2013 Charg\u00e9s de Missions :&nbsp;&nbsp;<\/p>\n\n\n\n<p>&#8211;&nbsp;<strong>M. Luc Davy MOUYAMA ;<\/strong><\/p>\n\n\n\n<p>&#8211;&nbsp;<strong>Mme Daisy Kla\u00efde MOUPIGA&nbsp; LINDZONZO.&nbsp;<\/strong><\/p>\n\n\n\n<p>\u2013 Chef du Protocole :&nbsp;<strong>M. Mesmin NZOGHE&nbsp; PEA.&nbsp;<\/strong><\/p>\n\n\n\n<p>\u2013 Aide de Camp :&nbsp;<strong>Adjudant John Danilo&nbsp; OKOUNDJA.&nbsp;<\/strong><\/p>\n\n\n\n<p>\u2013 Agent de S\u00e9curit\u00e9&nbsp;<strong>: M. Guy Dropsy&nbsp; NGOUNOUNA.&nbsp;<\/strong><\/p>\n\n\n\n<p>\u2013 Chauffeur :&nbsp;<strong>M. Harold Geovany NGUEMA&nbsp; MINKO.&nbsp;<\/strong><\/p>\n\n\n\n<p><strong>MINISTERE DE LA CULTURE ET DES&nbsp; ARTS&nbsp;<\/strong><\/p>\n\n\n\n<p><strong>CABINET DU MINISTRE&nbsp;<\/strong><\/p>\n\n\n\n<p>\u2013 Directeur de Cabinet :&nbsp;<strong>M. Apollinaire&nbsp; IBAMBA.&nbsp;<\/strong><\/p>\n\n\n\n<p>\u2013 Secr\u00e9taire Particuli\u00e8re du Ministre :&nbsp;&nbsp;<strong>Mme Nelly BIGNAGNY BI NZAMBE.&nbsp;<\/strong><\/p>\n\n\n\n<p>\u2013 Secr\u00e9taire Particuli\u00e8re du Directeur de&nbsp; Cabinet :&nbsp;<strong>Mme Juliana AUBAME BA&nbsp; MEBOUA Epse ZANG AZEME.<\/strong><\/p>\n\n\n\n<p>\u2013 Secr\u00e9taires de Cabinet :&nbsp;&nbsp;<\/p>\n\n\n\n<p>Mmes&nbsp;<\/p>\n\n\n\n<p>&#8211;&nbsp;<strong>Ashley Pascale ISSANGA&nbsp; MBOUMBOU ;&nbsp;<\/strong><\/p>\n\n\n\n<p>&#8211;<strong>Edene Shneder MOUKETOU&nbsp; MABALANI.&nbsp;<\/strong><\/p>\n\n\n\n<p>\u2013 Conseiller Juridique :&nbsp;<strong>M. Sthessy&nbsp; DIMBONDA LEFOUKOU.&nbsp;<\/strong><\/p>\n\n\n\n<p>\u2013 Conseiller Diplomatique :&nbsp;<strong>Mme Nicole&nbsp; Caroline NGOUA.&nbsp;<\/strong><\/p>\n\n\n\n<p>\u2013 Conseiller en Communication :&nbsp;<strong>M. Rodolphe&nbsp; MOUKAMBI BOMA.&nbsp;<\/strong><\/p>\n\n\n\n<p>\u2013 Conseiller Technique en charge de la&nbsp; Gouvernance :&nbsp;<strong>M. Maixent MOUSSINGA.&nbsp;<\/strong><\/p>\n\n\n\n<p>\u2013 Conseiller Technique Culture et Arts&nbsp;<strong>: Mme&nbsp; Aim\u00e9e D\u00e9lia BILOUNI Epse NDJALLY.&nbsp;<\/strong><\/p>\n\n\n\n<p>\u2013 Charg\u00e9s d\u2019Etudes :&nbsp;&nbsp;<\/p>\n\n\n\n<p>MM.&nbsp;<\/p>\n\n\n\n<p>&#8211;&nbsp;<strong>Franck Davy KOUMBA ;&nbsp;<\/strong><\/p>\n\n\n\n<p>&#8211;&nbsp;<strong>Haick Tanguy KEKA KIELA .<\/strong><\/p>\n\n\n\n<p>\u2013 Charg\u00e9s de Missions :&nbsp;&nbsp;<\/p>\n\n\n\n<p>&#8211;&nbsp;<strong>M. Sosth\u00e8ne NDALA ;&nbsp;<\/strong><\/p>\n\n\n\n<p>&#8211;&nbsp;<strong>Mme Marie-Louise WAKONGO&nbsp; BIYENE.&nbsp;<\/strong><\/p>\n\n\n\n<p>\u2013 Chef du Protocole :&nbsp;<strong>M. Ulrich Polidor&nbsp; REMENO.&nbsp;<\/strong><\/p>\n\n\n\n<p>\u2013 Aide de Camp :&nbsp;<strong>Brigadier-Chef Major&nbsp; Junior Augance MILWENY.&nbsp;<\/strong><\/p>\n\n\n\n<p>\u2013 Agents de S\u00e9curit\u00e9&nbsp;<strong>:&nbsp;&nbsp;<\/strong><\/p>\n\n\n\n<p>&#8211;&nbsp;<strong>Sous-Brigadier Chamberlain YAMBA&nbsp; KOMENDI ;&nbsp;<\/strong><\/p>\n\n\n\n<p>&#8211;&nbsp;<strong>Gardien de la Paix Nyllick Stanley&nbsp; MAYELA MADEBE ;&nbsp;<\/strong><\/p>\n\n\n\n<p>\u2013 Chauffeur :&nbsp;<strong>M. Hugues Landry MAPOTA&nbsp; MBOUNDA.&nbsp;<\/strong><\/p>\n\n\n\n<p>Je vous remercie.<\/p>\n","protected":false},"excerpt":{"rendered":"<p>Sous la Tr\u00e8s Haute Pr\u00e9sidence de Son Excellence&nbsp; Brice Clotaire OLIGUI NGUEMA, Pr\u00e9sident de&nbsp; la Transition, Pr\u00e9sident de la R\u00e9publique, Chef&nbsp; de l\u2019\u00c9tat, le Conseil des Ministres s\u2019est r\u00e9uni ce&nbsp; jeudi 27 mars 2025 \u00e0 10 heures pr\u00e9cises au Palais&nbsp; de la Pr\u00e9sidence de la R\u00e9publique.&nbsp; En ouverture de ses travaux, le Conseil a salu\u00e9&nbsp; [&hellip;]<\/p>\n","protected":false},"author":7,"featured_media":23692,"comment_status":"open","ping_status":"open","sticky":false,"template":"","format":"standard","meta":{"footnotes":""},"categories":[57,55,65],"tags":[],"class_list":["post-23822","post","type-post","status-publish","format-standard","has-post-thumbnail","hentry","category-a-la-une","category-actualites","category-politique-podcasts"],"yoast_head":"<!-- This site is optimized with the Yoast SEO plugin v24.2 - https:\/\/yoast.com\/wordpress\/plugins\/seo\/ -->\n<title>Communiqu\u00e9 final du Conseil des Ministres du jeudi 27 mars 2025 - Gabon Nouvelle Vision<\/title>\n<meta name=\"robots\" content=\"index, follow, max-snippet:-1, max-image-preview:large, max-video-preview:-1\" \/>\n<link rel=\"canonical\" href=\"https:\/\/gabonnouvellevision.com\/gnv\/2025\/03\/28\/communique-final-du-conseil-des-ministres-du-jeudi-27-mars-2025\/\" \/>\n<meta property=\"og:locale\" content=\"fr_FR\" \/>\n<meta property=\"og:type\" content=\"article\" \/>\n<meta property=\"og:title\" content=\"Communiqu\u00e9 final du Conseil des Ministres du jeudi 27 mars 2025 - Gabon Nouvelle Vision\" \/>\n<meta property=\"og:description\" content=\"Sous la Tr\u00e8s Haute Pr\u00e9sidence de Son Excellence&nbsp; Brice Clotaire OLIGUI NGUEMA, Pr\u00e9sident de&nbsp; la Transition, Pr\u00e9sident de la R\u00e9publique, Chef&nbsp; de l\u2019\u00c9tat, le Conseil des Ministres s\u2019est r\u00e9uni ce&nbsp; jeudi 27 mars 2025 \u00e0 10 heures pr\u00e9cises au Palais&nbsp; de la Pr\u00e9sidence de la R\u00e9publique.&nbsp; En ouverture de ses travaux, le Conseil a salu\u00e9&nbsp; [&hellip;]\" \/>\n<meta property=\"og:url\" content=\"https:\/\/gabonnouvellevision.com\/gnv\/2025\/03\/28\/communique-final-du-conseil-des-ministres-du-jeudi-27-mars-2025\/\" \/>\n<meta property=\"og:site_name\" content=\"Gabon Nouvelle Vision\" \/>\n<meta property=\"article:publisher\" content=\"https:\/\/www.facebook.com\/GNVofficiel\" \/>\n<meta property=\"article:published_time\" content=\"2025-03-28T09:03:40+00:00\" \/>\n<meta property=\"article:modified_time\" content=\"2025-03-28T09:03:42+00:00\" \/>\n<meta property=\"og:image\" content=\"https:\/\/gabonnouvellevision.com\/gnv\/wp-content\/uploads\/2025\/02\/Akure-Davin.jpg\" \/>\n\t<meta property=\"og:image:width\" content=\"850\" \/>\n\t<meta property=\"og:image:height\" content=\"550\" \/>\n\t<meta property=\"og:image:type\" content=\"image\/jpeg\" \/>\n<meta name=\"author\" content=\"Eyeng Obame\" \/>\n<meta name=\"twitter:card\" content=\"summary_large_image\" \/>\n<meta name=\"twitter:label1\" content=\"\u00c9crit par\" \/>\n\t<meta name=\"twitter:data1\" content=\"Eyeng Obame\" \/>\n\t<meta name=\"twitter:label2\" content=\"Dur\u00e9e de lecture estim\u00e9e\" \/>\n\t<meta name=\"twitter:data2\" content=\"17 minutes\" \/>\n<script type=\"application\/ld+json\" class=\"yoast-schema-graph\">{\"@context\":\"https:\/\/schema.org\",\"@graph\":[{\"@type\":\"Article\",\"@id\":\"https:\/\/gabonnouvellevision.com\/gnv\/2025\/03\/28\/communique-final-du-conseil-des-ministres-du-jeudi-27-mars-2025\/#article\",\"isPartOf\":{\"@id\":\"https:\/\/gabonnouvellevision.com\/gnv\/2025\/03\/28\/communique-final-du-conseil-des-ministres-du-jeudi-27-mars-2025\/\"},\"author\":{\"name\":\"Eyeng Obame\",\"@id\":\"https:\/\/gabonnouvellevision.com\/gnv\/#\/schema\/person\/4b48e07d222f83c0285affc3704bc899\"},\"headline\":\"Communiqu\u00e9 final du Conseil des Ministres du jeudi 27 mars 2025\",\"datePublished\":\"2025-03-28T09:03:40+00:00\",\"dateModified\":\"2025-03-28T09:03:42+00:00\",\"mainEntityOfPage\":{\"@id\":\"https:\/\/gabonnouvellevision.com\/gnv\/2025\/03\/28\/communique-final-du-conseil-des-ministres-du-jeudi-27-mars-2025\/\"},\"wordCount\":4403,\"commentCount\":0,\"publisher\":{\"@id\":\"https:\/\/gabonnouvellevision.com\/gnv\/#organization\"},\"image\":{\"@id\":\"https:\/\/gabonnouvellevision.com\/gnv\/2025\/03\/28\/communique-final-du-conseil-des-ministres-du-jeudi-27-mars-2025\/#primaryimage\"},\"thumbnailUrl\":\"https:\/\/gabonnouvellevision.com\/gnv\/wp-content\/uploads\/2025\/02\/Akure-Davin.jpg\",\"articleSection\":[\"A la une\",\"Actualites\",\"Politique\"],\"inLanguage\":\"fr-FR\",\"potentialAction\":[{\"@type\":\"CommentAction\",\"name\":\"Comment\",\"target\":[\"https:\/\/gabonnouvellevision.com\/gnv\/2025\/03\/28\/communique-final-du-conseil-des-ministres-du-jeudi-27-mars-2025\/#respond\"]}]},{\"@type\":\"WebPage\",\"@id\":\"https:\/\/gabonnouvellevision.com\/gnv\/2025\/03\/28\/communique-final-du-conseil-des-ministres-du-jeudi-27-mars-2025\/\",\"url\":\"https:\/\/gabonnouvellevision.com\/gnv\/2025\/03\/28\/communique-final-du-conseil-des-ministres-du-jeudi-27-mars-2025\/\",\"name\":\"Communiqu\u00e9 final du Conseil des Ministres du jeudi 27 mars 2025 - Gabon Nouvelle Vision\",\"isPartOf\":{\"@id\":\"https:\/\/gabonnouvellevision.com\/gnv\/#website\"},\"primaryImageOfPage\":{\"@id\":\"https:\/\/gabonnouvellevision.com\/gnv\/2025\/03\/28\/communique-final-du-conseil-des-ministres-du-jeudi-27-mars-2025\/#primaryimage\"},\"image\":{\"@id\":\"https:\/\/gabonnouvellevision.com\/gnv\/2025\/03\/28\/communique-final-du-conseil-des-ministres-du-jeudi-27-mars-2025\/#primaryimage\"},\"thumbnailUrl\":\"https:\/\/gabonnouvellevision.com\/gnv\/wp-content\/uploads\/2025\/02\/Akure-Davin.jpg\",\"datePublished\":\"2025-03-28T09:03:40+00:00\",\"dateModified\":\"2025-03-28T09:03:42+00:00\",\"breadcrumb\":{\"@id\":\"https:\/\/gabonnouvellevision.com\/gnv\/2025\/03\/28\/communique-final-du-conseil-des-ministres-du-jeudi-27-mars-2025\/#breadcrumb\"},\"inLanguage\":\"fr-FR\",\"potentialAction\":[{\"@type\":\"ReadAction\",\"target\":[\"https:\/\/gabonnouvellevision.com\/gnv\/2025\/03\/28\/communique-final-du-conseil-des-ministres-du-jeudi-27-mars-2025\/\"]}]},{\"@type\":\"ImageObject\",\"inLanguage\":\"fr-FR\",\"@id\":\"https:\/\/gabonnouvellevision.com\/gnv\/2025\/03\/28\/communique-final-du-conseil-des-ministres-du-jeudi-27-mars-2025\/#primaryimage\",\"url\":\"https:\/\/gabonnouvellevision.com\/gnv\/wp-content\/uploads\/2025\/02\/Akure-Davin.jpg\",\"contentUrl\":\"https:\/\/gabonnouvellevision.com\/gnv\/wp-content\/uploads\/2025\/02\/Akure-Davin.jpg\",\"width\":850,\"height\":550},{\"@type\":\"BreadcrumbList\",\"@id\":\"https:\/\/gabonnouvellevision.com\/gnv\/2025\/03\/28\/communique-final-du-conseil-des-ministres-du-jeudi-27-mars-2025\/#breadcrumb\",\"itemListElement\":[{\"@type\":\"ListItem\",\"position\":1,\"name\":\"Accueil\",\"item\":\"https:\/\/gabonnouvellevision.com\/gnv\/\"},{\"@type\":\"ListItem\",\"position\":2,\"name\":\"Communiqu\u00e9 final du Conseil des Ministres du jeudi 27 mars 2025\"}]},{\"@type\":\"WebSite\",\"@id\":\"https:\/\/gabonnouvellevision.com\/gnv\/#website\",\"url\":\"https:\/\/gabonnouvellevision.com\/gnv\/\",\"name\":\"Gabon Nouvelle Vision\",\"description\":\"\",\"publisher\":{\"@id\":\"https:\/\/gabonnouvellevision.com\/gnv\/#organization\"},\"potentialAction\":[{\"@type\":\"SearchAction\",\"target\":{\"@type\":\"EntryPoint\",\"urlTemplate\":\"https:\/\/gabonnouvellevision.com\/gnv\/?s={search_term_string}\"},\"query-input\":{\"@type\":\"PropertyValueSpecification\",\"valueRequired\":true,\"valueName\":\"search_term_string\"}}],\"inLanguage\":\"fr-FR\"},{\"@type\":\"Organization\",\"@id\":\"https:\/\/gabonnouvellevision.com\/gnv\/#organization\",\"name\":\"Gabon Nouvelle Vision\",\"url\":\"https:\/\/gabonnouvellevision.com\/gnv\/\",\"logo\":{\"@type\":\"ImageObject\",\"inLanguage\":\"fr-FR\",\"@id\":\"https:\/\/gabonnouvellevision.com\/gnv\/#\/schema\/logo\/image\/\",\"url\":\"https:\/\/gabonnouvellevision.com\/gnv\/wp-content\/uploads\/2025\/01\/logo-text_Plan-de-travail-1.png\",\"contentUrl\":\"https:\/\/gabonnouvellevision.com\/gnv\/wp-content\/uploads\/2025\/01\/logo-text_Plan-de-travail-1.png\",\"width\":7169,\"height\":2390,\"caption\":\"Gabon Nouvelle Vision\"},\"image\":{\"@id\":\"https:\/\/gabonnouvellevision.com\/gnv\/#\/schema\/logo\/image\/\"},\"sameAs\":[\"https:\/\/www.facebook.com\/GNVofficiel\"]},{\"@type\":\"Person\",\"@id\":\"https:\/\/gabonnouvellevision.com\/gnv\/#\/schema\/person\/4b48e07d222f83c0285affc3704bc899\",\"name\":\"Eyeng Obame\",\"image\":{\"@type\":\"ImageObject\",\"inLanguage\":\"fr-FR\",\"@id\":\"https:\/\/gabonnouvellevision.com\/gnv\/#\/schema\/person\/image\/\",\"url\":\"https:\/\/secure.gravatar.com\/avatar\/167bc03b8baf3c77318a47159f80871de6f5a6cbf4bc8b6af750fbc1a369d7bf?s=96&d=mm&r=g\",\"contentUrl\":\"https:\/\/secure.gravatar.com\/avatar\/167bc03b8baf3c77318a47159f80871de6f5a6cbf4bc8b6af750fbc1a369d7bf?s=96&d=mm&r=g\",\"caption\":\"Eyeng Obame\"},\"url\":\"https:\/\/gabonnouvellevision.com\/gnv\/author\/rufin\/\"}]}<\/script>\n<!-- \/ Yoast SEO plugin. -->","yoast_head_json":{"title":"Communiqu\u00e9 final du Conseil des Ministres du jeudi 27 mars 2025 - Gabon Nouvelle Vision","robots":{"index":"index","follow":"follow","max-snippet":"max-snippet:-1","max-image-preview":"max-image-preview:large","max-video-preview":"max-video-preview:-1"},"canonical":"https:\/\/gabonnouvellevision.com\/gnv\/2025\/03\/28\/communique-final-du-conseil-des-ministres-du-jeudi-27-mars-2025\/","og_locale":"fr_FR","og_type":"article","og_title":"Communiqu\u00e9 final du Conseil des Ministres du jeudi 27 mars 2025 - Gabon Nouvelle Vision","og_description":"Sous la Tr\u00e8s Haute Pr\u00e9sidence de Son Excellence&nbsp; Brice Clotaire OLIGUI NGUEMA, Pr\u00e9sident de&nbsp; la Transition, Pr\u00e9sident de la R\u00e9publique, Chef&nbsp; de l\u2019\u00c9tat, le Conseil des Ministres s\u2019est r\u00e9uni ce&nbsp; jeudi 27 mars 2025 \u00e0 10 heures pr\u00e9cises au Palais&nbsp; de la Pr\u00e9sidence de la R\u00e9publique.&nbsp; En ouverture de ses travaux, le Conseil a salu\u00e9&nbsp; [&hellip;]","og_url":"https:\/\/gabonnouvellevision.com\/gnv\/2025\/03\/28\/communique-final-du-conseil-des-ministres-du-jeudi-27-mars-2025\/","og_site_name":"Gabon Nouvelle Vision","article_publisher":"https:\/\/www.facebook.com\/GNVofficiel","article_published_time":"2025-03-28T09:03:40+00:00","article_modified_time":"2025-03-28T09:03:42+00:00","og_image":[{"width":850,"height":550,"url":"https:\/\/gabonnouvellevision.com\/gnv\/wp-content\/uploads\/2025\/02\/Akure-Davin.jpg","type":"image\/jpeg"}],"author":"Eyeng Obame","twitter_card":"summary_large_image","twitter_misc":{"\u00c9crit par":"Eyeng Obame","Dur\u00e9e de lecture estim\u00e9e":"17 minutes"},"schema":{"@context":"https:\/\/schema.org","@graph":[{"@type":"Article","@id":"https:\/\/gabonnouvellevision.com\/gnv\/2025\/03\/28\/communique-final-du-conseil-des-ministres-du-jeudi-27-mars-2025\/#article","isPartOf":{"@id":"https:\/\/gabonnouvellevision.com\/gnv\/2025\/03\/28\/communique-final-du-conseil-des-ministres-du-jeudi-27-mars-2025\/"},"author":{"name":"Eyeng Obame","@id":"https:\/\/gabonnouvellevision.com\/gnv\/#\/schema\/person\/4b48e07d222f83c0285affc3704bc899"},"headline":"Communiqu\u00e9 final du Conseil des Ministres du jeudi 27 mars 2025","datePublished":"2025-03-28T09:03:40+00:00","dateModified":"2025-03-28T09:03:42+00:00","mainEntityOfPage":{"@id":"https:\/\/gabonnouvellevision.com\/gnv\/2025\/03\/28\/communique-final-du-conseil-des-ministres-du-jeudi-27-mars-2025\/"},"wordCount":4403,"commentCount":0,"publisher":{"@id":"https:\/\/gabonnouvellevision.com\/gnv\/#organization"},"image":{"@id":"https:\/\/gabonnouvellevision.com\/gnv\/2025\/03\/28\/communique-final-du-conseil-des-ministres-du-jeudi-27-mars-2025\/#primaryimage"},"thumbnailUrl":"https:\/\/gabonnouvellevision.com\/gnv\/wp-content\/uploads\/2025\/02\/Akure-Davin.jpg","articleSection":["A la une","Actualites","Politique"],"inLanguage":"fr-FR","potentialAction":[{"@type":"CommentAction","name":"Comment","target":["https:\/\/gabonnouvellevision.com\/gnv\/2025\/03\/28\/communique-final-du-conseil-des-ministres-du-jeudi-27-mars-2025\/#respond"]}]},{"@type":"WebPage","@id":"https:\/\/gabonnouvellevision.com\/gnv\/2025\/03\/28\/communique-final-du-conseil-des-ministres-du-jeudi-27-mars-2025\/","url":"https:\/\/gabonnouvellevision.com\/gnv\/2025\/03\/28\/communique-final-du-conseil-des-ministres-du-jeudi-27-mars-2025\/","name":"Communiqu\u00e9 final du Conseil des Ministres du jeudi 27 mars 2025 - Gabon Nouvelle Vision","isPartOf":{"@id":"https:\/\/gabonnouvellevision.com\/gnv\/#website"},"primaryImageOfPage":{"@id":"https:\/\/gabonnouvellevision.com\/gnv\/2025\/03\/28\/communique-final-du-conseil-des-ministres-du-jeudi-27-mars-2025\/#primaryimage"},"image":{"@id":"https:\/\/gabonnouvellevision.com\/gnv\/2025\/03\/28\/communique-final-du-conseil-des-ministres-du-jeudi-27-mars-2025\/#primaryimage"},"thumbnailUrl":"https:\/\/gabonnouvellevision.com\/gnv\/wp-content\/uploads\/2025\/02\/Akure-Davin.jpg","datePublished":"2025-03-28T09:03:40+00:00","dateModified":"2025-03-28T09:03:42+00:00","breadcrumb":{"@id":"https:\/\/gabonnouvellevision.com\/gnv\/2025\/03\/28\/communique-final-du-conseil-des-ministres-du-jeudi-27-mars-2025\/#breadcrumb"},"inLanguage":"fr-FR","potentialAction":[{"@type":"ReadAction","target":["https:\/\/gabonnouvellevision.com\/gnv\/2025\/03\/28\/communique-final-du-conseil-des-ministres-du-jeudi-27-mars-2025\/"]}]},{"@type":"ImageObject","inLanguage":"fr-FR","@id":"https:\/\/gabonnouvellevision.com\/gnv\/2025\/03\/28\/communique-final-du-conseil-des-ministres-du-jeudi-27-mars-2025\/#primaryimage","url":"https:\/\/gabonnouvellevision.com\/gnv\/wp-content\/uploads\/2025\/02\/Akure-Davin.jpg","contentUrl":"https:\/\/gabonnouvellevision.com\/gnv\/wp-content\/uploads\/2025\/02\/Akure-Davin.jpg","width":850,"height":550},{"@type":"BreadcrumbList","@id":"https:\/\/gabonnouvellevision.com\/gnv\/2025\/03\/28\/communique-final-du-conseil-des-ministres-du-jeudi-27-mars-2025\/#breadcrumb","itemListElement":[{"@type":"ListItem","position":1,"name":"Accueil","item":"https:\/\/gabonnouvellevision.com\/gnv\/"},{"@type":"ListItem","position":2,"name":"Communiqu\u00e9 final du Conseil des Ministres du jeudi 27 mars 2025"}]},{"@type":"WebSite","@id":"https:\/\/gabonnouvellevision.com\/gnv\/#website","url":"https:\/\/gabonnouvellevision.com\/gnv\/","name":"Gabon Nouvelle Vision","description":"","publisher":{"@id":"https:\/\/gabonnouvellevision.com\/gnv\/#organization"},"potentialAction":[{"@type":"SearchAction","target":{"@type":"EntryPoint","urlTemplate":"https:\/\/gabonnouvellevision.com\/gnv\/?s={search_term_string}"},"query-input":{"@type":"PropertyValueSpecification","valueRequired":true,"valueName":"search_term_string"}}],"inLanguage":"fr-FR"},{"@type":"Organization","@id":"https:\/\/gabonnouvellevision.com\/gnv\/#organization","name":"Gabon Nouvelle Vision","url":"https:\/\/gabonnouvellevision.com\/gnv\/","logo":{"@type":"ImageObject","inLanguage":"fr-FR","@id":"https:\/\/gabonnouvellevision.com\/gnv\/#\/schema\/logo\/image\/","url":"https:\/\/gabonnouvellevision.com\/gnv\/wp-content\/uploads\/2025\/01\/logo-text_Plan-de-travail-1.png","contentUrl":"https:\/\/gabonnouvellevision.com\/gnv\/wp-content\/uploads\/2025\/01\/logo-text_Plan-de-travail-1.png","width":7169,"height":2390,"caption":"Gabon Nouvelle Vision"},"image":{"@id":"https:\/\/gabonnouvellevision.com\/gnv\/#\/schema\/logo\/image\/"},"sameAs":["https:\/\/www.facebook.com\/GNVofficiel"]},{"@type":"Person","@id":"https:\/\/gabonnouvellevision.com\/gnv\/#\/schema\/person\/4b48e07d222f83c0285affc3704bc899","name":"Eyeng Obame","image":{"@type":"ImageObject","inLanguage":"fr-FR","@id":"https:\/\/gabonnouvellevision.com\/gnv\/#\/schema\/person\/image\/","url":"https:\/\/secure.gravatar.com\/avatar\/167bc03b8baf3c77318a47159f80871de6f5a6cbf4bc8b6af750fbc1a369d7bf?s=96&d=mm&r=g","contentUrl":"https:\/\/secure.gravatar.com\/avatar\/167bc03b8baf3c77318a47159f80871de6f5a6cbf4bc8b6af750fbc1a369d7bf?s=96&d=mm&r=g","caption":"Eyeng Obame"},"url":"https:\/\/gabonnouvellevision.com\/gnv\/author\/rufin\/"}]}},"_links":{"self":[{"href":"https:\/\/gabonnouvellevision.com\/gnv\/wp-json\/wp\/v2\/posts\/23822","targetHints":{"allow":["GET"]}}],"collection":[{"href":"https:\/\/gabonnouvellevision.com\/gnv\/wp-json\/wp\/v2\/posts"}],"about":[{"href":"https:\/\/gabonnouvellevision.com\/gnv\/wp-json\/wp\/v2\/types\/post"}],"author":[{"embeddable":true,"href":"https:\/\/gabonnouvellevision.com\/gnv\/wp-json\/wp\/v2\/users\/7"}],"replies":[{"embeddable":true,"href":"https:\/\/gabonnouvellevision.com\/gnv\/wp-json\/wp\/v2\/comments?post=23822"}],"version-history":[{"count":1,"href":"https:\/\/gabonnouvellevision.com\/gnv\/wp-json\/wp\/v2\/posts\/23822\/revisions"}],"predecessor-version":[{"id":23823,"href":"https:\/\/gabonnouvellevision.com\/gnv\/wp-json\/wp\/v2\/posts\/23822\/revisions\/23823"}],"wp:featuredmedia":[{"embeddable":true,"href":"https:\/\/gabonnouvellevision.com\/gnv\/wp-json\/wp\/v2\/media\/23692"}],"wp:attachment":[{"href":"https:\/\/gabonnouvellevision.com\/gnv\/wp-json\/wp\/v2\/media?parent=23822"}],"wp:term":[{"taxonomy":"category","embeddable":true,"href":"https:\/\/gabonnouvellevision.com\/gnv\/wp-json\/wp\/v2\/categories?post=23822"},{"taxonomy":"post_tag","embeddable":true,"href":"https:\/\/gabonnouvellevision.com\/gnv\/wp-json\/wp\/v2\/tags?post=23822"}],"curies":[{"name":"wp","href":"https:\/\/api.w.org\/{rel}","templated":true}]}}