{"id":23819,"date":"2025-03-27T14:50:06","date_gmt":"2025-03-27T13:50:06","guid":{"rendered":"https:\/\/gabonnouvellevision.com\/gnv\/?p=23819"},"modified":"2025-03-27T14:50:07","modified_gmt":"2025-03-27T13:50:07","slug":"justice-le-procureur-general-remonte-les-bretelles-aux-opj","status":"publish","type":"post","link":"https:\/\/gabonnouvellevision.com\/gnv\/2025\/03\/27\/justice-le-procureur-general-remonte-les-bretelles-aux-opj\/","title":{"rendered":"Justice\u00a0: Le procureur g\u00e9n\u00e9ral remonte les bretelles aux OPJ"},"content":{"rendered":"\n<p><em>On peut la qualifier de rencontre d\u2019\u00e9dification, celle qu\u2019a eue le procureur g\u00e9n\u00e9ral pr\u00e8s la Cour d\u2019Appel judiciaire de Libreville le 26 mars 2025 avec les officiers de Police Judiciaire au palais de justice de Libreville. En effet, le patron de la justice a tanc\u00e9 les OPJ en leur rappelant \u00e0 l\u2019ordre sur les missions qui sont les leurs.<\/em><\/p>\n\n\n\n<p><em>Mis au courant des nombreuses plaintes et d\u00e9nonciations \u00e0 l\u2019encontre des officiers de police judiciaire (OPJ), Eddy Minang, le procureur g\u00e9n\u00e9ral pr\u00e8s la Cour d\u2019Appel judiciaire de Libreville n\u2019est pas all\u00e9 par quatre chemins pour rappeler \u00e0 l\u2019ordre ses \u00e9l\u00e9ments tout en leur pr\u00e9sentant un tableau sombre de leurs diff\u00e9rentes man\u0153uvres qui n\u2019honorent nullement leur corporation et encore moins, leur statut de garant de la loi.<\/em><\/p>\n\n\n\n<p><em>En pr\u00e9sence de plusieurs de ses collaborateurs du parquet de la R\u00e9publique et du parquet g\u00e9n\u00e9ral, Eddy Minang a mis l\u2019accent sur le respect des proc\u00e9dures, la dignit\u00e9 des personnes en garde \u00e0 vue et l\u2019ind\u00e9pendance de l\u2019action judiciaire. Il a notamment expliqu\u00e9 les diff\u00e9rents m\u00e9canismes qui sous-tendent une proc\u00e9dure judiciaire. &nbsp;Clarifiant au passage la distinction entre la police administrative ax\u00e9e sur la pr\u00e9vention et la judiciaire charg\u00e9e de la r\u00e9pression et des enqu\u00eates, le patron de la justice s\u2019est voulu p\u00e9dagogue en ces termes&nbsp;; \u00ab&nbsp;<\/em>La<em> pr\u00e9servation de la paix civile et de la s\u00e9curit\u00e9 publique suppose deux sortes d\u2019actions : la pr\u00e9vention, qui rel\u00e8ve de la police administrative, et l\u2019action judiciaire, qui vous incombe<\/em>&nbsp;\u00bb, a-t-il expliqu\u00e9.<\/p>\n\n\n\n<p>D\u2019autre part, le procureur g\u00e9n\u00e9ral, a mis en garde contre l\u2019arbitraire, en soulignant que \u00ab&nbsp;<em>la garde \u00e0 vue \u00e9tait une mesure polici\u00e8re, mais sous surveillance judiciaire<\/em>&nbsp;\u00bb. \u00c0 ce titre, il a insist\u00e9 sur l\u2019interdiction de placer en d\u00e9tention des individus pour des affaires civiles, comme les conflits locatifs ou les dettes priv\u00e9es. En somme, la rencontre entre le patron de la justice et ses hommes \u00e9tait n\u00e9cessaire pour que les usagers se sentent v\u00e9ritablement justiciables selon la norme officielle, c\u2019est-\u00e0-dire par le respect des usages judiciaires et non par instinct des officiers de police judiciaire.<\/p>\n\n\n\n<p><strong>J.M<\/strong><\/p>\n","protected":false},"excerpt":{"rendered":"<p>On peut la qualifier de rencontre d\u2019\u00e9dification, celle qu\u2019a eue le procureur g\u00e9n\u00e9ral pr\u00e8s la Cour d\u2019Appel judiciaire de Libreville le 26 mars 2025 avec les officiers de Police Judiciaire au palais de justice de Libreville. En effet, le patron de la justice a tanc\u00e9 les OPJ en leur rappelant \u00e0 l\u2019ordre sur les missions [&hellip;]<\/p>\n","protected":false},"author":5,"featured_media":23820,"comment_status":"open","ping_status":"open","sticky":false,"template":"","format":"standard","meta":{"footnotes":""},"categories":[57,16,55,56],"tags":[],"class_list":["post-23819","post","type-post","status-publish","format-standard","has-post-thumbnail","hentry","category-a-la-une","category-active","category-actualites","category-societe"],"yoast_head":"<!-- This site is optimized with the Yoast SEO plugin v24.2 - https:\/\/yoast.com\/wordpress\/plugins\/seo\/ -->\n<title>Justice\u00a0: Le procureur g\u00e9n\u00e9ral remonte les bretelles aux OPJ - Gabon Nouvelle Vision<\/title>\n<meta name=\"robots\" content=\"index, follow, max-snippet:-1, max-image-preview:large, max-video-preview:-1\" \/>\n<link rel=\"canonical\" href=\"https:\/\/gabonnouvellevision.com\/gnv\/2025\/03\/27\/justice-le-procureur-general-remonte-les-bretelles-aux-opj\/\" \/>\n<meta property=\"og:locale\" content=\"fr_FR\" \/>\n<meta property=\"og:type\" content=\"article\" \/>\n<meta property=\"og:title\" content=\"Justice\u00a0: Le procureur g\u00e9n\u00e9ral remonte les bretelles aux OPJ - Gabon Nouvelle Vision\" \/>\n<meta property=\"og:description\" content=\"On peut la qualifier de rencontre d\u2019\u00e9dification, celle qu\u2019a eue le procureur g\u00e9n\u00e9ral pr\u00e8s la Cour d\u2019Appel judiciaire de Libreville le 26 mars 2025 avec les officiers de Police Judiciaire au palais de justice de Libreville. En effet, le patron de la justice a tanc\u00e9 les OPJ en leur rappelant \u00e0 l\u2019ordre sur les missions [&hellip;]\" \/>\n<meta property=\"og:url\" content=\"https:\/\/gabonnouvellevision.com\/gnv\/2025\/03\/27\/justice-le-procureur-general-remonte-les-bretelles-aux-opj\/\" \/>\n<meta property=\"og:site_name\" content=\"Gabon Nouvelle Vision\" \/>\n<meta property=\"article:publisher\" content=\"https:\/\/www.facebook.com\/GNVofficiel\" \/>\n<meta property=\"article:published_time\" content=\"2025-03-27T13:50:06+00:00\" \/>\n<meta property=\"article:modified_time\" content=\"2025-03-27T13:50:07+00:00\" \/>\n<meta property=\"og:image\" content=\"https:\/\/gabonnouvellevision.com\/gnv\/wp-content\/uploads\/2025\/03\/copijustice.jpg\" \/>\n\t<meta property=\"og:image:width\" content=\"700\" \/>\n\t<meta property=\"og:image:height\" content=\"402\" \/>\n\t<meta property=\"og:image:type\" content=\"image\/jpeg\" \/>\n<meta name=\"author\" content=\"Junior MBOULET\" \/>\n<meta name=\"twitter:card\" content=\"summary_large_image\" \/>\n<meta name=\"twitter:label1\" content=\"\u00c9crit par\" \/>\n\t<meta name=\"twitter:data1\" content=\"Junior MBOULET\" \/>\n\t<meta name=\"twitter:label2\" content=\"Dur\u00e9e de lecture estim\u00e9e\" \/>\n\t<meta name=\"twitter:data2\" content=\"2 minutes\" \/>\n<script type=\"application\/ld+json\" class=\"yoast-schema-graph\">{\"@context\":\"https:\/\/schema.org\",\"@graph\":[{\"@type\":\"Article\",\"@id\":\"https:\/\/gabonnouvellevision.com\/gnv\/2025\/03\/27\/justice-le-procureur-general-remonte-les-bretelles-aux-opj\/#article\",\"isPartOf\":{\"@id\":\"https:\/\/gabonnouvellevision.com\/gnv\/2025\/03\/27\/justice-le-procureur-general-remonte-les-bretelles-aux-opj\/\"},\"author\":{\"name\":\"Junior MBOULET\",\"@id\":\"https:\/\/gabonnouvellevision.com\/gnv\/#\/schema\/person\/747bfb82bd833fb5a5a49e7c5031633d\"},\"headline\":\"Justice\u00a0: Le procureur g\u00e9n\u00e9ral remonte les bretelles aux OPJ\",\"datePublished\":\"2025-03-27T13:50:06+00:00\",\"dateModified\":\"2025-03-27T13:50:07+00:00\",\"mainEntityOfPage\":{\"@id\":\"https:\/\/gabonnouvellevision.com\/gnv\/2025\/03\/27\/justice-le-procureur-general-remonte-les-bretelles-aux-opj\/\"},\"wordCount\":404,\"commentCount\":0,\"publisher\":{\"@id\":\"https:\/\/gabonnouvellevision.com\/gnv\/#organization\"},\"image\":{\"@id\":\"https:\/\/gabonnouvellevision.com\/gnv\/2025\/03\/27\/justice-le-procureur-general-remonte-les-bretelles-aux-opj\/#primaryimage\"},\"thumbnailUrl\":\"https:\/\/gabonnouvellevision.com\/gnv\/wp-content\/uploads\/2025\/03\/copijustice.jpg\",\"articleSection\":[\"A la une\",\"Active\",\"Actualites\",\"Societe\"],\"inLanguage\":\"fr-FR\",\"potentialAction\":[{\"@type\":\"CommentAction\",\"name\":\"Comment\",\"target\":[\"https:\/\/gabonnouvellevision.com\/gnv\/2025\/03\/27\/justice-le-procureur-general-remonte-les-bretelles-aux-opj\/#respond\"]}]},{\"@type\":\"WebPage\",\"@id\":\"https:\/\/gabonnouvellevision.com\/gnv\/2025\/03\/27\/justice-le-procureur-general-remonte-les-bretelles-aux-opj\/\",\"url\":\"https:\/\/gabonnouvellevision.com\/gnv\/2025\/03\/27\/justice-le-procureur-general-remonte-les-bretelles-aux-opj\/\",\"name\":\"Justice\u00a0: Le procureur g\u00e9n\u00e9ral remonte les bretelles aux OPJ - Gabon Nouvelle Vision\",\"isPartOf\":{\"@id\":\"https:\/\/gabonnouvellevision.com\/gnv\/#website\"},\"primaryImageOfPage\":{\"@id\":\"https:\/\/gabonnouvellevision.com\/gnv\/2025\/03\/27\/justice-le-procureur-general-remonte-les-bretelles-aux-opj\/#primaryimage\"},\"image\":{\"@id\":\"https:\/\/gabonnouvellevision.com\/gnv\/2025\/03\/27\/justice-le-procureur-general-remonte-les-bretelles-aux-opj\/#primaryimage\"},\"thumbnailUrl\":\"https:\/\/gabonnouvellevision.com\/gnv\/wp-content\/uploads\/2025\/03\/copijustice.jpg\",\"datePublished\":\"2025-03-27T13:50:06+00:00\",\"dateModified\":\"2025-03-27T13:50:07+00:00\",\"breadcrumb\":{\"@id\":\"https:\/\/gabonnouvellevision.com\/gnv\/2025\/03\/27\/justice-le-procureur-general-remonte-les-bretelles-aux-opj\/#breadcrumb\"},\"inLanguage\":\"fr-FR\",\"potentialAction\":[{\"@type\":\"ReadAction\",\"target\":[\"https:\/\/gabonnouvellevision.com\/gnv\/2025\/03\/27\/justice-le-procureur-general-remonte-les-bretelles-aux-opj\/\"]}]},{\"@type\":\"ImageObject\",\"inLanguage\":\"fr-FR\",\"@id\":\"https:\/\/gabonnouvellevision.com\/gnv\/2025\/03\/27\/justice-le-procureur-general-remonte-les-bretelles-aux-opj\/#primaryimage\",\"url\":\"https:\/\/gabonnouvellevision.com\/gnv\/wp-content\/uploads\/2025\/03\/copijustice.jpg\",\"contentUrl\":\"https:\/\/gabonnouvellevision.com\/gnv\/wp-content\/uploads\/2025\/03\/copijustice.jpg\",\"width\":700,\"height\":402},{\"@type\":\"BreadcrumbList\",\"@id\":\"https:\/\/gabonnouvellevision.com\/gnv\/2025\/03\/27\/justice-le-procureur-general-remonte-les-bretelles-aux-opj\/#breadcrumb\",\"itemListElement\":[{\"@type\":\"ListItem\",\"position\":1,\"name\":\"Accueil\",\"item\":\"https:\/\/gabonnouvellevision.com\/gnv\/\"},{\"@type\":\"ListItem\",\"position\":2,\"name\":\"Justice\u00a0: Le procureur g\u00e9n\u00e9ral remonte les bretelles aux OPJ\"}]},{\"@type\":\"WebSite\",\"@id\":\"https:\/\/gabonnouvellevision.com\/gnv\/#website\",\"url\":\"https:\/\/gabonnouvellevision.com\/gnv\/\",\"name\":\"Gabon Nouvelle Vision\",\"description\":\"\",\"publisher\":{\"@id\":\"https:\/\/gabonnouvellevision.com\/gnv\/#organization\"},\"potentialAction\":[{\"@type\":\"SearchAction\",\"target\":{\"@type\":\"EntryPoint\",\"urlTemplate\":\"https:\/\/gabonnouvellevision.com\/gnv\/?s={search_term_string}\"},\"query-input\":{\"@type\":\"PropertyValueSpecification\",\"valueRequired\":true,\"valueName\":\"search_term_string\"}}],\"inLanguage\":\"fr-FR\"},{\"@type\":\"Organization\",\"@id\":\"https:\/\/gabonnouvellevision.com\/gnv\/#organization\",\"name\":\"Gabon Nouvelle Vision\",\"url\":\"https:\/\/gabonnouvellevision.com\/gnv\/\",\"logo\":{\"@type\":\"ImageObject\",\"inLanguage\":\"fr-FR\",\"@id\":\"https:\/\/gabonnouvellevision.com\/gnv\/#\/schema\/logo\/image\/\",\"url\":\"https:\/\/gabonnouvellevision.com\/gnv\/wp-content\/uploads\/2025\/01\/logo-text_Plan-de-travail-1.png\",\"contentUrl\":\"https:\/\/gabonnouvellevision.com\/gnv\/wp-content\/uploads\/2025\/01\/logo-text_Plan-de-travail-1.png\",\"width\":7169,\"height\":2390,\"caption\":\"Gabon Nouvelle Vision\"},\"image\":{\"@id\":\"https:\/\/gabonnouvellevision.com\/gnv\/#\/schema\/logo\/image\/\"},\"sameAs\":[\"https:\/\/www.facebook.com\/GNVofficiel\"]},{\"@type\":\"Person\",\"@id\":\"https:\/\/gabonnouvellevision.com\/gnv\/#\/schema\/person\/747bfb82bd833fb5a5a49e7c5031633d\",\"name\":\"Junior MBOULET\",\"image\":{\"@type\":\"ImageObject\",\"inLanguage\":\"fr-FR\",\"@id\":\"https:\/\/gabonnouvellevision.com\/gnv\/#\/schema\/person\/image\/\",\"url\":\"https:\/\/secure.gravatar.com\/avatar\/b541278a71f2f5c40b38fff4c93c15b82cf168df8b47ea9d9e97c9c9c716c6f0?s=96&d=mm&r=g\",\"contentUrl\":\"https:\/\/secure.gravatar.com\/avatar\/b541278a71f2f5c40b38fff4c93c15b82cf168df8b47ea9d9e97c9c9c716c6f0?s=96&d=mm&r=g\",\"caption\":\"Junior MBOULET\"},\"url\":\"https:\/\/gabonnouvellevision.com\/gnv\/author\/junior\/\"}]}<\/script>\n<!-- \/ Yoast SEO plugin. -->","yoast_head_json":{"title":"Justice\u00a0: Le procureur g\u00e9n\u00e9ral remonte les bretelles aux OPJ - Gabon Nouvelle Vision","robots":{"index":"index","follow":"follow","max-snippet":"max-snippet:-1","max-image-preview":"max-image-preview:large","max-video-preview":"max-video-preview:-1"},"canonical":"https:\/\/gabonnouvellevision.com\/gnv\/2025\/03\/27\/justice-le-procureur-general-remonte-les-bretelles-aux-opj\/","og_locale":"fr_FR","og_type":"article","og_title":"Justice\u00a0: Le procureur g\u00e9n\u00e9ral remonte les bretelles aux OPJ - Gabon Nouvelle Vision","og_description":"On peut la qualifier de rencontre d\u2019\u00e9dification, celle qu\u2019a eue le procureur g\u00e9n\u00e9ral pr\u00e8s la Cour d\u2019Appel judiciaire de Libreville le 26 mars 2025 avec les officiers de Police Judiciaire au palais de justice de Libreville. En effet, le patron de la justice a tanc\u00e9 les OPJ en leur rappelant \u00e0 l\u2019ordre sur les missions [&hellip;]","og_url":"https:\/\/gabonnouvellevision.com\/gnv\/2025\/03\/27\/justice-le-procureur-general-remonte-les-bretelles-aux-opj\/","og_site_name":"Gabon Nouvelle Vision","article_publisher":"https:\/\/www.facebook.com\/GNVofficiel","article_published_time":"2025-03-27T13:50:06+00:00","article_modified_time":"2025-03-27T13:50:07+00:00","og_image":[{"width":700,"height":402,"url":"https:\/\/gabonnouvellevision.com\/gnv\/wp-content\/uploads\/2025\/03\/copijustice.jpg","type":"image\/jpeg"}],"author":"Junior MBOULET","twitter_card":"summary_large_image","twitter_misc":{"\u00c9crit par":"Junior MBOULET","Dur\u00e9e de lecture estim\u00e9e":"2 minutes"},"schema":{"@context":"https:\/\/schema.org","@graph":[{"@type":"Article","@id":"https:\/\/gabonnouvellevision.com\/gnv\/2025\/03\/27\/justice-le-procureur-general-remonte-les-bretelles-aux-opj\/#article","isPartOf":{"@id":"https:\/\/gabonnouvellevision.com\/gnv\/2025\/03\/27\/justice-le-procureur-general-remonte-les-bretelles-aux-opj\/"},"author":{"name":"Junior MBOULET","@id":"https:\/\/gabonnouvellevision.com\/gnv\/#\/schema\/person\/747bfb82bd833fb5a5a49e7c5031633d"},"headline":"Justice\u00a0: Le procureur g\u00e9n\u00e9ral remonte les bretelles aux OPJ","datePublished":"2025-03-27T13:50:06+00:00","dateModified":"2025-03-27T13:50:07+00:00","mainEntityOfPage":{"@id":"https:\/\/gabonnouvellevision.com\/gnv\/2025\/03\/27\/justice-le-procureur-general-remonte-les-bretelles-aux-opj\/"},"wordCount":404,"commentCount":0,"publisher":{"@id":"https:\/\/gabonnouvellevision.com\/gnv\/#organization"},"image":{"@id":"https:\/\/gabonnouvellevision.com\/gnv\/2025\/03\/27\/justice-le-procureur-general-remonte-les-bretelles-aux-opj\/#primaryimage"},"thumbnailUrl":"https:\/\/gabonnouvellevision.com\/gnv\/wp-content\/uploads\/2025\/03\/copijustice.jpg","articleSection":["A la une","Active","Actualites","Societe"],"inLanguage":"fr-FR","potentialAction":[{"@type":"CommentAction","name":"Comment","target":["https:\/\/gabonnouvellevision.com\/gnv\/2025\/03\/27\/justice-le-procureur-general-remonte-les-bretelles-aux-opj\/#respond"]}]},{"@type":"WebPage","@id":"https:\/\/gabonnouvellevision.com\/gnv\/2025\/03\/27\/justice-le-procureur-general-remonte-les-bretelles-aux-opj\/","url":"https:\/\/gabonnouvellevision.com\/gnv\/2025\/03\/27\/justice-le-procureur-general-remonte-les-bretelles-aux-opj\/","name":"Justice\u00a0: Le procureur g\u00e9n\u00e9ral remonte les bretelles aux OPJ - Gabon Nouvelle Vision","isPartOf":{"@id":"https:\/\/gabonnouvellevision.com\/gnv\/#website"},"primaryImageOfPage":{"@id":"https:\/\/gabonnouvellevision.com\/gnv\/2025\/03\/27\/justice-le-procureur-general-remonte-les-bretelles-aux-opj\/#primaryimage"},"image":{"@id":"https:\/\/gabonnouvellevision.com\/gnv\/2025\/03\/27\/justice-le-procureur-general-remonte-les-bretelles-aux-opj\/#primaryimage"},"thumbnailUrl":"https:\/\/gabonnouvellevision.com\/gnv\/wp-content\/uploads\/2025\/03\/copijustice.jpg","datePublished":"2025-03-27T13:50:06+00:00","dateModified":"2025-03-27T13:50:07+00:00","breadcrumb":{"@id":"https:\/\/gabonnouvellevision.com\/gnv\/2025\/03\/27\/justice-le-procureur-general-remonte-les-bretelles-aux-opj\/#breadcrumb"},"inLanguage":"fr-FR","potentialAction":[{"@type":"ReadAction","target":["https:\/\/gabonnouvellevision.com\/gnv\/2025\/03\/27\/justice-le-procureur-general-remonte-les-bretelles-aux-opj\/"]}]},{"@type":"ImageObject","inLanguage":"fr-FR","@id":"https:\/\/gabonnouvellevision.com\/gnv\/2025\/03\/27\/justice-le-procureur-general-remonte-les-bretelles-aux-opj\/#primaryimage","url":"https:\/\/gabonnouvellevision.com\/gnv\/wp-content\/uploads\/2025\/03\/copijustice.jpg","contentUrl":"https:\/\/gabonnouvellevision.com\/gnv\/wp-content\/uploads\/2025\/03\/copijustice.jpg","width":700,"height":402},{"@type":"BreadcrumbList","@id":"https:\/\/gabonnouvellevision.com\/gnv\/2025\/03\/27\/justice-le-procureur-general-remonte-les-bretelles-aux-opj\/#breadcrumb","itemListElement":[{"@type":"ListItem","position":1,"name":"Accueil","item":"https:\/\/gabonnouvellevision.com\/gnv\/"},{"@type":"ListItem","position":2,"name":"Justice\u00a0: Le procureur g\u00e9n\u00e9ral remonte les bretelles aux OPJ"}]},{"@type":"WebSite","@id":"https:\/\/gabonnouvellevision.com\/gnv\/#website","url":"https:\/\/gabonnouvellevision.com\/gnv\/","name":"Gabon Nouvelle Vision","description":"","publisher":{"@id":"https:\/\/gabonnouvellevision.com\/gnv\/#organization"},"potentialAction":[{"@type":"SearchAction","target":{"@type":"EntryPoint","urlTemplate":"https:\/\/gabonnouvellevision.com\/gnv\/?s={search_term_string}"},"query-input":{"@type":"PropertyValueSpecification","valueRequired":true,"valueName":"search_term_string"}}],"inLanguage":"fr-FR"},{"@type":"Organization","@id":"https:\/\/gabonnouvellevision.com\/gnv\/#organization","name":"Gabon Nouvelle Vision","url":"https:\/\/gabonnouvellevision.com\/gnv\/","logo":{"@type":"ImageObject","inLanguage":"fr-FR","@id":"https:\/\/gabonnouvellevision.com\/gnv\/#\/schema\/logo\/image\/","url":"https:\/\/gabonnouvellevision.com\/gnv\/wp-content\/uploads\/2025\/01\/logo-text_Plan-de-travail-1.png","contentUrl":"https:\/\/gabonnouvellevision.com\/gnv\/wp-content\/uploads\/2025\/01\/logo-text_Plan-de-travail-1.png","width":7169,"height":2390,"caption":"Gabon Nouvelle Vision"},"image":{"@id":"https:\/\/gabonnouvellevision.com\/gnv\/#\/schema\/logo\/image\/"},"sameAs":["https:\/\/www.facebook.com\/GNVofficiel"]},{"@type":"Person","@id":"https:\/\/gabonnouvellevision.com\/gnv\/#\/schema\/person\/747bfb82bd833fb5a5a49e7c5031633d","name":"Junior MBOULET","image":{"@type":"ImageObject","inLanguage":"fr-FR","@id":"https:\/\/gabonnouvellevision.com\/gnv\/#\/schema\/person\/image\/","url":"https:\/\/secure.gravatar.com\/avatar\/b541278a71f2f5c40b38fff4c93c15b82cf168df8b47ea9d9e97c9c9c716c6f0?s=96&d=mm&r=g","contentUrl":"https:\/\/secure.gravatar.com\/avatar\/b541278a71f2f5c40b38fff4c93c15b82cf168df8b47ea9d9e97c9c9c716c6f0?s=96&d=mm&r=g","caption":"Junior MBOULET"},"url":"https:\/\/gabonnouvellevision.com\/gnv\/author\/junior\/"}]}},"_links":{"self":[{"href":"https:\/\/gabonnouvellevision.com\/gnv\/wp-json\/wp\/v2\/posts\/23819","targetHints":{"allow":["GET"]}}],"collection":[{"href":"https:\/\/gabonnouvellevision.com\/gnv\/wp-json\/wp\/v2\/posts"}],"about":[{"href":"https:\/\/gabonnouvellevision.com\/gnv\/wp-json\/wp\/v2\/types\/post"}],"author":[{"embeddable":true,"href":"https:\/\/gabonnouvellevision.com\/gnv\/wp-json\/wp\/v2\/users\/5"}],"replies":[{"embeddable":true,"href":"https:\/\/gabonnouvellevision.com\/gnv\/wp-json\/wp\/v2\/comments?post=23819"}],"version-history":[{"count":1,"href":"https:\/\/gabonnouvellevision.com\/gnv\/wp-json\/wp\/v2\/posts\/23819\/revisions"}],"predecessor-version":[{"id":23821,"href":"https:\/\/gabonnouvellevision.com\/gnv\/wp-json\/wp\/v2\/posts\/23819\/revisions\/23821"}],"wp:featuredmedia":[{"embeddable":true,"href":"https:\/\/gabonnouvellevision.com\/gnv\/wp-json\/wp\/v2\/media\/23820"}],"wp:attachment":[{"href":"https:\/\/gabonnouvellevision.com\/gnv\/wp-json\/wp\/v2\/media?parent=23819"}],"wp:term":[{"taxonomy":"category","embeddable":true,"href":"https:\/\/gabonnouvellevision.com\/gnv\/wp-json\/wp\/v2\/categories?post=23819"},{"taxonomy":"post_tag","embeddable":true,"href":"https:\/\/gabonnouvellevision.com\/gnv\/wp-json\/wp\/v2\/tags?post=23819"}],"curies":[{"name":"wp","href":"https:\/\/api.w.org\/{rel}","templated":true}]}}