{"id":23794,"date":"2025-03-20T10:17:39","date_gmt":"2025-03-20T09:17:39","guid":{"rendered":"https:\/\/gabonnouvellevision.com\/gnv\/?p=23794"},"modified":"2025-03-20T10:17:41","modified_gmt":"2025-03-20T09:17:41","slug":"mouvement-de-reveil-le-pasteur-gaspard-obiang-elu-president-des-communautes-pentecotistes","status":"publish","type":"post","link":"https:\/\/gabonnouvellevision.com\/gnv\/2025\/03\/20\/mouvement-de-reveil-le-pasteur-gaspard-obiang-elu-president-des-communautes-pentecotistes\/","title":{"rendered":"Mouvement de r\u00e9veil\u00a0: le pasteur Gaspard Obiang \u00e9lu pr\u00e9sident des Communaut\u00e9s pentec\u00f4tistes"},"content":{"rendered":"\n<p>le Premier Ministre de Transition, Raymond Ndong Sima (au centre), attentif \u00e0 l\u2019adoption des textes constitutifs du CNEPER, sous le regard inquisiteur du Pasteur-Pr\u00e9sident, Gaspard Obiang.<\/p>\n\n\n\n<p><strong><em>En conclave \u00e0 Libreville, du 10 au 16 mars 2025, dans la cadre des Assises nationales du Corps de Christ, les responsables des conf\u00e9d\u00e9rations, f\u00e9d\u00e9rations, communaut\u00e9s et \u00e9glises dites de r\u00e9veil du Gabon, viennent d\u2019adopter les textes constituant officiellement le Conseil national des Eglises pentec\u00f4tistes, \u00e9vang\u00e9liques et de r\u00e9veil, en abr\u00e9g\u00e9 CNEPER<\/em><\/strong>.<\/p>\n\n\n\n<p>&nbsp;A l\u2019issue de ces assises, les centaines des serviteurs et servantes de Dieu r\u00e9unis \u00e0 P\u00e9niel, somptueux site, si\u00e8ge des Assembl\u00e9es de dieu du Gabon, ont port\u00e9 \u00e0 la t\u00eate de l\u2019organisation, le Pasteur Gaspard Obiang, qui a conduit le bureau provisoire du CNEPER, mis en place \u00e0 l\u2019issue des Assises nationales de l\u2019Eglise de mars 2024<strong><em>.<\/em><\/strong><\/p>\n\n\n\n<p>La c\u00e9r\u00e9monie d\u2019installation du nouveau pr\u00e9sident du CNEPER et ses adjoints, ainsi que du Conseil des Anciens, pr\u00e9sid\u00e9 par l\u2019ap\u00f4tre Jude Benjamin Ngoua, a eu lieu, dimanche 16 mars dernier, en apr\u00e8s-midi, en pr\u00e9sence du Premier Ministre de la Transition, Raymond Ndong Sima, qui s\u2019est r\u00e9joui du fait que les communaut\u00e9s chr\u00e9tiennes de r\u00e9veil puissent d\u00e9sormais parler d\u2019une seule voix.<\/p>\n\n\n\n<p>Dans son mot de circonstance, la pasteur Gaspard Obiang a prononc\u00e9 un pr\u00eache sur le c\u0153ur de la foi chr\u00e9tienne, qui est l\u2019amour. Cette ode \u00e0 l\u2019amour sera, selon lui, la vision m\u00eame de son mandat, qui est de trois ans, \u00e0 la t\u00eate du Conseil des Eglises, orient\u00e9e vers la rigueur, la restauration de l\u2019\u00e9thique chr\u00e9tienne et l\u2019\u00e9panouissement des communaut\u00e9s et le soutien aux faibles. Il a ainsi invit\u00e9 les chr\u00e9tiens \u00e0 former un corps, \u00e0 opposer \u00e0 tout ce qui milite contre la dignit\u00e9 et le bien-\u00eatre des citoyens, insistant sur l\u2019exemple de J\u00e9sus-Christ, qui est le mod\u00e8le parfait de l\u2019amour, Dieu \u00e9tant amour.<\/p>\n\n\n\n<p>Pour l\u2019\u00e9lection du directoire du CNEPER, deux listes \u00e9taient en comp\u00e9tition, celle conduite par le pasteur Aristide Mamfoumbi, a obtenu 60 voix sur 310 suffrages exprim\u00e9s par les repr\u00e9sentants des f\u00e9d\u00e9rations, soit 22,22% des voix. La liste conduite par le pasteur gaspard Obiang, elle, a obtenu 210 voix, soit 77,78% des suffrages exprim\u00e9s.<\/p>\n\n\n\n<p>Le pasteur Aristide a f\u00e9licit\u00e9 le nouveau pr\u00e9sident et tous deux ont convenus de travailler ensemble dans la promotion des int\u00e9r\u00eats, bien compris, du Corps de Christ. Il a \u00e9t\u00e9 remarqu\u00e9, l\u2019absence de l\u2019Alliance Chr\u00e9tienne \u00e0 ces assises. Elle se r\u00e9clame, semble-t-il, une communaut\u00e9 s\u0153ur distincte, ayant d\u00e9j\u00e0 un statut particulier, tout comme l\u2019Eglise Evang\u00e9lique du Gabon.<\/p>\n\n\n\n<p><strong>Pasteur Fid\u00e8le Biteghe<\/strong><\/p>\n","protected":false},"excerpt":{"rendered":"<p>le Premier Ministre de Transition, Raymond Ndong Sima (au centre), attentif \u00e0 l\u2019adoption des textes constitutifs du CNEPER, sous le regard inquisiteur du Pasteur-Pr\u00e9sident, Gaspard Obiang. En conclave \u00e0 Libreville, du 10 au 16 mars 2025, dans la cadre des Assises nationales du Corps de Christ, les responsables des conf\u00e9d\u00e9rations, f\u00e9d\u00e9rations, communaut\u00e9s et \u00e9glises dites [&hellip;]<\/p>\n","protected":false},"author":7,"featured_media":23795,"comment_status":"open","ping_status":"open","sticky":false,"template":"","format":"standard","meta":{"footnotes":""},"categories":[1],"tags":[],"class_list":["post-23794","post","type-post","status-publish","format-standard","has-post-thumbnail","hentry","category-non-classe"],"yoast_head":"<!-- This site is optimized with the Yoast SEO plugin v24.2 - https:\/\/yoast.com\/wordpress\/plugins\/seo\/ -->\n<title>Mouvement de r\u00e9veil\u00a0: le pasteur Gaspard Obiang \u00e9lu pr\u00e9sident des Communaut\u00e9s pentec\u00f4tistes - Gabon Nouvelle Vision<\/title>\n<meta name=\"robots\" content=\"index, follow, max-snippet:-1, max-image-preview:large, max-video-preview:-1\" \/>\n<link rel=\"canonical\" href=\"https:\/\/gabonnouvellevision.com\/gnv\/2025\/03\/20\/mouvement-de-reveil-le-pasteur-gaspard-obiang-elu-president-des-communautes-pentecotistes\/\" \/>\n<meta property=\"og:locale\" content=\"fr_FR\" \/>\n<meta property=\"og:type\" content=\"article\" \/>\n<meta property=\"og:title\" content=\"Mouvement de r\u00e9veil\u00a0: le pasteur Gaspard Obiang \u00e9lu pr\u00e9sident des Communaut\u00e9s pentec\u00f4tistes - Gabon Nouvelle Vision\" \/>\n<meta property=\"og:description\" content=\"le Premier Ministre de Transition, Raymond Ndong Sima (au centre), attentif \u00e0 l\u2019adoption des textes constitutifs du CNEPER, sous le regard inquisiteur du Pasteur-Pr\u00e9sident, Gaspard Obiang. En conclave \u00e0 Libreville, du 10 au 16 mars 2025, dans la cadre des Assises nationales du Corps de Christ, les responsables des conf\u00e9d\u00e9rations, f\u00e9d\u00e9rations, communaut\u00e9s et \u00e9glises dites [&hellip;]\" \/>\n<meta property=\"og:url\" content=\"https:\/\/gabonnouvellevision.com\/gnv\/2025\/03\/20\/mouvement-de-reveil-le-pasteur-gaspard-obiang-elu-president-des-communautes-pentecotistes\/\" \/>\n<meta property=\"og:site_name\" content=\"Gabon Nouvelle Vision\" \/>\n<meta property=\"article:publisher\" content=\"https:\/\/www.facebook.com\/GNVofficiel\" \/>\n<meta property=\"article:published_time\" content=\"2025-03-20T09:17:39+00:00\" \/>\n<meta property=\"article:modified_time\" content=\"2025-03-20T09:17:41+00:00\" \/>\n<meta property=\"og:image\" content=\"https:\/\/gabonnouvellevision.com\/gnv\/wp-content\/uploads\/2025\/03\/WhatsApp-Image-2025-03-19-a-17.18.53_d238f6e7-2.jpg\" \/>\n\t<meta property=\"og:image:width\" content=\"636\" \/>\n\t<meta property=\"og:image:height\" content=\"406\" \/>\n\t<meta property=\"og:image:type\" content=\"image\/jpeg\" \/>\n<meta name=\"author\" content=\"Eyeng Obame\" \/>\n<meta name=\"twitter:card\" content=\"summary_large_image\" \/>\n<meta name=\"twitter:label1\" content=\"\u00c9crit par\" \/>\n\t<meta name=\"twitter:data1\" content=\"Eyeng Obame\" \/>\n\t<meta name=\"twitter:label2\" content=\"Dur\u00e9e de lecture estim\u00e9e\" \/>\n\t<meta name=\"twitter:data2\" content=\"3 minutes\" \/>\n<script type=\"application\/ld+json\" class=\"yoast-schema-graph\">{\"@context\":\"https:\/\/schema.org\",\"@graph\":[{\"@type\":\"Article\",\"@id\":\"https:\/\/gabonnouvellevision.com\/gnv\/2025\/03\/20\/mouvement-de-reveil-le-pasteur-gaspard-obiang-elu-president-des-communautes-pentecotistes\/#article\",\"isPartOf\":{\"@id\":\"https:\/\/gabonnouvellevision.com\/gnv\/2025\/03\/20\/mouvement-de-reveil-le-pasteur-gaspard-obiang-elu-president-des-communautes-pentecotistes\/\"},\"author\":{\"name\":\"Eyeng Obame\",\"@id\":\"https:\/\/gabonnouvellevision.com\/gnv\/#\/schema\/person\/4b48e07d222f83c0285affc3704bc899\"},\"headline\":\"Mouvement de r\u00e9veil\u00a0: le pasteur Gaspard Obiang \u00e9lu pr\u00e9sident des Communaut\u00e9s pentec\u00f4tistes\",\"datePublished\":\"2025-03-20T09:17:39+00:00\",\"dateModified\":\"2025-03-20T09:17:41+00:00\",\"mainEntityOfPage\":{\"@id\":\"https:\/\/gabonnouvellevision.com\/gnv\/2025\/03\/20\/mouvement-de-reveil-le-pasteur-gaspard-obiang-elu-president-des-communautes-pentecotistes\/\"},\"wordCount\":486,\"commentCount\":0,\"publisher\":{\"@id\":\"https:\/\/gabonnouvellevision.com\/gnv\/#organization\"},\"image\":{\"@id\":\"https:\/\/gabonnouvellevision.com\/gnv\/2025\/03\/20\/mouvement-de-reveil-le-pasteur-gaspard-obiang-elu-president-des-communautes-pentecotistes\/#primaryimage\"},\"thumbnailUrl\":\"https:\/\/gabonnouvellevision.com\/gnv\/wp-content\/uploads\/2025\/03\/WhatsApp-Image-2025-03-19-a-17.18.53_d238f6e7-2.jpg\",\"inLanguage\":\"fr-FR\",\"potentialAction\":[{\"@type\":\"CommentAction\",\"name\":\"Comment\",\"target\":[\"https:\/\/gabonnouvellevision.com\/gnv\/2025\/03\/20\/mouvement-de-reveil-le-pasteur-gaspard-obiang-elu-president-des-communautes-pentecotistes\/#respond\"]}]},{\"@type\":\"WebPage\",\"@id\":\"https:\/\/gabonnouvellevision.com\/gnv\/2025\/03\/20\/mouvement-de-reveil-le-pasteur-gaspard-obiang-elu-president-des-communautes-pentecotistes\/\",\"url\":\"https:\/\/gabonnouvellevision.com\/gnv\/2025\/03\/20\/mouvement-de-reveil-le-pasteur-gaspard-obiang-elu-president-des-communautes-pentecotistes\/\",\"name\":\"Mouvement de r\u00e9veil\u00a0: le pasteur Gaspard Obiang \u00e9lu pr\u00e9sident des Communaut\u00e9s pentec\u00f4tistes - Gabon Nouvelle Vision\",\"isPartOf\":{\"@id\":\"https:\/\/gabonnouvellevision.com\/gnv\/#website\"},\"primaryImageOfPage\":{\"@id\":\"https:\/\/gabonnouvellevision.com\/gnv\/2025\/03\/20\/mouvement-de-reveil-le-pasteur-gaspard-obiang-elu-president-des-communautes-pentecotistes\/#primaryimage\"},\"image\":{\"@id\":\"https:\/\/gabonnouvellevision.com\/gnv\/2025\/03\/20\/mouvement-de-reveil-le-pasteur-gaspard-obiang-elu-president-des-communautes-pentecotistes\/#primaryimage\"},\"thumbnailUrl\":\"https:\/\/gabonnouvellevision.com\/gnv\/wp-content\/uploads\/2025\/03\/WhatsApp-Image-2025-03-19-a-17.18.53_d238f6e7-2.jpg\",\"datePublished\":\"2025-03-20T09:17:39+00:00\",\"dateModified\":\"2025-03-20T09:17:41+00:00\",\"breadcrumb\":{\"@id\":\"https:\/\/gabonnouvellevision.com\/gnv\/2025\/03\/20\/mouvement-de-reveil-le-pasteur-gaspard-obiang-elu-president-des-communautes-pentecotistes\/#breadcrumb\"},\"inLanguage\":\"fr-FR\",\"potentialAction\":[{\"@type\":\"ReadAction\",\"target\":[\"https:\/\/gabonnouvellevision.com\/gnv\/2025\/03\/20\/mouvement-de-reveil-le-pasteur-gaspard-obiang-elu-president-des-communautes-pentecotistes\/\"]}]},{\"@type\":\"ImageObject\",\"inLanguage\":\"fr-FR\",\"@id\":\"https:\/\/gabonnouvellevision.com\/gnv\/2025\/03\/20\/mouvement-de-reveil-le-pasteur-gaspard-obiang-elu-president-des-communautes-pentecotistes\/#primaryimage\",\"url\":\"https:\/\/gabonnouvellevision.com\/gnv\/wp-content\/uploads\/2025\/03\/WhatsApp-Image-2025-03-19-a-17.18.53_d238f6e7-2.jpg\",\"contentUrl\":\"https:\/\/gabonnouvellevision.com\/gnv\/wp-content\/uploads\/2025\/03\/WhatsApp-Image-2025-03-19-a-17.18.53_d238f6e7-2.jpg\",\"width\":636,\"height\":406},{\"@type\":\"BreadcrumbList\",\"@id\":\"https:\/\/gabonnouvellevision.com\/gnv\/2025\/03\/20\/mouvement-de-reveil-le-pasteur-gaspard-obiang-elu-president-des-communautes-pentecotistes\/#breadcrumb\",\"itemListElement\":[{\"@type\":\"ListItem\",\"position\":1,\"name\":\"Accueil\",\"item\":\"https:\/\/gabonnouvellevision.com\/gnv\/\"},{\"@type\":\"ListItem\",\"position\":2,\"name\":\"Mouvement de r\u00e9veil\u00a0: le pasteur Gaspard Obiang \u00e9lu pr\u00e9sident des Communaut\u00e9s pentec\u00f4tistes\"}]},{\"@type\":\"WebSite\",\"@id\":\"https:\/\/gabonnouvellevision.com\/gnv\/#website\",\"url\":\"https:\/\/gabonnouvellevision.com\/gnv\/\",\"name\":\"Gabon Nouvelle Vision\",\"description\":\"\",\"publisher\":{\"@id\":\"https:\/\/gabonnouvellevision.com\/gnv\/#organization\"},\"potentialAction\":[{\"@type\":\"SearchAction\",\"target\":{\"@type\":\"EntryPoint\",\"urlTemplate\":\"https:\/\/gabonnouvellevision.com\/gnv\/?s={search_term_string}\"},\"query-input\":{\"@type\":\"PropertyValueSpecification\",\"valueRequired\":true,\"valueName\":\"search_term_string\"}}],\"inLanguage\":\"fr-FR\"},{\"@type\":\"Organization\",\"@id\":\"https:\/\/gabonnouvellevision.com\/gnv\/#organization\",\"name\":\"Gabon Nouvelle Vision\",\"url\":\"https:\/\/gabonnouvellevision.com\/gnv\/\",\"logo\":{\"@type\":\"ImageObject\",\"inLanguage\":\"fr-FR\",\"@id\":\"https:\/\/gabonnouvellevision.com\/gnv\/#\/schema\/logo\/image\/\",\"url\":\"https:\/\/gabonnouvellevision.com\/gnv\/wp-content\/uploads\/2025\/01\/logo-text_Plan-de-travail-1.png\",\"contentUrl\":\"https:\/\/gabonnouvellevision.com\/gnv\/wp-content\/uploads\/2025\/01\/logo-text_Plan-de-travail-1.png\",\"width\":7169,\"height\":2390,\"caption\":\"Gabon Nouvelle Vision\"},\"image\":{\"@id\":\"https:\/\/gabonnouvellevision.com\/gnv\/#\/schema\/logo\/image\/\"},\"sameAs\":[\"https:\/\/www.facebook.com\/GNVofficiel\"]},{\"@type\":\"Person\",\"@id\":\"https:\/\/gabonnouvellevision.com\/gnv\/#\/schema\/person\/4b48e07d222f83c0285affc3704bc899\",\"name\":\"Eyeng Obame\",\"image\":{\"@type\":\"ImageObject\",\"inLanguage\":\"fr-FR\",\"@id\":\"https:\/\/gabonnouvellevision.com\/gnv\/#\/schema\/person\/image\/\",\"url\":\"https:\/\/secure.gravatar.com\/avatar\/167bc03b8baf3c77318a47159f80871de6f5a6cbf4bc8b6af750fbc1a369d7bf?s=96&d=mm&r=g\",\"contentUrl\":\"https:\/\/secure.gravatar.com\/avatar\/167bc03b8baf3c77318a47159f80871de6f5a6cbf4bc8b6af750fbc1a369d7bf?s=96&d=mm&r=g\",\"caption\":\"Eyeng Obame\"},\"url\":\"https:\/\/gabonnouvellevision.com\/gnv\/author\/rufin\/\"}]}<\/script>\n<!-- \/ Yoast SEO plugin. -->","yoast_head_json":{"title":"Mouvement de r\u00e9veil\u00a0: le pasteur Gaspard Obiang \u00e9lu pr\u00e9sident des Communaut\u00e9s pentec\u00f4tistes - Gabon Nouvelle Vision","robots":{"index":"index","follow":"follow","max-snippet":"max-snippet:-1","max-image-preview":"max-image-preview:large","max-video-preview":"max-video-preview:-1"},"canonical":"https:\/\/gabonnouvellevision.com\/gnv\/2025\/03\/20\/mouvement-de-reveil-le-pasteur-gaspard-obiang-elu-president-des-communautes-pentecotistes\/","og_locale":"fr_FR","og_type":"article","og_title":"Mouvement de r\u00e9veil\u00a0: le pasteur Gaspard Obiang \u00e9lu pr\u00e9sident des Communaut\u00e9s pentec\u00f4tistes - Gabon Nouvelle Vision","og_description":"le Premier Ministre de Transition, Raymond Ndong Sima (au centre), attentif \u00e0 l\u2019adoption des textes constitutifs du CNEPER, sous le regard inquisiteur du Pasteur-Pr\u00e9sident, Gaspard Obiang. En conclave \u00e0 Libreville, du 10 au 16 mars 2025, dans la cadre des Assises nationales du Corps de Christ, les responsables des conf\u00e9d\u00e9rations, f\u00e9d\u00e9rations, communaut\u00e9s et \u00e9glises dites [&hellip;]","og_url":"https:\/\/gabonnouvellevision.com\/gnv\/2025\/03\/20\/mouvement-de-reveil-le-pasteur-gaspard-obiang-elu-president-des-communautes-pentecotistes\/","og_site_name":"Gabon Nouvelle Vision","article_publisher":"https:\/\/www.facebook.com\/GNVofficiel","article_published_time":"2025-03-20T09:17:39+00:00","article_modified_time":"2025-03-20T09:17:41+00:00","og_image":[{"width":636,"height":406,"url":"https:\/\/gabonnouvellevision.com\/gnv\/wp-content\/uploads\/2025\/03\/WhatsApp-Image-2025-03-19-a-17.18.53_d238f6e7-2.jpg","type":"image\/jpeg"}],"author":"Eyeng Obame","twitter_card":"summary_large_image","twitter_misc":{"\u00c9crit par":"Eyeng Obame","Dur\u00e9e de lecture estim\u00e9e":"3 minutes"},"schema":{"@context":"https:\/\/schema.org","@graph":[{"@type":"Article","@id":"https:\/\/gabonnouvellevision.com\/gnv\/2025\/03\/20\/mouvement-de-reveil-le-pasteur-gaspard-obiang-elu-president-des-communautes-pentecotistes\/#article","isPartOf":{"@id":"https:\/\/gabonnouvellevision.com\/gnv\/2025\/03\/20\/mouvement-de-reveil-le-pasteur-gaspard-obiang-elu-president-des-communautes-pentecotistes\/"},"author":{"name":"Eyeng Obame","@id":"https:\/\/gabonnouvellevision.com\/gnv\/#\/schema\/person\/4b48e07d222f83c0285affc3704bc899"},"headline":"Mouvement de r\u00e9veil\u00a0: le pasteur Gaspard Obiang \u00e9lu pr\u00e9sident des Communaut\u00e9s pentec\u00f4tistes","datePublished":"2025-03-20T09:17:39+00:00","dateModified":"2025-03-20T09:17:41+00:00","mainEntityOfPage":{"@id":"https:\/\/gabonnouvellevision.com\/gnv\/2025\/03\/20\/mouvement-de-reveil-le-pasteur-gaspard-obiang-elu-president-des-communautes-pentecotistes\/"},"wordCount":486,"commentCount":0,"publisher":{"@id":"https:\/\/gabonnouvellevision.com\/gnv\/#organization"},"image":{"@id":"https:\/\/gabonnouvellevision.com\/gnv\/2025\/03\/20\/mouvement-de-reveil-le-pasteur-gaspard-obiang-elu-president-des-communautes-pentecotistes\/#primaryimage"},"thumbnailUrl":"https:\/\/gabonnouvellevision.com\/gnv\/wp-content\/uploads\/2025\/03\/WhatsApp-Image-2025-03-19-a-17.18.53_d238f6e7-2.jpg","inLanguage":"fr-FR","potentialAction":[{"@type":"CommentAction","name":"Comment","target":["https:\/\/gabonnouvellevision.com\/gnv\/2025\/03\/20\/mouvement-de-reveil-le-pasteur-gaspard-obiang-elu-president-des-communautes-pentecotistes\/#respond"]}]},{"@type":"WebPage","@id":"https:\/\/gabonnouvellevision.com\/gnv\/2025\/03\/20\/mouvement-de-reveil-le-pasteur-gaspard-obiang-elu-president-des-communautes-pentecotistes\/","url":"https:\/\/gabonnouvellevision.com\/gnv\/2025\/03\/20\/mouvement-de-reveil-le-pasteur-gaspard-obiang-elu-president-des-communautes-pentecotistes\/","name":"Mouvement de r\u00e9veil\u00a0: le pasteur Gaspard Obiang \u00e9lu pr\u00e9sident des Communaut\u00e9s pentec\u00f4tistes - Gabon Nouvelle Vision","isPartOf":{"@id":"https:\/\/gabonnouvellevision.com\/gnv\/#website"},"primaryImageOfPage":{"@id":"https:\/\/gabonnouvellevision.com\/gnv\/2025\/03\/20\/mouvement-de-reveil-le-pasteur-gaspard-obiang-elu-president-des-communautes-pentecotistes\/#primaryimage"},"image":{"@id":"https:\/\/gabonnouvellevision.com\/gnv\/2025\/03\/20\/mouvement-de-reveil-le-pasteur-gaspard-obiang-elu-president-des-communautes-pentecotistes\/#primaryimage"},"thumbnailUrl":"https:\/\/gabonnouvellevision.com\/gnv\/wp-content\/uploads\/2025\/03\/WhatsApp-Image-2025-03-19-a-17.18.53_d238f6e7-2.jpg","datePublished":"2025-03-20T09:17:39+00:00","dateModified":"2025-03-20T09:17:41+00:00","breadcrumb":{"@id":"https:\/\/gabonnouvellevision.com\/gnv\/2025\/03\/20\/mouvement-de-reveil-le-pasteur-gaspard-obiang-elu-president-des-communautes-pentecotistes\/#breadcrumb"},"inLanguage":"fr-FR","potentialAction":[{"@type":"ReadAction","target":["https:\/\/gabonnouvellevision.com\/gnv\/2025\/03\/20\/mouvement-de-reveil-le-pasteur-gaspard-obiang-elu-president-des-communautes-pentecotistes\/"]}]},{"@type":"ImageObject","inLanguage":"fr-FR","@id":"https:\/\/gabonnouvellevision.com\/gnv\/2025\/03\/20\/mouvement-de-reveil-le-pasteur-gaspard-obiang-elu-president-des-communautes-pentecotistes\/#primaryimage","url":"https:\/\/gabonnouvellevision.com\/gnv\/wp-content\/uploads\/2025\/03\/WhatsApp-Image-2025-03-19-a-17.18.53_d238f6e7-2.jpg","contentUrl":"https:\/\/gabonnouvellevision.com\/gnv\/wp-content\/uploads\/2025\/03\/WhatsApp-Image-2025-03-19-a-17.18.53_d238f6e7-2.jpg","width":636,"height":406},{"@type":"BreadcrumbList","@id":"https:\/\/gabonnouvellevision.com\/gnv\/2025\/03\/20\/mouvement-de-reveil-le-pasteur-gaspard-obiang-elu-president-des-communautes-pentecotistes\/#breadcrumb","itemListElement":[{"@type":"ListItem","position":1,"name":"Accueil","item":"https:\/\/gabonnouvellevision.com\/gnv\/"},{"@type":"ListItem","position":2,"name":"Mouvement de r\u00e9veil\u00a0: le pasteur Gaspard Obiang \u00e9lu pr\u00e9sident des Communaut\u00e9s pentec\u00f4tistes"}]},{"@type":"WebSite","@id":"https:\/\/gabonnouvellevision.com\/gnv\/#website","url":"https:\/\/gabonnouvellevision.com\/gnv\/","name":"Gabon Nouvelle Vision","description":"","publisher":{"@id":"https:\/\/gabonnouvellevision.com\/gnv\/#organization"},"potentialAction":[{"@type":"SearchAction","target":{"@type":"EntryPoint","urlTemplate":"https:\/\/gabonnouvellevision.com\/gnv\/?s={search_term_string}"},"query-input":{"@type":"PropertyValueSpecification","valueRequired":true,"valueName":"search_term_string"}}],"inLanguage":"fr-FR"},{"@type":"Organization","@id":"https:\/\/gabonnouvellevision.com\/gnv\/#organization","name":"Gabon Nouvelle Vision","url":"https:\/\/gabonnouvellevision.com\/gnv\/","logo":{"@type":"ImageObject","inLanguage":"fr-FR","@id":"https:\/\/gabonnouvellevision.com\/gnv\/#\/schema\/logo\/image\/","url":"https:\/\/gabonnouvellevision.com\/gnv\/wp-content\/uploads\/2025\/01\/logo-text_Plan-de-travail-1.png","contentUrl":"https:\/\/gabonnouvellevision.com\/gnv\/wp-content\/uploads\/2025\/01\/logo-text_Plan-de-travail-1.png","width":7169,"height":2390,"caption":"Gabon Nouvelle Vision"},"image":{"@id":"https:\/\/gabonnouvellevision.com\/gnv\/#\/schema\/logo\/image\/"},"sameAs":["https:\/\/www.facebook.com\/GNVofficiel"]},{"@type":"Person","@id":"https:\/\/gabonnouvellevision.com\/gnv\/#\/schema\/person\/4b48e07d222f83c0285affc3704bc899","name":"Eyeng Obame","image":{"@type":"ImageObject","inLanguage":"fr-FR","@id":"https:\/\/gabonnouvellevision.com\/gnv\/#\/schema\/person\/image\/","url":"https:\/\/secure.gravatar.com\/avatar\/167bc03b8baf3c77318a47159f80871de6f5a6cbf4bc8b6af750fbc1a369d7bf?s=96&d=mm&r=g","contentUrl":"https:\/\/secure.gravatar.com\/avatar\/167bc03b8baf3c77318a47159f80871de6f5a6cbf4bc8b6af750fbc1a369d7bf?s=96&d=mm&r=g","caption":"Eyeng Obame"},"url":"https:\/\/gabonnouvellevision.com\/gnv\/author\/rufin\/"}]}},"_links":{"self":[{"href":"https:\/\/gabonnouvellevision.com\/gnv\/wp-json\/wp\/v2\/posts\/23794","targetHints":{"allow":["GET"]}}],"collection":[{"href":"https:\/\/gabonnouvellevision.com\/gnv\/wp-json\/wp\/v2\/posts"}],"about":[{"href":"https:\/\/gabonnouvellevision.com\/gnv\/wp-json\/wp\/v2\/types\/post"}],"author":[{"embeddable":true,"href":"https:\/\/gabonnouvellevision.com\/gnv\/wp-json\/wp\/v2\/users\/7"}],"replies":[{"embeddable":true,"href":"https:\/\/gabonnouvellevision.com\/gnv\/wp-json\/wp\/v2\/comments?post=23794"}],"version-history":[{"count":1,"href":"https:\/\/gabonnouvellevision.com\/gnv\/wp-json\/wp\/v2\/posts\/23794\/revisions"}],"predecessor-version":[{"id":23796,"href":"https:\/\/gabonnouvellevision.com\/gnv\/wp-json\/wp\/v2\/posts\/23794\/revisions\/23796"}],"wp:featuredmedia":[{"embeddable":true,"href":"https:\/\/gabonnouvellevision.com\/gnv\/wp-json\/wp\/v2\/media\/23795"}],"wp:attachment":[{"href":"https:\/\/gabonnouvellevision.com\/gnv\/wp-json\/wp\/v2\/media?parent=23794"}],"wp:term":[{"taxonomy":"category","embeddable":true,"href":"https:\/\/gabonnouvellevision.com\/gnv\/wp-json\/wp\/v2\/categories?post=23794"},{"taxonomy":"post_tag","embeddable":true,"href":"https:\/\/gabonnouvellevision.com\/gnv\/wp-json\/wp\/v2\/tags?post=23794"}],"curies":[{"name":"wp","href":"https:\/\/api.w.org\/{rel}","templated":true}]}}