{"id":23769,"date":"2025-03-17T16:00:37","date_gmt":"2025-03-17T15:00:37","guid":{"rendered":"https:\/\/gabonnouvellevision.com\/gnv\/?p=23769"},"modified":"2025-03-17T16:08:38","modified_gmt":"2025-03-17T15:08:38","slug":"la-jeune-elite-en-marche-du-2eme-arrondissement-de-libreville-soutient-le-candidat-oligui-nguema","status":"publish","type":"post","link":"https:\/\/gabonnouvellevision.com\/gnv\/2025\/03\/17\/la-jeune-elite-en-marche-du-2eme-arrondissement-de-libreville-soutient-le-candidat-oligui-nguema\/","title":{"rendered":"La jeune \u00e9lite en Marche du 2\u00e8me arrondissement de Libreville soutient le candidat Oligui Nguema"},"content":{"rendered":"\n<p><strong>Le Pr\u00e9sident de la plate-forme associative &nbsp;\u00bbEn marche du 2\u00e8me arrondissement&nbsp;\u00bb de la commune de Libreville, Eric Casimir Mebiame Me-Ndong, est plus que d\u00e9termin\u00e9 \u00e0 lutter contre les pratiques qui polluent les \u00e9lections au Gabon<\/strong>.<\/p>\n\n\n\n<p><em><strong>La plate-forme de la&nbsp; jeune \u00e9lite \u2018\u2019En marche du 2\u00e8me arrondissement de la commune de Libreville\u2019\u2019 soutient avec armes et bagages la candidature de Brice Clotaire Oligui Nguema \u00e0 la pr\u00e9sidentielle du 12 avril prochain au Gabon tout en int\u00e9grant le mouvement des \u2018\u2019B\u00e2tisseurs\u2019\u2019. Annonce faite le Week end-\u00e9coul\u00e9 \u00e0 son \u00e9tat-major de derri\u00e8re la Station de Nkembo.<\/strong><\/em><\/p>\n\n\n\n<figure class=\"wp-block-image size-large\"><img fetchpriority=\"high\" decoding=\"async\" width=\"1024\" height=\"768\" src=\"data:image\/gif;base64,R0lGODlhAQABAAAAACH5BAEKAAEALAAAAAABAAEAAAICTAEAOw==\" data-src=\"https:\/\/gabonnouvellevision.com\/gnv\/wp-content\/uploads\/2025\/03\/WhatsApp-Image-2025-03-15-a-17.03.50_fc11894e-1024x768.jpg\" alt=\"\" class=\"wp-image-23773 lazyload\" data-sizes=\"auto\" data-srcset=\"https:\/\/gabonnouvellevision.com\/gnv\/wp-content\/uploads\/2025\/03\/WhatsApp-Image-2025-03-15-a-17.03.50_fc11894e-1024x768.jpg 1024w, https:\/\/gabonnouvellevision.com\/gnv\/wp-content\/uploads\/2025\/03\/WhatsApp-Image-2025-03-15-a-17.03.50_fc11894e-300x225.jpg 300w, https:\/\/gabonnouvellevision.com\/gnv\/wp-content\/uploads\/2025\/03\/WhatsApp-Image-2025-03-15-a-17.03.50_fc11894e-768x576.jpg 768w, https:\/\/gabonnouvellevision.com\/gnv\/wp-content\/uploads\/2025\/03\/WhatsApp-Image-2025-03-15-a-17.03.50_fc11894e-680x510.jpg 680w, https:\/\/gabonnouvellevision.com\/gnv\/wp-content\/uploads\/2025\/03\/WhatsApp-Image-2025-03-15-a-17.03.50_fc11894e-200x150.jpg 200w, https:\/\/gabonnouvellevision.com\/gnv\/wp-content\/uploads\/2025\/03\/WhatsApp-Image-2025-03-15-a-17.03.50_fc11894e-20x15.jpg 20w, https:\/\/gabonnouvellevision.com\/gnv\/wp-content\/uploads\/2025\/03\/WhatsApp-Image-2025-03-15-a-17.03.50_fc11894e.jpg 1040w\" sizes=\"(max-width: 1024px) 100vw, 1024px\" \/><\/figure>\n\n\n\n<p>Les membres de la plate-forme \u00a0\u00bb En marche du 2\u00e8me arrondissement de la commune de Libreville attentifs aux propos de leur Pr\u00e9sident, Eric Casimir Mebiame Me-Ndong, samedi 15 mars 2025 derri\u00e8re la station de Sotega-Libreville.<\/p>\n\n\n\n<p>Dans son plaidoyer et motion de soutien, la jeune \u00e9lite \u2018\u2019 En marche du 2\u00e8me arrondissement de la commune de Libreville\u2019\u2019 dirig\u00e9e par\u00a0Eric Casimir Mebiame Me- Ndong, met en garde le candidat Brice Clotaire \u00a0Oligui Nguema contre les bonimenteurs qui voudraient jouer les premiers r\u00f4les dans son \u00e9quipe de campagne. \u2018\u2019 A ce propos, monsieur le candidat, qu\u2019il me soit permis de vous interpeller sur les marchands d\u2019illusions, ces \u00e9curies et autres personnalit\u00e9s politiques, qui veulent vous faire croire que votre victoire d\u00e9pendrait d\u2019eux et que par cons\u00e9quent vous devriez composer essentiellement avec eux. Ce n\u2019est que pure mensonge. Il fut un temps, ces m\u00eames personnalit\u00e9s ont vendu le m\u00eame mensonge \u00e0 Ali Bongo Ondimba, en lui garantissant une victoire \u00e9crasante \u00e0 chacune de ses \u00e9lections. Malheureusement, il n\u2019en fut rien et les bilans post-\u00e9lectoraux nous les connaissons\u201d a d\u00e9clar\u00e9 le Pr\u00e9sident de la jeune \u00e9lite du 2\u00e8me arrondissement de la commune de Libreville samedi dernier devant les siens.<\/p>\n\n\n\n<p>&nbsp;Un tableau sombre du parcours politique du pr\u00e9sident d\u00e9chu, Ali Bongo de 2009 \u00e0 2023, que la plate-forme &nbsp;\u00bbEn marche du 2\u00e8me arrondissement de Libreville&nbsp;\u00bb voudrait \u00e9pargner \u00e0 son candidat &nbsp;Brice Clotaire Oligui Nguema \u00e0 la pr\u00e9sidentielle du 12 avril prochain. \u2019Trois \u00e9lections contest\u00e9es, voil\u00e0 ce qu\u2019ils ont apport\u00e9 \u00e0 Ali Bongo Ondimba. Tous les Directeurs de campagne de monsieur Ali Bongo Ondimba, de 2009, 2016 et 2023 ont \u00e9chou\u00e9 lamentablement dans leur mission. Tous apr\u00e8s chaque \u00e9lection sont devenus milliardaires, gr\u00e2ce \u00e0 l\u2019essentiel de la manne pr\u00e9sidentielle qu\u2019ils ont gard\u00e9 par devers eux. Prenant ses responsabilit\u00e9s \u00e0 chaque fois, Ali Bongo Ondimba, a d\u00fb user des moyens financiers, militaires et juridiques en sa possession pour s\u2019assurer une victoire, que normalement son parti aurait pu lui garantir\u201d s\u2019est indign\u00e9, Eric Casimir Mebiame Me-Ndong. &nbsp;<\/p>\n\n\n\n<p>Avant de rench\u00e9rir: \u201dAujourd\u2019hui, les m\u00eames bonimenteurs reviennent vers vous pour vous vendre cette m\u00eame politique d\u2019enfumage dont le r\u00e9el but n\u2019est autre que le d\u00e9tournement de la manne pr\u00e9sidentielle, un butin sur lequel ils louchent comme des rapaces \u00e0 chaque \u00e9lection\u201d a insist\u00e9 le pr\u00e9sident \u2018\u2019En marche du 2\u00e8me arrondissement\u2019\u2019.<\/p>\n\n\n\n<p>Un \u00e9veil de conscience qui ne tombera certainement pas dans les oreilles des sourds.<\/p>\n\n\n\n<p>Car, pour la jeune \u00e9lite du 2\u00e8me arrondissement, la candidature de Brice Clotaire Oligui Nguema est un &nbsp;\u00bbAppel du Christ&nbsp;\u00bb auquel devraient r\u00e9pondre librement tous les Gabonais, pour en faire le quatri\u00e8me Pr\u00e9sident de la R\u00e9publique Gabonaise. \u2018\u2019 Nul autre que vous ne pourrait se pr\u00e9valoir de cette victoire. Car, cette victoire sera la v\u00f4tre et rien que la v\u00f4tre, alors soyez vigilant\u2019\u2019 a averti, Eric Casimir &nbsp;Mebiame Me-Ndong \u00e0 son candidat Brice Clotaire Oligui Nguema.<\/p>\n\n\n\n<p>Une mise en garde qui devra permettre \u00e0 l\u2019\u00e9tat-major de campagne du candidat Brice Clotaire Oligui Nguema de redoubler d\u2019efforts et de vigilance en mettant hors d\u2019\u00e9tat de nuire ces rapaces politiques qui polluent la d\u00e9mocratie Gabonaise depuis des d\u00e9cennies.<\/p>\n\n\n\n<p><strong>Rufin Martial Oke Nze &nbsp;&nbsp; &nbsp;&nbsp;&nbsp;<\/strong><\/p>\n","protected":false},"excerpt":{"rendered":"<p>Le Pr\u00e9sident de la plate-forme associative &nbsp;\u00bbEn marche du 2\u00e8me arrondissement&nbsp;\u00bb de la commune de Libreville, Eric Casimir Mebiame Me-Ndong, est plus que d\u00e9termin\u00e9 \u00e0 lutter contre les pratiques qui polluent les \u00e9lections au Gabon. La plate-forme de la&nbsp; jeune \u00e9lite \u2018\u2019En marche du 2\u00e8me arrondissement de la commune de Libreville\u2019\u2019 soutient avec armes et [&hellip;]<\/p>\n","protected":false},"author":7,"featured_media":23770,"comment_status":"open","ping_status":"open","sticky":false,"template":"","format":"standard","meta":{"footnotes":""},"categories":[57,55,65],"tags":[],"class_list":["post-23769","post","type-post","status-publish","format-standard","has-post-thumbnail","hentry","category-a-la-une","category-actualites","category-politique-podcasts"],"yoast_head":"<!-- This site is optimized with the Yoast SEO plugin v24.2 - https:\/\/yoast.com\/wordpress\/plugins\/seo\/ -->\n<title>La jeune \u00e9lite en Marche du 2\u00e8me arrondissement de Libreville soutient le candidat Oligui Nguema - Gabon Nouvelle Vision<\/title>\n<meta name=\"robots\" content=\"index, follow, max-snippet:-1, max-image-preview:large, max-video-preview:-1\" \/>\n<link rel=\"canonical\" href=\"https:\/\/gabonnouvellevision.com\/gnv\/2025\/03\/17\/la-jeune-elite-en-marche-du-2eme-arrondissement-de-libreville-soutient-le-candidat-oligui-nguema\/\" \/>\n<meta property=\"og:locale\" content=\"fr_FR\" \/>\n<meta property=\"og:type\" content=\"article\" \/>\n<meta property=\"og:title\" content=\"La jeune \u00e9lite en Marche du 2\u00e8me arrondissement de Libreville soutient le candidat Oligui Nguema - Gabon Nouvelle Vision\" \/>\n<meta property=\"og:description\" content=\"Le Pr\u00e9sident de la plate-forme associative &nbsp;\u00bbEn marche du 2\u00e8me arrondissement&nbsp;\u00bb de la commune de Libreville, Eric Casimir Mebiame Me-Ndong, est plus que d\u00e9termin\u00e9 \u00e0 lutter contre les pratiques qui polluent les \u00e9lections au Gabon. La plate-forme de la&nbsp; jeune \u00e9lite \u2018\u2019En marche du 2\u00e8me arrondissement de la commune de Libreville\u2019\u2019 soutient avec armes et [&hellip;]\" \/>\n<meta property=\"og:url\" content=\"https:\/\/gabonnouvellevision.com\/gnv\/2025\/03\/17\/la-jeune-elite-en-marche-du-2eme-arrondissement-de-libreville-soutient-le-candidat-oligui-nguema\/\" \/>\n<meta property=\"og:site_name\" content=\"Gabon Nouvelle Vision\" \/>\n<meta property=\"article:publisher\" content=\"https:\/\/www.facebook.com\/GNVofficiel\" \/>\n<meta property=\"article:published_time\" content=\"2025-03-17T15:00:37+00:00\" \/>\n<meta property=\"article:modified_time\" content=\"2025-03-17T15:08:38+00:00\" \/>\n<meta property=\"og:image\" content=\"https:\/\/gabonnouvellevision.com\/gnv\/wp-content\/uploads\/2025\/03\/WhatsApp-Image-2025-03-15-a-17.03.20_752639c8.jpg\" \/>\n\t<meta property=\"og:image:width\" content=\"1040\" \/>\n\t<meta property=\"og:image:height\" content=\"780\" \/>\n\t<meta property=\"og:image:type\" content=\"image\/jpeg\" \/>\n<meta name=\"author\" content=\"Eyeng Obame\" \/>\n<meta name=\"twitter:card\" content=\"summary_large_image\" \/>\n<meta name=\"twitter:label1\" content=\"\u00c9crit par\" \/>\n\t<meta name=\"twitter:data1\" content=\"Eyeng Obame\" \/>\n\t<meta name=\"twitter:label2\" content=\"Dur\u00e9e de lecture estim\u00e9e\" \/>\n\t<meta name=\"twitter:data2\" content=\"4 minutes\" \/>\n<script type=\"application\/ld+json\" class=\"yoast-schema-graph\">{\"@context\":\"https:\/\/schema.org\",\"@graph\":[{\"@type\":\"Article\",\"@id\":\"https:\/\/gabonnouvellevision.com\/gnv\/2025\/03\/17\/la-jeune-elite-en-marche-du-2eme-arrondissement-de-libreville-soutient-le-candidat-oligui-nguema\/#article\",\"isPartOf\":{\"@id\":\"https:\/\/gabonnouvellevision.com\/gnv\/2025\/03\/17\/la-jeune-elite-en-marche-du-2eme-arrondissement-de-libreville-soutient-le-candidat-oligui-nguema\/\"},\"author\":{\"name\":\"Eyeng Obame\",\"@id\":\"https:\/\/gabonnouvellevision.com\/gnv\/#\/schema\/person\/4b48e07d222f83c0285affc3704bc899\"},\"headline\":\"La jeune \u00e9lite en Marche du 2\u00e8me arrondissement de Libreville soutient le candidat Oligui Nguema\",\"datePublished\":\"2025-03-17T15:00:37+00:00\",\"dateModified\":\"2025-03-17T15:08:38+00:00\",\"mainEntityOfPage\":{\"@id\":\"https:\/\/gabonnouvellevision.com\/gnv\/2025\/03\/17\/la-jeune-elite-en-marche-du-2eme-arrondissement-de-libreville-soutient-le-candidat-oligui-nguema\/\"},\"wordCount\":671,\"commentCount\":0,\"publisher\":{\"@id\":\"https:\/\/gabonnouvellevision.com\/gnv\/#organization\"},\"image\":{\"@id\":\"https:\/\/gabonnouvellevision.com\/gnv\/2025\/03\/17\/la-jeune-elite-en-marche-du-2eme-arrondissement-de-libreville-soutient-le-candidat-oligui-nguema\/#primaryimage\"},\"thumbnailUrl\":\"https:\/\/gabonnouvellevision.com\/gnv\/wp-content\/uploads\/2025\/03\/WhatsApp-Image-2025-03-15-a-17.03.20_752639c8.jpg\",\"articleSection\":[\"A la une\",\"Actualites\",\"Politique\"],\"inLanguage\":\"fr-FR\",\"potentialAction\":[{\"@type\":\"CommentAction\",\"name\":\"Comment\",\"target\":[\"https:\/\/gabonnouvellevision.com\/gnv\/2025\/03\/17\/la-jeune-elite-en-marche-du-2eme-arrondissement-de-libreville-soutient-le-candidat-oligui-nguema\/#respond\"]}]},{\"@type\":\"WebPage\",\"@id\":\"https:\/\/gabonnouvellevision.com\/gnv\/2025\/03\/17\/la-jeune-elite-en-marche-du-2eme-arrondissement-de-libreville-soutient-le-candidat-oligui-nguema\/\",\"url\":\"https:\/\/gabonnouvellevision.com\/gnv\/2025\/03\/17\/la-jeune-elite-en-marche-du-2eme-arrondissement-de-libreville-soutient-le-candidat-oligui-nguema\/\",\"name\":\"La jeune \u00e9lite en Marche du 2\u00e8me arrondissement de Libreville soutient le candidat Oligui Nguema - Gabon Nouvelle Vision\",\"isPartOf\":{\"@id\":\"https:\/\/gabonnouvellevision.com\/gnv\/#website\"},\"primaryImageOfPage\":{\"@id\":\"https:\/\/gabonnouvellevision.com\/gnv\/2025\/03\/17\/la-jeune-elite-en-marche-du-2eme-arrondissement-de-libreville-soutient-le-candidat-oligui-nguema\/#primaryimage\"},\"image\":{\"@id\":\"https:\/\/gabonnouvellevision.com\/gnv\/2025\/03\/17\/la-jeune-elite-en-marche-du-2eme-arrondissement-de-libreville-soutient-le-candidat-oligui-nguema\/#primaryimage\"},\"thumbnailUrl\":\"https:\/\/gabonnouvellevision.com\/gnv\/wp-content\/uploads\/2025\/03\/WhatsApp-Image-2025-03-15-a-17.03.20_752639c8.jpg\",\"datePublished\":\"2025-03-17T15:00:37+00:00\",\"dateModified\":\"2025-03-17T15:08:38+00:00\",\"breadcrumb\":{\"@id\":\"https:\/\/gabonnouvellevision.com\/gnv\/2025\/03\/17\/la-jeune-elite-en-marche-du-2eme-arrondissement-de-libreville-soutient-le-candidat-oligui-nguema\/#breadcrumb\"},\"inLanguage\":\"fr-FR\",\"potentialAction\":[{\"@type\":\"ReadAction\",\"target\":[\"https:\/\/gabonnouvellevision.com\/gnv\/2025\/03\/17\/la-jeune-elite-en-marche-du-2eme-arrondissement-de-libreville-soutient-le-candidat-oligui-nguema\/\"]}]},{\"@type\":\"ImageObject\",\"inLanguage\":\"fr-FR\",\"@id\":\"https:\/\/gabonnouvellevision.com\/gnv\/2025\/03\/17\/la-jeune-elite-en-marche-du-2eme-arrondissement-de-libreville-soutient-le-candidat-oligui-nguema\/#primaryimage\",\"url\":\"https:\/\/gabonnouvellevision.com\/gnv\/wp-content\/uploads\/2025\/03\/WhatsApp-Image-2025-03-15-a-17.03.20_752639c8.jpg\",\"contentUrl\":\"https:\/\/gabonnouvellevision.com\/gnv\/wp-content\/uploads\/2025\/03\/WhatsApp-Image-2025-03-15-a-17.03.20_752639c8.jpg\",\"width\":1040,\"height\":780},{\"@type\":\"BreadcrumbList\",\"@id\":\"https:\/\/gabonnouvellevision.com\/gnv\/2025\/03\/17\/la-jeune-elite-en-marche-du-2eme-arrondissement-de-libreville-soutient-le-candidat-oligui-nguema\/#breadcrumb\",\"itemListElement\":[{\"@type\":\"ListItem\",\"position\":1,\"name\":\"Accueil\",\"item\":\"https:\/\/gabonnouvellevision.com\/gnv\/\"},{\"@type\":\"ListItem\",\"position\":2,\"name\":\"La jeune \u00e9lite en Marche du 2\u00e8me arrondissement de Libreville soutient le candidat Oligui Nguema\"}]},{\"@type\":\"WebSite\",\"@id\":\"https:\/\/gabonnouvellevision.com\/gnv\/#website\",\"url\":\"https:\/\/gabonnouvellevision.com\/gnv\/\",\"name\":\"Gabon Nouvelle Vision\",\"description\":\"\",\"publisher\":{\"@id\":\"https:\/\/gabonnouvellevision.com\/gnv\/#organization\"},\"potentialAction\":[{\"@type\":\"SearchAction\",\"target\":{\"@type\":\"EntryPoint\",\"urlTemplate\":\"https:\/\/gabonnouvellevision.com\/gnv\/?s={search_term_string}\"},\"query-input\":{\"@type\":\"PropertyValueSpecification\",\"valueRequired\":true,\"valueName\":\"search_term_string\"}}],\"inLanguage\":\"fr-FR\"},{\"@type\":\"Organization\",\"@id\":\"https:\/\/gabonnouvellevision.com\/gnv\/#organization\",\"name\":\"Gabon Nouvelle Vision\",\"url\":\"https:\/\/gabonnouvellevision.com\/gnv\/\",\"logo\":{\"@type\":\"ImageObject\",\"inLanguage\":\"fr-FR\",\"@id\":\"https:\/\/gabonnouvellevision.com\/gnv\/#\/schema\/logo\/image\/\",\"url\":\"https:\/\/gabonnouvellevision.com\/gnv\/wp-content\/uploads\/2025\/01\/logo-text_Plan-de-travail-1.png\",\"contentUrl\":\"https:\/\/gabonnouvellevision.com\/gnv\/wp-content\/uploads\/2025\/01\/logo-text_Plan-de-travail-1.png\",\"width\":7169,\"height\":2390,\"caption\":\"Gabon Nouvelle Vision\"},\"image\":{\"@id\":\"https:\/\/gabonnouvellevision.com\/gnv\/#\/schema\/logo\/image\/\"},\"sameAs\":[\"https:\/\/www.facebook.com\/GNVofficiel\"]},{\"@type\":\"Person\",\"@id\":\"https:\/\/gabonnouvellevision.com\/gnv\/#\/schema\/person\/4b48e07d222f83c0285affc3704bc899\",\"name\":\"Eyeng Obame\",\"image\":{\"@type\":\"ImageObject\",\"inLanguage\":\"fr-FR\",\"@id\":\"https:\/\/gabonnouvellevision.com\/gnv\/#\/schema\/person\/image\/\",\"url\":\"https:\/\/secure.gravatar.com\/avatar\/167bc03b8baf3c77318a47159f80871de6f5a6cbf4bc8b6af750fbc1a369d7bf?s=96&d=mm&r=g\",\"contentUrl\":\"https:\/\/secure.gravatar.com\/avatar\/167bc03b8baf3c77318a47159f80871de6f5a6cbf4bc8b6af750fbc1a369d7bf?s=96&d=mm&r=g\",\"caption\":\"Eyeng Obame\"},\"url\":\"https:\/\/gabonnouvellevision.com\/gnv\/author\/rufin\/\"}]}<\/script>\n<!-- \/ Yoast SEO plugin. -->","yoast_head_json":{"title":"La jeune \u00e9lite en Marche du 2\u00e8me arrondissement de Libreville soutient le candidat Oligui Nguema - Gabon Nouvelle Vision","robots":{"index":"index","follow":"follow","max-snippet":"max-snippet:-1","max-image-preview":"max-image-preview:large","max-video-preview":"max-video-preview:-1"},"canonical":"https:\/\/gabonnouvellevision.com\/gnv\/2025\/03\/17\/la-jeune-elite-en-marche-du-2eme-arrondissement-de-libreville-soutient-le-candidat-oligui-nguema\/","og_locale":"fr_FR","og_type":"article","og_title":"La jeune \u00e9lite en Marche du 2\u00e8me arrondissement de Libreville soutient le candidat Oligui Nguema - Gabon Nouvelle Vision","og_description":"Le Pr\u00e9sident de la plate-forme associative &nbsp;\u00bbEn marche du 2\u00e8me arrondissement&nbsp;\u00bb de la commune de Libreville, Eric Casimir Mebiame Me-Ndong, est plus que d\u00e9termin\u00e9 \u00e0 lutter contre les pratiques qui polluent les \u00e9lections au Gabon. La plate-forme de la&nbsp; jeune \u00e9lite \u2018\u2019En marche du 2\u00e8me arrondissement de la commune de Libreville\u2019\u2019 soutient avec armes et [&hellip;]","og_url":"https:\/\/gabonnouvellevision.com\/gnv\/2025\/03\/17\/la-jeune-elite-en-marche-du-2eme-arrondissement-de-libreville-soutient-le-candidat-oligui-nguema\/","og_site_name":"Gabon Nouvelle Vision","article_publisher":"https:\/\/www.facebook.com\/GNVofficiel","article_published_time":"2025-03-17T15:00:37+00:00","article_modified_time":"2025-03-17T15:08:38+00:00","og_image":[{"width":1040,"height":780,"url":"https:\/\/gabonnouvellevision.com\/gnv\/wp-content\/uploads\/2025\/03\/WhatsApp-Image-2025-03-15-a-17.03.20_752639c8.jpg","type":"image\/jpeg"}],"author":"Eyeng Obame","twitter_card":"summary_large_image","twitter_misc":{"\u00c9crit par":"Eyeng Obame","Dur\u00e9e de lecture estim\u00e9e":"4 minutes"},"schema":{"@context":"https:\/\/schema.org","@graph":[{"@type":"Article","@id":"https:\/\/gabonnouvellevision.com\/gnv\/2025\/03\/17\/la-jeune-elite-en-marche-du-2eme-arrondissement-de-libreville-soutient-le-candidat-oligui-nguema\/#article","isPartOf":{"@id":"https:\/\/gabonnouvellevision.com\/gnv\/2025\/03\/17\/la-jeune-elite-en-marche-du-2eme-arrondissement-de-libreville-soutient-le-candidat-oligui-nguema\/"},"author":{"name":"Eyeng Obame","@id":"https:\/\/gabonnouvellevision.com\/gnv\/#\/schema\/person\/4b48e07d222f83c0285affc3704bc899"},"headline":"La jeune \u00e9lite en Marche du 2\u00e8me arrondissement de Libreville soutient le candidat Oligui Nguema","datePublished":"2025-03-17T15:00:37+00:00","dateModified":"2025-03-17T15:08:38+00:00","mainEntityOfPage":{"@id":"https:\/\/gabonnouvellevision.com\/gnv\/2025\/03\/17\/la-jeune-elite-en-marche-du-2eme-arrondissement-de-libreville-soutient-le-candidat-oligui-nguema\/"},"wordCount":671,"commentCount":0,"publisher":{"@id":"https:\/\/gabonnouvellevision.com\/gnv\/#organization"},"image":{"@id":"https:\/\/gabonnouvellevision.com\/gnv\/2025\/03\/17\/la-jeune-elite-en-marche-du-2eme-arrondissement-de-libreville-soutient-le-candidat-oligui-nguema\/#primaryimage"},"thumbnailUrl":"https:\/\/gabonnouvellevision.com\/gnv\/wp-content\/uploads\/2025\/03\/WhatsApp-Image-2025-03-15-a-17.03.20_752639c8.jpg","articleSection":["A la une","Actualites","Politique"],"inLanguage":"fr-FR","potentialAction":[{"@type":"CommentAction","name":"Comment","target":["https:\/\/gabonnouvellevision.com\/gnv\/2025\/03\/17\/la-jeune-elite-en-marche-du-2eme-arrondissement-de-libreville-soutient-le-candidat-oligui-nguema\/#respond"]}]},{"@type":"WebPage","@id":"https:\/\/gabonnouvellevision.com\/gnv\/2025\/03\/17\/la-jeune-elite-en-marche-du-2eme-arrondissement-de-libreville-soutient-le-candidat-oligui-nguema\/","url":"https:\/\/gabonnouvellevision.com\/gnv\/2025\/03\/17\/la-jeune-elite-en-marche-du-2eme-arrondissement-de-libreville-soutient-le-candidat-oligui-nguema\/","name":"La jeune \u00e9lite en Marche du 2\u00e8me arrondissement de Libreville soutient le candidat Oligui Nguema - Gabon Nouvelle Vision","isPartOf":{"@id":"https:\/\/gabonnouvellevision.com\/gnv\/#website"},"primaryImageOfPage":{"@id":"https:\/\/gabonnouvellevision.com\/gnv\/2025\/03\/17\/la-jeune-elite-en-marche-du-2eme-arrondissement-de-libreville-soutient-le-candidat-oligui-nguema\/#primaryimage"},"image":{"@id":"https:\/\/gabonnouvellevision.com\/gnv\/2025\/03\/17\/la-jeune-elite-en-marche-du-2eme-arrondissement-de-libreville-soutient-le-candidat-oligui-nguema\/#primaryimage"},"thumbnailUrl":"https:\/\/gabonnouvellevision.com\/gnv\/wp-content\/uploads\/2025\/03\/WhatsApp-Image-2025-03-15-a-17.03.20_752639c8.jpg","datePublished":"2025-03-17T15:00:37+00:00","dateModified":"2025-03-17T15:08:38+00:00","breadcrumb":{"@id":"https:\/\/gabonnouvellevision.com\/gnv\/2025\/03\/17\/la-jeune-elite-en-marche-du-2eme-arrondissement-de-libreville-soutient-le-candidat-oligui-nguema\/#breadcrumb"},"inLanguage":"fr-FR","potentialAction":[{"@type":"ReadAction","target":["https:\/\/gabonnouvellevision.com\/gnv\/2025\/03\/17\/la-jeune-elite-en-marche-du-2eme-arrondissement-de-libreville-soutient-le-candidat-oligui-nguema\/"]}]},{"@type":"ImageObject","inLanguage":"fr-FR","@id":"https:\/\/gabonnouvellevision.com\/gnv\/2025\/03\/17\/la-jeune-elite-en-marche-du-2eme-arrondissement-de-libreville-soutient-le-candidat-oligui-nguema\/#primaryimage","url":"https:\/\/gabonnouvellevision.com\/gnv\/wp-content\/uploads\/2025\/03\/WhatsApp-Image-2025-03-15-a-17.03.20_752639c8.jpg","contentUrl":"https:\/\/gabonnouvellevision.com\/gnv\/wp-content\/uploads\/2025\/03\/WhatsApp-Image-2025-03-15-a-17.03.20_752639c8.jpg","width":1040,"height":780},{"@type":"BreadcrumbList","@id":"https:\/\/gabonnouvellevision.com\/gnv\/2025\/03\/17\/la-jeune-elite-en-marche-du-2eme-arrondissement-de-libreville-soutient-le-candidat-oligui-nguema\/#breadcrumb","itemListElement":[{"@type":"ListItem","position":1,"name":"Accueil","item":"https:\/\/gabonnouvellevision.com\/gnv\/"},{"@type":"ListItem","position":2,"name":"La jeune \u00e9lite en Marche du 2\u00e8me arrondissement de Libreville soutient le candidat Oligui Nguema"}]},{"@type":"WebSite","@id":"https:\/\/gabonnouvellevision.com\/gnv\/#website","url":"https:\/\/gabonnouvellevision.com\/gnv\/","name":"Gabon Nouvelle Vision","description":"","publisher":{"@id":"https:\/\/gabonnouvellevision.com\/gnv\/#organization"},"potentialAction":[{"@type":"SearchAction","target":{"@type":"EntryPoint","urlTemplate":"https:\/\/gabonnouvellevision.com\/gnv\/?s={search_term_string}"},"query-input":{"@type":"PropertyValueSpecification","valueRequired":true,"valueName":"search_term_string"}}],"inLanguage":"fr-FR"},{"@type":"Organization","@id":"https:\/\/gabonnouvellevision.com\/gnv\/#organization","name":"Gabon Nouvelle Vision","url":"https:\/\/gabonnouvellevision.com\/gnv\/","logo":{"@type":"ImageObject","inLanguage":"fr-FR","@id":"https:\/\/gabonnouvellevision.com\/gnv\/#\/schema\/logo\/image\/","url":"https:\/\/gabonnouvellevision.com\/gnv\/wp-content\/uploads\/2025\/01\/logo-text_Plan-de-travail-1.png","contentUrl":"https:\/\/gabonnouvellevision.com\/gnv\/wp-content\/uploads\/2025\/01\/logo-text_Plan-de-travail-1.png","width":7169,"height":2390,"caption":"Gabon Nouvelle Vision"},"image":{"@id":"https:\/\/gabonnouvellevision.com\/gnv\/#\/schema\/logo\/image\/"},"sameAs":["https:\/\/www.facebook.com\/GNVofficiel"]},{"@type":"Person","@id":"https:\/\/gabonnouvellevision.com\/gnv\/#\/schema\/person\/4b48e07d222f83c0285affc3704bc899","name":"Eyeng Obame","image":{"@type":"ImageObject","inLanguage":"fr-FR","@id":"https:\/\/gabonnouvellevision.com\/gnv\/#\/schema\/person\/image\/","url":"https:\/\/secure.gravatar.com\/avatar\/167bc03b8baf3c77318a47159f80871de6f5a6cbf4bc8b6af750fbc1a369d7bf?s=96&d=mm&r=g","contentUrl":"https:\/\/secure.gravatar.com\/avatar\/167bc03b8baf3c77318a47159f80871de6f5a6cbf4bc8b6af750fbc1a369d7bf?s=96&d=mm&r=g","caption":"Eyeng Obame"},"url":"https:\/\/gabonnouvellevision.com\/gnv\/author\/rufin\/"}]}},"_links":{"self":[{"href":"https:\/\/gabonnouvellevision.com\/gnv\/wp-json\/wp\/v2\/posts\/23769","targetHints":{"allow":["GET"]}}],"collection":[{"href":"https:\/\/gabonnouvellevision.com\/gnv\/wp-json\/wp\/v2\/posts"}],"about":[{"href":"https:\/\/gabonnouvellevision.com\/gnv\/wp-json\/wp\/v2\/types\/post"}],"author":[{"embeddable":true,"href":"https:\/\/gabonnouvellevision.com\/gnv\/wp-json\/wp\/v2\/users\/7"}],"replies":[{"embeddable":true,"href":"https:\/\/gabonnouvellevision.com\/gnv\/wp-json\/wp\/v2\/comments?post=23769"}],"version-history":[{"count":3,"href":"https:\/\/gabonnouvellevision.com\/gnv\/wp-json\/wp\/v2\/posts\/23769\/revisions"}],"predecessor-version":[{"id":23776,"href":"https:\/\/gabonnouvellevision.com\/gnv\/wp-json\/wp\/v2\/posts\/23769\/revisions\/23776"}],"wp:featuredmedia":[{"embeddable":true,"href":"https:\/\/gabonnouvellevision.com\/gnv\/wp-json\/wp\/v2\/media\/23770"}],"wp:attachment":[{"href":"https:\/\/gabonnouvellevision.com\/gnv\/wp-json\/wp\/v2\/media?parent=23769"}],"wp:term":[{"taxonomy":"category","embeddable":true,"href":"https:\/\/gabonnouvellevision.com\/gnv\/wp-json\/wp\/v2\/categories?post=23769"},{"taxonomy":"post_tag","embeddable":true,"href":"https:\/\/gabonnouvellevision.com\/gnv\/wp-json\/wp\/v2\/tags?post=23769"}],"curies":[{"name":"wp","href":"https:\/\/api.w.org\/{rel}","templated":true}]}}