{"id":23751,"date":"2025-03-10T23:23:26","date_gmt":"2025-03-10T22:23:26","guid":{"rendered":"https:\/\/gabonnouvellevision.com\/gnv\/?p=23751"},"modified":"2025-03-11T09:44:37","modified_gmt":"2025-03-11T08:44:37","slug":"politique-presidentielle-2025-pierre-claver-maganga-moussavou-contexte-son-elimination-de-la-course","status":"publish","type":"post","link":"https:\/\/gabonnouvellevision.com\/gnv\/2025\/03\/10\/politique-presidentielle-2025-pierre-claver-maganga-moussavou-contexte-son-elimination-de-la-course\/","title":{"rendered":"Politique\/Pr\u00e9sidentielle 2025\u00a0: Pierre Claver Maganga Moussavou conteste son \u00e9limination de la Course"},"content":{"rendered":"\n<p><strong><em>A la suite de son \u00e9limination de la course \u00e0 la pr\u00e9sidentielle d\u2019avril 2025 \u00e0 cause officiellement du crit\u00e8re \u00e2ge, le pr\u00e9sident du Parti Social-D\u00e9mocrate (PSD) Pierre Claver Maganga Moussavou a d\u00e9clar\u00e9, au cours d\u2019un point de presse qu\u2019il anim\u00e9 \u00e0 son domicile du Bas de Gu\u00e9-Gu\u00e9 dans le 1<sup>er<\/sup>&nbsp;arrondissement de Libreville, le 10 mars 2025, que son \u00e9limination de la course \u00e0 la pr\u00e9sidentielle \u00e0 venir r\u00e9sultait uniquement du politique<\/em><\/strong>.<\/p>\n\n\n\n<p>Face aux Hommes de m\u00e9dias, l\u2019habituel candidat aux diff\u00e9rentes \u00e9lections pr\u00e9sidentielles organis\u00e9es au Gabon depuis les ann\u00e9es 90, estime qu\u2019au regard de sa longue exp\u00e9rience de la chose politique et aussi de son programme de soci\u00e9t\u00e9 intitul\u00e9 La provincialisation et dont il consid\u00e8re comme \u00e9tant le meilleur, il ne saurait avoir une telle \u00e9lection sans qu\u2019il n\u2019y prenne part. En rappelant ses d\u00e9buts dans la politique en 1987 et compte tenu des soubresauts qui ont \u00e9maill\u00e9 son long chemin dans sa qu\u00eate de servir son pays au sommet de l\u2019\u00e9tat, le natif de Moutassou s\u2019est dit tr\u00e8s pr\u00e9occup\u00e9 par la d\u00e9cision du Minist\u00e8re de l\u2019Int\u00e9rieur et de la S\u00e9curit\u00e9, d\u2019\u00e9carter sa candidature \u00e0 cause de ses 72 ans alors m\u00eame qu\u2019il totalise \u00e0 lui seul, une tr\u00e8s longue exp\u00e9rience qu\u2019il entend toujours mettre au service de son pays. Pour lui, l\u2019on ne saurait mettre \u00e0 la fois le crit\u00e8re \u00e2ge et la visite m\u00e9dicale car, une personne bien portante saura mieux conduire les destin\u00e9es d\u2019une nation qu\u2019un jeune malade.<\/p>\n\n\n\n<p>Celui qui a \u00e9t\u00e9 de tous les combats politiques apr\u00e8s avoir \u00e9t\u00e9 au sommet de l\u2019administration centrale \u00e0 30 ans \u00e0 peine ne s\u2019av\u00e8re pas vaincu pour autant. Il a dit qu\u2019il s\u2019est volontairement gard\u00e9 de d\u00e9poser sa caution qui ne souffre d\u2019aucune difficult\u00e9. D\u2019ailleurs il entend la verser dans son dossier et esp\u00e8re que le politique se ravisera et lui permettra de conqu\u00e9rir avec les autres candidats retenus. Pourquoi avoir d\u00e9pos\u00e9 sa candidature sachant bien que le crit\u00e8re \u00e2ge \u00e9tait un frein pour lui&nbsp;? Pierre Claver Maganga Moussavou fera savoir qu\u2019il a agi ainsi pour prouver la stupidit\u00e9 de la constitution actuelle qui ne se repose sur aucun crit\u00e8re cr\u00e9dible et \u00e0 m\u00eame de garantir une transparence \u00e0 tous les postulants.<\/p>\n\n\n\n<p>Au demeurant, l\u2019orateur a laiss\u00e9 entendre que, comme c\u2019est le politique qui l\u2019a exclu, il serait judicieux qu\u2019elle le r\u00e9habilite \u00e9galement pour le parall\u00e9lisme de forme. Si non, \u00ab&nbsp;&nbsp;<em>A vaincre sans p\u00e9ril, on triomphe sans gloire<\/em>&nbsp;\u00bb a-t-il conclu. En somme, celui qui totalise le plus grand nombre de participations aux \u00e9lections pr\u00e9sidentielles au Gabon croit dur comme fer que son appel sera entendu par les instances organisationnelles du scrutin, au mieux, que la meilleure d\u00e9cision sera prise en sa faveur car, a-t-il fait comprendre, \u00ab&nbsp;La politique prime sur le droit&nbsp;\u00bb.En filigrane, le doyen des candidats \u00e0 la pr\u00e9sidentielle veut disputer un dernier round qui pourra peut-\u00eatre, qui sait, lui \u00eatre b\u00e9n\u00e9fique et lui permettre d\u2019impl\u00e9menter son programme de soci\u00e9t\u00e9 tant vant\u00e9&nbsp;;&nbsp;<em>\u00ab&nbsp;<\/em><strong><em>La Provincialisation<\/em><\/strong>&nbsp;\u00bb Pour \u00eatre candidat, il faut \u00eatre \u00e2g\u00e9 entre 35 et 70 ans.<\/p>\n\n\n\n<p><strong>Junior Mboulet<\/strong><\/p>\n","protected":false},"excerpt":{"rendered":"<p>A la suite de son \u00e9limination de la course \u00e0 la pr\u00e9sidentielle d\u2019avril 2025 \u00e0 cause officiellement du crit\u00e8re \u00e2ge, le pr\u00e9sident du Parti Social-D\u00e9mocrate (PSD) Pierre Claver Maganga Moussavou a d\u00e9clar\u00e9, au cours d\u2019un point de presse qu\u2019il anim\u00e9 \u00e0 son domicile du Bas de Gu\u00e9-Gu\u00e9 dans le 1er&nbsp;arrondissement de Libreville, le 10 mars [&hellip;]<\/p>\n","protected":false},"author":5,"featured_media":3559,"comment_status":"open","ping_status":"open","sticky":false,"template":"","format":"standard","meta":{"footnotes":""},"categories":[57,55,65],"tags":[],"class_list":["post-23751","post","type-post","status-publish","format-standard","has-post-thumbnail","hentry","category-a-la-une","category-actualites","category-politique-podcasts"],"yoast_head":"<!-- This site is optimized with the Yoast SEO plugin v24.2 - https:\/\/yoast.com\/wordpress\/plugins\/seo\/ -->\n<title>Politique\/Pr\u00e9sidentielle 2025\u00a0: Pierre Claver Maganga Moussavou conteste son \u00e9limination de la Course - Gabon Nouvelle Vision<\/title>\n<meta name=\"robots\" content=\"index, follow, max-snippet:-1, max-image-preview:large, max-video-preview:-1\" \/>\n<link rel=\"canonical\" href=\"https:\/\/gabonnouvellevision.com\/gnv\/2025\/03\/10\/politique-presidentielle-2025-pierre-claver-maganga-moussavou-contexte-son-elimination-de-la-course\/\" \/>\n<meta property=\"og:locale\" content=\"fr_FR\" \/>\n<meta property=\"og:type\" content=\"article\" \/>\n<meta property=\"og:title\" content=\"Politique\/Pr\u00e9sidentielle 2025\u00a0: Pierre Claver Maganga Moussavou conteste son \u00e9limination de la Course - Gabon Nouvelle Vision\" \/>\n<meta property=\"og:description\" content=\"A la suite de son \u00e9limination de la course \u00e0 la pr\u00e9sidentielle d\u2019avril 2025 \u00e0 cause officiellement du crit\u00e8re \u00e2ge, le pr\u00e9sident du Parti Social-D\u00e9mocrate (PSD) Pierre Claver Maganga Moussavou a d\u00e9clar\u00e9, au cours d\u2019un point de presse qu\u2019il anim\u00e9 \u00e0 son domicile du Bas de Gu\u00e9-Gu\u00e9 dans le 1er&nbsp;arrondissement de Libreville, le 10 mars [&hellip;]\" \/>\n<meta property=\"og:url\" content=\"https:\/\/gabonnouvellevision.com\/gnv\/2025\/03\/10\/politique-presidentielle-2025-pierre-claver-maganga-moussavou-contexte-son-elimination-de-la-course\/\" \/>\n<meta property=\"og:site_name\" content=\"Gabon Nouvelle Vision\" \/>\n<meta property=\"article:publisher\" content=\"https:\/\/www.facebook.com\/GNVofficiel\" \/>\n<meta property=\"article:published_time\" content=\"2025-03-10T22:23:26+00:00\" \/>\n<meta property=\"article:modified_time\" content=\"2025-03-11T08:44:37+00:00\" \/>\n<meta property=\"og:image\" content=\"https:\/\/gabonnouvellevision.com\/gnv\/wp-content\/uploads\/2024\/11\/PC.jpg\" \/>\n\t<meta property=\"og:image:width\" content=\"800\" \/>\n\t<meta property=\"og:image:height\" content=\"667\" \/>\n\t<meta property=\"og:image:type\" content=\"image\/jpeg\" \/>\n<meta name=\"author\" content=\"Junior MBOULET\" \/>\n<meta name=\"twitter:card\" content=\"summary_large_image\" \/>\n<meta name=\"twitter:label1\" content=\"\u00c9crit par\" \/>\n\t<meta name=\"twitter:data1\" content=\"Junior MBOULET\" \/>\n\t<meta name=\"twitter:label2\" content=\"Dur\u00e9e de lecture estim\u00e9e\" \/>\n\t<meta name=\"twitter:data2\" content=\"3 minutes\" \/>\n<script type=\"application\/ld+json\" class=\"yoast-schema-graph\">{\"@context\":\"https:\/\/schema.org\",\"@graph\":[{\"@type\":\"Article\",\"@id\":\"https:\/\/gabonnouvellevision.com\/gnv\/2025\/03\/10\/politique-presidentielle-2025-pierre-claver-maganga-moussavou-contexte-son-elimination-de-la-course\/#article\",\"isPartOf\":{\"@id\":\"https:\/\/gabonnouvellevision.com\/gnv\/2025\/03\/10\/politique-presidentielle-2025-pierre-claver-maganga-moussavou-contexte-son-elimination-de-la-course\/\"},\"author\":{\"name\":\"Junior MBOULET\",\"@id\":\"https:\/\/gabonnouvellevision.com\/gnv\/#\/schema\/person\/747bfb82bd833fb5a5a49e7c5031633d\"},\"headline\":\"Politique\/Pr\u00e9sidentielle 2025\u00a0: Pierre Claver Maganga Moussavou conteste son \u00e9limination de la Course\",\"datePublished\":\"2025-03-10T22:23:26+00:00\",\"dateModified\":\"2025-03-11T08:44:37+00:00\",\"mainEntityOfPage\":{\"@id\":\"https:\/\/gabonnouvellevision.com\/gnv\/2025\/03\/10\/politique-presidentielle-2025-pierre-claver-maganga-moussavou-contexte-son-elimination-de-la-course\/\"},\"wordCount\":582,\"commentCount\":0,\"publisher\":{\"@id\":\"https:\/\/gabonnouvellevision.com\/gnv\/#organization\"},\"image\":{\"@id\":\"https:\/\/gabonnouvellevision.com\/gnv\/2025\/03\/10\/politique-presidentielle-2025-pierre-claver-maganga-moussavou-contexte-son-elimination-de-la-course\/#primaryimage\"},\"thumbnailUrl\":\"https:\/\/gabonnouvellevision.com\/gnv\/wp-content\/uploads\/2024\/11\/PC.jpg\",\"articleSection\":[\"A la une\",\"Actualites\",\"Politique\"],\"inLanguage\":\"fr-FR\",\"potentialAction\":[{\"@type\":\"CommentAction\",\"name\":\"Comment\",\"target\":[\"https:\/\/gabonnouvellevision.com\/gnv\/2025\/03\/10\/politique-presidentielle-2025-pierre-claver-maganga-moussavou-contexte-son-elimination-de-la-course\/#respond\"]}]},{\"@type\":\"WebPage\",\"@id\":\"https:\/\/gabonnouvellevision.com\/gnv\/2025\/03\/10\/politique-presidentielle-2025-pierre-claver-maganga-moussavou-contexte-son-elimination-de-la-course\/\",\"url\":\"https:\/\/gabonnouvellevision.com\/gnv\/2025\/03\/10\/politique-presidentielle-2025-pierre-claver-maganga-moussavou-contexte-son-elimination-de-la-course\/\",\"name\":\"Politique\/Pr\u00e9sidentielle 2025\u00a0: Pierre Claver Maganga Moussavou conteste son \u00e9limination de la Course - Gabon Nouvelle Vision\",\"isPartOf\":{\"@id\":\"https:\/\/gabonnouvellevision.com\/gnv\/#website\"},\"primaryImageOfPage\":{\"@id\":\"https:\/\/gabonnouvellevision.com\/gnv\/2025\/03\/10\/politique-presidentielle-2025-pierre-claver-maganga-moussavou-contexte-son-elimination-de-la-course\/#primaryimage\"},\"image\":{\"@id\":\"https:\/\/gabonnouvellevision.com\/gnv\/2025\/03\/10\/politique-presidentielle-2025-pierre-claver-maganga-moussavou-contexte-son-elimination-de-la-course\/#primaryimage\"},\"thumbnailUrl\":\"https:\/\/gabonnouvellevision.com\/gnv\/wp-content\/uploads\/2024\/11\/PC.jpg\",\"datePublished\":\"2025-03-10T22:23:26+00:00\",\"dateModified\":\"2025-03-11T08:44:37+00:00\",\"breadcrumb\":{\"@id\":\"https:\/\/gabonnouvellevision.com\/gnv\/2025\/03\/10\/politique-presidentielle-2025-pierre-claver-maganga-moussavou-contexte-son-elimination-de-la-course\/#breadcrumb\"},\"inLanguage\":\"fr-FR\",\"potentialAction\":[{\"@type\":\"ReadAction\",\"target\":[\"https:\/\/gabonnouvellevision.com\/gnv\/2025\/03\/10\/politique-presidentielle-2025-pierre-claver-maganga-moussavou-contexte-son-elimination-de-la-course\/\"]}]},{\"@type\":\"ImageObject\",\"inLanguage\":\"fr-FR\",\"@id\":\"https:\/\/gabonnouvellevision.com\/gnv\/2025\/03\/10\/politique-presidentielle-2025-pierre-claver-maganga-moussavou-contexte-son-elimination-de-la-course\/#primaryimage\",\"url\":\"https:\/\/gabonnouvellevision.com\/gnv\/wp-content\/uploads\/2024\/11\/PC.jpg\",\"contentUrl\":\"https:\/\/gabonnouvellevision.com\/gnv\/wp-content\/uploads\/2024\/11\/PC.jpg\",\"width\":800,\"height\":667},{\"@type\":\"BreadcrumbList\",\"@id\":\"https:\/\/gabonnouvellevision.com\/gnv\/2025\/03\/10\/politique-presidentielle-2025-pierre-claver-maganga-moussavou-contexte-son-elimination-de-la-course\/#breadcrumb\",\"itemListElement\":[{\"@type\":\"ListItem\",\"position\":1,\"name\":\"Accueil\",\"item\":\"https:\/\/gabonnouvellevision.com\/gnv\/\"},{\"@type\":\"ListItem\",\"position\":2,\"name\":\"Politique\/Pr\u00e9sidentielle 2025\u00a0: Pierre Claver Maganga Moussavou conteste son \u00e9limination de la Course\"}]},{\"@type\":\"WebSite\",\"@id\":\"https:\/\/gabonnouvellevision.com\/gnv\/#website\",\"url\":\"https:\/\/gabonnouvellevision.com\/gnv\/\",\"name\":\"Gabon Nouvelle Vision\",\"description\":\"\",\"publisher\":{\"@id\":\"https:\/\/gabonnouvellevision.com\/gnv\/#organization\"},\"potentialAction\":[{\"@type\":\"SearchAction\",\"target\":{\"@type\":\"EntryPoint\",\"urlTemplate\":\"https:\/\/gabonnouvellevision.com\/gnv\/?s={search_term_string}\"},\"query-input\":{\"@type\":\"PropertyValueSpecification\",\"valueRequired\":true,\"valueName\":\"search_term_string\"}}],\"inLanguage\":\"fr-FR\"},{\"@type\":\"Organization\",\"@id\":\"https:\/\/gabonnouvellevision.com\/gnv\/#organization\",\"name\":\"Gabon Nouvelle Vision\",\"url\":\"https:\/\/gabonnouvellevision.com\/gnv\/\",\"logo\":{\"@type\":\"ImageObject\",\"inLanguage\":\"fr-FR\",\"@id\":\"https:\/\/gabonnouvellevision.com\/gnv\/#\/schema\/logo\/image\/\",\"url\":\"https:\/\/gabonnouvellevision.com\/gnv\/wp-content\/uploads\/2025\/01\/logo-text_Plan-de-travail-1.png\",\"contentUrl\":\"https:\/\/gabonnouvellevision.com\/gnv\/wp-content\/uploads\/2025\/01\/logo-text_Plan-de-travail-1.png\",\"width\":7169,\"height\":2390,\"caption\":\"Gabon Nouvelle Vision\"},\"image\":{\"@id\":\"https:\/\/gabonnouvellevision.com\/gnv\/#\/schema\/logo\/image\/\"},\"sameAs\":[\"https:\/\/www.facebook.com\/GNVofficiel\"]},{\"@type\":\"Person\",\"@id\":\"https:\/\/gabonnouvellevision.com\/gnv\/#\/schema\/person\/747bfb82bd833fb5a5a49e7c5031633d\",\"name\":\"Junior MBOULET\",\"image\":{\"@type\":\"ImageObject\",\"inLanguage\":\"fr-FR\",\"@id\":\"https:\/\/gabonnouvellevision.com\/gnv\/#\/schema\/person\/image\/\",\"url\":\"https:\/\/secure.gravatar.com\/avatar\/b541278a71f2f5c40b38fff4c93c15b82cf168df8b47ea9d9e97c9c9c716c6f0?s=96&d=mm&r=g\",\"contentUrl\":\"https:\/\/secure.gravatar.com\/avatar\/b541278a71f2f5c40b38fff4c93c15b82cf168df8b47ea9d9e97c9c9c716c6f0?s=96&d=mm&r=g\",\"caption\":\"Junior MBOULET\"},\"url\":\"https:\/\/gabonnouvellevision.com\/gnv\/author\/junior\/\"}]}<\/script>\n<!-- \/ Yoast SEO plugin. -->","yoast_head_json":{"title":"Politique\/Pr\u00e9sidentielle 2025\u00a0: Pierre Claver Maganga Moussavou conteste son \u00e9limination de la Course - Gabon Nouvelle Vision","robots":{"index":"index","follow":"follow","max-snippet":"max-snippet:-1","max-image-preview":"max-image-preview:large","max-video-preview":"max-video-preview:-1"},"canonical":"https:\/\/gabonnouvellevision.com\/gnv\/2025\/03\/10\/politique-presidentielle-2025-pierre-claver-maganga-moussavou-contexte-son-elimination-de-la-course\/","og_locale":"fr_FR","og_type":"article","og_title":"Politique\/Pr\u00e9sidentielle 2025\u00a0: Pierre Claver Maganga Moussavou conteste son \u00e9limination de la Course - Gabon Nouvelle Vision","og_description":"A la suite de son \u00e9limination de la course \u00e0 la pr\u00e9sidentielle d\u2019avril 2025 \u00e0 cause officiellement du crit\u00e8re \u00e2ge, le pr\u00e9sident du Parti Social-D\u00e9mocrate (PSD) Pierre Claver Maganga Moussavou a d\u00e9clar\u00e9, au cours d\u2019un point de presse qu\u2019il anim\u00e9 \u00e0 son domicile du Bas de Gu\u00e9-Gu\u00e9 dans le 1er&nbsp;arrondissement de Libreville, le 10 mars [&hellip;]","og_url":"https:\/\/gabonnouvellevision.com\/gnv\/2025\/03\/10\/politique-presidentielle-2025-pierre-claver-maganga-moussavou-contexte-son-elimination-de-la-course\/","og_site_name":"Gabon Nouvelle Vision","article_publisher":"https:\/\/www.facebook.com\/GNVofficiel","article_published_time":"2025-03-10T22:23:26+00:00","article_modified_time":"2025-03-11T08:44:37+00:00","og_image":[{"width":800,"height":667,"url":"https:\/\/gabonnouvellevision.com\/gnv\/wp-content\/uploads\/2024\/11\/PC.jpg","type":"image\/jpeg"}],"author":"Junior MBOULET","twitter_card":"summary_large_image","twitter_misc":{"\u00c9crit par":"Junior MBOULET","Dur\u00e9e de lecture estim\u00e9e":"3 minutes"},"schema":{"@context":"https:\/\/schema.org","@graph":[{"@type":"Article","@id":"https:\/\/gabonnouvellevision.com\/gnv\/2025\/03\/10\/politique-presidentielle-2025-pierre-claver-maganga-moussavou-contexte-son-elimination-de-la-course\/#article","isPartOf":{"@id":"https:\/\/gabonnouvellevision.com\/gnv\/2025\/03\/10\/politique-presidentielle-2025-pierre-claver-maganga-moussavou-contexte-son-elimination-de-la-course\/"},"author":{"name":"Junior MBOULET","@id":"https:\/\/gabonnouvellevision.com\/gnv\/#\/schema\/person\/747bfb82bd833fb5a5a49e7c5031633d"},"headline":"Politique\/Pr\u00e9sidentielle 2025\u00a0: Pierre Claver Maganga Moussavou conteste son \u00e9limination de la Course","datePublished":"2025-03-10T22:23:26+00:00","dateModified":"2025-03-11T08:44:37+00:00","mainEntityOfPage":{"@id":"https:\/\/gabonnouvellevision.com\/gnv\/2025\/03\/10\/politique-presidentielle-2025-pierre-claver-maganga-moussavou-contexte-son-elimination-de-la-course\/"},"wordCount":582,"commentCount":0,"publisher":{"@id":"https:\/\/gabonnouvellevision.com\/gnv\/#organization"},"image":{"@id":"https:\/\/gabonnouvellevision.com\/gnv\/2025\/03\/10\/politique-presidentielle-2025-pierre-claver-maganga-moussavou-contexte-son-elimination-de-la-course\/#primaryimage"},"thumbnailUrl":"https:\/\/gabonnouvellevision.com\/gnv\/wp-content\/uploads\/2024\/11\/PC.jpg","articleSection":["A la une","Actualites","Politique"],"inLanguage":"fr-FR","potentialAction":[{"@type":"CommentAction","name":"Comment","target":["https:\/\/gabonnouvellevision.com\/gnv\/2025\/03\/10\/politique-presidentielle-2025-pierre-claver-maganga-moussavou-contexte-son-elimination-de-la-course\/#respond"]}]},{"@type":"WebPage","@id":"https:\/\/gabonnouvellevision.com\/gnv\/2025\/03\/10\/politique-presidentielle-2025-pierre-claver-maganga-moussavou-contexte-son-elimination-de-la-course\/","url":"https:\/\/gabonnouvellevision.com\/gnv\/2025\/03\/10\/politique-presidentielle-2025-pierre-claver-maganga-moussavou-contexte-son-elimination-de-la-course\/","name":"Politique\/Pr\u00e9sidentielle 2025\u00a0: Pierre Claver Maganga Moussavou conteste son \u00e9limination de la Course - Gabon Nouvelle Vision","isPartOf":{"@id":"https:\/\/gabonnouvellevision.com\/gnv\/#website"},"primaryImageOfPage":{"@id":"https:\/\/gabonnouvellevision.com\/gnv\/2025\/03\/10\/politique-presidentielle-2025-pierre-claver-maganga-moussavou-contexte-son-elimination-de-la-course\/#primaryimage"},"image":{"@id":"https:\/\/gabonnouvellevision.com\/gnv\/2025\/03\/10\/politique-presidentielle-2025-pierre-claver-maganga-moussavou-contexte-son-elimination-de-la-course\/#primaryimage"},"thumbnailUrl":"https:\/\/gabonnouvellevision.com\/gnv\/wp-content\/uploads\/2024\/11\/PC.jpg","datePublished":"2025-03-10T22:23:26+00:00","dateModified":"2025-03-11T08:44:37+00:00","breadcrumb":{"@id":"https:\/\/gabonnouvellevision.com\/gnv\/2025\/03\/10\/politique-presidentielle-2025-pierre-claver-maganga-moussavou-contexte-son-elimination-de-la-course\/#breadcrumb"},"inLanguage":"fr-FR","potentialAction":[{"@type":"ReadAction","target":["https:\/\/gabonnouvellevision.com\/gnv\/2025\/03\/10\/politique-presidentielle-2025-pierre-claver-maganga-moussavou-contexte-son-elimination-de-la-course\/"]}]},{"@type":"ImageObject","inLanguage":"fr-FR","@id":"https:\/\/gabonnouvellevision.com\/gnv\/2025\/03\/10\/politique-presidentielle-2025-pierre-claver-maganga-moussavou-contexte-son-elimination-de-la-course\/#primaryimage","url":"https:\/\/gabonnouvellevision.com\/gnv\/wp-content\/uploads\/2024\/11\/PC.jpg","contentUrl":"https:\/\/gabonnouvellevision.com\/gnv\/wp-content\/uploads\/2024\/11\/PC.jpg","width":800,"height":667},{"@type":"BreadcrumbList","@id":"https:\/\/gabonnouvellevision.com\/gnv\/2025\/03\/10\/politique-presidentielle-2025-pierre-claver-maganga-moussavou-contexte-son-elimination-de-la-course\/#breadcrumb","itemListElement":[{"@type":"ListItem","position":1,"name":"Accueil","item":"https:\/\/gabonnouvellevision.com\/gnv\/"},{"@type":"ListItem","position":2,"name":"Politique\/Pr\u00e9sidentielle 2025\u00a0: Pierre Claver Maganga Moussavou conteste son \u00e9limination de la Course"}]},{"@type":"WebSite","@id":"https:\/\/gabonnouvellevision.com\/gnv\/#website","url":"https:\/\/gabonnouvellevision.com\/gnv\/","name":"Gabon Nouvelle Vision","description":"","publisher":{"@id":"https:\/\/gabonnouvellevision.com\/gnv\/#organization"},"potentialAction":[{"@type":"SearchAction","target":{"@type":"EntryPoint","urlTemplate":"https:\/\/gabonnouvellevision.com\/gnv\/?s={search_term_string}"},"query-input":{"@type":"PropertyValueSpecification","valueRequired":true,"valueName":"search_term_string"}}],"inLanguage":"fr-FR"},{"@type":"Organization","@id":"https:\/\/gabonnouvellevision.com\/gnv\/#organization","name":"Gabon Nouvelle Vision","url":"https:\/\/gabonnouvellevision.com\/gnv\/","logo":{"@type":"ImageObject","inLanguage":"fr-FR","@id":"https:\/\/gabonnouvellevision.com\/gnv\/#\/schema\/logo\/image\/","url":"https:\/\/gabonnouvellevision.com\/gnv\/wp-content\/uploads\/2025\/01\/logo-text_Plan-de-travail-1.png","contentUrl":"https:\/\/gabonnouvellevision.com\/gnv\/wp-content\/uploads\/2025\/01\/logo-text_Plan-de-travail-1.png","width":7169,"height":2390,"caption":"Gabon Nouvelle Vision"},"image":{"@id":"https:\/\/gabonnouvellevision.com\/gnv\/#\/schema\/logo\/image\/"},"sameAs":["https:\/\/www.facebook.com\/GNVofficiel"]},{"@type":"Person","@id":"https:\/\/gabonnouvellevision.com\/gnv\/#\/schema\/person\/747bfb82bd833fb5a5a49e7c5031633d","name":"Junior MBOULET","image":{"@type":"ImageObject","inLanguage":"fr-FR","@id":"https:\/\/gabonnouvellevision.com\/gnv\/#\/schema\/person\/image\/","url":"https:\/\/secure.gravatar.com\/avatar\/b541278a71f2f5c40b38fff4c93c15b82cf168df8b47ea9d9e97c9c9c716c6f0?s=96&d=mm&r=g","contentUrl":"https:\/\/secure.gravatar.com\/avatar\/b541278a71f2f5c40b38fff4c93c15b82cf168df8b47ea9d9e97c9c9c716c6f0?s=96&d=mm&r=g","caption":"Junior MBOULET"},"url":"https:\/\/gabonnouvellevision.com\/gnv\/author\/junior\/"}]}},"_links":{"self":[{"href":"https:\/\/gabonnouvellevision.com\/gnv\/wp-json\/wp\/v2\/posts\/23751","targetHints":{"allow":["GET"]}}],"collection":[{"href":"https:\/\/gabonnouvellevision.com\/gnv\/wp-json\/wp\/v2\/posts"}],"about":[{"href":"https:\/\/gabonnouvellevision.com\/gnv\/wp-json\/wp\/v2\/types\/post"}],"author":[{"embeddable":true,"href":"https:\/\/gabonnouvellevision.com\/gnv\/wp-json\/wp\/v2\/users\/5"}],"replies":[{"embeddable":true,"href":"https:\/\/gabonnouvellevision.com\/gnv\/wp-json\/wp\/v2\/comments?post=23751"}],"version-history":[{"count":2,"href":"https:\/\/gabonnouvellevision.com\/gnv\/wp-json\/wp\/v2\/posts\/23751\/revisions"}],"predecessor-version":[{"id":23755,"href":"https:\/\/gabonnouvellevision.com\/gnv\/wp-json\/wp\/v2\/posts\/23751\/revisions\/23755"}],"wp:featuredmedia":[{"embeddable":true,"href":"https:\/\/gabonnouvellevision.com\/gnv\/wp-json\/wp\/v2\/media\/3559"}],"wp:attachment":[{"href":"https:\/\/gabonnouvellevision.com\/gnv\/wp-json\/wp\/v2\/media?parent=23751"}],"wp:term":[{"taxonomy":"category","embeddable":true,"href":"https:\/\/gabonnouvellevision.com\/gnv\/wp-json\/wp\/v2\/categories?post=23751"},{"taxonomy":"post_tag","embeddable":true,"href":"https:\/\/gabonnouvellevision.com\/gnv\/wp-json\/wp\/v2\/tags?post=23751"}],"curies":[{"name":"wp","href":"https:\/\/api.w.org\/{rel}","templated":true}]}}