{"id":23737,"date":"2025-03-07T11:13:20","date_gmt":"2025-03-07T10:13:20","guid":{"rendered":"https:\/\/gabonnouvellevision.com\/gnv\/?p=23737"},"modified":"2025-03-07T11:13:22","modified_gmt":"2025-03-07T10:13:22","slug":"le-ministere-de-lagriculture-receptionne-la-deuxieme-vague-du-materiel-agricole","status":"publish","type":"post","link":"https:\/\/gabonnouvellevision.com\/gnv\/2025\/03\/07\/le-ministere-de-lagriculture-receptionne-la-deuxieme-vague-du-materiel-agricole\/","title":{"rendered":"Le minist\u00e8re de l\u2019Agriculture r\u00e9ceptionne la deuxi\u00e8me vague du mat\u00e9riel agricole"},"content":{"rendered":"\n<p><strong>Le Pr\u00e9sident de la Transition, Brice Clotaire Oligui Nguema, entour\u00e9 du Premier Ministre, Raymond Ndong Sima, et du Ministre de l&rsquo;Agriculture, Odette Polo, hier sur l&rsquo;esplanade de la mosqu\u00e9e Hassan 2 de Libreville.<\/strong><\/p>\n\n\n\n<p><em><strong>Le Pr\u00e9sident de la Transition, Brice Oligui Nguema a remis officiellement le nouveau mat\u00e9riel agricole \u00e0 son Premier Ministre, Raymond Ndong Sima hier sur l\u2019esplanade de la mosqu\u00e9e Hassan 2 de Libreville. Une nouvelle dotation qui intervient apr\u00e8s celle &nbsp;de novembre dernier<\/strong><\/em><strong>.<\/strong><\/p>\n\n\n\n<p>Cette dotation de la deuxi\u00e8me vague d\u2019\u00e9quipements agricoles pour booster le secteur devant d\u00e9boucher \u00e0 l&rsquo;autosuffisance alimentaire comprend entre autres, 29 tracteurs, 11 attelages et autres accessoires d\u2019entretien.<\/p>\n\n\n\n<p>Selon le ministre en charge de l\u2019Agriculture, Odette Polo \u00e9pouse Pandzou, ce mat\u00e9riel sera destin\u00e9 aux services provinciaux d\u2019agriculture, aux entreprises de tutelle, et aux coop\u00e9ratives. C\u2019est un mat\u00e9riel agricole offert par le Chef de l\u2019Etat. Il y a eu une premi\u00e8re dotation au mois de novembre dernier, la plus grande et la plus importante\u201d s\u2019est r\u00e9joui lors de son allocution de circonstance.<\/p>\n\n\n\n<p>Un mat\u00e9riel qui devra \u00eatre &nbsp;utilis\u00e9 \u00e0 bon escient et attire les jeunes dans ce secteur d\u2019avenir. \u201cIl faut maintenant former les jeunes \u00e0 l\u2019utilisation de ce mat\u00e9riel et montrer la rentabilit\u00e9 que \u00e7a repr\u00e9sente d\u2019utiliser ce genre de mat\u00e9riel en production et en revenu. Je pense que \u00e7a va permettre aux jeunes de se faire une opinion que \u00e7a vaut la peine d\u2019aller l\u00e0-dedans\u201d a rassur\u00e9 le Premier Ministre de la Transition, Raymond Ndong Sima.<\/p>\n\n\n\n<p>Une action de bienfaisance du Pr\u00e9sident de la Transition, Brice Clotaire Oligui Nguema, qui devra moderniser davantage ce secteur dont le pays reste tributaire de l\u2019ext\u00e9rieur \u00e0 plus de 60%<\/p>\n\n\n\n<p><strong>Rufin Martial Oke Nze<\/strong><\/p>\n","protected":false},"excerpt":{"rendered":"<p>Le Pr\u00e9sident de la Transition, Brice Clotaire Oligui Nguema, entour\u00e9 du Premier Ministre, Raymond Ndong Sima, et du Ministre de l&rsquo;Agriculture, Odette Polo, hier sur l&rsquo;esplanade de la mosqu\u00e9e Hassan 2 de Libreville. Le Pr\u00e9sident de la Transition, Brice Oligui Nguema a remis officiellement le nouveau mat\u00e9riel agricole \u00e0 son Premier Ministre, Raymond Ndong Sima [&hellip;]<\/p>\n","protected":false},"author":7,"featured_media":23738,"comment_status":"open","ping_status":"open","sticky":false,"template":"","format":"standard","meta":{"footnotes":""},"categories":[57,55,60],"tags":[],"class_list":["post-23737","post","type-post","status-publish","format-standard","has-post-thumbnail","hentry","category-a-la-une","category-actualites","category-economie"],"yoast_head":"<!-- This site is optimized with the Yoast SEO plugin v24.2 - https:\/\/yoast.com\/wordpress\/plugins\/seo\/ -->\n<title>Le minist\u00e8re de l\u2019Agriculture r\u00e9ceptionne la deuxi\u00e8me vague du mat\u00e9riel agricole - Gabon Nouvelle Vision<\/title>\n<meta name=\"robots\" content=\"index, follow, max-snippet:-1, max-image-preview:large, max-video-preview:-1\" \/>\n<link rel=\"canonical\" href=\"https:\/\/gabonnouvellevision.com\/gnv\/2025\/03\/07\/le-ministere-de-lagriculture-receptionne-la-deuxieme-vague-du-materiel-agricole\/\" \/>\n<meta property=\"og:locale\" content=\"fr_FR\" \/>\n<meta property=\"og:type\" content=\"article\" \/>\n<meta property=\"og:title\" content=\"Le minist\u00e8re de l\u2019Agriculture r\u00e9ceptionne la deuxi\u00e8me vague du mat\u00e9riel agricole - Gabon Nouvelle Vision\" \/>\n<meta property=\"og:description\" content=\"Le Pr\u00e9sident de la Transition, Brice Clotaire Oligui Nguema, entour\u00e9 du Premier Ministre, Raymond Ndong Sima, et du Ministre de l&rsquo;Agriculture, Odette Polo, hier sur l&rsquo;esplanade de la mosqu\u00e9e Hassan 2 de Libreville. Le Pr\u00e9sident de la Transition, Brice Oligui Nguema a remis officiellement le nouveau mat\u00e9riel agricole \u00e0 son Premier Ministre, Raymond Ndong Sima [&hellip;]\" \/>\n<meta property=\"og:url\" content=\"https:\/\/gabonnouvellevision.com\/gnv\/2025\/03\/07\/le-ministere-de-lagriculture-receptionne-la-deuxieme-vague-du-materiel-agricole\/\" \/>\n<meta property=\"og:site_name\" content=\"Gabon Nouvelle Vision\" \/>\n<meta property=\"article:publisher\" content=\"https:\/\/www.facebook.com\/GNVofficiel\" \/>\n<meta property=\"article:published_time\" content=\"2025-03-07T10:13:20+00:00\" \/>\n<meta property=\"article:modified_time\" content=\"2025-03-07T10:13:22+00:00\" \/>\n<meta property=\"og:image\" content=\"https:\/\/gabonnouvellevision.com\/gnv\/wp-content\/uploads\/2025\/03\/Agriculture.jpg\" \/>\n\t<meta property=\"og:image:width\" content=\"640\" \/>\n\t<meta property=\"og:image:height\" content=\"359\" \/>\n\t<meta property=\"og:image:type\" content=\"image\/jpeg\" \/>\n<meta name=\"author\" content=\"Eyeng Obame\" \/>\n<meta name=\"twitter:card\" content=\"summary_large_image\" \/>\n<meta name=\"twitter:label1\" content=\"\u00c9crit par\" \/>\n\t<meta name=\"twitter:data1\" content=\"Eyeng Obame\" \/>\n\t<meta name=\"twitter:label2\" content=\"Dur\u00e9e de lecture estim\u00e9e\" \/>\n\t<meta name=\"twitter:data2\" content=\"2 minutes\" \/>\n<script type=\"application\/ld+json\" class=\"yoast-schema-graph\">{\"@context\":\"https:\/\/schema.org\",\"@graph\":[{\"@type\":\"Article\",\"@id\":\"https:\/\/gabonnouvellevision.com\/gnv\/2025\/03\/07\/le-ministere-de-lagriculture-receptionne-la-deuxieme-vague-du-materiel-agricole\/#article\",\"isPartOf\":{\"@id\":\"https:\/\/gabonnouvellevision.com\/gnv\/2025\/03\/07\/le-ministere-de-lagriculture-receptionne-la-deuxieme-vague-du-materiel-agricole\/\"},\"author\":{\"name\":\"Eyeng Obame\",\"@id\":\"https:\/\/gabonnouvellevision.com\/gnv\/#\/schema\/person\/4b48e07d222f83c0285affc3704bc899\"},\"headline\":\"Le minist\u00e8re de l\u2019Agriculture r\u00e9ceptionne la deuxi\u00e8me vague du mat\u00e9riel agricole\",\"datePublished\":\"2025-03-07T10:13:20+00:00\",\"dateModified\":\"2025-03-07T10:13:22+00:00\",\"mainEntityOfPage\":{\"@id\":\"https:\/\/gabonnouvellevision.com\/gnv\/2025\/03\/07\/le-ministere-de-lagriculture-receptionne-la-deuxieme-vague-du-materiel-agricole\/\"},\"wordCount\":317,\"commentCount\":0,\"publisher\":{\"@id\":\"https:\/\/gabonnouvellevision.com\/gnv\/#organization\"},\"image\":{\"@id\":\"https:\/\/gabonnouvellevision.com\/gnv\/2025\/03\/07\/le-ministere-de-lagriculture-receptionne-la-deuxieme-vague-du-materiel-agricole\/#primaryimage\"},\"thumbnailUrl\":\"https:\/\/gabonnouvellevision.com\/gnv\/wp-content\/uploads\/2025\/03\/Agriculture.jpg\",\"articleSection\":[\"A la une\",\"Actualites\",\"Economie\"],\"inLanguage\":\"fr-FR\",\"potentialAction\":[{\"@type\":\"CommentAction\",\"name\":\"Comment\",\"target\":[\"https:\/\/gabonnouvellevision.com\/gnv\/2025\/03\/07\/le-ministere-de-lagriculture-receptionne-la-deuxieme-vague-du-materiel-agricole\/#respond\"]}]},{\"@type\":\"WebPage\",\"@id\":\"https:\/\/gabonnouvellevision.com\/gnv\/2025\/03\/07\/le-ministere-de-lagriculture-receptionne-la-deuxieme-vague-du-materiel-agricole\/\",\"url\":\"https:\/\/gabonnouvellevision.com\/gnv\/2025\/03\/07\/le-ministere-de-lagriculture-receptionne-la-deuxieme-vague-du-materiel-agricole\/\",\"name\":\"Le minist\u00e8re de l\u2019Agriculture r\u00e9ceptionne la deuxi\u00e8me vague du mat\u00e9riel agricole - Gabon Nouvelle Vision\",\"isPartOf\":{\"@id\":\"https:\/\/gabonnouvellevision.com\/gnv\/#website\"},\"primaryImageOfPage\":{\"@id\":\"https:\/\/gabonnouvellevision.com\/gnv\/2025\/03\/07\/le-ministere-de-lagriculture-receptionne-la-deuxieme-vague-du-materiel-agricole\/#primaryimage\"},\"image\":{\"@id\":\"https:\/\/gabonnouvellevision.com\/gnv\/2025\/03\/07\/le-ministere-de-lagriculture-receptionne-la-deuxieme-vague-du-materiel-agricole\/#primaryimage\"},\"thumbnailUrl\":\"https:\/\/gabonnouvellevision.com\/gnv\/wp-content\/uploads\/2025\/03\/Agriculture.jpg\",\"datePublished\":\"2025-03-07T10:13:20+00:00\",\"dateModified\":\"2025-03-07T10:13:22+00:00\",\"breadcrumb\":{\"@id\":\"https:\/\/gabonnouvellevision.com\/gnv\/2025\/03\/07\/le-ministere-de-lagriculture-receptionne-la-deuxieme-vague-du-materiel-agricole\/#breadcrumb\"},\"inLanguage\":\"fr-FR\",\"potentialAction\":[{\"@type\":\"ReadAction\",\"target\":[\"https:\/\/gabonnouvellevision.com\/gnv\/2025\/03\/07\/le-ministere-de-lagriculture-receptionne-la-deuxieme-vague-du-materiel-agricole\/\"]}]},{\"@type\":\"ImageObject\",\"inLanguage\":\"fr-FR\",\"@id\":\"https:\/\/gabonnouvellevision.com\/gnv\/2025\/03\/07\/le-ministere-de-lagriculture-receptionne-la-deuxieme-vague-du-materiel-agricole\/#primaryimage\",\"url\":\"https:\/\/gabonnouvellevision.com\/gnv\/wp-content\/uploads\/2025\/03\/Agriculture.jpg\",\"contentUrl\":\"https:\/\/gabonnouvellevision.com\/gnv\/wp-content\/uploads\/2025\/03\/Agriculture.jpg\",\"width\":640,\"height\":359},{\"@type\":\"BreadcrumbList\",\"@id\":\"https:\/\/gabonnouvellevision.com\/gnv\/2025\/03\/07\/le-ministere-de-lagriculture-receptionne-la-deuxieme-vague-du-materiel-agricole\/#breadcrumb\",\"itemListElement\":[{\"@type\":\"ListItem\",\"position\":1,\"name\":\"Accueil\",\"item\":\"https:\/\/gabonnouvellevision.com\/gnv\/\"},{\"@type\":\"ListItem\",\"position\":2,\"name\":\"Le minist\u00e8re de l\u2019Agriculture r\u00e9ceptionne la deuxi\u00e8me vague du mat\u00e9riel agricole\"}]},{\"@type\":\"WebSite\",\"@id\":\"https:\/\/gabonnouvellevision.com\/gnv\/#website\",\"url\":\"https:\/\/gabonnouvellevision.com\/gnv\/\",\"name\":\"Gabon Nouvelle Vision\",\"description\":\"\",\"publisher\":{\"@id\":\"https:\/\/gabonnouvellevision.com\/gnv\/#organization\"},\"potentialAction\":[{\"@type\":\"SearchAction\",\"target\":{\"@type\":\"EntryPoint\",\"urlTemplate\":\"https:\/\/gabonnouvellevision.com\/gnv\/?s={search_term_string}\"},\"query-input\":{\"@type\":\"PropertyValueSpecification\",\"valueRequired\":true,\"valueName\":\"search_term_string\"}}],\"inLanguage\":\"fr-FR\"},{\"@type\":\"Organization\",\"@id\":\"https:\/\/gabonnouvellevision.com\/gnv\/#organization\",\"name\":\"Gabon Nouvelle Vision\",\"url\":\"https:\/\/gabonnouvellevision.com\/gnv\/\",\"logo\":{\"@type\":\"ImageObject\",\"inLanguage\":\"fr-FR\",\"@id\":\"https:\/\/gabonnouvellevision.com\/gnv\/#\/schema\/logo\/image\/\",\"url\":\"https:\/\/gabonnouvellevision.com\/gnv\/wp-content\/uploads\/2025\/01\/logo-text_Plan-de-travail-1.png\",\"contentUrl\":\"https:\/\/gabonnouvellevision.com\/gnv\/wp-content\/uploads\/2025\/01\/logo-text_Plan-de-travail-1.png\",\"width\":7169,\"height\":2390,\"caption\":\"Gabon Nouvelle Vision\"},\"image\":{\"@id\":\"https:\/\/gabonnouvellevision.com\/gnv\/#\/schema\/logo\/image\/\"},\"sameAs\":[\"https:\/\/www.facebook.com\/GNVofficiel\"]},{\"@type\":\"Person\",\"@id\":\"https:\/\/gabonnouvellevision.com\/gnv\/#\/schema\/person\/4b48e07d222f83c0285affc3704bc899\",\"name\":\"Eyeng Obame\",\"image\":{\"@type\":\"ImageObject\",\"inLanguage\":\"fr-FR\",\"@id\":\"https:\/\/gabonnouvellevision.com\/gnv\/#\/schema\/person\/image\/\",\"url\":\"https:\/\/secure.gravatar.com\/avatar\/167bc03b8baf3c77318a47159f80871de6f5a6cbf4bc8b6af750fbc1a369d7bf?s=96&d=mm&r=g\",\"contentUrl\":\"https:\/\/secure.gravatar.com\/avatar\/167bc03b8baf3c77318a47159f80871de6f5a6cbf4bc8b6af750fbc1a369d7bf?s=96&d=mm&r=g\",\"caption\":\"Eyeng Obame\"},\"url\":\"https:\/\/gabonnouvellevision.com\/gnv\/author\/rufin\/\"}]}<\/script>\n<!-- \/ Yoast SEO plugin. -->","yoast_head_json":{"title":"Le minist\u00e8re de l\u2019Agriculture r\u00e9ceptionne la deuxi\u00e8me vague du mat\u00e9riel agricole - Gabon Nouvelle Vision","robots":{"index":"index","follow":"follow","max-snippet":"max-snippet:-1","max-image-preview":"max-image-preview:large","max-video-preview":"max-video-preview:-1"},"canonical":"https:\/\/gabonnouvellevision.com\/gnv\/2025\/03\/07\/le-ministere-de-lagriculture-receptionne-la-deuxieme-vague-du-materiel-agricole\/","og_locale":"fr_FR","og_type":"article","og_title":"Le minist\u00e8re de l\u2019Agriculture r\u00e9ceptionne la deuxi\u00e8me vague du mat\u00e9riel agricole - Gabon Nouvelle Vision","og_description":"Le Pr\u00e9sident de la Transition, Brice Clotaire Oligui Nguema, entour\u00e9 du Premier Ministre, Raymond Ndong Sima, et du Ministre de l&rsquo;Agriculture, Odette Polo, hier sur l&rsquo;esplanade de la mosqu\u00e9e Hassan 2 de Libreville. Le Pr\u00e9sident de la Transition, Brice Oligui Nguema a remis officiellement le nouveau mat\u00e9riel agricole \u00e0 son Premier Ministre, Raymond Ndong Sima [&hellip;]","og_url":"https:\/\/gabonnouvellevision.com\/gnv\/2025\/03\/07\/le-ministere-de-lagriculture-receptionne-la-deuxieme-vague-du-materiel-agricole\/","og_site_name":"Gabon Nouvelle Vision","article_publisher":"https:\/\/www.facebook.com\/GNVofficiel","article_published_time":"2025-03-07T10:13:20+00:00","article_modified_time":"2025-03-07T10:13:22+00:00","og_image":[{"width":640,"height":359,"url":"https:\/\/gabonnouvellevision.com\/gnv\/wp-content\/uploads\/2025\/03\/Agriculture.jpg","type":"image\/jpeg"}],"author":"Eyeng Obame","twitter_card":"summary_large_image","twitter_misc":{"\u00c9crit par":"Eyeng Obame","Dur\u00e9e de lecture estim\u00e9e":"2 minutes"},"schema":{"@context":"https:\/\/schema.org","@graph":[{"@type":"Article","@id":"https:\/\/gabonnouvellevision.com\/gnv\/2025\/03\/07\/le-ministere-de-lagriculture-receptionne-la-deuxieme-vague-du-materiel-agricole\/#article","isPartOf":{"@id":"https:\/\/gabonnouvellevision.com\/gnv\/2025\/03\/07\/le-ministere-de-lagriculture-receptionne-la-deuxieme-vague-du-materiel-agricole\/"},"author":{"name":"Eyeng Obame","@id":"https:\/\/gabonnouvellevision.com\/gnv\/#\/schema\/person\/4b48e07d222f83c0285affc3704bc899"},"headline":"Le minist\u00e8re de l\u2019Agriculture r\u00e9ceptionne la deuxi\u00e8me vague du mat\u00e9riel agricole","datePublished":"2025-03-07T10:13:20+00:00","dateModified":"2025-03-07T10:13:22+00:00","mainEntityOfPage":{"@id":"https:\/\/gabonnouvellevision.com\/gnv\/2025\/03\/07\/le-ministere-de-lagriculture-receptionne-la-deuxieme-vague-du-materiel-agricole\/"},"wordCount":317,"commentCount":0,"publisher":{"@id":"https:\/\/gabonnouvellevision.com\/gnv\/#organization"},"image":{"@id":"https:\/\/gabonnouvellevision.com\/gnv\/2025\/03\/07\/le-ministere-de-lagriculture-receptionne-la-deuxieme-vague-du-materiel-agricole\/#primaryimage"},"thumbnailUrl":"https:\/\/gabonnouvellevision.com\/gnv\/wp-content\/uploads\/2025\/03\/Agriculture.jpg","articleSection":["A la une","Actualites","Economie"],"inLanguage":"fr-FR","potentialAction":[{"@type":"CommentAction","name":"Comment","target":["https:\/\/gabonnouvellevision.com\/gnv\/2025\/03\/07\/le-ministere-de-lagriculture-receptionne-la-deuxieme-vague-du-materiel-agricole\/#respond"]}]},{"@type":"WebPage","@id":"https:\/\/gabonnouvellevision.com\/gnv\/2025\/03\/07\/le-ministere-de-lagriculture-receptionne-la-deuxieme-vague-du-materiel-agricole\/","url":"https:\/\/gabonnouvellevision.com\/gnv\/2025\/03\/07\/le-ministere-de-lagriculture-receptionne-la-deuxieme-vague-du-materiel-agricole\/","name":"Le minist\u00e8re de l\u2019Agriculture r\u00e9ceptionne la deuxi\u00e8me vague du mat\u00e9riel agricole - Gabon Nouvelle Vision","isPartOf":{"@id":"https:\/\/gabonnouvellevision.com\/gnv\/#website"},"primaryImageOfPage":{"@id":"https:\/\/gabonnouvellevision.com\/gnv\/2025\/03\/07\/le-ministere-de-lagriculture-receptionne-la-deuxieme-vague-du-materiel-agricole\/#primaryimage"},"image":{"@id":"https:\/\/gabonnouvellevision.com\/gnv\/2025\/03\/07\/le-ministere-de-lagriculture-receptionne-la-deuxieme-vague-du-materiel-agricole\/#primaryimage"},"thumbnailUrl":"https:\/\/gabonnouvellevision.com\/gnv\/wp-content\/uploads\/2025\/03\/Agriculture.jpg","datePublished":"2025-03-07T10:13:20+00:00","dateModified":"2025-03-07T10:13:22+00:00","breadcrumb":{"@id":"https:\/\/gabonnouvellevision.com\/gnv\/2025\/03\/07\/le-ministere-de-lagriculture-receptionne-la-deuxieme-vague-du-materiel-agricole\/#breadcrumb"},"inLanguage":"fr-FR","potentialAction":[{"@type":"ReadAction","target":["https:\/\/gabonnouvellevision.com\/gnv\/2025\/03\/07\/le-ministere-de-lagriculture-receptionne-la-deuxieme-vague-du-materiel-agricole\/"]}]},{"@type":"ImageObject","inLanguage":"fr-FR","@id":"https:\/\/gabonnouvellevision.com\/gnv\/2025\/03\/07\/le-ministere-de-lagriculture-receptionne-la-deuxieme-vague-du-materiel-agricole\/#primaryimage","url":"https:\/\/gabonnouvellevision.com\/gnv\/wp-content\/uploads\/2025\/03\/Agriculture.jpg","contentUrl":"https:\/\/gabonnouvellevision.com\/gnv\/wp-content\/uploads\/2025\/03\/Agriculture.jpg","width":640,"height":359},{"@type":"BreadcrumbList","@id":"https:\/\/gabonnouvellevision.com\/gnv\/2025\/03\/07\/le-ministere-de-lagriculture-receptionne-la-deuxieme-vague-du-materiel-agricole\/#breadcrumb","itemListElement":[{"@type":"ListItem","position":1,"name":"Accueil","item":"https:\/\/gabonnouvellevision.com\/gnv\/"},{"@type":"ListItem","position":2,"name":"Le minist\u00e8re de l\u2019Agriculture r\u00e9ceptionne la deuxi\u00e8me vague du mat\u00e9riel agricole"}]},{"@type":"WebSite","@id":"https:\/\/gabonnouvellevision.com\/gnv\/#website","url":"https:\/\/gabonnouvellevision.com\/gnv\/","name":"Gabon Nouvelle Vision","description":"","publisher":{"@id":"https:\/\/gabonnouvellevision.com\/gnv\/#organization"},"potentialAction":[{"@type":"SearchAction","target":{"@type":"EntryPoint","urlTemplate":"https:\/\/gabonnouvellevision.com\/gnv\/?s={search_term_string}"},"query-input":{"@type":"PropertyValueSpecification","valueRequired":true,"valueName":"search_term_string"}}],"inLanguage":"fr-FR"},{"@type":"Organization","@id":"https:\/\/gabonnouvellevision.com\/gnv\/#organization","name":"Gabon Nouvelle Vision","url":"https:\/\/gabonnouvellevision.com\/gnv\/","logo":{"@type":"ImageObject","inLanguage":"fr-FR","@id":"https:\/\/gabonnouvellevision.com\/gnv\/#\/schema\/logo\/image\/","url":"https:\/\/gabonnouvellevision.com\/gnv\/wp-content\/uploads\/2025\/01\/logo-text_Plan-de-travail-1.png","contentUrl":"https:\/\/gabonnouvellevision.com\/gnv\/wp-content\/uploads\/2025\/01\/logo-text_Plan-de-travail-1.png","width":7169,"height":2390,"caption":"Gabon Nouvelle Vision"},"image":{"@id":"https:\/\/gabonnouvellevision.com\/gnv\/#\/schema\/logo\/image\/"},"sameAs":["https:\/\/www.facebook.com\/GNVofficiel"]},{"@type":"Person","@id":"https:\/\/gabonnouvellevision.com\/gnv\/#\/schema\/person\/4b48e07d222f83c0285affc3704bc899","name":"Eyeng Obame","image":{"@type":"ImageObject","inLanguage":"fr-FR","@id":"https:\/\/gabonnouvellevision.com\/gnv\/#\/schema\/person\/image\/","url":"https:\/\/secure.gravatar.com\/avatar\/167bc03b8baf3c77318a47159f80871de6f5a6cbf4bc8b6af750fbc1a369d7bf?s=96&d=mm&r=g","contentUrl":"https:\/\/secure.gravatar.com\/avatar\/167bc03b8baf3c77318a47159f80871de6f5a6cbf4bc8b6af750fbc1a369d7bf?s=96&d=mm&r=g","caption":"Eyeng Obame"},"url":"https:\/\/gabonnouvellevision.com\/gnv\/author\/rufin\/"}]}},"_links":{"self":[{"href":"https:\/\/gabonnouvellevision.com\/gnv\/wp-json\/wp\/v2\/posts\/23737","targetHints":{"allow":["GET"]}}],"collection":[{"href":"https:\/\/gabonnouvellevision.com\/gnv\/wp-json\/wp\/v2\/posts"}],"about":[{"href":"https:\/\/gabonnouvellevision.com\/gnv\/wp-json\/wp\/v2\/types\/post"}],"author":[{"embeddable":true,"href":"https:\/\/gabonnouvellevision.com\/gnv\/wp-json\/wp\/v2\/users\/7"}],"replies":[{"embeddable":true,"href":"https:\/\/gabonnouvellevision.com\/gnv\/wp-json\/wp\/v2\/comments?post=23737"}],"version-history":[{"count":1,"href":"https:\/\/gabonnouvellevision.com\/gnv\/wp-json\/wp\/v2\/posts\/23737\/revisions"}],"predecessor-version":[{"id":23739,"href":"https:\/\/gabonnouvellevision.com\/gnv\/wp-json\/wp\/v2\/posts\/23737\/revisions\/23739"}],"wp:featuredmedia":[{"embeddable":true,"href":"https:\/\/gabonnouvellevision.com\/gnv\/wp-json\/wp\/v2\/media\/23738"}],"wp:attachment":[{"href":"https:\/\/gabonnouvellevision.com\/gnv\/wp-json\/wp\/v2\/media?parent=23737"}],"wp:term":[{"taxonomy":"category","embeddable":true,"href":"https:\/\/gabonnouvellevision.com\/gnv\/wp-json\/wp\/v2\/categories?post=23737"},{"taxonomy":"post_tag","embeddable":true,"href":"https:\/\/gabonnouvellevision.com\/gnv\/wp-json\/wp\/v2\/tags?post=23737"}],"curies":[{"name":"wp","href":"https:\/\/api.w.org\/{rel}","templated":true}]}}