{"id":23734,"date":"2025-03-07T08:45:22","date_gmt":"2025-03-07T07:45:22","guid":{"rendered":"https:\/\/gabonnouvellevision.com\/gnv\/?p=23734"},"modified":"2025-03-07T09:37:38","modified_gmt":"2025-03-07T08:37:38","slug":"politique-conseil-des-ministres-du-6-mars-2025-communique-final","status":"publish","type":"post","link":"https:\/\/gabonnouvellevision.com\/gnv\/2025\/03\/07\/politique-conseil-des-ministres-du-6-mars-2025-communique-final\/","title":{"rendered":"Politique\/Conseil des Ministres du 6 mars 2025\u00a0: Communiqu\u00e9 final"},"content":{"rendered":"\n<p><em>Sous la Tr\u00e8s Haute Pr\u00e9sidence de Son Excellence Brice Clotaire OLIGUI NGUEMA, G\u00e9n\u00e9ral de Brigade, Pr\u00e9sident de la Transition, Pr\u00e9sident de la R\u00e9publique, Chef de l\u2019\u00c9tat, le Conseil des Ministres s\u2019est r\u00e9uni ce jeudi 6 mars 2025, \u00e0 10 heures pr\u00e9cises, au Palais de la Pr\u00e9sidence de la R\u00e9publique.<\/em><\/p>\n\n\n\n<p>Le Conseil des Ministres s\u2019est f\u00e9licit\u00e9 de la mise en place effective et progressive des organes pr\u00e9vus par le nouveau Code \u00e9lectoral, mat\u00e9rialisant ainsi une avanc\u00e9e d\u00e9cisive vers l&rsquo;organisation du scrutin pr\u00e9sidentiel \u00e0 venir. Apr\u00e8s la prestation de serment, la semaine derni\u00e8re, de la Commission m\u00e9dicale charg\u00e9e d\u2019\u00e9valuer l\u2019aptitude physique et mentale des candidats, deux autres structures ont accompli cette formalit\u00e9 en d\u00e9but de semaine :<\/p>\n\n\n\n<p>la Commission d\u2019\u00e9valuation de l\u2019aptitude linguistique des candidats et l\u2019Autorit\u00e9 de Contr\u00f4le des \u00c9lections et du R\u00e9f\u00e9rendum (ACER). Cette mont\u00e9e en puissance des dispositifs \u00e9lectoraux traduit la volont\u00e9 des autorit\u00e9s de garantir un processus \u00e9lectoral transparent, inclusif et conforme aux aspirations du peuple gabonais. Dans le m\u00eame \u00e9lan, le Pr\u00e9sident de la Transition a rappel\u00e9 avec force la n\u00e9cessit\u00e9 de pr\u00e9server un climat apais\u00e9, empreint d\u2019unit\u00e9 et de responsabilit\u00e9, durant cette p\u00e9riode cruciale pour l\u2019avenir de la Nation. Il a exhort\u00e9 le Gouvernement de la Transition \u00e0 promouvoir, durant cette phase de pr\u00e9paration, un message de rassemblement, \u00e0 m\u00eame de transcender les clivages et de consolider la coh\u00e9sion nationale.<\/p>\n\n\n\n<p>L\u2019\u00e9lection pr\u00e9sidentielle, loin d\u2019\u00eatre un moment de division, doit \u00eatre une occasion historique de d\u00e9montrer la maturit\u00e9 politique du Peuple gabonais et de r\u00e9affirmer l\u2019unit\u00e9 nationale. Il a insist\u00e9 sur le fait que, malgr\u00e9 la l\u00e9gitimit\u00e9 des ambitions individuelles, le devoir sup\u00e9rieur de chaque acteur politique et institutionnel demeure l&rsquo;int\u00e9r\u00eat g\u00e9n\u00e9ral, l\u2019unit\u00e9 de la Nation et la p\u00e9rennisation des valeurs r\u00e9publicaines. Le Chef de l\u2019\u00c9tat a tenu \u00e0 rappeler que l\u2019ambition premi\u00e8re du Comit\u00e9 pour la Transition et la Restauration des Institutions (CTRI), au lendemain des \u00e9v\u00e9nements du 30 ao\u00fbt 2023, a \u00e9t\u00e9 de jeter les bases d\u2019un renouveau r\u00e9publicain, en garantissant l\u2019implication de tous les fils et toutes les filles du Gabon, sans exclusive. Il a soulign\u00e9 que les plus grands chantiers du Gabon restent ceux de la construction nationale et du d\u00e9veloppement, afin que chaque citoyen se reconnaisse pleinement dans les id\u00e9aux et les valeurs fondamentales de la R\u00e9publique.<\/p>\n\n\n\n<p>Par ailleurs, le Pr\u00e9sident de la Transition a instruit le Gouvernement, en collaboration avec le CTRI, de redoubler de vigilance et de rigueur dans le suivi et le contr\u00f4le des projets d\u2019infrastructures engag\u00e9s \u00e0 travers le pays. Il a exig\u00e9 que les missions d&rsquo;inspection se poursuivent avec la plus grande fermet\u00e9, afin de garantir la qualit\u00e9 des r\u00e9alisations, le respect strict des d\u00e9lais d&rsquo;ex\u00e9cution et la transparence dans l\u2019utilisation des ressources publiques. Les r\u00e9sultats de ces inspections devront \u00eatre rendus publics, conform\u00e9ment \u00e0 l\u2019engagement de transparence et de redevabilit\u00e9 pris devant le peuple gabonais. \u00c0 travers ces actions, le Pr\u00e9sident de la R\u00e9publique r\u00e9affirme sa d\u00e9termination \u00e0 b\u00e2tir un Gabon plus uni, plus fort et r\u00e9solument tourn\u00e9 vers un avenir de prosp\u00e9rit\u00e9 partag\u00e9e. Au titre des projets de textes l\u00e9gislatifs et r\u00e9glementaires,<\/p>\n\n\n\n<p>Le Conseil des Ministres a d\u00e9lib\u00e9r\u00e9 sur les affaires suivantes :<\/p>\n\n\n\n<p><strong>MINISTERE DE L\u2019INTERIEUR ET DE LA SECURITE<\/strong><\/p>\n\n\n\n<p>\u2022 Projet de d\u00e9cret portant modification de certaines dispositions du d\u00e9cret n\u00b0398\/PR\/MISPD du 10 mai 2002 fixant les modalit\u00e9s de convoyage, d\u2019affichage et de consultation des proc\u00e8s-verbaux des op\u00e9rations \u00e9lectorales ; Pris en application des articles 155, 156, 162 et suivants de la loi organique n\u00b0001\/2025 du 19 janvier 2025, portant Code \u00e9lectoral en R\u00e9publique Gabonaise, ce projet vise \u00e0 renforcer la transparence et la cr\u00e9dibilit\u00e9 du processus \u00e9lectoral. Il introduit des mesures garantissant un meilleur acc\u00e8s aux r\u00e9sultats \u00e9lectoraux, notamment par l\u2019obligation faite aux responsables des bureaux de vote, ainsi qu\u2019aux commissions \u00e9lectorales locales et consulaires, d\u2019afficher imm\u00e9diatement les proc\u00e8s-verbaux des op\u00e9rations \u00e9lectorales d\u00e8s la fin du d\u00e9pouillement. Cette r\u00e9forme s\u2019inscrit dans une dynamique d\u2019am\u00e9lioration du cadre \u00e9lectoral, en vue d\u2019assurer une meilleure information des citoyens et de consolider la confiance des \u00e9lecteurs dans le processus d\u00e9mocratique national.<\/p>\n\n\n\n<p>\u2022 Projet de d\u00e9cret fixant les modalit\u00e9s d\u2019organisation du vote en milieu carc\u00e9ral. Pris en application des dispositions de l\u2019article 114 de la loi organique n\u00b0001\/2025 du 19 janvier 2025, portant Code \u00e9lectoral en R\u00e9publique Gabonaise, ce texte vise \u00e0 encadrer l\u2019exercice du droit de vote des d\u00e9tenus jouissant de leurs droits \u00e9lectoraux, directement au sein de leur lieu de d\u00e9tention. Cette avanc\u00e9e, r\u00e9sultant des r\u00e9centes \u00e9volutions du cadre \u00e9lectoral, consacre le principe d\u2019une participation plus inclusive \u00e0 la vie d\u00e9mocratique nationale. En cons\u00e9quence, les ministres en charge de l\u2019Int\u00e9rieur et de la Justice sont d\u00e9sign\u00e9s pour d\u00e9finir, dans le cadre de leurs attributions respectives, les modalit\u00e9s pratiques de d\u00e9roulement des op\u00e9rations \u00e9lectorales en milieu carc\u00e9ral. \u00c0 travers cette r\u00e9forme, les autorit\u00e9s de la transition r\u00e9affirment leur engagement \u00e0 garantir l\u2019universalit\u00e9 et l\u2019\u00e9galit\u00e9 du droit de vote, conform\u00e9ment aux principes d\u00e9mocratiques et aux exigences de transparence et d\u2019inclusion \u00e9lectorale.<\/p>\n\n\n\n<p>&nbsp;\u2022 Projet de d\u00e9cret r\u00e9gissant la prestation de serment des membres des bureaux de commissions \u00e9lectorales locales. Pris en application des dispositions de la loi organique n\u00b0001\/2025 du 19 janvier 2025 portant Code \u00e9lectoral en R\u00e9publique Gabonaise, ce d\u00e9cret vise \u00e0 garantir l\u2019int\u00e9grit\u00e9 et la transparence du processus \u00e9lectoral en instaurant une obligation de prestation de serment pour les membres des bureaux des commissions \u00e9lectorales locales avant leur entr\u00e9e en fonction. Ainsi, ces derniers devront pr\u00eater serment devant la Cour Constitutionnelle, selon la formule suivante : \u00ab Je jure de remplir mes fonctions avec probit\u00e9 et impartialit\u00e9, de respecter et de faire respecter la loi \u00e9lectorale, le suffrage universel et la d\u00e9mocratie pluraliste, ainsi que de m\u2019astreindre au secret des d\u00e9lib\u00e9rations auxquelles je prendrai part dans l\u2019exercice de mes fonctions. Je le jure \u00bb L\u2019instauration de cette prestation de serment vise \u00e0 renforcer la cr\u00e9dibilit\u00e9 et l\u2019impartialit\u00e9 du processus \u00e9lectoral, en imposant aux membres des bureaux des commissions \u00e9lectorales locales une obligation formelle de respecter les principes fondamentaux du suffrage d\u00e9mocratique.<\/p>\n\n\n\n<p><strong>MINISTERE DE L\u2019ECONOMIE ET DES PARTICIPATIONS<\/strong><\/p>\n\n\n\n<p>\u2022 Adoption du projet de loi fixant le cadre g\u00e9n\u00e9ral de l\u2019investissement en R\u00e9publique Gabonaise Ce texte vise \u00e0 moderniser le cadre l\u00e9gal de l\u2019investissement en d\u00e9finissant trois principaux r\u00e9gimes : le r\u00e9gime de droit commun, les r\u00e9gimes sp\u00e9cifiques et le r\u00e9gime de r\u00e9investissement, avec des avantages fiscaux et douaniers adapt\u00e9s aux op\u00e9rateurs \u00e9conomiques concern\u00e9s. Le projet met \u00e9galement en place l\u2019Agr\u00e9ment investisseur, un nouvel instrument destin\u00e9 \u00e0 encourager la r\u00e9alisation de projets prioritaires, l\u2019installation des investisseurs dans des zones \u00e0 fort potentiel de d\u00e9veloppement, la substitution des importations, ainsi que la cr\u00e9ation d\u2019emplois qualifi\u00e9s et le renforcement des comp\u00e9tences locales.<\/p>\n\n\n\n<p>Afin de garantir une gouvernance efficace, un cadre institutionnel int\u00e9grateur est instaur\u00e9, structur\u00e9 autour : &#8211; d\u2019un organe de pilotage charg\u00e9 de l\u2019orientation strat\u00e9gique de la politique d\u2019investissement ; &#8211; du Minist\u00e8re en charge de la Promotion des Investissements, responsable de la conception, de la coordination et du suivi-\u00e9valuation des actions men\u00e9es ; &#8211; de l\u2019Agence Nationale des Investissements du Gabon, en charge de l\u2019accompagnement des investisseurs et du suivi des engagements contract\u00e9s. En harmonisant les dispositifs existants, ce projet de loi renforce la protection des investisseurs, clarifie les m\u00e9canismes de r\u00e8glement des diff\u00e9rends, limite la vacance fiscale et rationalise l\u2019attribution des avantages li\u00e9s aux investissements.<\/p>\n\n\n\n<p>L\u2019adoption et la mise en \u0153uvre de ce texte permettront \u00e0 notre pays d\u2019am\u00e9liorer son climat des affaires, de renforcer l\u2019attractivit\u00e9 \u00e9conomique et de stimuler la croissance des secteurs productifs et non productifs, en coh\u00e9rence avec les objectifs de d\u00e9veloppement national.<\/p>\n\n\n\n<p>Enfin, le Conseil des Ministres a ent\u00e9rin\u00e9 les mesures individuelles suivantes : <strong>PRESIDENCE DE LA REPUBLIQUE<\/strong><\/p>\n\n\n\n<p>CABINET DU PRESIDENT DE LA REPUBLIQUE<\/p>\n\n\n\n<p>&#8211; Haut Repr\u00e9sentant Personnel du Pr\u00e9sident de la R\u00e9publique :<\/p>\n\n\n\n<p>M. Fran\u00e7ois MOUWAKA NGONGA, en remplacement de M. Paul MISSOUMA &#8211; Conseiller du Pr\u00e9sident de la R\u00e9publique : M. Norbert NKOGHE EKOUAGHE <strong>SECRETARIAT GENERAL<\/strong><\/p>\n\n\n\n<p>&#8211; Conseillers du Pr\u00e9sident de la R\u00e9publique : MM. L\u00e9on MEBIAME OSSAVOU &nbsp;Davy EMANE NDONG NZE<\/p>\n\n\n\n<p>DIRECTION GENERALE DES AFFAIRES FINANCIERES<\/p>\n\n\n\n<p>&#8211; Conseiller du Pr\u00e9sident de la R\u00e9publique : Mme Emma Blanche EPAMI <strong>PROTOCOLE D\u2019ETAT<\/strong><\/p>\n\n\n\n<p>&#8211; Attach\u00e9 de Cabinet \u00e0 la Pr\u00e9sidence de la R\u00e9publique : Lieutenant Zeynabou Leila Semou NDIAYE PINDA<\/p>\n\n\n\n<p>UNITE SPECIALE DE SECURISATION ET DU CONTROLE DU SECTEUR DES HYDROCARBURES (USSCSH)<\/p>\n\n\n\n<p>CABINET DU COORDONNATEUR GENERAL &#8211; Conseillers : MM. Blair Meddy OMBINDA GAHILA &nbsp;Verlin OBAME NKOGHE<\/p>\n\n\n\n<p>PRIMATURE<\/p>\n\n\n\n<p>&nbsp;SECRETARIAT GENERAL DU GOUVERNEMENT<\/p>\n\n\n\n<p>CABINET DU SECRETAIRE GENERAL DU GOUVERNEMENT<\/p>\n\n\n\n<p>&#8211; Conseiller \u00e0 la Primature : M. Wylfrid NGOMA NGOMA, en remplacement de M. Carlos ODJAGA<\/p>\n\n\n\n<p>COMMISSARIAT GENERAL AUX EXPOSITIONS DU GABON<\/p>\n\n\n\n<p>&#8211; Commissaire G\u00e9n\u00e9ral : Mme Nina Alida ABOUNA<\/p>\n\n\n\n<p>&#8211; Commissaire G\u00e9n\u00e9ral Adjoint : M. Aristide EBANG ESSONO<\/p>\n\n\n\n<p>&#8211; Charg\u00e9e d\u2019Etudes : Mme Aziza MOMBEYFEZZANI<\/p>\n\n\n\n<p>MINISTERE DE LA DEFENSE NATIONALE MARINE NATIONALE<\/p>\n\n\n\n<p>&nbsp;&#8211; Commandant de l\u2019Arrondissement Maritime de l\u2019Ogoou\u00e9 : Capitaine de Fr\u00e9gate Ghislain MOUSSAVOU MOUSSAVOU<\/p>\n\n\n\n<p><strong>MINISTERE DE L\u2019INTERIEUR ET DE LA SECURITE<\/strong><\/p>\n\n\n\n<p><strong>INSPECTION GENERALE DES SERVICES<\/strong><\/p>\n\n\n\n<p>&nbsp;&#8211; Inspecteur charg\u00e9 des Ressources Humaines et du Contentieux<\/p>\n\n\n\n<p>: M. Franck MOUBEYI BIYAMBOU<\/p>\n\n\n\n<p>SECRETARIAT GENERAL<\/p>\n\n\n\n<p><strong>CABINET DU SECRETAIRE GENERAL<\/strong><\/p>\n\n\n\n<p>&#8211; Charg\u00e9e d\u2019Etudes : Mme Armelle Sonia OBIANG<\/p>\n\n\n\n<p><strong>DIRECTION GENERALE DES ELECTIONS ET DES LIBERTES PUBLIQUES<\/strong><\/p>\n\n\n\n<p>&nbsp;&#8211; Directeur G\u00e9n\u00e9ral : M. Dieudonn\u00e9 YAYA, confirm\u00e9.<\/p>\n\n\n\n<p>&#8211; Charg\u00e9s d\u2019Etudes : Mmes &nbsp;Cisse Lisa MINDA Tecy DJASSA Lineka MADJOUPA<\/p>\n\n\n\n<p><strong>DIRECTION DES ELECTIONS<\/strong><\/p>\n\n\n\n<p>&nbsp;&#8211; Directeur : M. Guy-G\u00e9rard MANGUENGA<\/p>\n\n\n\n<p>SERVICE DE LA LISTE ELECTORALE<\/p>\n\n\n\n<p>&#8211; Chef de Service : M. Rodrigue MOUANDAT<\/p>\n\n\n\n<p>SERVICE DU MATERIEL ELECTORAL<\/p>\n\n\n\n<p>&nbsp;&#8211; Chef de Service : M. Arnauld Gabriel MOUNGUENGUI MOUYAMA <strong>DIRECTION DES PARTIS POLITIQUES, ASSOCIATIONS ET LIBERTE DE CULTE<\/strong><\/p>\n\n\n\n<p>&nbsp;&#8211; Directeur : M. Steeve Rivelly NANI, confirm\u00e9<\/p>\n\n\n\n<p>SERVICE DE LIBERTE DE CULTE<\/p>\n\n\n\n<p>&nbsp;&#8211; Chef de Service : Mme Stella Rufina IVENGA RAPOTCHOMBO <strong>DIRECTION DE LA FORMATION ET DE L\u2019ACTION CITOYENNE<\/strong><\/p>\n\n\n\n<p>&#8211; Directeur : M. Wilfrid MABICKA<\/p>\n\n\n\n<p>SERVICE DE LA FORMATION<\/p>\n\n\n\n<p>&#8211; Chef de Service : Mme In\u00e8s MOULOUNGUI<\/p>\n\n\n\n<p>SERVICE DE L\u2019ACTION CITOYENNE<\/p>\n\n\n\n<p>&nbsp;&#8211; Chef de Service : M. Achille Landry MASSALA DEMOUSSA<\/p>\n\n\n\n<p>SERVICE RESSOURCES HUMAINES ET MOYENS<\/p>\n\n\n\n<p>&#8211; Chef de Service : Capitaine de Police Thierry MOUNDOUNGA, confirm\u00e9 <strong>SERVICE REGLEMENTATION<\/strong><\/p>\n\n\n\n<p>&#8211; Chef de Service : Mme Daine Clara Mijola ENGOUNG EBANEGA<\/p>\n\n\n\n<p><strong>SERVICE DES SYSTEMES D\u2019INFORMATIONS, ETUDES ET STATISTIQUES<\/strong><\/p>\n\n\n\n<p>&#8211; Chef de Service : M. Edwin Lovis Hans OTOUMOU, confirm\u00e9<\/p>\n\n\n\n<p><strong>DIRECTION GENERALE DE L\u2019ADMINISTRATION DU TERRITOIRE<\/strong> <strong>PERSONNELS DE COMMANDEMENT ET D\u2019ENCADREMENT<\/strong> PROVINCE DE L\u2019OGOOUE MARITIME<\/p>\n\n\n\n<p>&nbsp;DISTRICT DE MPAGA &#8211; Sous-Pr\u00e9fet : M. Armand BAYONNE<\/p>\n\n\n\n<p><strong>MINISTERE DU PETROLE<\/strong><\/p>\n\n\n\n<p><strong>SOCIETE GABONAISE D\u2019ENTREPOSAGE DES PRODUITS PETROLIERS (SGEPP)<\/strong><\/p>\n\n\n\n<p><strong>CONSEIL D\u2019ADMINISTRATION<\/strong><\/p>\n\n\n\n<p>&nbsp;&#8211; Pr\u00e9sident du Conseil d\u2019Administration : M. James MOUSSOSSI, en remplacement de M. Sylvain MBEMBO<\/p>\n\n\n\n<p><strong>DIRECTION ADMINISTRATIVE ET FINANCIERE<\/strong><\/p>\n\n\n\n<p>&#8211; Directeur : Mme Renata Gr\u00e2ce Brigitte MBA N\u2019DONG, en remplacement de Mme Vickie MBELLE DJAHOMO<\/p>\n\n\n\n<p><strong>DEPARTEMENT CONTROLE DE GESTION<\/strong><\/p>\n\n\n\n<p>&#8211; Chef de D\u00e9partement : M. Hermann OMBEGUE TSAGUI<\/p>\n\n\n\n<p><strong>MINISTERE DE L\u2019ENERGIE<\/strong><\/p>\n\n\n\n<p><strong>CABINET DU MINISTRE<\/strong><\/p>\n\n\n\n<p>&#8211; Directeur de Cabinet : M. Clauvice NYAMA MOUKETOU<\/p>\n\n\n\n<p>&#8211; Secr\u00e9taire Particuli\u00e8re du Ministre : Mme Florence Priscille NKONDESSISSET &#8211; Secr\u00e9taire Particuli\u00e8re du Directeur de Cabinet : Mme Frenelle LOULA NDOUMBA<\/p>\n\n\n\n<p>&#8211; Secr\u00e9taires de Cabinet : Mmes Estelle Lilia NZE EBET Malaikha Sheronne METAUME MEMIAGHE<\/p>\n\n\n\n<p>&#8211; Conseiller Juridique : Mme Gladys Belle ZANG<\/p>\n\n\n\n<p>&nbsp;&#8211; Conseiller Diplomatique : M. Cyril Jean FANGUINOVENY<\/p>\n\n\n\n<p>&#8211; Conseiller en Communication : Mme Nina ALIBALA LEGNONGO<\/p>\n\n\n\n<p>&#8211; Conseillers Techniques : Mme St\u00e9phanie MBEMBA MBADINGA MM.&nbsp; Steve Davy ESSONO &nbsp;Hugues Davy ENDAMA NDONG<\/p>\n\n\n\n<p>&nbsp;&#8211; Charg\u00e9s d\u2019Etudes : Mmes&nbsp; Ursula Laurene BIBAYI &nbsp;Carole Aim\u00e9e MBAZOGHE<\/p>\n\n\n\n<p>&#8211; Charg\u00e9s de Missions :M. Joseph fran\u00e7ois MANTANGUE &nbsp;Mme Hornelia Brinda INGUEZA OBOUKA<\/p>\n\n\n\n<p>&#8211; Chef du Protocole : M. Jean Daniel BIYE<\/p>\n\n\n\n<p>&nbsp;&#8211; Aide de Camp : Brigadier des Forces de Police Nationale Kevin Magellan NZOUGHE ANGOUE<\/p>\n\n\n\n<p>&#8211; Agents de S\u00e9curit\u00e9 : Sergent-Chef-Major de l\u2019Arm\u00e9e de l\u2019Air Jacques Babel ABOUGHE<\/p>\n\n\n\n<p>&#8211; Chauffeur : M. Etienne EYOGHE<\/p>\n\n\n\n<p><strong>SOCIETE D\u2019ELECTRICITE DE TELEPHONE ET D\u2019EAU DU GABON (SETEG)<\/strong><\/p>\n\n\n\n<p>DIRECTION GENERALE<\/p>\n\n\n\n<p>&#8211; Conseiller du Directeur G\u00e9n\u00e9ral : M. Florentin MADOUNGOU<\/p>\n\n\n\n<p><strong>MINISTERE DES EAUX ET FORETS, CHARGE DU CONFLIT HOMME-FAUNE<\/strong><\/p>\n\n\n\n<p><strong>AGENCE D\u2019EXECUTION DES ACTIVITES DE LA FILIERE FORET-BOIS DIRECTION GENERALE<\/strong><\/p>\n\n\n\n<p>&nbsp;&#8211; Charg\u00e9 d\u2019Etudes du Directeur G\u00e9n\u00e9ral :<\/p>\n\n\n\n<p>M. C\u00e9dric OBATIEGUE MFA<\/p>\n\n\n\n<p><strong>AGENCE NATIONALE DES PARCS NATIONAUX<\/strong><\/p>\n\n\n\n<p>&#8211; Charg\u00e9 d\u2019Etudes : Mme Charl\u00e8ne Annie ONGANDZA ONTSILA<\/p>\n\n\n\n<p><strong>MINISTERE DES TRANSPORTS ET DE LA MARINE MARCHANDE<\/strong> SECRETARIAT GENERAL<\/p>\n\n\n\n<p>&nbsp;&#8211; Secr\u00e9taire G\u00e9n\u00e9ral : M. Anatole KABOUNOU ONKONI<\/p>\n\n\n\n<p>&#8211; Secr\u00e9taire G\u00e9n\u00e9ral Adjoint : M. Jean Brice NZOUTSI-DIOSSE, confirm\u00e9 CENTRE NATIONAL DE L\u2019EXAMEN DU PERMIS DE CONDUIRE<\/p>\n\n\n\n<p>&nbsp;&#8211; Directeur : M. Arnaud St\u00e9phane KAPITHO<\/p>\n\n\n\n<p>&#8211; Directeur Adjoint : Mme V\u00e9ronique Anouschcka MBOUMBA NZAMBA Epse YANGARI<\/p>\n\n\n\n<p>SERVICE ADMINISTRATIF ET FINANCIER<\/p>\n\n\n\n<p>&#8211; Chef de Service : M. Claude Marcel MOULOUNGUI KOMBILA<\/p>\n\n\n\n<p>CONSEIL GABONAIS DES CHARGEURS<\/p>\n\n\n\n<p>CONSEIL D\u2019ADMINISTRATION &#8211; Pr\u00e9sident : M Fr\u00e9d\u00e9ric MASSAVALA MABOUMBA, en remplacement de M. Justin MAGANGA MANFOUMBI <strong>DIRECTION GENERALE<\/strong><\/p>\n\n\n\n<p>&#8211; Conseiller du Directeur G\u00e9n\u00e9ral : M. Rodrigue MAKAYA MAKAYA <strong>AGENCE NATIONALE DE l\u2019AVIATION CIVILE (ANAC)<\/strong><\/p>\n\n\n\n<p>DIRECTION GENERALE<\/p>\n\n\n\n<p>&#8211; Conseiller du Directeur G\u00e9n\u00e9ral : M Davy Gatien OVONO OBIANG <strong>COMPAGNIE NATIONALE DE NAVIGATION INTERIEURE ET INTERNATIONALE (CNNII)<\/strong><\/p>\n\n\n\n<p>Les personnes dont les noms suivent sont remises \u00e0 la disposition de leur administration d\u2019origine :Capitaine de Vaisseau Cl\u00e9ment MBA MVE MBA Capitaine de Fr\u00e9gate Ghislain MOUSSAVOU MOUSSAVOU &nbsp;Mme Lynda Fleur MBOUNZYI MAPANGOU MEPAHT Epse AGONDJO &nbsp;M. Alexandre BIKOUKOU&nbsp; M. Francis Edgard SIMA MBA&nbsp; M. Ulysse Th\u00e9ophane LONGHO &nbsp;M. Hans Patherne OKINGUI EBOULI *&nbsp; M. B\u00e9ranger MPENDANGA BAYONNE &nbsp;M. Alexis<\/p>\n\n\n\n<p><strong>MINISTERE DU TRAVAIL ET DE LA LUTTE CONTRE LE CHOMAGE<\/strong> <strong>OBSERVATOIRE NATIONAL DE L\u2019EMPLOI ET DE LA FORMATION<\/strong><\/p>\n\n\n\n<p>&nbsp;&#8211; Directeur G\u00e9n\u00e9ral : Mme Patricia Gislaine ETOME<\/p>\n\n\n\n<p><strong>POLE NATIONAL DE PROMOTION DE L\u2019EMPLOI (PNPE)<\/strong><\/p>\n\n\n\n<p><strong>CONSEIL D\u2019ADMINISTRATION<\/strong><\/p>\n\n\n\n<p>&#8211; Pr\u00e9sident du Conseil d\u2019Administration : M. Pamphile MEZUI MBENG <strong>MINISTERE DE LA COMMUNICATION ET DES MEDIAS<\/strong><\/p>\n\n\n\n<p><strong>GROUPE GABON TELEVISION GABON 1ERE<\/strong><\/p>\n\n\n\n<p>DIRECTION GENERALE<\/p>\n\n\n\n<p>&#8211; Directeur G\u00e9n\u00e9ral : M. Jean Robert EL MUT MOUTCHINGA BOULINGUI &#8211; Directeur G\u00e9n\u00e9ral Adjoint : M. Gabin ATIGA<\/p>\n\n\n\n<p>&#8211; Charg\u00e9 d\u2019Etudes : M. Patrick ESSIWENG<\/p>\n\n\n\n<p><strong>DIRECTION DE L\u2019INFORMATION<\/strong><\/p>\n\n\n\n<p>&#8211; Directeur : Mme Patricia Lydie MOUELE<\/p>\n\n\n\n<p>&#8211; Directeur Adjoint : Mme Sheila ANKASSA Epse MEBALE<\/p>\n\n\n\n<p><strong>SERVICE INFORMATION<\/strong><\/p>\n\n\n\n<p>&#8211; Chef de Service : M. Guyfray NDONG OBIANG<\/p>\n\n\n\n<p>SERVICE INFORMATION DES PROVINCES<\/p>\n\n\n\n<p>&#8211; Chef de Service : Mme P\u00e9lagie MBOUI<\/p>\n\n\n\n<p>&nbsp;SERVICE DES SPORTS<\/p>\n\n\n\n<p>&#8211; Chef de Service : Mme Ra\u00efssa Laure MEDZA<\/p>\n\n\n\n<p><strong>DIRECTION DES PROGRAMMES ET DE LA PRODUCTION<\/strong><\/p>\n\n\n\n<p>&#8211; Directeur : M. Edgard-Martial TCHIBINDA MOUKOUNDI<\/p>\n\n\n\n<p>&#8211; Directeur Adjoint : Mme Jeanetton Aguero GONDJOUT<\/p>\n\n\n\n<p>SERVICE PRODUCTION<\/p>\n\n\n\n<p>&#8211; Chef de Service : M. Victor MEBALE SERVICE PROGRAMME<\/p>\n\n\n\n<p>&#8211; Chef de Service : M. Thierryl L\u00e9andre MBINA<\/p>\n\n\n\n<p>SERVICE COMMUNICATION<\/p>\n\n\n\n<p>&#8211; Chef de Service : M. Jerold KASSI NDJAYE<\/p>\n\n\n\n<p>SERVICE POOL NUMERIQUE<\/p>\n\n\n\n<p>&#8211; Chef de Service : Mme Winnie Gwendolyne Dandy AYINGONE MINKO SERVICE INFORMATIQUE<\/p>\n\n\n\n<p>&#8211; Chef de Service : M. Gael RENGOUWA NDABENDJE<\/p>\n\n\n\n<p>SERVICE ARCHIVES<\/p>\n\n\n\n<p>&#8211; Chef de Service : M. DieuDonn\u00e9 MOULOUNGUI<\/p>\n\n\n\n<p><strong>GABON CULTURE<\/strong><\/p>\n\n\n\n<p>&#8211; Chef d\u2019Antenne : M. Aim\u00e9 Mannix MONDJO<\/p>\n\n\n\n<p>&#8211; Chef d\u2019Antenne Adjoint : M. Louis Paul FOLQUET<\/p>\n\n\n\n<p>DIRECTION ADMINISTRATIVE ET FINANCIERE<\/p>\n\n\n\n<p>&#8211; Directeur : Mme Mireille LEMONOLEMO<\/p>\n\n\n\n<p>SERVICE RESSOURCES HUMAINES<\/p>\n\n\n\n<p>&#8211; Chef de Service : Mme Elsa Alida TCHIVANGA<\/p>\n\n\n\n<p>SERVICE FINANCES ET LOGISTIQUE<\/p>\n\n\n\n<p>&nbsp;&#8211; Chef de Service : M. Albert Bernard MOUKETOU<\/p>\n\n\n\n<p>SERVICE COMMERCIAL &#8211; Chef de Service : Mme Lisa NKASSA<\/p>\n\n\n\n<p>SERVICE PATRIMOINE &#8211; Chef de Service : M. Bruno EKOMESSE <strong>DIRECTION TECHNIQUE ET DE L\u2019EXPLOITATION<\/strong><\/p>\n\n\n\n<p>&#8211; Directeur : M. Armand Carmef MOUTSINGA &#8211; Directeur Adjoint : M. Cl\u00e9ment MENIE<\/p>\n\n\n\n<p>SERVICE TECHNIQUE &#8211; Chef de Service : Mme Ad\u00e8le Scholastique ESSOMEYO<\/p>\n\n\n\n<p>SERVICE EXPLOITATION &#8211; Chef de Service : M. Bilong EMANE ATSAME Par ailleurs, les agents dont les noms suivent sont remis \u00e0 la disposition de leur service ou administration d\u2019origine : &#8211; Adjudant-Chef Gatien MBOUMBA &#8211; Adjudant-Chef Marie Anges OYILA &#8211; Lieutenant-Colonel Charmelle OTHAMOT &#8211; Mme Elda MANOMBA &#8211; Mme Pascale Carina ONDO MEMBOUROU &#8211; M. C\u00e9lestin EYEBE<\/p>\n\n\n\n<p><strong>SOCIETE DE PATRIMOINE DES INFRASTRUCTURES NUMERIQUES<\/strong> (SPIN)<\/p>\n\n\n\n<p><strong>DIRECTION GENERALE<\/strong><\/p>\n\n\n\n<p>&#8211; Conseiller du Directeur G\u00e9n\u00e9ral : M. Clotaire ELANGMANE<\/p>\n\n\n\n<p><strong>MINISTERE DU COMMERCE ET DES PME\/PMI<\/strong><\/p>\n\n\n\n<p>CABINET DU MINISTRE<\/p>\n\n\n\n<p>&#8211; Directeur de Cabinet : M. Roguy ADJOI<\/p>\n\n\n\n<p>&#8211; Secr\u00e9taire Particuli\u00e8re du Ministre : Mme Velda Jemina MENIE M\u2019ONDO Epse EBE MBENG<\/p>\n\n\n\n<p>&#8211; Secr\u00e9taire Particuli\u00e8re du Directeur de Cabinet : Mme Nathalie NONGO MOUISSI<\/p>\n\n\n\n<p>&nbsp;&#8211; Secr\u00e9taires de Cabinet : Mmes&nbsp; Diane Germaine MENDOME OLLAME L\u00e9ocadie KODIO<\/p>\n\n\n\n<p>&#8211; Conseiller Juridique : M. MBIE-NTSEME<\/p>\n\n\n\n<p>&#8211; Conseiller en Communication : Mme Marina Armelle MENDEMANE MENGUIRE<\/p>\n\n\n\n<p>&#8211; Conseiller Diplomatique : M. Emile Parfait N\u2019DONG NYINGONE<\/p>\n\n\n\n<p>&#8211; Conseillers Techniques : M. C\u00e9lestin NZENGUE &nbsp;Mme Carmelle Claire NEWMAN ETEGUE BISSIELO<\/p>\n\n\n\n<p>&#8211; Conseiller : M. Ferry Armel MICKALA NDJEGOU<\/p>\n\n\n\n<p>&#8211; Charg\u00e9s d\u2019Etudes : MM. &nbsp;Hubert Roger KONGO MAYOMBO Est\u00e9vil BOUYA &#8211; Charg\u00e9s de Missions : Mme Rose KABITENI MENYABA &nbsp;M. Justin EKOMI-BIE<\/p>\n\n\n\n<p>&#8211; Chef du Protocole : M. Idriss Paterne BENHA YEBE &#8211; Aide de Camp : Major Franck Wilson NEMBE MATEYA<\/p>\n\n\n\n<p>&#8211; Agents de S\u00e9curit\u00e9 : &nbsp;Caporal Yan Djessi TCHIBINDA &nbsp;Sergent-Chef Oscar LOSSA PITCHOU &#8211; Chauffeur : M. Yvan Herv\u00e9 APANGHA OBIANG&nbsp; <strong>MINISTERE DES AFFAIRES SOCIALES<\/strong><\/p>\n\n\n\n<p><strong>CAISSE NATIONALE DE SECURITE SOCIALE<\/strong> (CNSS)<\/p>\n\n\n\n<p><strong>DIRECTION JURIDIQUE<\/strong><\/p>\n\n\n\n<p>&nbsp;&#8211; Directeur : M. Yves Honyls LOUEMBET<\/p>\n\n\n\n<p><strong>DIRECTION DE L\u2019IMMATRICULATION ET DE RECOUVREMENT<\/strong> &#8211; Directeur : Mme Patricia Lamlath PARAISO<\/p>\n\n\n\n<p><strong>MINISTERE DE L\u2019ECONOMIE ET DES PARTICIPATIONS<\/strong><\/p>\n\n\n\n<p><strong>CAISSE DE STABILISATION ET DE PEREQUATION<\/strong> (CAISTAB) <strong>DIRECTION GENERALE<\/strong><\/p>\n\n\n\n<p>&nbsp;&#8211; Conseillers du Directeur G\u00e9n\u00e9ral : M. Anselme MEBALE-EYENE Mme Augustine Ga\u00eblle NKOGHE BEKALE n\u00e9e LELANI<\/p>\n\n\n\n<p><strong>AGENCE GABONAISE POUR LE DEVELOPPEMENT DE L\u2019ECONOMIE VERTE (<\/strong>AGADEV)<\/p>\n\n\n\n<p><strong>CONSEIL D\u2019ADMINISTRATION<\/strong><\/p>\n\n\n\n<p>&#8211; Pr\u00e9sident du Conseil d\u2019Administration : M. Oswald Severin MAYOUNOU <strong>MINISTERE DE L\u2019ENSEIGNEMENT SUPERIEUR, DE LA RECHERCHE SCIENTIFIQUE ET DE L\u2019INNOVATION TECHNOLOGIQUE<\/strong><\/p>\n\n\n\n<p><strong>&nbsp;CABINET DU MINISTRE<\/strong><\/p>\n\n\n\n<p>&#8211; Directeur de Cabinet : M. Georges MOUSSAVOU<\/p>\n\n\n\n<p>&#8211; Secr\u00e9taire Particuli\u00e8re du Ministre : Mme Arlette MOUTSINGA<\/p>\n\n\n\n<p>&#8211; Secr\u00e9taire Particuli\u00e8re du Directeur de Cabinet : Mme Graziella Jennifer OYABI NDOULOU<\/p>\n\n\n\n<p>&#8211; Secr\u00e9taires de Cabinet : Mmes&nbsp; Olga NDOUME ANGUE Laetitia AVOME ELLA<\/p>\n\n\n\n<p>&#8211; Conseiller Juridique : Mme Reine Sylvie TSONGA<\/p>\n\n\n\n<p>&#8211; Conseiller en Communication : Mme Urphia Tiye ININGHOUET NGOUANGA<\/p>\n\n\n\n<p>&#8211; Conseiller Diplomatique : Mme Olivia OYUMANE ASSOUMOU<\/p>\n\n\n\n<p>&#8211; Conseillers Techniques : MM. &nbsp;Franck Jacob HOMBAHIYA &nbsp;M. Jean Boniface KOUBANGOYE Mme &nbsp;Raissa Audrey MAMBOUNDOU &#8211; Charg\u00e9s d\u2019Etudes : MM. Guy BOUSSIENGUI NZAMBE &nbsp;Ga\u00ebl BOULINGUI MOUCKAGNI<\/p>\n\n\n\n<p>&#8211; Charg\u00e9s de Missions : Mme Michelle Flora MOUITY &nbsp;M. Claude Alain MOMBO MANDO<\/p>\n\n\n\n<p>&#8211; Chef du Protocole : M. Emery Franck KOUMBA<\/p>\n\n\n\n<p>&#8211; Aide de Camp : Adjudant-Chef MULLER WALKER MANDZEKHY MAINZEGUE<\/p>\n\n\n\n<p>&#8211; Agents de S\u00e9curit\u00e9 : &nbsp;Sergent-Chef-Major Weildie Urubys LOUMA OKAKI &nbsp;Mar\u00e9chal de Logis Chef Judes Hostamie BOUSSOUGOU<\/p>\n\n\n\n<p>&nbsp;&#8211; Chauffeur : M. Emile MOUGAMBA MASSAMBA<\/p>\n\n\n\n<p><strong>MINISTERE DE LA JEUNESSE ET DES SPORTS<\/strong><\/p>\n\n\n\n<p><strong>CABINET DU MINISTRE<\/strong><\/p>\n\n\n\n<p>&#8211; Directeur de Cabinet : Dr. Sylvain NZAMBA<\/p>\n\n\n\n<p>&#8211; Secr\u00e9taire Particuli\u00e8re du Ministre : Mme Berthe MENSAH ZOGUELET &#8211; Secr\u00e9taire Particuli\u00e8re du Directeur de Cabinet : Mme Mireille MENGUE<\/p>\n\n\n\n<p>&#8211; Secr\u00e9taires de Cabinet : Mmes&nbsp; Andr\u00e9a Arden OMBIGATH &nbsp;Nasrine OSSINGA BADIROU<\/p>\n\n\n\n<p>&nbsp;&#8211; Conseiller Juridique : M. Relance MOUELE AIDASSO &#8211; Conseiller Diplomatique : Mme Claudia MIHINDOU MIHINDOU<\/p>\n\n\n\n<p>&#8211; Conseiller en Communication : M. Bertrand LECKOBAT<\/p>\n\n\n\n<p>&#8211; Conseillers Techniques : MM. Brice Achille OVIYE OGOULA&nbsp; Henri BOUNDZANGA TSOULOU &nbsp;Simon St\u00e9phane ELLA<\/p>\n\n\n\n<p>&#8211; Charg\u00e9s d\u2019Etudes : Mme Sarah MOUTCHINGA MOUTCHINGA &nbsp;M. MAMBOUNDOU MAMBOUNDOU &#8211; Charg\u00e9s de Missions : M. Davy Ficher PADJO-NGOMA &nbsp;Mme Flore BABONGUI<\/p>\n\n\n\n<p>&nbsp;&#8211; Chef du Protocole : M. Davy Smith OGOUMAH RERAMBYAH<\/p>\n\n\n\n<p>&#8211; Aide de Camp : Adjudant de Gendarmerie Marie-Ren\u00e9 L\u00e9on MOREAU ANTCHOUET &#8211; Agent de S\u00e9curit\u00e9 : Second Maitre Jean Bernard KALAGNAGA &#8211; Chauffeur : M. C\u00e9dric Marcel BARBERA TCHAZI<\/p>\n\n\n\n<p><strong>MINISTERE DE<\/strong> <strong>L\u2019AGRICULTURE ET DE L\u2019ELEVAGE<\/strong><\/p>\n\n\n\n<p><strong>CABINET DU MINISTRE<\/strong><\/p>\n\n\n\n<p>Directeur de Cabinet : M. Florentin GOMA<\/p>\n\n\n\n<p>&nbsp;&#8211; Secr\u00e9taire Particuli\u00e8re du Ministre : Mme Marie-France SOUZA BORA<\/p>\n\n\n\n<p>&#8211; Secr\u00e9taire Particuli\u00e8re du Directeur de Cabinet : Mme Olivia Justine Marie-Claire Paulette NDONG-EYI<\/p>\n\n\n\n<p>&nbsp;&#8211; Secr\u00e9taires de Cabinet : Mmes&nbsp; Roight Diana OLOMO MIHINDOU &nbsp;Geny Carole IGABOUYI<\/p>\n\n\n\n<p>&nbsp;&#8211; Conseiller Juridique : M. Jean Sylv\u00e8re MVE MINTO\u2019O<\/p>\n\n\n\n<p>&#8211; Conseiller en Communication : M. Val\u00e8re ATEBA<\/p>\n\n\n\n<p>&#8211; Conseillers Techniques : MM. &nbsp;Jean Robert MEZUI M\u2019OBAME&nbsp; Rubain GODA Tristan NONDA<\/p>\n\n\n\n<p>&#8211; Charg\u00e9s d\u2019Etudes : MM. &nbsp;Guy-Roger ROMBONOT MOUSSAVOU &nbsp;Herv\u00e9 MAGAYA<\/p>\n\n\n\n<p>&#8211; Charg\u00e9s de Missions : Mme Natacha KOMBA &nbsp;M. Octave MBOUMBA<\/p>\n\n\n\n<p>&#8211; Chef du Protocole : Mme Alda Lydwine MAROUNDOU &#8211; Aide de Camp : Maitre de la Marine Nationale Brice Marien MAGANGA &#8211; Agents de S\u00e9curit\u00e9 : o Sergent-Chef Rodrigue BOUSSENGUI Brigadier Smith NDOUNDOU &#8211; Chauffeur : M. Nedy Rosny MALONDA NZIGOU<\/p>\n\n\n\n<p><strong>MINISTERE DE LA FORMATION PROFESSIONNELLE<\/strong><\/p>\n\n\n\n<p><strong>AGENCE NATIONALE DE FORMATION ET D\u2019ENSEIGNEMENTS PROFESSIONNELS<\/strong><\/p>\n\n\n\n<p><strong>DIRECTION GENERALE<\/strong><\/p>\n\n\n\n<p>&#8211; Conseiller : M. Randy No\u00ebl EKWAGHE OBAME, en remplacement de M. Fran\u00e7ois MOUCKANY KOUMBA<\/p>\n\n\n\n<p><strong>MINISTERE DE LA FEMME ET DE LA PROTECTION DE L\u2019ENFANCE CABINET DU MINISTRE<\/strong><\/p>\n\n\n\n<p>&#8211; Directeur de Cabinet : M. Bechir Guivence PEMENGOYE JOUMAS<\/p>\n\n\n\n<p>&nbsp;&#8211; Secr\u00e9taire Particuli\u00e8re du Ministre : Mme Luce Laurencia KELE NGOMBI<\/p>\n\n\n\n<p>&nbsp;&#8211; Secr\u00e9taire Particuli\u00e8re du Directeur de Cabinet : Mme Scolastique Idha MOUTSIGHA MOUNGUENGUE<\/p>\n\n\n\n<p>&#8211; Secr\u00e9taires de Cabinet : Mmes Elsa Aude MADIELE &nbsp;Doina Danielle BALONGA ONDZAGHA<\/p>\n\n\n\n<p>&#8211; Conseiller Juridique : M. Dj\u00e9son Faustin AKOUMA MOIAHIDJI<\/p>\n\n\n\n<p>&#8211; Conseiller Diplomatique : M. Sosth\u00e8ne NGOKILA<\/p>\n\n\n\n<p>&#8211; Conseiller en Communication : M. Aubin Wenceslas OMBAGHA<\/p>\n\n\n\n<p>&#8211; Conseillers Techniques : Mmes&nbsp; Nadine EBO Epse OVONO&nbsp; Gilberte MOUTSINGA MAGANGA M. &nbsp;Quincy YOULA<\/p>\n\n\n\n<p>&#8211; Charg\u00e9s d\u2019Etudes : M. Virgilus YOUMBA &nbsp;Mme Lucy BOUTOMBE WAMAHEBA<\/p>\n\n\n\n<p>&nbsp;&#8211; Charg\u00e9s de Missions : M. Castillot MOUAYA Mme Judica\u00eblle LILONA<\/p>\n\n\n\n<p>&nbsp;&#8211; Chef du Protocole : M. Prince Dagobert TSOUMOU<\/p>\n\n\n\n<p>&nbsp;&#8211; Aide de Camp : Sergent-Chef Lo\u00efck Co\u00eal ONGOTO OMBANDA<\/p>\n\n\n\n<p>&nbsp;&#8211; Agents de S\u00e9curit\u00e9 : Adjudant-Chef Major Lydie ANDERI LEKOGHO &nbsp;Sergent-Chef-Major Junior PIGA SALAMBA<\/p>\n\n\n\n<p>&#8211; Chauffeur : M. Teddy Hitler LEOUMBOU<\/p>\n\n\n\n<p><strong>MINISTERE DE LA CULTURE ET DES ARTS<\/strong><\/p>\n\n\n\n<p><strong>CENTRE INTERNATIONAL DES CIVILISATIONS BANTOU (CICIBA)<\/strong><\/p>\n\n\n\n<p>DIRECTION ADMINISTRATIVE ET FINANCIERE<\/p>\n\n\n\n<p>&#8211; Directeur : M. Franck Eumery OLAGHE<\/p>\n\n\n\n<p><strong>Je vous remercie<\/strong>.<\/p>\n\n\n\n<p><strong>J.M<\/strong><\/p>\n","protected":false},"excerpt":{"rendered":"<p>Sous la Tr\u00e8s Haute Pr\u00e9sidence de Son Excellence Brice Clotaire OLIGUI NGUEMA, G\u00e9n\u00e9ral de Brigade, Pr\u00e9sident de la Transition, Pr\u00e9sident de la R\u00e9publique, Chef de l\u2019\u00c9tat, le Conseil des Ministres s\u2019est r\u00e9uni ce jeudi 6 mars 2025, \u00e0 10 heures pr\u00e9cises, au Palais de la Pr\u00e9sidence de la R\u00e9publique. Le Conseil des Ministres s\u2019est f\u00e9licit\u00e9 [&hellip;]<\/p>\n","protected":false},"author":5,"featured_media":3783,"comment_status":"open","ping_status":"open","sticky":false,"template":"","format":"standard","meta":{"footnotes":""},"categories":[57,16,55,59],"tags":[],"class_list":["post-23734","post","type-post","status-publish","format-standard","has-post-thumbnail","hentry","category-a-la-une","category-active","category-actualites","category-politique"],"yoast_head":"<!-- This site is optimized with the Yoast SEO plugin v24.2 - https:\/\/yoast.com\/wordpress\/plugins\/seo\/ -->\n<title>Politique\/Conseil des Ministres du 6 mars 2025\u00a0: Communiqu\u00e9 final - Gabon Nouvelle Vision<\/title>\n<meta name=\"robots\" content=\"index, follow, max-snippet:-1, max-image-preview:large, max-video-preview:-1\" \/>\n<link rel=\"canonical\" href=\"https:\/\/gabonnouvellevision.com\/gnv\/2025\/03\/07\/politique-conseil-des-ministres-du-6-mars-2025-communique-final\/\" \/>\n<meta property=\"og:locale\" content=\"fr_FR\" \/>\n<meta property=\"og:type\" content=\"article\" \/>\n<meta property=\"og:title\" content=\"Politique\/Conseil des Ministres du 6 mars 2025\u00a0: Communiqu\u00e9 final - Gabon Nouvelle Vision\" \/>\n<meta property=\"og:description\" content=\"Sous la Tr\u00e8s Haute Pr\u00e9sidence de Son Excellence Brice Clotaire OLIGUI NGUEMA, G\u00e9n\u00e9ral de Brigade, Pr\u00e9sident de la Transition, Pr\u00e9sident de la R\u00e9publique, Chef de l\u2019\u00c9tat, le Conseil des Ministres s\u2019est r\u00e9uni ce jeudi 6 mars 2025, \u00e0 10 heures pr\u00e9cises, au Palais de la Pr\u00e9sidence de la R\u00e9publique. Le Conseil des Ministres s\u2019est f\u00e9licit\u00e9 [&hellip;]\" \/>\n<meta property=\"og:url\" content=\"https:\/\/gabonnouvellevision.com\/gnv\/2025\/03\/07\/politique-conseil-des-ministres-du-6-mars-2025-communique-final\/\" \/>\n<meta property=\"og:site_name\" content=\"Gabon Nouvelle Vision\" \/>\n<meta property=\"article:publisher\" content=\"https:\/\/www.facebook.com\/GNVofficiel\" \/>\n<meta property=\"article:published_time\" content=\"2025-03-07T07:45:22+00:00\" \/>\n<meta property=\"article:modified_time\" content=\"2025-03-07T08:37:38+00:00\" \/>\n<meta property=\"og:image\" content=\"https:\/\/gabonnouvellevision.com\/gnv\/wp-content\/uploads\/2025\/01\/Gabon-Gabonmediatime_Conseil-des-ministres-780x470-1.jpg\" \/>\n\t<meta property=\"og:image:width\" content=\"780\" \/>\n\t<meta property=\"og:image:height\" content=\"470\" \/>\n\t<meta property=\"og:image:type\" content=\"image\/jpeg\" \/>\n<meta name=\"author\" content=\"Junior MBOULET\" \/>\n<meta name=\"twitter:card\" content=\"summary_large_image\" \/>\n<meta name=\"twitter:label1\" content=\"\u00c9crit par\" \/>\n\t<meta name=\"twitter:data1\" content=\"Junior MBOULET\" \/>\n\t<meta name=\"twitter:label2\" content=\"Dur\u00e9e de lecture estim\u00e9e\" \/>\n\t<meta name=\"twitter:data2\" content=\"17 minutes\" \/>\n<script type=\"application\/ld+json\" class=\"yoast-schema-graph\">{\"@context\":\"https:\/\/schema.org\",\"@graph\":[{\"@type\":\"Article\",\"@id\":\"https:\/\/gabonnouvellevision.com\/gnv\/2025\/03\/07\/politique-conseil-des-ministres-du-6-mars-2025-communique-final\/#article\",\"isPartOf\":{\"@id\":\"https:\/\/gabonnouvellevision.com\/gnv\/2025\/03\/07\/politique-conseil-des-ministres-du-6-mars-2025-communique-final\/\"},\"author\":{\"name\":\"Junior MBOULET\",\"@id\":\"https:\/\/gabonnouvellevision.com\/gnv\/#\/schema\/person\/747bfb82bd833fb5a5a49e7c5031633d\"},\"headline\":\"Politique\/Conseil des Ministres du 6 mars 2025\u00a0: Communiqu\u00e9 final\",\"datePublished\":\"2025-03-07T07:45:22+00:00\",\"dateModified\":\"2025-03-07T08:37:38+00:00\",\"mainEntityOfPage\":{\"@id\":\"https:\/\/gabonnouvellevision.com\/gnv\/2025\/03\/07\/politique-conseil-des-ministres-du-6-mars-2025-communique-final\/\"},\"wordCount\":3810,\"commentCount\":0,\"publisher\":{\"@id\":\"https:\/\/gabonnouvellevision.com\/gnv\/#organization\"},\"image\":{\"@id\":\"https:\/\/gabonnouvellevision.com\/gnv\/2025\/03\/07\/politique-conseil-des-ministres-du-6-mars-2025-communique-final\/#primaryimage\"},\"thumbnailUrl\":\"https:\/\/gabonnouvellevision.com\/gnv\/wp-content\/uploads\/2025\/01\/Gabon-Gabonmediatime_Conseil-des-ministres-780x470-1.jpg\",\"articleSection\":[\"A la une\",\"Active\",\"Actualites\",\"Politique\"],\"inLanguage\":\"fr-FR\",\"potentialAction\":[{\"@type\":\"CommentAction\",\"name\":\"Comment\",\"target\":[\"https:\/\/gabonnouvellevision.com\/gnv\/2025\/03\/07\/politique-conseil-des-ministres-du-6-mars-2025-communique-final\/#respond\"]}]},{\"@type\":\"WebPage\",\"@id\":\"https:\/\/gabonnouvellevision.com\/gnv\/2025\/03\/07\/politique-conseil-des-ministres-du-6-mars-2025-communique-final\/\",\"url\":\"https:\/\/gabonnouvellevision.com\/gnv\/2025\/03\/07\/politique-conseil-des-ministres-du-6-mars-2025-communique-final\/\",\"name\":\"Politique\/Conseil des Ministres du 6 mars 2025\u00a0: Communiqu\u00e9 final - Gabon Nouvelle Vision\",\"isPartOf\":{\"@id\":\"https:\/\/gabonnouvellevision.com\/gnv\/#website\"},\"primaryImageOfPage\":{\"@id\":\"https:\/\/gabonnouvellevision.com\/gnv\/2025\/03\/07\/politique-conseil-des-ministres-du-6-mars-2025-communique-final\/#primaryimage\"},\"image\":{\"@id\":\"https:\/\/gabonnouvellevision.com\/gnv\/2025\/03\/07\/politique-conseil-des-ministres-du-6-mars-2025-communique-final\/#primaryimage\"},\"thumbnailUrl\":\"https:\/\/gabonnouvellevision.com\/gnv\/wp-content\/uploads\/2025\/01\/Gabon-Gabonmediatime_Conseil-des-ministres-780x470-1.jpg\",\"datePublished\":\"2025-03-07T07:45:22+00:00\",\"dateModified\":\"2025-03-07T08:37:38+00:00\",\"breadcrumb\":{\"@id\":\"https:\/\/gabonnouvellevision.com\/gnv\/2025\/03\/07\/politique-conseil-des-ministres-du-6-mars-2025-communique-final\/#breadcrumb\"},\"inLanguage\":\"fr-FR\",\"potentialAction\":[{\"@type\":\"ReadAction\",\"target\":[\"https:\/\/gabonnouvellevision.com\/gnv\/2025\/03\/07\/politique-conseil-des-ministres-du-6-mars-2025-communique-final\/\"]}]},{\"@type\":\"ImageObject\",\"inLanguage\":\"fr-FR\",\"@id\":\"https:\/\/gabonnouvellevision.com\/gnv\/2025\/03\/07\/politique-conseil-des-ministres-du-6-mars-2025-communique-final\/#primaryimage\",\"url\":\"https:\/\/gabonnouvellevision.com\/gnv\/wp-content\/uploads\/2025\/01\/Gabon-Gabonmediatime_Conseil-des-ministres-780x470-1.jpg\",\"contentUrl\":\"https:\/\/gabonnouvellevision.com\/gnv\/wp-content\/uploads\/2025\/01\/Gabon-Gabonmediatime_Conseil-des-ministres-780x470-1.jpg\",\"width\":780,\"height\":470},{\"@type\":\"BreadcrumbList\",\"@id\":\"https:\/\/gabonnouvellevision.com\/gnv\/2025\/03\/07\/politique-conseil-des-ministres-du-6-mars-2025-communique-final\/#breadcrumb\",\"itemListElement\":[{\"@type\":\"ListItem\",\"position\":1,\"name\":\"Accueil\",\"item\":\"https:\/\/gabonnouvellevision.com\/gnv\/\"},{\"@type\":\"ListItem\",\"position\":2,\"name\":\"Politique\/Conseil des Ministres du 6 mars 2025\u00a0: Communiqu\u00e9 final\"}]},{\"@type\":\"WebSite\",\"@id\":\"https:\/\/gabonnouvellevision.com\/gnv\/#website\",\"url\":\"https:\/\/gabonnouvellevision.com\/gnv\/\",\"name\":\"Gabon Nouvelle Vision\",\"description\":\"\",\"publisher\":{\"@id\":\"https:\/\/gabonnouvellevision.com\/gnv\/#organization\"},\"potentialAction\":[{\"@type\":\"SearchAction\",\"target\":{\"@type\":\"EntryPoint\",\"urlTemplate\":\"https:\/\/gabonnouvellevision.com\/gnv\/?s={search_term_string}\"},\"query-input\":{\"@type\":\"PropertyValueSpecification\",\"valueRequired\":true,\"valueName\":\"search_term_string\"}}],\"inLanguage\":\"fr-FR\"},{\"@type\":\"Organization\",\"@id\":\"https:\/\/gabonnouvellevision.com\/gnv\/#organization\",\"name\":\"Gabon Nouvelle Vision\",\"url\":\"https:\/\/gabonnouvellevision.com\/gnv\/\",\"logo\":{\"@type\":\"ImageObject\",\"inLanguage\":\"fr-FR\",\"@id\":\"https:\/\/gabonnouvellevision.com\/gnv\/#\/schema\/logo\/image\/\",\"url\":\"https:\/\/gabonnouvellevision.com\/gnv\/wp-content\/uploads\/2025\/01\/logo-text_Plan-de-travail-1.png\",\"contentUrl\":\"https:\/\/gabonnouvellevision.com\/gnv\/wp-content\/uploads\/2025\/01\/logo-text_Plan-de-travail-1.png\",\"width\":7169,\"height\":2390,\"caption\":\"Gabon Nouvelle Vision\"},\"image\":{\"@id\":\"https:\/\/gabonnouvellevision.com\/gnv\/#\/schema\/logo\/image\/\"},\"sameAs\":[\"https:\/\/www.facebook.com\/GNVofficiel\"]},{\"@type\":\"Person\",\"@id\":\"https:\/\/gabonnouvellevision.com\/gnv\/#\/schema\/person\/747bfb82bd833fb5a5a49e7c5031633d\",\"name\":\"Junior MBOULET\",\"image\":{\"@type\":\"ImageObject\",\"inLanguage\":\"fr-FR\",\"@id\":\"https:\/\/gabonnouvellevision.com\/gnv\/#\/schema\/person\/image\/\",\"url\":\"https:\/\/secure.gravatar.com\/avatar\/b541278a71f2f5c40b38fff4c93c15b82cf168df8b47ea9d9e97c9c9c716c6f0?s=96&d=mm&r=g\",\"contentUrl\":\"https:\/\/secure.gravatar.com\/avatar\/b541278a71f2f5c40b38fff4c93c15b82cf168df8b47ea9d9e97c9c9c716c6f0?s=96&d=mm&r=g\",\"caption\":\"Junior MBOULET\"},\"url\":\"https:\/\/gabonnouvellevision.com\/gnv\/author\/junior\/\"}]}<\/script>\n<!-- \/ Yoast SEO plugin. -->","yoast_head_json":{"title":"Politique\/Conseil des Ministres du 6 mars 2025\u00a0: Communiqu\u00e9 final - Gabon Nouvelle Vision","robots":{"index":"index","follow":"follow","max-snippet":"max-snippet:-1","max-image-preview":"max-image-preview:large","max-video-preview":"max-video-preview:-1"},"canonical":"https:\/\/gabonnouvellevision.com\/gnv\/2025\/03\/07\/politique-conseil-des-ministres-du-6-mars-2025-communique-final\/","og_locale":"fr_FR","og_type":"article","og_title":"Politique\/Conseil des Ministres du 6 mars 2025\u00a0: Communiqu\u00e9 final - Gabon Nouvelle Vision","og_description":"Sous la Tr\u00e8s Haute Pr\u00e9sidence de Son Excellence Brice Clotaire OLIGUI NGUEMA, G\u00e9n\u00e9ral de Brigade, Pr\u00e9sident de la Transition, Pr\u00e9sident de la R\u00e9publique, Chef de l\u2019\u00c9tat, le Conseil des Ministres s\u2019est r\u00e9uni ce jeudi 6 mars 2025, \u00e0 10 heures pr\u00e9cises, au Palais de la Pr\u00e9sidence de la R\u00e9publique. Le Conseil des Ministres s\u2019est f\u00e9licit\u00e9 [&hellip;]","og_url":"https:\/\/gabonnouvellevision.com\/gnv\/2025\/03\/07\/politique-conseil-des-ministres-du-6-mars-2025-communique-final\/","og_site_name":"Gabon Nouvelle Vision","article_publisher":"https:\/\/www.facebook.com\/GNVofficiel","article_published_time":"2025-03-07T07:45:22+00:00","article_modified_time":"2025-03-07T08:37:38+00:00","og_image":[{"width":780,"height":470,"url":"https:\/\/gabonnouvellevision.com\/gnv\/wp-content\/uploads\/2025\/01\/Gabon-Gabonmediatime_Conseil-des-ministres-780x470-1.jpg","type":"image\/jpeg"}],"author":"Junior MBOULET","twitter_card":"summary_large_image","twitter_misc":{"\u00c9crit par":"Junior MBOULET","Dur\u00e9e de lecture estim\u00e9e":"17 minutes"},"schema":{"@context":"https:\/\/schema.org","@graph":[{"@type":"Article","@id":"https:\/\/gabonnouvellevision.com\/gnv\/2025\/03\/07\/politique-conseil-des-ministres-du-6-mars-2025-communique-final\/#article","isPartOf":{"@id":"https:\/\/gabonnouvellevision.com\/gnv\/2025\/03\/07\/politique-conseil-des-ministres-du-6-mars-2025-communique-final\/"},"author":{"name":"Junior MBOULET","@id":"https:\/\/gabonnouvellevision.com\/gnv\/#\/schema\/person\/747bfb82bd833fb5a5a49e7c5031633d"},"headline":"Politique\/Conseil des Ministres du 6 mars 2025\u00a0: Communiqu\u00e9 final","datePublished":"2025-03-07T07:45:22+00:00","dateModified":"2025-03-07T08:37:38+00:00","mainEntityOfPage":{"@id":"https:\/\/gabonnouvellevision.com\/gnv\/2025\/03\/07\/politique-conseil-des-ministres-du-6-mars-2025-communique-final\/"},"wordCount":3810,"commentCount":0,"publisher":{"@id":"https:\/\/gabonnouvellevision.com\/gnv\/#organization"},"image":{"@id":"https:\/\/gabonnouvellevision.com\/gnv\/2025\/03\/07\/politique-conseil-des-ministres-du-6-mars-2025-communique-final\/#primaryimage"},"thumbnailUrl":"https:\/\/gabonnouvellevision.com\/gnv\/wp-content\/uploads\/2025\/01\/Gabon-Gabonmediatime_Conseil-des-ministres-780x470-1.jpg","articleSection":["A la une","Active","Actualites","Politique"],"inLanguage":"fr-FR","potentialAction":[{"@type":"CommentAction","name":"Comment","target":["https:\/\/gabonnouvellevision.com\/gnv\/2025\/03\/07\/politique-conseil-des-ministres-du-6-mars-2025-communique-final\/#respond"]}]},{"@type":"WebPage","@id":"https:\/\/gabonnouvellevision.com\/gnv\/2025\/03\/07\/politique-conseil-des-ministres-du-6-mars-2025-communique-final\/","url":"https:\/\/gabonnouvellevision.com\/gnv\/2025\/03\/07\/politique-conseil-des-ministres-du-6-mars-2025-communique-final\/","name":"Politique\/Conseil des Ministres du 6 mars 2025\u00a0: Communiqu\u00e9 final - Gabon Nouvelle Vision","isPartOf":{"@id":"https:\/\/gabonnouvellevision.com\/gnv\/#website"},"primaryImageOfPage":{"@id":"https:\/\/gabonnouvellevision.com\/gnv\/2025\/03\/07\/politique-conseil-des-ministres-du-6-mars-2025-communique-final\/#primaryimage"},"image":{"@id":"https:\/\/gabonnouvellevision.com\/gnv\/2025\/03\/07\/politique-conseil-des-ministres-du-6-mars-2025-communique-final\/#primaryimage"},"thumbnailUrl":"https:\/\/gabonnouvellevision.com\/gnv\/wp-content\/uploads\/2025\/01\/Gabon-Gabonmediatime_Conseil-des-ministres-780x470-1.jpg","datePublished":"2025-03-07T07:45:22+00:00","dateModified":"2025-03-07T08:37:38+00:00","breadcrumb":{"@id":"https:\/\/gabonnouvellevision.com\/gnv\/2025\/03\/07\/politique-conseil-des-ministres-du-6-mars-2025-communique-final\/#breadcrumb"},"inLanguage":"fr-FR","potentialAction":[{"@type":"ReadAction","target":["https:\/\/gabonnouvellevision.com\/gnv\/2025\/03\/07\/politique-conseil-des-ministres-du-6-mars-2025-communique-final\/"]}]},{"@type":"ImageObject","inLanguage":"fr-FR","@id":"https:\/\/gabonnouvellevision.com\/gnv\/2025\/03\/07\/politique-conseil-des-ministres-du-6-mars-2025-communique-final\/#primaryimage","url":"https:\/\/gabonnouvellevision.com\/gnv\/wp-content\/uploads\/2025\/01\/Gabon-Gabonmediatime_Conseil-des-ministres-780x470-1.jpg","contentUrl":"https:\/\/gabonnouvellevision.com\/gnv\/wp-content\/uploads\/2025\/01\/Gabon-Gabonmediatime_Conseil-des-ministres-780x470-1.jpg","width":780,"height":470},{"@type":"BreadcrumbList","@id":"https:\/\/gabonnouvellevision.com\/gnv\/2025\/03\/07\/politique-conseil-des-ministres-du-6-mars-2025-communique-final\/#breadcrumb","itemListElement":[{"@type":"ListItem","position":1,"name":"Accueil","item":"https:\/\/gabonnouvellevision.com\/gnv\/"},{"@type":"ListItem","position":2,"name":"Politique\/Conseil des Ministres du 6 mars 2025\u00a0: Communiqu\u00e9 final"}]},{"@type":"WebSite","@id":"https:\/\/gabonnouvellevision.com\/gnv\/#website","url":"https:\/\/gabonnouvellevision.com\/gnv\/","name":"Gabon Nouvelle Vision","description":"","publisher":{"@id":"https:\/\/gabonnouvellevision.com\/gnv\/#organization"},"potentialAction":[{"@type":"SearchAction","target":{"@type":"EntryPoint","urlTemplate":"https:\/\/gabonnouvellevision.com\/gnv\/?s={search_term_string}"},"query-input":{"@type":"PropertyValueSpecification","valueRequired":true,"valueName":"search_term_string"}}],"inLanguage":"fr-FR"},{"@type":"Organization","@id":"https:\/\/gabonnouvellevision.com\/gnv\/#organization","name":"Gabon Nouvelle Vision","url":"https:\/\/gabonnouvellevision.com\/gnv\/","logo":{"@type":"ImageObject","inLanguage":"fr-FR","@id":"https:\/\/gabonnouvellevision.com\/gnv\/#\/schema\/logo\/image\/","url":"https:\/\/gabonnouvellevision.com\/gnv\/wp-content\/uploads\/2025\/01\/logo-text_Plan-de-travail-1.png","contentUrl":"https:\/\/gabonnouvellevision.com\/gnv\/wp-content\/uploads\/2025\/01\/logo-text_Plan-de-travail-1.png","width":7169,"height":2390,"caption":"Gabon Nouvelle Vision"},"image":{"@id":"https:\/\/gabonnouvellevision.com\/gnv\/#\/schema\/logo\/image\/"},"sameAs":["https:\/\/www.facebook.com\/GNVofficiel"]},{"@type":"Person","@id":"https:\/\/gabonnouvellevision.com\/gnv\/#\/schema\/person\/747bfb82bd833fb5a5a49e7c5031633d","name":"Junior MBOULET","image":{"@type":"ImageObject","inLanguage":"fr-FR","@id":"https:\/\/gabonnouvellevision.com\/gnv\/#\/schema\/person\/image\/","url":"https:\/\/secure.gravatar.com\/avatar\/b541278a71f2f5c40b38fff4c93c15b82cf168df8b47ea9d9e97c9c9c716c6f0?s=96&d=mm&r=g","contentUrl":"https:\/\/secure.gravatar.com\/avatar\/b541278a71f2f5c40b38fff4c93c15b82cf168df8b47ea9d9e97c9c9c716c6f0?s=96&d=mm&r=g","caption":"Junior MBOULET"},"url":"https:\/\/gabonnouvellevision.com\/gnv\/author\/junior\/"}]}},"_links":{"self":[{"href":"https:\/\/gabonnouvellevision.com\/gnv\/wp-json\/wp\/v2\/posts\/23734","targetHints":{"allow":["GET"]}}],"collection":[{"href":"https:\/\/gabonnouvellevision.com\/gnv\/wp-json\/wp\/v2\/posts"}],"about":[{"href":"https:\/\/gabonnouvellevision.com\/gnv\/wp-json\/wp\/v2\/types\/post"}],"author":[{"embeddable":true,"href":"https:\/\/gabonnouvellevision.com\/gnv\/wp-json\/wp\/v2\/users\/5"}],"replies":[{"embeddable":true,"href":"https:\/\/gabonnouvellevision.com\/gnv\/wp-json\/wp\/v2\/comments?post=23734"}],"version-history":[{"count":1,"href":"https:\/\/gabonnouvellevision.com\/gnv\/wp-json\/wp\/v2\/posts\/23734\/revisions"}],"predecessor-version":[{"id":23735,"href":"https:\/\/gabonnouvellevision.com\/gnv\/wp-json\/wp\/v2\/posts\/23734\/revisions\/23735"}],"wp:featuredmedia":[{"embeddable":true,"href":"https:\/\/gabonnouvellevision.com\/gnv\/wp-json\/wp\/v2\/media\/3783"}],"wp:attachment":[{"href":"https:\/\/gabonnouvellevision.com\/gnv\/wp-json\/wp\/v2\/media?parent=23734"}],"wp:term":[{"taxonomy":"category","embeddable":true,"href":"https:\/\/gabonnouvellevision.com\/gnv\/wp-json\/wp\/v2\/categories?post=23734"},{"taxonomy":"post_tag","embeddable":true,"href":"https:\/\/gabonnouvellevision.com\/gnv\/wp-json\/wp\/v2\/tags?post=23734"}],"curies":[{"name":"wp","href":"https:\/\/api.w.org\/{rel}","templated":true}]}}