{"id":23731,"date":"2025-03-06T14:26:22","date_gmt":"2025-03-06T13:26:22","guid":{"rendered":"https:\/\/gabonnouvellevision.com\/gnv\/?p=23731"},"modified":"2025-03-06T14:26:23","modified_gmt":"2025-03-06T13:26:23","slug":"politique-rencontre-patriotique-des-jeunes-alain-rahandy-biteghe-face-a-ses-semblables","status":"publish","type":"post","link":"https:\/\/gabonnouvellevision.com\/gnv\/2025\/03\/06\/politique-rencontre-patriotique-des-jeunes-alain-rahandy-biteghe-face-a-ses-semblables\/","title":{"rendered":"Politique\/Rencontre patriotique des jeunes\u00a0: Alain Rahandy Bitegh\u00e9 face \u00e0 ses semblables"},"content":{"rendered":"\n<p>Longtemps attendu pour enfin \u00e9difier ses comp\u00e8res jeunes sur la situation politique actuelle du pays et surtout les enjeux y aff\u00e9rent, le pr\u00e9sident du mouvement <strong>Vent Nouveau Pour la R\u00e9publique,<\/strong> le jeune Alain Rahandy Bit\u00e9gh\u00e9 est annonc\u00e9 pour le samedi 8 mars 2025 du c\u00f4t\u00e9 de l\u2019h\u00f4tel Genevier Ghetto sis \u00e0 Nzeng-Ayong, dans le 6\u00e8 arrondissement de Libreville, au niveau du stade de Basketball lorsqu\u2019il sera 14 h. Les jeunes et les moins jeunes y sont massivement attendus.<\/p>\n\n\n\n<p><strong>J.M<\/strong><\/p>\n","protected":false},"excerpt":{"rendered":"<p>Longtemps attendu pour enfin \u00e9difier ses comp\u00e8res jeunes sur la situation politique actuelle du pays et surtout les enjeux y aff\u00e9rent, le pr\u00e9sident du mouvement Vent Nouveau Pour la R\u00e9publique, le jeune Alain Rahandy Bit\u00e9gh\u00e9 est annonc\u00e9 pour le samedi 8 mars 2025 du c\u00f4t\u00e9 de l\u2019h\u00f4tel Genevier Ghetto sis \u00e0 Nzeng-Ayong, dans le 6\u00e8 [&hellip;]<\/p>\n","protected":false},"author":5,"featured_media":23732,"comment_status":"open","ping_status":"open","sticky":false,"template":"","format":"standard","meta":{"footnotes":""},"categories":[57,16,55,65],"tags":[],"class_list":["post-23731","post","type-post","status-publish","format-standard","has-post-thumbnail","hentry","category-a-la-une","category-active","category-actualites","category-politique-podcasts"],"yoast_head":"<!-- This site is optimized with the Yoast SEO plugin v24.2 - https:\/\/yoast.com\/wordpress\/plugins\/seo\/ -->\n<title>Politique\/Rencontre patriotique des jeunes\u00a0: Alain Rahandy Bitegh\u00e9 face \u00e0 ses semblables - Gabon Nouvelle Vision<\/title>\n<meta name=\"robots\" content=\"index, follow, max-snippet:-1, max-image-preview:large, max-video-preview:-1\" \/>\n<link rel=\"canonical\" href=\"https:\/\/gabonnouvellevision.com\/gnv\/2025\/03\/06\/politique-rencontre-patriotique-des-jeunes-alain-rahandy-biteghe-face-a-ses-semblables\/\" \/>\n<meta property=\"og:locale\" content=\"fr_FR\" \/>\n<meta property=\"og:type\" content=\"article\" \/>\n<meta property=\"og:title\" content=\"Politique\/Rencontre patriotique des jeunes\u00a0: Alain Rahandy Bitegh\u00e9 face \u00e0 ses semblables - Gabon Nouvelle Vision\" \/>\n<meta property=\"og:description\" content=\"Longtemps attendu pour enfin \u00e9difier ses comp\u00e8res jeunes sur la situation politique actuelle du pays et surtout les enjeux y aff\u00e9rent, le pr\u00e9sident du mouvement Vent Nouveau Pour la R\u00e9publique, le jeune Alain Rahandy Bit\u00e9gh\u00e9 est annonc\u00e9 pour le samedi 8 mars 2025 du c\u00f4t\u00e9 de l\u2019h\u00f4tel Genevier Ghetto sis \u00e0 Nzeng-Ayong, dans le 6\u00e8 [&hellip;]\" \/>\n<meta property=\"og:url\" content=\"https:\/\/gabonnouvellevision.com\/gnv\/2025\/03\/06\/politique-rencontre-patriotique-des-jeunes-alain-rahandy-biteghe-face-a-ses-semblables\/\" \/>\n<meta property=\"og:site_name\" content=\"Gabon Nouvelle Vision\" \/>\n<meta property=\"article:publisher\" content=\"https:\/\/www.facebook.com\/GNVofficiel\" \/>\n<meta property=\"article:published_time\" content=\"2025-03-06T13:26:22+00:00\" \/>\n<meta property=\"article:modified_time\" content=\"2025-03-06T13:26:23+00:00\" \/>\n<meta property=\"og:image\" content=\"https:\/\/gabonnouvellevision.com\/gnv\/wp-content\/uploads\/2025\/03\/btg.jpg\" \/>\n\t<meta property=\"og:image:width\" content=\"700\" \/>\n\t<meta property=\"og:image:height\" content=\"1050\" \/>\n\t<meta property=\"og:image:type\" content=\"image\/jpeg\" \/>\n<meta name=\"author\" content=\"Junior MBOULET\" \/>\n<meta name=\"twitter:card\" content=\"summary_large_image\" \/>\n<meta name=\"twitter:label1\" content=\"\u00c9crit par\" \/>\n\t<meta name=\"twitter:data1\" content=\"Junior MBOULET\" \/>\n\t<meta name=\"twitter:label2\" content=\"Dur\u00e9e de lecture estim\u00e9e\" \/>\n\t<meta name=\"twitter:data2\" content=\"1 minute\" \/>\n<script type=\"application\/ld+json\" class=\"yoast-schema-graph\">{\"@context\":\"https:\/\/schema.org\",\"@graph\":[{\"@type\":\"Article\",\"@id\":\"https:\/\/gabonnouvellevision.com\/gnv\/2025\/03\/06\/politique-rencontre-patriotique-des-jeunes-alain-rahandy-biteghe-face-a-ses-semblables\/#article\",\"isPartOf\":{\"@id\":\"https:\/\/gabonnouvellevision.com\/gnv\/2025\/03\/06\/politique-rencontre-patriotique-des-jeunes-alain-rahandy-biteghe-face-a-ses-semblables\/\"},\"author\":{\"name\":\"Junior MBOULET\",\"@id\":\"https:\/\/gabonnouvellevision.com\/gnv\/#\/schema\/person\/747bfb82bd833fb5a5a49e7c5031633d\"},\"headline\":\"Politique\/Rencontre patriotique des jeunes\u00a0: Alain Rahandy Bitegh\u00e9 face \u00e0 ses semblables\",\"datePublished\":\"2025-03-06T13:26:22+00:00\",\"dateModified\":\"2025-03-06T13:26:23+00:00\",\"mainEntityOfPage\":{\"@id\":\"https:\/\/gabonnouvellevision.com\/gnv\/2025\/03\/06\/politique-rencontre-patriotique-des-jeunes-alain-rahandy-biteghe-face-a-ses-semblables\/\"},\"wordCount\":95,\"commentCount\":0,\"publisher\":{\"@id\":\"https:\/\/gabonnouvellevision.com\/gnv\/#organization\"},\"image\":{\"@id\":\"https:\/\/gabonnouvellevision.com\/gnv\/2025\/03\/06\/politique-rencontre-patriotique-des-jeunes-alain-rahandy-biteghe-face-a-ses-semblables\/#primaryimage\"},\"thumbnailUrl\":\"https:\/\/gabonnouvellevision.com\/gnv\/wp-content\/uploads\/2025\/03\/btg.jpg\",\"articleSection\":[\"A la une\",\"Active\",\"Actualites\",\"Politique\"],\"inLanguage\":\"fr-FR\",\"potentialAction\":[{\"@type\":\"CommentAction\",\"name\":\"Comment\",\"target\":[\"https:\/\/gabonnouvellevision.com\/gnv\/2025\/03\/06\/politique-rencontre-patriotique-des-jeunes-alain-rahandy-biteghe-face-a-ses-semblables\/#respond\"]}]},{\"@type\":\"WebPage\",\"@id\":\"https:\/\/gabonnouvellevision.com\/gnv\/2025\/03\/06\/politique-rencontre-patriotique-des-jeunes-alain-rahandy-biteghe-face-a-ses-semblables\/\",\"url\":\"https:\/\/gabonnouvellevision.com\/gnv\/2025\/03\/06\/politique-rencontre-patriotique-des-jeunes-alain-rahandy-biteghe-face-a-ses-semblables\/\",\"name\":\"Politique\/Rencontre patriotique des jeunes\u00a0: Alain Rahandy Bitegh\u00e9 face \u00e0 ses semblables - Gabon Nouvelle Vision\",\"isPartOf\":{\"@id\":\"https:\/\/gabonnouvellevision.com\/gnv\/#website\"},\"primaryImageOfPage\":{\"@id\":\"https:\/\/gabonnouvellevision.com\/gnv\/2025\/03\/06\/politique-rencontre-patriotique-des-jeunes-alain-rahandy-biteghe-face-a-ses-semblables\/#primaryimage\"},\"image\":{\"@id\":\"https:\/\/gabonnouvellevision.com\/gnv\/2025\/03\/06\/politique-rencontre-patriotique-des-jeunes-alain-rahandy-biteghe-face-a-ses-semblables\/#primaryimage\"},\"thumbnailUrl\":\"https:\/\/gabonnouvellevision.com\/gnv\/wp-content\/uploads\/2025\/03\/btg.jpg\",\"datePublished\":\"2025-03-06T13:26:22+00:00\",\"dateModified\":\"2025-03-06T13:26:23+00:00\",\"breadcrumb\":{\"@id\":\"https:\/\/gabonnouvellevision.com\/gnv\/2025\/03\/06\/politique-rencontre-patriotique-des-jeunes-alain-rahandy-biteghe-face-a-ses-semblables\/#breadcrumb\"},\"inLanguage\":\"fr-FR\",\"potentialAction\":[{\"@type\":\"ReadAction\",\"target\":[\"https:\/\/gabonnouvellevision.com\/gnv\/2025\/03\/06\/politique-rencontre-patriotique-des-jeunes-alain-rahandy-biteghe-face-a-ses-semblables\/\"]}]},{\"@type\":\"ImageObject\",\"inLanguage\":\"fr-FR\",\"@id\":\"https:\/\/gabonnouvellevision.com\/gnv\/2025\/03\/06\/politique-rencontre-patriotique-des-jeunes-alain-rahandy-biteghe-face-a-ses-semblables\/#primaryimage\",\"url\":\"https:\/\/gabonnouvellevision.com\/gnv\/wp-content\/uploads\/2025\/03\/btg.jpg\",\"contentUrl\":\"https:\/\/gabonnouvellevision.com\/gnv\/wp-content\/uploads\/2025\/03\/btg.jpg\",\"width\":700,\"height\":1050},{\"@type\":\"BreadcrumbList\",\"@id\":\"https:\/\/gabonnouvellevision.com\/gnv\/2025\/03\/06\/politique-rencontre-patriotique-des-jeunes-alain-rahandy-biteghe-face-a-ses-semblables\/#breadcrumb\",\"itemListElement\":[{\"@type\":\"ListItem\",\"position\":1,\"name\":\"Accueil\",\"item\":\"https:\/\/gabonnouvellevision.com\/gnv\/\"},{\"@type\":\"ListItem\",\"position\":2,\"name\":\"Politique\/Rencontre patriotique des jeunes\u00a0: Alain Rahandy Bitegh\u00e9 face \u00e0 ses semblables\"}]},{\"@type\":\"WebSite\",\"@id\":\"https:\/\/gabonnouvellevision.com\/gnv\/#website\",\"url\":\"https:\/\/gabonnouvellevision.com\/gnv\/\",\"name\":\"Gabon Nouvelle Vision\",\"description\":\"\",\"publisher\":{\"@id\":\"https:\/\/gabonnouvellevision.com\/gnv\/#organization\"},\"potentialAction\":[{\"@type\":\"SearchAction\",\"target\":{\"@type\":\"EntryPoint\",\"urlTemplate\":\"https:\/\/gabonnouvellevision.com\/gnv\/?s={search_term_string}\"},\"query-input\":{\"@type\":\"PropertyValueSpecification\",\"valueRequired\":true,\"valueName\":\"search_term_string\"}}],\"inLanguage\":\"fr-FR\"},{\"@type\":\"Organization\",\"@id\":\"https:\/\/gabonnouvellevision.com\/gnv\/#organization\",\"name\":\"Gabon Nouvelle Vision\",\"url\":\"https:\/\/gabonnouvellevision.com\/gnv\/\",\"logo\":{\"@type\":\"ImageObject\",\"inLanguage\":\"fr-FR\",\"@id\":\"https:\/\/gabonnouvellevision.com\/gnv\/#\/schema\/logo\/image\/\",\"url\":\"https:\/\/gabonnouvellevision.com\/gnv\/wp-content\/uploads\/2025\/01\/logo-text_Plan-de-travail-1.png\",\"contentUrl\":\"https:\/\/gabonnouvellevision.com\/gnv\/wp-content\/uploads\/2025\/01\/logo-text_Plan-de-travail-1.png\",\"width\":7169,\"height\":2390,\"caption\":\"Gabon Nouvelle Vision\"},\"image\":{\"@id\":\"https:\/\/gabonnouvellevision.com\/gnv\/#\/schema\/logo\/image\/\"},\"sameAs\":[\"https:\/\/www.facebook.com\/GNVofficiel\"]},{\"@type\":\"Person\",\"@id\":\"https:\/\/gabonnouvellevision.com\/gnv\/#\/schema\/person\/747bfb82bd833fb5a5a49e7c5031633d\",\"name\":\"Junior MBOULET\",\"image\":{\"@type\":\"ImageObject\",\"inLanguage\":\"fr-FR\",\"@id\":\"https:\/\/gabonnouvellevision.com\/gnv\/#\/schema\/person\/image\/\",\"url\":\"https:\/\/secure.gravatar.com\/avatar\/b541278a71f2f5c40b38fff4c93c15b82cf168df8b47ea9d9e97c9c9c716c6f0?s=96&d=mm&r=g\",\"contentUrl\":\"https:\/\/secure.gravatar.com\/avatar\/b541278a71f2f5c40b38fff4c93c15b82cf168df8b47ea9d9e97c9c9c716c6f0?s=96&d=mm&r=g\",\"caption\":\"Junior MBOULET\"},\"url\":\"https:\/\/gabonnouvellevision.com\/gnv\/author\/junior\/\"}]}<\/script>\n<!-- \/ Yoast SEO plugin. -->","yoast_head_json":{"title":"Politique\/Rencontre patriotique des jeunes\u00a0: Alain Rahandy Bitegh\u00e9 face \u00e0 ses semblables - Gabon Nouvelle Vision","robots":{"index":"index","follow":"follow","max-snippet":"max-snippet:-1","max-image-preview":"max-image-preview:large","max-video-preview":"max-video-preview:-1"},"canonical":"https:\/\/gabonnouvellevision.com\/gnv\/2025\/03\/06\/politique-rencontre-patriotique-des-jeunes-alain-rahandy-biteghe-face-a-ses-semblables\/","og_locale":"fr_FR","og_type":"article","og_title":"Politique\/Rencontre patriotique des jeunes\u00a0: Alain Rahandy Bitegh\u00e9 face \u00e0 ses semblables - Gabon Nouvelle Vision","og_description":"Longtemps attendu pour enfin \u00e9difier ses comp\u00e8res jeunes sur la situation politique actuelle du pays et surtout les enjeux y aff\u00e9rent, le pr\u00e9sident du mouvement Vent Nouveau Pour la R\u00e9publique, le jeune Alain Rahandy Bit\u00e9gh\u00e9 est annonc\u00e9 pour le samedi 8 mars 2025 du c\u00f4t\u00e9 de l\u2019h\u00f4tel Genevier Ghetto sis \u00e0 Nzeng-Ayong, dans le 6\u00e8 [&hellip;]","og_url":"https:\/\/gabonnouvellevision.com\/gnv\/2025\/03\/06\/politique-rencontre-patriotique-des-jeunes-alain-rahandy-biteghe-face-a-ses-semblables\/","og_site_name":"Gabon Nouvelle Vision","article_publisher":"https:\/\/www.facebook.com\/GNVofficiel","article_published_time":"2025-03-06T13:26:22+00:00","article_modified_time":"2025-03-06T13:26:23+00:00","og_image":[{"width":700,"height":1050,"url":"https:\/\/gabonnouvellevision.com\/gnv\/wp-content\/uploads\/2025\/03\/btg.jpg","type":"image\/jpeg"}],"author":"Junior MBOULET","twitter_card":"summary_large_image","twitter_misc":{"\u00c9crit par":"Junior MBOULET","Dur\u00e9e de lecture estim\u00e9e":"1 minute"},"schema":{"@context":"https:\/\/schema.org","@graph":[{"@type":"Article","@id":"https:\/\/gabonnouvellevision.com\/gnv\/2025\/03\/06\/politique-rencontre-patriotique-des-jeunes-alain-rahandy-biteghe-face-a-ses-semblables\/#article","isPartOf":{"@id":"https:\/\/gabonnouvellevision.com\/gnv\/2025\/03\/06\/politique-rencontre-patriotique-des-jeunes-alain-rahandy-biteghe-face-a-ses-semblables\/"},"author":{"name":"Junior MBOULET","@id":"https:\/\/gabonnouvellevision.com\/gnv\/#\/schema\/person\/747bfb82bd833fb5a5a49e7c5031633d"},"headline":"Politique\/Rencontre patriotique des jeunes\u00a0: Alain Rahandy Bitegh\u00e9 face \u00e0 ses semblables","datePublished":"2025-03-06T13:26:22+00:00","dateModified":"2025-03-06T13:26:23+00:00","mainEntityOfPage":{"@id":"https:\/\/gabonnouvellevision.com\/gnv\/2025\/03\/06\/politique-rencontre-patriotique-des-jeunes-alain-rahandy-biteghe-face-a-ses-semblables\/"},"wordCount":95,"commentCount":0,"publisher":{"@id":"https:\/\/gabonnouvellevision.com\/gnv\/#organization"},"image":{"@id":"https:\/\/gabonnouvellevision.com\/gnv\/2025\/03\/06\/politique-rencontre-patriotique-des-jeunes-alain-rahandy-biteghe-face-a-ses-semblables\/#primaryimage"},"thumbnailUrl":"https:\/\/gabonnouvellevision.com\/gnv\/wp-content\/uploads\/2025\/03\/btg.jpg","articleSection":["A la une","Active","Actualites","Politique"],"inLanguage":"fr-FR","potentialAction":[{"@type":"CommentAction","name":"Comment","target":["https:\/\/gabonnouvellevision.com\/gnv\/2025\/03\/06\/politique-rencontre-patriotique-des-jeunes-alain-rahandy-biteghe-face-a-ses-semblables\/#respond"]}]},{"@type":"WebPage","@id":"https:\/\/gabonnouvellevision.com\/gnv\/2025\/03\/06\/politique-rencontre-patriotique-des-jeunes-alain-rahandy-biteghe-face-a-ses-semblables\/","url":"https:\/\/gabonnouvellevision.com\/gnv\/2025\/03\/06\/politique-rencontre-patriotique-des-jeunes-alain-rahandy-biteghe-face-a-ses-semblables\/","name":"Politique\/Rencontre patriotique des jeunes\u00a0: Alain Rahandy Bitegh\u00e9 face \u00e0 ses semblables - Gabon Nouvelle Vision","isPartOf":{"@id":"https:\/\/gabonnouvellevision.com\/gnv\/#website"},"primaryImageOfPage":{"@id":"https:\/\/gabonnouvellevision.com\/gnv\/2025\/03\/06\/politique-rencontre-patriotique-des-jeunes-alain-rahandy-biteghe-face-a-ses-semblables\/#primaryimage"},"image":{"@id":"https:\/\/gabonnouvellevision.com\/gnv\/2025\/03\/06\/politique-rencontre-patriotique-des-jeunes-alain-rahandy-biteghe-face-a-ses-semblables\/#primaryimage"},"thumbnailUrl":"https:\/\/gabonnouvellevision.com\/gnv\/wp-content\/uploads\/2025\/03\/btg.jpg","datePublished":"2025-03-06T13:26:22+00:00","dateModified":"2025-03-06T13:26:23+00:00","breadcrumb":{"@id":"https:\/\/gabonnouvellevision.com\/gnv\/2025\/03\/06\/politique-rencontre-patriotique-des-jeunes-alain-rahandy-biteghe-face-a-ses-semblables\/#breadcrumb"},"inLanguage":"fr-FR","potentialAction":[{"@type":"ReadAction","target":["https:\/\/gabonnouvellevision.com\/gnv\/2025\/03\/06\/politique-rencontre-patriotique-des-jeunes-alain-rahandy-biteghe-face-a-ses-semblables\/"]}]},{"@type":"ImageObject","inLanguage":"fr-FR","@id":"https:\/\/gabonnouvellevision.com\/gnv\/2025\/03\/06\/politique-rencontre-patriotique-des-jeunes-alain-rahandy-biteghe-face-a-ses-semblables\/#primaryimage","url":"https:\/\/gabonnouvellevision.com\/gnv\/wp-content\/uploads\/2025\/03\/btg.jpg","contentUrl":"https:\/\/gabonnouvellevision.com\/gnv\/wp-content\/uploads\/2025\/03\/btg.jpg","width":700,"height":1050},{"@type":"BreadcrumbList","@id":"https:\/\/gabonnouvellevision.com\/gnv\/2025\/03\/06\/politique-rencontre-patriotique-des-jeunes-alain-rahandy-biteghe-face-a-ses-semblables\/#breadcrumb","itemListElement":[{"@type":"ListItem","position":1,"name":"Accueil","item":"https:\/\/gabonnouvellevision.com\/gnv\/"},{"@type":"ListItem","position":2,"name":"Politique\/Rencontre patriotique des jeunes\u00a0: Alain Rahandy Bitegh\u00e9 face \u00e0 ses semblables"}]},{"@type":"WebSite","@id":"https:\/\/gabonnouvellevision.com\/gnv\/#website","url":"https:\/\/gabonnouvellevision.com\/gnv\/","name":"Gabon Nouvelle Vision","description":"","publisher":{"@id":"https:\/\/gabonnouvellevision.com\/gnv\/#organization"},"potentialAction":[{"@type":"SearchAction","target":{"@type":"EntryPoint","urlTemplate":"https:\/\/gabonnouvellevision.com\/gnv\/?s={search_term_string}"},"query-input":{"@type":"PropertyValueSpecification","valueRequired":true,"valueName":"search_term_string"}}],"inLanguage":"fr-FR"},{"@type":"Organization","@id":"https:\/\/gabonnouvellevision.com\/gnv\/#organization","name":"Gabon Nouvelle Vision","url":"https:\/\/gabonnouvellevision.com\/gnv\/","logo":{"@type":"ImageObject","inLanguage":"fr-FR","@id":"https:\/\/gabonnouvellevision.com\/gnv\/#\/schema\/logo\/image\/","url":"https:\/\/gabonnouvellevision.com\/gnv\/wp-content\/uploads\/2025\/01\/logo-text_Plan-de-travail-1.png","contentUrl":"https:\/\/gabonnouvellevision.com\/gnv\/wp-content\/uploads\/2025\/01\/logo-text_Plan-de-travail-1.png","width":7169,"height":2390,"caption":"Gabon Nouvelle Vision"},"image":{"@id":"https:\/\/gabonnouvellevision.com\/gnv\/#\/schema\/logo\/image\/"},"sameAs":["https:\/\/www.facebook.com\/GNVofficiel"]},{"@type":"Person","@id":"https:\/\/gabonnouvellevision.com\/gnv\/#\/schema\/person\/747bfb82bd833fb5a5a49e7c5031633d","name":"Junior MBOULET","image":{"@type":"ImageObject","inLanguage":"fr-FR","@id":"https:\/\/gabonnouvellevision.com\/gnv\/#\/schema\/person\/image\/","url":"https:\/\/secure.gravatar.com\/avatar\/b541278a71f2f5c40b38fff4c93c15b82cf168df8b47ea9d9e97c9c9c716c6f0?s=96&d=mm&r=g","contentUrl":"https:\/\/secure.gravatar.com\/avatar\/b541278a71f2f5c40b38fff4c93c15b82cf168df8b47ea9d9e97c9c9c716c6f0?s=96&d=mm&r=g","caption":"Junior MBOULET"},"url":"https:\/\/gabonnouvellevision.com\/gnv\/author\/junior\/"}]}},"_links":{"self":[{"href":"https:\/\/gabonnouvellevision.com\/gnv\/wp-json\/wp\/v2\/posts\/23731","targetHints":{"allow":["GET"]}}],"collection":[{"href":"https:\/\/gabonnouvellevision.com\/gnv\/wp-json\/wp\/v2\/posts"}],"about":[{"href":"https:\/\/gabonnouvellevision.com\/gnv\/wp-json\/wp\/v2\/types\/post"}],"author":[{"embeddable":true,"href":"https:\/\/gabonnouvellevision.com\/gnv\/wp-json\/wp\/v2\/users\/5"}],"replies":[{"embeddable":true,"href":"https:\/\/gabonnouvellevision.com\/gnv\/wp-json\/wp\/v2\/comments?post=23731"}],"version-history":[{"count":1,"href":"https:\/\/gabonnouvellevision.com\/gnv\/wp-json\/wp\/v2\/posts\/23731\/revisions"}],"predecessor-version":[{"id":23733,"href":"https:\/\/gabonnouvellevision.com\/gnv\/wp-json\/wp\/v2\/posts\/23731\/revisions\/23733"}],"wp:featuredmedia":[{"embeddable":true,"href":"https:\/\/gabonnouvellevision.com\/gnv\/wp-json\/wp\/v2\/media\/23732"}],"wp:attachment":[{"href":"https:\/\/gabonnouvellevision.com\/gnv\/wp-json\/wp\/v2\/media?parent=23731"}],"wp:term":[{"taxonomy":"category","embeddable":true,"href":"https:\/\/gabonnouvellevision.com\/gnv\/wp-json\/wp\/v2\/categories?post=23731"},{"taxonomy":"post_tag","embeddable":true,"href":"https:\/\/gabonnouvellevision.com\/gnv\/wp-json\/wp\/v2\/tags?post=23731"}],"curies":[{"name":"wp","href":"https:\/\/api.w.org\/{rel}","templated":true}]}}