{"id":23728,"date":"2025-03-05T14:31:42","date_gmt":"2025-03-05T13:31:42","guid":{"rendered":"https:\/\/gabonnouvellevision.com\/gnv\/?p=23728"},"modified":"2025-03-05T23:23:59","modified_gmt":"2025-03-05T22:23:59","slug":"politique-assemblee-nationale-ouverture-de-la-1ere-session-annuelle-dite-des-lois","status":"publish","type":"post","link":"https:\/\/gabonnouvellevision.com\/gnv\/2025\/03\/05\/politique-assemblee-nationale-ouverture-de-la-1ere-session-annuelle-dite-des-lois\/","title":{"rendered":"Politique\/Assembl\u00e9e Nationale\u00a0: Ouverture de la 1\u00e8re session annuelle dite des lois"},"content":{"rendered":"\n<p>Conform\u00e9ment aux dispositions de l\u2019article 49 de la charte de la transition, l\u2019Assembl\u00e9e Nationale a ouvert, le 3 mars 2025, sa premi\u00e8re session annuelle dite des lois, en pr\u00e9sence des honorables d\u00e9put\u00e9s de la transition, du vice-premier ministre, Alexandre Barro Chambrier, repr\u00e9sentant le premier ministre Raymond Ndong Sima emp\u00each\u00e9, de la pr\u00e9sidente du S\u00e9nat de la transition, Paulette Missambo, de plusieurs membres du gouvernement et de nombreuses personnalit\u00e9s.<\/p>\n\n\n\n<p>Dans son allocution de circonstance, le pr\u00e9sident de l\u2019institution, l\u2019honorable Jean Fran\u00e7ois Ndongou a salu\u00e9 le retour de ses coll\u00e8gues dans l\u2019h\u00e9micycle apr\u00e8s une p\u00e9riode d\u2019intersession durant laquelle chaque \u00e9lu est all\u00e9 faire le compte rendu parlementaire \u00e0 ses \u00e9lus et \u00e9changer avec eux sur leur v\u00e9cu quotidien.&nbsp; De m\u00eame que dans son allocution, le pr\u00e9sident de l\u2019institution a rendu un hommage \u00e0 plusieurs compatriotes, notamment les hommes de m\u00e9dias et eux des n\u00f4tres qui nous ont pr\u00e9c\u00e9d\u00e9 dans l\u2019au-del\u00e0. &nbsp;&nbsp;&nbsp;<\/p>\n\n\n\n<p>\u00ab <em>Je rends hommage aux hommes et femmes des m\u00e9dias, qui, par leur engagement et leur professionnalisme, assurent un relais essentiel de l\u2019information objective et transparente. Vous contribuez \u00e0 \u00e9clairer nos concitoyens et \u00e0 garantir la transparence de nos actions publiques. Votre r\u00f4le est fondamental dans la construction du Gabon auquel nous aspirons, d\u00e9mocratique et prosp\u00e8re. Dans un avenir tr\u00e8s proche, votre professionnalisme sera \u00e0 nouveau mis \u00e0 l\u2019\u00e9preuve.<\/em><\/p>\n\n\n\n<p><em>Mais avant d\u2019aller plus loin, je souhaite rendre un hommage solennel \u00e0 deux \u00e9minentes personnalit\u00e9s qui nous ont quitt\u00e9s r\u00e9cemment et dont l\u2019absence nous p\u00e8se profond\u00e9ment. Int\u00e9rieurement, j\u2019ai le c\u0153ur qui saigne et l\u2019esprit en larmes en citant&nbsp;:&nbsp;<\/em><\/p>\n\n\n\n<ul class=\"wp-block-list\">\n<li><em>Ma\u00eetre <\/em><em>Louis Gaston MAYILA<\/em><em>, un grand commis de l\u2019\u00c9tat, un homme politique accompli, dont l\u2019engagement et la rigueur resteront \u00e0 jamais grav\u00e9 dans nos m\u00e9moires. Son parcours administratif et politique force le respect et l\u2019admiration. Il dominait son environnement gr\u00e2ce \u00e0 son temp\u00e9rament et \u00e0 son timbre vocal qui retenaient toujours notre attention <\/em><em>; Il nous laisse une c\u00e9l\u00e8bre maxime \u00ab\u00a0<\/em><em>MISU BALA\u00a0<\/em><em>! \u00bb.<\/em><\/li>\n\n\n\n<li><em>L\u2019Honorable D\u00e9put\u00e9 de la Transition, <\/em><em>Christian MINKO MI ETOUA<\/em><em>, dont la sagesse et la pertinence des interventions manqueront \u00e9norm\u00e9ment \u00e0 notre h\u00e9micycle. La justesse de son raisonnement, la pertinence de ses arguments et l\u2019intelligence de sa pens\u00e9e \u00e9taient des atouts pr\u00e9cieux pour nos d\u00e9bats. Esprit cultiv\u00e9, discret et sage, il ne prenait la parole que pour dire l\u2019essentiel\u00a0<\/em>\u00bb, a-t-il rappel\u00e9.<\/li>\n<\/ul>\n\n\n\n<p>&nbsp;Sur un tout autre plan, Jean Fran\u00e7ois Ndongou a nomm\u00e9ment cit\u00e9 certaines personnalit\u00e9s ayant contribu\u00e9 par leur exp\u00e9rience, \u00e0 l\u2019enrichissement du nouveau code \u00e9lectoral gabonais. Il dira ainsi que, \u00ab&nbsp;<em>c\u2019est d\u2019ailleurs le lieu de traduire toute notre profonde gratitude \u00e0 toutes les personnes-ressources qui ont bien voulu apporter aux D\u00e9put\u00e9s de la transition, toutes les lumi\u00e8res n\u00e9cessaires aux travaux en commission Ad hoc mise en place. Je voudrais citer, sans heurter leur humilit\u00e9, le P\u00e8re <\/em><em>Paul MBA ABESSOLE<\/em><em>, le Professeur <\/em><em>KOMBIIL KUMB<\/em><em>, la Proph\u00e9tesse <\/em><em>Anna Claudine AYO ASSAYI<\/em><em>, M. <\/em><em>Jean Fran\u00e7ois NDOUTOUME EMANE<\/em><em>, M. <\/em><em>Faustin BOUKOUBI<\/em><em>, M. <\/em><em>Ren\u00e9 ABOGHE ELLA<\/em><em>, M. <\/em><em>Nicaise MOULOMBI <\/em><em>pour la Soci\u00e9t\u00e9 Civile, le B\u00e2tonnier Ma\u00eetre <\/em><em>Raymond OBAME SIMA<\/em><em> accompagn\u00e9 de son bureau. Leurs exp\u00e9riences et leurs avis de toutes ces personnalit\u00e9s ont permis aux parlementaires d\u2019apporter une contribution significative au nouveau code \u00e9lectoral<\/em>&nbsp;\u00bb.<\/p>\n\n\n\n<p>Avant de d\u00e9clarer ouverte la pr\u00e9sente session, le premier responsable de l\u2019Assembl\u00e9e Nationale de la transition a appel\u00e9 au respect strict des libert\u00e9s fondamentales, notamment d\u2019expression, d\u2019opinion et de d\u00e9placement. Ces valeurs, selon lui, forment le socle d\u2019une d\u00e9mocratie apais\u00e9e et doivent \u00eatre scrupuleusement prot\u00e9g\u00e9es. Avant de poursuivre en pr\u00e9cisant que dans une R\u00e9publique, une et indivisible, qui pr\u00f4ne l\u2019unit\u00e9 et la concorde, il ne saurait avoir d\u2019un c\u00f4t\u00e9 \u00ab&nbsp;Nous&nbsp;\u00bb et de l\u2019autre, les \u00ab&nbsp;Autres&nbsp;\u00bb. Nous sommes tous les fils et filles d\u2019une m\u00eame nation, libres d\u2019aller et venir, de s\u2019installer partout dans l\u2019ensemble du territoire national. Faire fi de ces valeurs, c\u2019est mettre en mal notre vivre ensemble. In fine, c\u2019est un rappel \u00e0 la notion du vivre ensemble qu\u2019a laiss\u00e9 entendre le pr\u00e9sident de l\u2019Assembl\u00e9e Nationale. Pour rappel, la premi\u00e8re session ordinaire de l\u2019ann\u00e9e 2025 dite de lois s\u2019est ouverte le 3 mars, premier jour ouvrable du mois et sera ferm\u00e9e le dernier jour du mois de juin 2025.<\/p>\n\n\n\n<p>J.M<\/p>\n","protected":false},"excerpt":{"rendered":"<p>Conform\u00e9ment aux dispositions de l\u2019article 49 de la charte de la transition, l\u2019Assembl\u00e9e Nationale a ouvert, le 3 mars 2025, sa premi\u00e8re session annuelle dite des lois, en pr\u00e9sence des honorables d\u00e9put\u00e9s de la transition, du vice-premier ministre, Alexandre Barro Chambrier, repr\u00e9sentant le premier ministre Raymond Ndong Sima emp\u00each\u00e9, de la pr\u00e9sidente du S\u00e9nat de [&hellip;]<\/p>\n","protected":false},"author":5,"featured_media":23729,"comment_status":"open","ping_status":"open","sticky":false,"template":"","format":"standard","meta":{"footnotes":""},"categories":[57,16,55,59],"tags":[],"class_list":["post-23728","post","type-post","status-publish","format-standard","has-post-thumbnail","hentry","category-a-la-une","category-active","category-actualites","category-politique"],"yoast_head":"<!-- This site is optimized with the Yoast SEO plugin v24.2 - https:\/\/yoast.com\/wordpress\/plugins\/seo\/ -->\n<title>Politique\/Assembl\u00e9e Nationale\u00a0: Ouverture de la 1\u00e8re session annuelle dite des lois - Gabon Nouvelle Vision<\/title>\n<meta name=\"robots\" content=\"index, follow, max-snippet:-1, max-image-preview:large, max-video-preview:-1\" \/>\n<link rel=\"canonical\" href=\"https:\/\/gabonnouvellevision.com\/gnv\/2025\/03\/05\/politique-assemblee-nationale-ouverture-de-la-1ere-session-annuelle-dite-des-lois\/\" \/>\n<meta property=\"og:locale\" content=\"fr_FR\" \/>\n<meta property=\"og:type\" content=\"article\" \/>\n<meta property=\"og:title\" content=\"Politique\/Assembl\u00e9e Nationale\u00a0: Ouverture de la 1\u00e8re session annuelle dite des lois - Gabon Nouvelle Vision\" \/>\n<meta property=\"og:description\" content=\"Conform\u00e9ment aux dispositions de l\u2019article 49 de la charte de la transition, l\u2019Assembl\u00e9e Nationale a ouvert, le 3 mars 2025, sa premi\u00e8re session annuelle dite des lois, en pr\u00e9sence des honorables d\u00e9put\u00e9s de la transition, du vice-premier ministre, Alexandre Barro Chambrier, repr\u00e9sentant le premier ministre Raymond Ndong Sima emp\u00each\u00e9, de la pr\u00e9sidente du S\u00e9nat de [&hellip;]\" \/>\n<meta property=\"og:url\" content=\"https:\/\/gabonnouvellevision.com\/gnv\/2025\/03\/05\/politique-assemblee-nationale-ouverture-de-la-1ere-session-annuelle-dite-des-lois\/\" \/>\n<meta property=\"og:site_name\" content=\"Gabon Nouvelle Vision\" \/>\n<meta property=\"article:publisher\" content=\"https:\/\/www.facebook.com\/GNVofficiel\" \/>\n<meta property=\"article:published_time\" content=\"2025-03-05T13:31:42+00:00\" \/>\n<meta property=\"article:modified_time\" content=\"2025-03-05T22:23:59+00:00\" \/>\n<meta property=\"og:image\" content=\"https:\/\/gabonnouvellevision.com\/gnv\/wp-content\/uploads\/2025\/03\/jef.jpg\" \/>\n\t<meta property=\"og:image:width\" content=\"640\" \/>\n\t<meta property=\"og:image:height\" content=\"407\" \/>\n\t<meta property=\"og:image:type\" content=\"image\/jpeg\" \/>\n<meta name=\"author\" content=\"Junior MBOULET\" \/>\n<meta name=\"twitter:card\" content=\"summary_large_image\" \/>\n<meta name=\"twitter:label1\" content=\"\u00c9crit par\" \/>\n\t<meta name=\"twitter:data1\" content=\"Junior MBOULET\" \/>\n\t<meta name=\"twitter:label2\" content=\"Dur\u00e9e de lecture estim\u00e9e\" \/>\n\t<meta name=\"twitter:data2\" content=\"4 minutes\" \/>\n<script type=\"application\/ld+json\" class=\"yoast-schema-graph\">{\"@context\":\"https:\/\/schema.org\",\"@graph\":[{\"@type\":\"Article\",\"@id\":\"https:\/\/gabonnouvellevision.com\/gnv\/2025\/03\/05\/politique-assemblee-nationale-ouverture-de-la-1ere-session-annuelle-dite-des-lois\/#article\",\"isPartOf\":{\"@id\":\"https:\/\/gabonnouvellevision.com\/gnv\/2025\/03\/05\/politique-assemblee-nationale-ouverture-de-la-1ere-session-annuelle-dite-des-lois\/\"},\"author\":{\"name\":\"Junior MBOULET\",\"@id\":\"https:\/\/gabonnouvellevision.com\/gnv\/#\/schema\/person\/747bfb82bd833fb5a5a49e7c5031633d\"},\"headline\":\"Politique\/Assembl\u00e9e Nationale\u00a0: Ouverture de la 1\u00e8re session annuelle dite des lois\",\"datePublished\":\"2025-03-05T13:31:42+00:00\",\"dateModified\":\"2025-03-05T22:23:59+00:00\",\"mainEntityOfPage\":{\"@id\":\"https:\/\/gabonnouvellevision.com\/gnv\/2025\/03\/05\/politique-assemblee-nationale-ouverture-de-la-1ere-session-annuelle-dite-des-lois\/\"},\"wordCount\":806,\"commentCount\":0,\"publisher\":{\"@id\":\"https:\/\/gabonnouvellevision.com\/gnv\/#organization\"},\"image\":{\"@id\":\"https:\/\/gabonnouvellevision.com\/gnv\/2025\/03\/05\/politique-assemblee-nationale-ouverture-de-la-1ere-session-annuelle-dite-des-lois\/#primaryimage\"},\"thumbnailUrl\":\"https:\/\/gabonnouvellevision.com\/gnv\/wp-content\/uploads\/2025\/03\/jef.jpg\",\"articleSection\":[\"A la une\",\"Active\",\"Actualites\",\"Politique\"],\"inLanguage\":\"fr-FR\",\"potentialAction\":[{\"@type\":\"CommentAction\",\"name\":\"Comment\",\"target\":[\"https:\/\/gabonnouvellevision.com\/gnv\/2025\/03\/05\/politique-assemblee-nationale-ouverture-de-la-1ere-session-annuelle-dite-des-lois\/#respond\"]}]},{\"@type\":\"WebPage\",\"@id\":\"https:\/\/gabonnouvellevision.com\/gnv\/2025\/03\/05\/politique-assemblee-nationale-ouverture-de-la-1ere-session-annuelle-dite-des-lois\/\",\"url\":\"https:\/\/gabonnouvellevision.com\/gnv\/2025\/03\/05\/politique-assemblee-nationale-ouverture-de-la-1ere-session-annuelle-dite-des-lois\/\",\"name\":\"Politique\/Assembl\u00e9e Nationale\u00a0: Ouverture de la 1\u00e8re session annuelle dite des lois - Gabon Nouvelle Vision\",\"isPartOf\":{\"@id\":\"https:\/\/gabonnouvellevision.com\/gnv\/#website\"},\"primaryImageOfPage\":{\"@id\":\"https:\/\/gabonnouvellevision.com\/gnv\/2025\/03\/05\/politique-assemblee-nationale-ouverture-de-la-1ere-session-annuelle-dite-des-lois\/#primaryimage\"},\"image\":{\"@id\":\"https:\/\/gabonnouvellevision.com\/gnv\/2025\/03\/05\/politique-assemblee-nationale-ouverture-de-la-1ere-session-annuelle-dite-des-lois\/#primaryimage\"},\"thumbnailUrl\":\"https:\/\/gabonnouvellevision.com\/gnv\/wp-content\/uploads\/2025\/03\/jef.jpg\",\"datePublished\":\"2025-03-05T13:31:42+00:00\",\"dateModified\":\"2025-03-05T22:23:59+00:00\",\"breadcrumb\":{\"@id\":\"https:\/\/gabonnouvellevision.com\/gnv\/2025\/03\/05\/politique-assemblee-nationale-ouverture-de-la-1ere-session-annuelle-dite-des-lois\/#breadcrumb\"},\"inLanguage\":\"fr-FR\",\"potentialAction\":[{\"@type\":\"ReadAction\",\"target\":[\"https:\/\/gabonnouvellevision.com\/gnv\/2025\/03\/05\/politique-assemblee-nationale-ouverture-de-la-1ere-session-annuelle-dite-des-lois\/\"]}]},{\"@type\":\"ImageObject\",\"inLanguage\":\"fr-FR\",\"@id\":\"https:\/\/gabonnouvellevision.com\/gnv\/2025\/03\/05\/politique-assemblee-nationale-ouverture-de-la-1ere-session-annuelle-dite-des-lois\/#primaryimage\",\"url\":\"https:\/\/gabonnouvellevision.com\/gnv\/wp-content\/uploads\/2025\/03\/jef.jpg\",\"contentUrl\":\"https:\/\/gabonnouvellevision.com\/gnv\/wp-content\/uploads\/2025\/03\/jef.jpg\",\"width\":640,\"height\":407},{\"@type\":\"BreadcrumbList\",\"@id\":\"https:\/\/gabonnouvellevision.com\/gnv\/2025\/03\/05\/politique-assemblee-nationale-ouverture-de-la-1ere-session-annuelle-dite-des-lois\/#breadcrumb\",\"itemListElement\":[{\"@type\":\"ListItem\",\"position\":1,\"name\":\"Accueil\",\"item\":\"https:\/\/gabonnouvellevision.com\/gnv\/\"},{\"@type\":\"ListItem\",\"position\":2,\"name\":\"Politique\/Assembl\u00e9e Nationale\u00a0: Ouverture de la 1\u00e8re session annuelle dite des lois\"}]},{\"@type\":\"WebSite\",\"@id\":\"https:\/\/gabonnouvellevision.com\/gnv\/#website\",\"url\":\"https:\/\/gabonnouvellevision.com\/gnv\/\",\"name\":\"Gabon Nouvelle Vision\",\"description\":\"\",\"publisher\":{\"@id\":\"https:\/\/gabonnouvellevision.com\/gnv\/#organization\"},\"potentialAction\":[{\"@type\":\"SearchAction\",\"target\":{\"@type\":\"EntryPoint\",\"urlTemplate\":\"https:\/\/gabonnouvellevision.com\/gnv\/?s={search_term_string}\"},\"query-input\":{\"@type\":\"PropertyValueSpecification\",\"valueRequired\":true,\"valueName\":\"search_term_string\"}}],\"inLanguage\":\"fr-FR\"},{\"@type\":\"Organization\",\"@id\":\"https:\/\/gabonnouvellevision.com\/gnv\/#organization\",\"name\":\"Gabon Nouvelle Vision\",\"url\":\"https:\/\/gabonnouvellevision.com\/gnv\/\",\"logo\":{\"@type\":\"ImageObject\",\"inLanguage\":\"fr-FR\",\"@id\":\"https:\/\/gabonnouvellevision.com\/gnv\/#\/schema\/logo\/image\/\",\"url\":\"https:\/\/gabonnouvellevision.com\/gnv\/wp-content\/uploads\/2025\/01\/logo-text_Plan-de-travail-1.png\",\"contentUrl\":\"https:\/\/gabonnouvellevision.com\/gnv\/wp-content\/uploads\/2025\/01\/logo-text_Plan-de-travail-1.png\",\"width\":7169,\"height\":2390,\"caption\":\"Gabon Nouvelle Vision\"},\"image\":{\"@id\":\"https:\/\/gabonnouvellevision.com\/gnv\/#\/schema\/logo\/image\/\"},\"sameAs\":[\"https:\/\/www.facebook.com\/GNVofficiel\"]},{\"@type\":\"Person\",\"@id\":\"https:\/\/gabonnouvellevision.com\/gnv\/#\/schema\/person\/747bfb82bd833fb5a5a49e7c5031633d\",\"name\":\"Junior MBOULET\",\"image\":{\"@type\":\"ImageObject\",\"inLanguage\":\"fr-FR\",\"@id\":\"https:\/\/gabonnouvellevision.com\/gnv\/#\/schema\/person\/image\/\",\"url\":\"https:\/\/secure.gravatar.com\/avatar\/b541278a71f2f5c40b38fff4c93c15b82cf168df8b47ea9d9e97c9c9c716c6f0?s=96&d=mm&r=g\",\"contentUrl\":\"https:\/\/secure.gravatar.com\/avatar\/b541278a71f2f5c40b38fff4c93c15b82cf168df8b47ea9d9e97c9c9c716c6f0?s=96&d=mm&r=g\",\"caption\":\"Junior MBOULET\"},\"url\":\"https:\/\/gabonnouvellevision.com\/gnv\/author\/junior\/\"}]}<\/script>\n<!-- \/ Yoast SEO plugin. -->","yoast_head_json":{"title":"Politique\/Assembl\u00e9e Nationale\u00a0: Ouverture de la 1\u00e8re session annuelle dite des lois - Gabon Nouvelle Vision","robots":{"index":"index","follow":"follow","max-snippet":"max-snippet:-1","max-image-preview":"max-image-preview:large","max-video-preview":"max-video-preview:-1"},"canonical":"https:\/\/gabonnouvellevision.com\/gnv\/2025\/03\/05\/politique-assemblee-nationale-ouverture-de-la-1ere-session-annuelle-dite-des-lois\/","og_locale":"fr_FR","og_type":"article","og_title":"Politique\/Assembl\u00e9e Nationale\u00a0: Ouverture de la 1\u00e8re session annuelle dite des lois - Gabon Nouvelle Vision","og_description":"Conform\u00e9ment aux dispositions de l\u2019article 49 de la charte de la transition, l\u2019Assembl\u00e9e Nationale a ouvert, le 3 mars 2025, sa premi\u00e8re session annuelle dite des lois, en pr\u00e9sence des honorables d\u00e9put\u00e9s de la transition, du vice-premier ministre, Alexandre Barro Chambrier, repr\u00e9sentant le premier ministre Raymond Ndong Sima emp\u00each\u00e9, de la pr\u00e9sidente du S\u00e9nat de [&hellip;]","og_url":"https:\/\/gabonnouvellevision.com\/gnv\/2025\/03\/05\/politique-assemblee-nationale-ouverture-de-la-1ere-session-annuelle-dite-des-lois\/","og_site_name":"Gabon Nouvelle Vision","article_publisher":"https:\/\/www.facebook.com\/GNVofficiel","article_published_time":"2025-03-05T13:31:42+00:00","article_modified_time":"2025-03-05T22:23:59+00:00","og_image":[{"width":640,"height":407,"url":"https:\/\/gabonnouvellevision.com\/gnv\/wp-content\/uploads\/2025\/03\/jef.jpg","type":"image\/jpeg"}],"author":"Junior MBOULET","twitter_card":"summary_large_image","twitter_misc":{"\u00c9crit par":"Junior MBOULET","Dur\u00e9e de lecture estim\u00e9e":"4 minutes"},"schema":{"@context":"https:\/\/schema.org","@graph":[{"@type":"Article","@id":"https:\/\/gabonnouvellevision.com\/gnv\/2025\/03\/05\/politique-assemblee-nationale-ouverture-de-la-1ere-session-annuelle-dite-des-lois\/#article","isPartOf":{"@id":"https:\/\/gabonnouvellevision.com\/gnv\/2025\/03\/05\/politique-assemblee-nationale-ouverture-de-la-1ere-session-annuelle-dite-des-lois\/"},"author":{"name":"Junior MBOULET","@id":"https:\/\/gabonnouvellevision.com\/gnv\/#\/schema\/person\/747bfb82bd833fb5a5a49e7c5031633d"},"headline":"Politique\/Assembl\u00e9e Nationale\u00a0: Ouverture de la 1\u00e8re session annuelle dite des lois","datePublished":"2025-03-05T13:31:42+00:00","dateModified":"2025-03-05T22:23:59+00:00","mainEntityOfPage":{"@id":"https:\/\/gabonnouvellevision.com\/gnv\/2025\/03\/05\/politique-assemblee-nationale-ouverture-de-la-1ere-session-annuelle-dite-des-lois\/"},"wordCount":806,"commentCount":0,"publisher":{"@id":"https:\/\/gabonnouvellevision.com\/gnv\/#organization"},"image":{"@id":"https:\/\/gabonnouvellevision.com\/gnv\/2025\/03\/05\/politique-assemblee-nationale-ouverture-de-la-1ere-session-annuelle-dite-des-lois\/#primaryimage"},"thumbnailUrl":"https:\/\/gabonnouvellevision.com\/gnv\/wp-content\/uploads\/2025\/03\/jef.jpg","articleSection":["A la une","Active","Actualites","Politique"],"inLanguage":"fr-FR","potentialAction":[{"@type":"CommentAction","name":"Comment","target":["https:\/\/gabonnouvellevision.com\/gnv\/2025\/03\/05\/politique-assemblee-nationale-ouverture-de-la-1ere-session-annuelle-dite-des-lois\/#respond"]}]},{"@type":"WebPage","@id":"https:\/\/gabonnouvellevision.com\/gnv\/2025\/03\/05\/politique-assemblee-nationale-ouverture-de-la-1ere-session-annuelle-dite-des-lois\/","url":"https:\/\/gabonnouvellevision.com\/gnv\/2025\/03\/05\/politique-assemblee-nationale-ouverture-de-la-1ere-session-annuelle-dite-des-lois\/","name":"Politique\/Assembl\u00e9e Nationale\u00a0: Ouverture de la 1\u00e8re session annuelle dite des lois - Gabon Nouvelle Vision","isPartOf":{"@id":"https:\/\/gabonnouvellevision.com\/gnv\/#website"},"primaryImageOfPage":{"@id":"https:\/\/gabonnouvellevision.com\/gnv\/2025\/03\/05\/politique-assemblee-nationale-ouverture-de-la-1ere-session-annuelle-dite-des-lois\/#primaryimage"},"image":{"@id":"https:\/\/gabonnouvellevision.com\/gnv\/2025\/03\/05\/politique-assemblee-nationale-ouverture-de-la-1ere-session-annuelle-dite-des-lois\/#primaryimage"},"thumbnailUrl":"https:\/\/gabonnouvellevision.com\/gnv\/wp-content\/uploads\/2025\/03\/jef.jpg","datePublished":"2025-03-05T13:31:42+00:00","dateModified":"2025-03-05T22:23:59+00:00","breadcrumb":{"@id":"https:\/\/gabonnouvellevision.com\/gnv\/2025\/03\/05\/politique-assemblee-nationale-ouverture-de-la-1ere-session-annuelle-dite-des-lois\/#breadcrumb"},"inLanguage":"fr-FR","potentialAction":[{"@type":"ReadAction","target":["https:\/\/gabonnouvellevision.com\/gnv\/2025\/03\/05\/politique-assemblee-nationale-ouverture-de-la-1ere-session-annuelle-dite-des-lois\/"]}]},{"@type":"ImageObject","inLanguage":"fr-FR","@id":"https:\/\/gabonnouvellevision.com\/gnv\/2025\/03\/05\/politique-assemblee-nationale-ouverture-de-la-1ere-session-annuelle-dite-des-lois\/#primaryimage","url":"https:\/\/gabonnouvellevision.com\/gnv\/wp-content\/uploads\/2025\/03\/jef.jpg","contentUrl":"https:\/\/gabonnouvellevision.com\/gnv\/wp-content\/uploads\/2025\/03\/jef.jpg","width":640,"height":407},{"@type":"BreadcrumbList","@id":"https:\/\/gabonnouvellevision.com\/gnv\/2025\/03\/05\/politique-assemblee-nationale-ouverture-de-la-1ere-session-annuelle-dite-des-lois\/#breadcrumb","itemListElement":[{"@type":"ListItem","position":1,"name":"Accueil","item":"https:\/\/gabonnouvellevision.com\/gnv\/"},{"@type":"ListItem","position":2,"name":"Politique\/Assembl\u00e9e Nationale\u00a0: Ouverture de la 1\u00e8re session annuelle dite des lois"}]},{"@type":"WebSite","@id":"https:\/\/gabonnouvellevision.com\/gnv\/#website","url":"https:\/\/gabonnouvellevision.com\/gnv\/","name":"Gabon Nouvelle Vision","description":"","publisher":{"@id":"https:\/\/gabonnouvellevision.com\/gnv\/#organization"},"potentialAction":[{"@type":"SearchAction","target":{"@type":"EntryPoint","urlTemplate":"https:\/\/gabonnouvellevision.com\/gnv\/?s={search_term_string}"},"query-input":{"@type":"PropertyValueSpecification","valueRequired":true,"valueName":"search_term_string"}}],"inLanguage":"fr-FR"},{"@type":"Organization","@id":"https:\/\/gabonnouvellevision.com\/gnv\/#organization","name":"Gabon Nouvelle Vision","url":"https:\/\/gabonnouvellevision.com\/gnv\/","logo":{"@type":"ImageObject","inLanguage":"fr-FR","@id":"https:\/\/gabonnouvellevision.com\/gnv\/#\/schema\/logo\/image\/","url":"https:\/\/gabonnouvellevision.com\/gnv\/wp-content\/uploads\/2025\/01\/logo-text_Plan-de-travail-1.png","contentUrl":"https:\/\/gabonnouvellevision.com\/gnv\/wp-content\/uploads\/2025\/01\/logo-text_Plan-de-travail-1.png","width":7169,"height":2390,"caption":"Gabon Nouvelle Vision"},"image":{"@id":"https:\/\/gabonnouvellevision.com\/gnv\/#\/schema\/logo\/image\/"},"sameAs":["https:\/\/www.facebook.com\/GNVofficiel"]},{"@type":"Person","@id":"https:\/\/gabonnouvellevision.com\/gnv\/#\/schema\/person\/747bfb82bd833fb5a5a49e7c5031633d","name":"Junior MBOULET","image":{"@type":"ImageObject","inLanguage":"fr-FR","@id":"https:\/\/gabonnouvellevision.com\/gnv\/#\/schema\/person\/image\/","url":"https:\/\/secure.gravatar.com\/avatar\/b541278a71f2f5c40b38fff4c93c15b82cf168df8b47ea9d9e97c9c9c716c6f0?s=96&d=mm&r=g","contentUrl":"https:\/\/secure.gravatar.com\/avatar\/b541278a71f2f5c40b38fff4c93c15b82cf168df8b47ea9d9e97c9c9c716c6f0?s=96&d=mm&r=g","caption":"Junior MBOULET"},"url":"https:\/\/gabonnouvellevision.com\/gnv\/author\/junior\/"}]}},"_links":{"self":[{"href":"https:\/\/gabonnouvellevision.com\/gnv\/wp-json\/wp\/v2\/posts\/23728","targetHints":{"allow":["GET"]}}],"collection":[{"href":"https:\/\/gabonnouvellevision.com\/gnv\/wp-json\/wp\/v2\/posts"}],"about":[{"href":"https:\/\/gabonnouvellevision.com\/gnv\/wp-json\/wp\/v2\/types\/post"}],"author":[{"embeddable":true,"href":"https:\/\/gabonnouvellevision.com\/gnv\/wp-json\/wp\/v2\/users\/5"}],"replies":[{"embeddable":true,"href":"https:\/\/gabonnouvellevision.com\/gnv\/wp-json\/wp\/v2\/comments?post=23728"}],"version-history":[{"count":1,"href":"https:\/\/gabonnouvellevision.com\/gnv\/wp-json\/wp\/v2\/posts\/23728\/revisions"}],"predecessor-version":[{"id":23730,"href":"https:\/\/gabonnouvellevision.com\/gnv\/wp-json\/wp\/v2\/posts\/23728\/revisions\/23730"}],"wp:featuredmedia":[{"embeddable":true,"href":"https:\/\/gabonnouvellevision.com\/gnv\/wp-json\/wp\/v2\/media\/23729"}],"wp:attachment":[{"href":"https:\/\/gabonnouvellevision.com\/gnv\/wp-json\/wp\/v2\/media?parent=23728"}],"wp:term":[{"taxonomy":"category","embeddable":true,"href":"https:\/\/gabonnouvellevision.com\/gnv\/wp-json\/wp\/v2\/categories?post=23728"},{"taxonomy":"post_tag","embeddable":true,"href":"https:\/\/gabonnouvellevision.com\/gnv\/wp-json\/wp\/v2\/tags?post=23728"}],"curies":[{"name":"wp","href":"https:\/\/api.w.org\/{rel}","templated":true}]}}