{"id":23706,"date":"2025-02-28T11:17:06","date_gmt":"2025-02-28T10:17:06","guid":{"rendered":"https:\/\/gabonnouvellevision.com\/gnv\/?p=23706"},"modified":"2025-02-28T11:17:08","modified_gmt":"2025-02-28T10:17:08","slug":"presidentielle-2025-revision-exceptionnelle-des-listes-electorales-a-compter-de-ce-samedi-1er-mars-2025","status":"publish","type":"post","link":"https:\/\/gabonnouvellevision.com\/gnv\/2025\/02\/28\/presidentielle-2025-revision-exceptionnelle-des-listes-electorales-a-compter-de-ce-samedi-1er-mars-2025\/","title":{"rendered":"Pr\u00e9sidentielle 2025: r\u00e9vision exceptionnelle des listes \u00e9lectorales \u00e0 compter de ce samedi 1er mars 2025"},"content":{"rendered":"\n<p><strong>Le Minist\u00e8re de l\u2019int\u00e9rieur et de la s\u00e9curit\u00e9 vient d\u2019annoncer le d\u00e9but d\u2019une op\u00e9ration exceptionnelle&nbsp;<em>de r\u00e9vision des listes \u00e9lectorales. Cette op\u00e9ration de dix jours concerne prioritairement les citoyens ayant atteint la majorit\u00e9 apr\u00e8s la cl\u00f4ture de la derni\u00e8re r\u00e9vision des listes \u00e9lectorales du 08 f\u00e9vrier dernier .<\/em><\/strong><\/p>\n\n\n\n<p>Conform\u00e9ment aux dispositions de la loi organique N\u00b0001\/2025 du 19 janvier 2025 portant code \u00e9lectoral en R\u00e9publique Gabonaise, une op\u00e9ration exceptionnelle de r\u00e9vision des listes \u00e9lectorales va se d\u00e9rouler du 1er u 10 mars 2025 sur toute l\u2019\u00e9tendue du territoire national et \u00e0 l\u2019\u00e9tranger. Annonce faite hier soir par le Conseiller en communication du Minist\u00e8re de l\u2019int\u00e9rieur et de la S\u00e9curit\u00e9, Jean Eric Nziengui Mangala sur le plateau t\u00e9l\u00e9vis\u00e9 de Gabon 1\u00e8re.<\/p>\n\n\n\n<p>Cette op\u00e9ration exceptionnelle de r\u00e9vision des listes \u00e9lectorales devra permettre aux citoyens qui viennent d\u2019atteindre 18 ans, de s\u2019inscrire \u00e0 leur tour pour accomplir leur devoir civique le 12 avril prochain. Mais aussi, les personnes dont l\u2019inscription ou la radiation a \u00e9t\u00e9 ordonn\u00e9e par une juridiction comp\u00e9tente. Sans oublier les personnes \u00e0 qui le droit de vote ou d\u2019\u00e9lection a \u00e9t\u00e9 interdit par d\u00e9cision judiciaire.<\/p>\n\n\n\n<p>Les agents du public ou priv\u00e9 r\u00e9cemment mut\u00e9s peuvent aussi s\u2019inscrire avec les membres de leurs familles.<\/p>\n\n\n\n<p>Une innovation d\u2019inscriptions exceptionnelles sur les listes \u00e9lectorales qui a pour objectif d\u2019amener le maximum de gabonaise \u00e0 prendre part \u00e0 la pr\u00e9sidentielle du 12 avril prochain.<\/p>\n\n\n\n<p><strong>Rufin Martial Oke Nze<\/strong><\/p>\n","protected":false},"excerpt":{"rendered":"<p>Le Minist\u00e8re de l\u2019int\u00e9rieur et de la s\u00e9curit\u00e9 vient d\u2019annoncer le d\u00e9but d\u2019une op\u00e9ration exceptionnelle&nbsp;de r\u00e9vision des listes \u00e9lectorales. Cette op\u00e9ration de dix jours concerne prioritairement les citoyens ayant atteint la majorit\u00e9 apr\u00e8s la cl\u00f4ture de la derni\u00e8re r\u00e9vision des listes \u00e9lectorales du 08 f\u00e9vrier dernier . Conform\u00e9ment aux dispositions de la loi organique N\u00b0001\/2025 [&hellip;]<\/p>\n","protected":false},"author":7,"featured_media":23707,"comment_status":"open","ping_status":"open","sticky":false,"template":"","format":"standard","meta":{"footnotes":""},"categories":[57,55,65],"tags":[],"class_list":["post-23706","post","type-post","status-publish","format-standard","has-post-thumbnail","hentry","category-a-la-une","category-actualites","category-politique-podcasts"],"yoast_head":"<!-- This site is optimized with the Yoast SEO plugin v24.2 - https:\/\/yoast.com\/wordpress\/plugins\/seo\/ -->\n<title>Pr\u00e9sidentielle 2025: r\u00e9vision exceptionnelle des listes \u00e9lectorales \u00e0 compter de ce samedi 1er mars 2025 - Gabon Nouvelle Vision<\/title>\n<meta name=\"robots\" content=\"index, follow, max-snippet:-1, max-image-preview:large, max-video-preview:-1\" \/>\n<link rel=\"canonical\" href=\"https:\/\/gabonnouvellevision.com\/gnv\/2025\/02\/28\/presidentielle-2025-revision-exceptionnelle-des-listes-electorales-a-compter-de-ce-samedi-1er-mars-2025\/\" \/>\n<meta property=\"og:locale\" content=\"fr_FR\" \/>\n<meta property=\"og:type\" content=\"article\" \/>\n<meta property=\"og:title\" content=\"Pr\u00e9sidentielle 2025: r\u00e9vision exceptionnelle des listes \u00e9lectorales \u00e0 compter de ce samedi 1er mars 2025 - Gabon Nouvelle Vision\" \/>\n<meta property=\"og:description\" content=\"Le Minist\u00e8re de l\u2019int\u00e9rieur et de la s\u00e9curit\u00e9 vient d\u2019annoncer le d\u00e9but d\u2019une op\u00e9ration exceptionnelle&nbsp;de r\u00e9vision des listes \u00e9lectorales. Cette op\u00e9ration de dix jours concerne prioritairement les citoyens ayant atteint la majorit\u00e9 apr\u00e8s la cl\u00f4ture de la derni\u00e8re r\u00e9vision des listes \u00e9lectorales du 08 f\u00e9vrier dernier . Conform\u00e9ment aux dispositions de la loi organique N\u00b0001\/2025 [&hellip;]\" \/>\n<meta property=\"og:url\" content=\"https:\/\/gabonnouvellevision.com\/gnv\/2025\/02\/28\/presidentielle-2025-revision-exceptionnelle-des-listes-electorales-a-compter-de-ce-samedi-1er-mars-2025\/\" \/>\n<meta property=\"og:site_name\" content=\"Gabon Nouvelle Vision\" \/>\n<meta property=\"article:publisher\" content=\"https:\/\/www.facebook.com\/GNVofficiel\" \/>\n<meta property=\"article:published_time\" content=\"2025-02-28T10:17:06+00:00\" \/>\n<meta property=\"article:modified_time\" content=\"2025-02-28T10:17:08+00:00\" \/>\n<meta property=\"og:image\" content=\"https:\/\/gabonnouvellevision.com\/gnv\/wp-content\/uploads\/2025\/02\/4875872412098360750.jpg\" \/>\n\t<meta property=\"og:image:width\" content=\"500\" \/>\n\t<meta property=\"og:image:height\" content=\"261\" \/>\n\t<meta property=\"og:image:type\" content=\"image\/jpeg\" \/>\n<meta name=\"author\" content=\"Eyeng Obame\" \/>\n<meta name=\"twitter:card\" content=\"summary_large_image\" \/>\n<meta name=\"twitter:label1\" content=\"\u00c9crit par\" \/>\n\t<meta name=\"twitter:data1\" content=\"Eyeng Obame\" \/>\n\t<meta name=\"twitter:label2\" content=\"Dur\u00e9e de lecture estim\u00e9e\" \/>\n\t<meta name=\"twitter:data2\" content=\"2 minutes\" \/>\n<script type=\"application\/ld+json\" class=\"yoast-schema-graph\">{\"@context\":\"https:\/\/schema.org\",\"@graph\":[{\"@type\":\"Article\",\"@id\":\"https:\/\/gabonnouvellevision.com\/gnv\/2025\/02\/28\/presidentielle-2025-revision-exceptionnelle-des-listes-electorales-a-compter-de-ce-samedi-1er-mars-2025\/#article\",\"isPartOf\":{\"@id\":\"https:\/\/gabonnouvellevision.com\/gnv\/2025\/02\/28\/presidentielle-2025-revision-exceptionnelle-des-listes-electorales-a-compter-de-ce-samedi-1er-mars-2025\/\"},\"author\":{\"name\":\"Eyeng Obame\",\"@id\":\"https:\/\/gabonnouvellevision.com\/gnv\/#\/schema\/person\/4b48e07d222f83c0285affc3704bc899\"},\"headline\":\"Pr\u00e9sidentielle 2025: r\u00e9vision exceptionnelle des listes \u00e9lectorales \u00e0 compter de ce samedi 1er mars 2025\",\"datePublished\":\"2025-02-28T10:17:06+00:00\",\"dateModified\":\"2025-02-28T10:17:08+00:00\",\"mainEntityOfPage\":{\"@id\":\"https:\/\/gabonnouvellevision.com\/gnv\/2025\/02\/28\/presidentielle-2025-revision-exceptionnelle-des-listes-electorales-a-compter-de-ce-samedi-1er-mars-2025\/\"},\"wordCount\":277,\"commentCount\":0,\"publisher\":{\"@id\":\"https:\/\/gabonnouvellevision.com\/gnv\/#organization\"},\"image\":{\"@id\":\"https:\/\/gabonnouvellevision.com\/gnv\/2025\/02\/28\/presidentielle-2025-revision-exceptionnelle-des-listes-electorales-a-compter-de-ce-samedi-1er-mars-2025\/#primaryimage\"},\"thumbnailUrl\":\"https:\/\/gabonnouvellevision.com\/gnv\/wp-content\/uploads\/2025\/02\/4875872412098360750.jpg\",\"articleSection\":[\"A la une\",\"Actualites\",\"Politique\"],\"inLanguage\":\"fr-FR\",\"potentialAction\":[{\"@type\":\"CommentAction\",\"name\":\"Comment\",\"target\":[\"https:\/\/gabonnouvellevision.com\/gnv\/2025\/02\/28\/presidentielle-2025-revision-exceptionnelle-des-listes-electorales-a-compter-de-ce-samedi-1er-mars-2025\/#respond\"]}]},{\"@type\":\"WebPage\",\"@id\":\"https:\/\/gabonnouvellevision.com\/gnv\/2025\/02\/28\/presidentielle-2025-revision-exceptionnelle-des-listes-electorales-a-compter-de-ce-samedi-1er-mars-2025\/\",\"url\":\"https:\/\/gabonnouvellevision.com\/gnv\/2025\/02\/28\/presidentielle-2025-revision-exceptionnelle-des-listes-electorales-a-compter-de-ce-samedi-1er-mars-2025\/\",\"name\":\"Pr\u00e9sidentielle 2025: r\u00e9vision exceptionnelle des listes \u00e9lectorales \u00e0 compter de ce samedi 1er mars 2025 - Gabon Nouvelle Vision\",\"isPartOf\":{\"@id\":\"https:\/\/gabonnouvellevision.com\/gnv\/#website\"},\"primaryImageOfPage\":{\"@id\":\"https:\/\/gabonnouvellevision.com\/gnv\/2025\/02\/28\/presidentielle-2025-revision-exceptionnelle-des-listes-electorales-a-compter-de-ce-samedi-1er-mars-2025\/#primaryimage\"},\"image\":{\"@id\":\"https:\/\/gabonnouvellevision.com\/gnv\/2025\/02\/28\/presidentielle-2025-revision-exceptionnelle-des-listes-electorales-a-compter-de-ce-samedi-1er-mars-2025\/#primaryimage\"},\"thumbnailUrl\":\"https:\/\/gabonnouvellevision.com\/gnv\/wp-content\/uploads\/2025\/02\/4875872412098360750.jpg\",\"datePublished\":\"2025-02-28T10:17:06+00:00\",\"dateModified\":\"2025-02-28T10:17:08+00:00\",\"breadcrumb\":{\"@id\":\"https:\/\/gabonnouvellevision.com\/gnv\/2025\/02\/28\/presidentielle-2025-revision-exceptionnelle-des-listes-electorales-a-compter-de-ce-samedi-1er-mars-2025\/#breadcrumb\"},\"inLanguage\":\"fr-FR\",\"potentialAction\":[{\"@type\":\"ReadAction\",\"target\":[\"https:\/\/gabonnouvellevision.com\/gnv\/2025\/02\/28\/presidentielle-2025-revision-exceptionnelle-des-listes-electorales-a-compter-de-ce-samedi-1er-mars-2025\/\"]}]},{\"@type\":\"ImageObject\",\"inLanguage\":\"fr-FR\",\"@id\":\"https:\/\/gabonnouvellevision.com\/gnv\/2025\/02\/28\/presidentielle-2025-revision-exceptionnelle-des-listes-electorales-a-compter-de-ce-samedi-1er-mars-2025\/#primaryimage\",\"url\":\"https:\/\/gabonnouvellevision.com\/gnv\/wp-content\/uploads\/2025\/02\/4875872412098360750.jpg\",\"contentUrl\":\"https:\/\/gabonnouvellevision.com\/gnv\/wp-content\/uploads\/2025\/02\/4875872412098360750.jpg\",\"width\":500,\"height\":261},{\"@type\":\"BreadcrumbList\",\"@id\":\"https:\/\/gabonnouvellevision.com\/gnv\/2025\/02\/28\/presidentielle-2025-revision-exceptionnelle-des-listes-electorales-a-compter-de-ce-samedi-1er-mars-2025\/#breadcrumb\",\"itemListElement\":[{\"@type\":\"ListItem\",\"position\":1,\"name\":\"Accueil\",\"item\":\"https:\/\/gabonnouvellevision.com\/gnv\/\"},{\"@type\":\"ListItem\",\"position\":2,\"name\":\"Pr\u00e9sidentielle 2025: r\u00e9vision exceptionnelle des listes \u00e9lectorales \u00e0 compter de ce samedi 1er mars 2025\"}]},{\"@type\":\"WebSite\",\"@id\":\"https:\/\/gabonnouvellevision.com\/gnv\/#website\",\"url\":\"https:\/\/gabonnouvellevision.com\/gnv\/\",\"name\":\"Gabon Nouvelle Vision\",\"description\":\"\",\"publisher\":{\"@id\":\"https:\/\/gabonnouvellevision.com\/gnv\/#organization\"},\"potentialAction\":[{\"@type\":\"SearchAction\",\"target\":{\"@type\":\"EntryPoint\",\"urlTemplate\":\"https:\/\/gabonnouvellevision.com\/gnv\/?s={search_term_string}\"},\"query-input\":{\"@type\":\"PropertyValueSpecification\",\"valueRequired\":true,\"valueName\":\"search_term_string\"}}],\"inLanguage\":\"fr-FR\"},{\"@type\":\"Organization\",\"@id\":\"https:\/\/gabonnouvellevision.com\/gnv\/#organization\",\"name\":\"Gabon Nouvelle Vision\",\"url\":\"https:\/\/gabonnouvellevision.com\/gnv\/\",\"logo\":{\"@type\":\"ImageObject\",\"inLanguage\":\"fr-FR\",\"@id\":\"https:\/\/gabonnouvellevision.com\/gnv\/#\/schema\/logo\/image\/\",\"url\":\"https:\/\/gabonnouvellevision.com\/gnv\/wp-content\/uploads\/2025\/01\/logo-text_Plan-de-travail-1.png\",\"contentUrl\":\"https:\/\/gabonnouvellevision.com\/gnv\/wp-content\/uploads\/2025\/01\/logo-text_Plan-de-travail-1.png\",\"width\":7169,\"height\":2390,\"caption\":\"Gabon Nouvelle Vision\"},\"image\":{\"@id\":\"https:\/\/gabonnouvellevision.com\/gnv\/#\/schema\/logo\/image\/\"},\"sameAs\":[\"https:\/\/www.facebook.com\/GNVofficiel\"]},{\"@type\":\"Person\",\"@id\":\"https:\/\/gabonnouvellevision.com\/gnv\/#\/schema\/person\/4b48e07d222f83c0285affc3704bc899\",\"name\":\"Eyeng Obame\",\"image\":{\"@type\":\"ImageObject\",\"inLanguage\":\"fr-FR\",\"@id\":\"https:\/\/gabonnouvellevision.com\/gnv\/#\/schema\/person\/image\/\",\"url\":\"https:\/\/secure.gravatar.com\/avatar\/167bc03b8baf3c77318a47159f80871de6f5a6cbf4bc8b6af750fbc1a369d7bf?s=96&d=mm&r=g\",\"contentUrl\":\"https:\/\/secure.gravatar.com\/avatar\/167bc03b8baf3c77318a47159f80871de6f5a6cbf4bc8b6af750fbc1a369d7bf?s=96&d=mm&r=g\",\"caption\":\"Eyeng Obame\"},\"url\":\"https:\/\/gabonnouvellevision.com\/gnv\/author\/rufin\/\"}]}<\/script>\n<!-- \/ Yoast SEO plugin. -->","yoast_head_json":{"title":"Pr\u00e9sidentielle 2025: r\u00e9vision exceptionnelle des listes \u00e9lectorales \u00e0 compter de ce samedi 1er mars 2025 - Gabon Nouvelle Vision","robots":{"index":"index","follow":"follow","max-snippet":"max-snippet:-1","max-image-preview":"max-image-preview:large","max-video-preview":"max-video-preview:-1"},"canonical":"https:\/\/gabonnouvellevision.com\/gnv\/2025\/02\/28\/presidentielle-2025-revision-exceptionnelle-des-listes-electorales-a-compter-de-ce-samedi-1er-mars-2025\/","og_locale":"fr_FR","og_type":"article","og_title":"Pr\u00e9sidentielle 2025: r\u00e9vision exceptionnelle des listes \u00e9lectorales \u00e0 compter de ce samedi 1er mars 2025 - Gabon Nouvelle Vision","og_description":"Le Minist\u00e8re de l\u2019int\u00e9rieur et de la s\u00e9curit\u00e9 vient d\u2019annoncer le d\u00e9but d\u2019une op\u00e9ration exceptionnelle&nbsp;de r\u00e9vision des listes \u00e9lectorales. Cette op\u00e9ration de dix jours concerne prioritairement les citoyens ayant atteint la majorit\u00e9 apr\u00e8s la cl\u00f4ture de la derni\u00e8re r\u00e9vision des listes \u00e9lectorales du 08 f\u00e9vrier dernier . Conform\u00e9ment aux dispositions de la loi organique N\u00b0001\/2025 [&hellip;]","og_url":"https:\/\/gabonnouvellevision.com\/gnv\/2025\/02\/28\/presidentielle-2025-revision-exceptionnelle-des-listes-electorales-a-compter-de-ce-samedi-1er-mars-2025\/","og_site_name":"Gabon Nouvelle Vision","article_publisher":"https:\/\/www.facebook.com\/GNVofficiel","article_published_time":"2025-02-28T10:17:06+00:00","article_modified_time":"2025-02-28T10:17:08+00:00","og_image":[{"width":500,"height":261,"url":"https:\/\/gabonnouvellevision.com\/gnv\/wp-content\/uploads\/2025\/02\/4875872412098360750.jpg","type":"image\/jpeg"}],"author":"Eyeng Obame","twitter_card":"summary_large_image","twitter_misc":{"\u00c9crit par":"Eyeng Obame","Dur\u00e9e de lecture estim\u00e9e":"2 minutes"},"schema":{"@context":"https:\/\/schema.org","@graph":[{"@type":"Article","@id":"https:\/\/gabonnouvellevision.com\/gnv\/2025\/02\/28\/presidentielle-2025-revision-exceptionnelle-des-listes-electorales-a-compter-de-ce-samedi-1er-mars-2025\/#article","isPartOf":{"@id":"https:\/\/gabonnouvellevision.com\/gnv\/2025\/02\/28\/presidentielle-2025-revision-exceptionnelle-des-listes-electorales-a-compter-de-ce-samedi-1er-mars-2025\/"},"author":{"name":"Eyeng Obame","@id":"https:\/\/gabonnouvellevision.com\/gnv\/#\/schema\/person\/4b48e07d222f83c0285affc3704bc899"},"headline":"Pr\u00e9sidentielle 2025: r\u00e9vision exceptionnelle des listes \u00e9lectorales \u00e0 compter de ce samedi 1er mars 2025","datePublished":"2025-02-28T10:17:06+00:00","dateModified":"2025-02-28T10:17:08+00:00","mainEntityOfPage":{"@id":"https:\/\/gabonnouvellevision.com\/gnv\/2025\/02\/28\/presidentielle-2025-revision-exceptionnelle-des-listes-electorales-a-compter-de-ce-samedi-1er-mars-2025\/"},"wordCount":277,"commentCount":0,"publisher":{"@id":"https:\/\/gabonnouvellevision.com\/gnv\/#organization"},"image":{"@id":"https:\/\/gabonnouvellevision.com\/gnv\/2025\/02\/28\/presidentielle-2025-revision-exceptionnelle-des-listes-electorales-a-compter-de-ce-samedi-1er-mars-2025\/#primaryimage"},"thumbnailUrl":"https:\/\/gabonnouvellevision.com\/gnv\/wp-content\/uploads\/2025\/02\/4875872412098360750.jpg","articleSection":["A la une","Actualites","Politique"],"inLanguage":"fr-FR","potentialAction":[{"@type":"CommentAction","name":"Comment","target":["https:\/\/gabonnouvellevision.com\/gnv\/2025\/02\/28\/presidentielle-2025-revision-exceptionnelle-des-listes-electorales-a-compter-de-ce-samedi-1er-mars-2025\/#respond"]}]},{"@type":"WebPage","@id":"https:\/\/gabonnouvellevision.com\/gnv\/2025\/02\/28\/presidentielle-2025-revision-exceptionnelle-des-listes-electorales-a-compter-de-ce-samedi-1er-mars-2025\/","url":"https:\/\/gabonnouvellevision.com\/gnv\/2025\/02\/28\/presidentielle-2025-revision-exceptionnelle-des-listes-electorales-a-compter-de-ce-samedi-1er-mars-2025\/","name":"Pr\u00e9sidentielle 2025: r\u00e9vision exceptionnelle des listes \u00e9lectorales \u00e0 compter de ce samedi 1er mars 2025 - Gabon Nouvelle Vision","isPartOf":{"@id":"https:\/\/gabonnouvellevision.com\/gnv\/#website"},"primaryImageOfPage":{"@id":"https:\/\/gabonnouvellevision.com\/gnv\/2025\/02\/28\/presidentielle-2025-revision-exceptionnelle-des-listes-electorales-a-compter-de-ce-samedi-1er-mars-2025\/#primaryimage"},"image":{"@id":"https:\/\/gabonnouvellevision.com\/gnv\/2025\/02\/28\/presidentielle-2025-revision-exceptionnelle-des-listes-electorales-a-compter-de-ce-samedi-1er-mars-2025\/#primaryimage"},"thumbnailUrl":"https:\/\/gabonnouvellevision.com\/gnv\/wp-content\/uploads\/2025\/02\/4875872412098360750.jpg","datePublished":"2025-02-28T10:17:06+00:00","dateModified":"2025-02-28T10:17:08+00:00","breadcrumb":{"@id":"https:\/\/gabonnouvellevision.com\/gnv\/2025\/02\/28\/presidentielle-2025-revision-exceptionnelle-des-listes-electorales-a-compter-de-ce-samedi-1er-mars-2025\/#breadcrumb"},"inLanguage":"fr-FR","potentialAction":[{"@type":"ReadAction","target":["https:\/\/gabonnouvellevision.com\/gnv\/2025\/02\/28\/presidentielle-2025-revision-exceptionnelle-des-listes-electorales-a-compter-de-ce-samedi-1er-mars-2025\/"]}]},{"@type":"ImageObject","inLanguage":"fr-FR","@id":"https:\/\/gabonnouvellevision.com\/gnv\/2025\/02\/28\/presidentielle-2025-revision-exceptionnelle-des-listes-electorales-a-compter-de-ce-samedi-1er-mars-2025\/#primaryimage","url":"https:\/\/gabonnouvellevision.com\/gnv\/wp-content\/uploads\/2025\/02\/4875872412098360750.jpg","contentUrl":"https:\/\/gabonnouvellevision.com\/gnv\/wp-content\/uploads\/2025\/02\/4875872412098360750.jpg","width":500,"height":261},{"@type":"BreadcrumbList","@id":"https:\/\/gabonnouvellevision.com\/gnv\/2025\/02\/28\/presidentielle-2025-revision-exceptionnelle-des-listes-electorales-a-compter-de-ce-samedi-1er-mars-2025\/#breadcrumb","itemListElement":[{"@type":"ListItem","position":1,"name":"Accueil","item":"https:\/\/gabonnouvellevision.com\/gnv\/"},{"@type":"ListItem","position":2,"name":"Pr\u00e9sidentielle 2025: r\u00e9vision exceptionnelle des listes \u00e9lectorales \u00e0 compter de ce samedi 1er mars 2025"}]},{"@type":"WebSite","@id":"https:\/\/gabonnouvellevision.com\/gnv\/#website","url":"https:\/\/gabonnouvellevision.com\/gnv\/","name":"Gabon Nouvelle Vision","description":"","publisher":{"@id":"https:\/\/gabonnouvellevision.com\/gnv\/#organization"},"potentialAction":[{"@type":"SearchAction","target":{"@type":"EntryPoint","urlTemplate":"https:\/\/gabonnouvellevision.com\/gnv\/?s={search_term_string}"},"query-input":{"@type":"PropertyValueSpecification","valueRequired":true,"valueName":"search_term_string"}}],"inLanguage":"fr-FR"},{"@type":"Organization","@id":"https:\/\/gabonnouvellevision.com\/gnv\/#organization","name":"Gabon Nouvelle Vision","url":"https:\/\/gabonnouvellevision.com\/gnv\/","logo":{"@type":"ImageObject","inLanguage":"fr-FR","@id":"https:\/\/gabonnouvellevision.com\/gnv\/#\/schema\/logo\/image\/","url":"https:\/\/gabonnouvellevision.com\/gnv\/wp-content\/uploads\/2025\/01\/logo-text_Plan-de-travail-1.png","contentUrl":"https:\/\/gabonnouvellevision.com\/gnv\/wp-content\/uploads\/2025\/01\/logo-text_Plan-de-travail-1.png","width":7169,"height":2390,"caption":"Gabon Nouvelle Vision"},"image":{"@id":"https:\/\/gabonnouvellevision.com\/gnv\/#\/schema\/logo\/image\/"},"sameAs":["https:\/\/www.facebook.com\/GNVofficiel"]},{"@type":"Person","@id":"https:\/\/gabonnouvellevision.com\/gnv\/#\/schema\/person\/4b48e07d222f83c0285affc3704bc899","name":"Eyeng Obame","image":{"@type":"ImageObject","inLanguage":"fr-FR","@id":"https:\/\/gabonnouvellevision.com\/gnv\/#\/schema\/person\/image\/","url":"https:\/\/secure.gravatar.com\/avatar\/167bc03b8baf3c77318a47159f80871de6f5a6cbf4bc8b6af750fbc1a369d7bf?s=96&d=mm&r=g","contentUrl":"https:\/\/secure.gravatar.com\/avatar\/167bc03b8baf3c77318a47159f80871de6f5a6cbf4bc8b6af750fbc1a369d7bf?s=96&d=mm&r=g","caption":"Eyeng Obame"},"url":"https:\/\/gabonnouvellevision.com\/gnv\/author\/rufin\/"}]}},"_links":{"self":[{"href":"https:\/\/gabonnouvellevision.com\/gnv\/wp-json\/wp\/v2\/posts\/23706","targetHints":{"allow":["GET"]}}],"collection":[{"href":"https:\/\/gabonnouvellevision.com\/gnv\/wp-json\/wp\/v2\/posts"}],"about":[{"href":"https:\/\/gabonnouvellevision.com\/gnv\/wp-json\/wp\/v2\/types\/post"}],"author":[{"embeddable":true,"href":"https:\/\/gabonnouvellevision.com\/gnv\/wp-json\/wp\/v2\/users\/7"}],"replies":[{"embeddable":true,"href":"https:\/\/gabonnouvellevision.com\/gnv\/wp-json\/wp\/v2\/comments?post=23706"}],"version-history":[{"count":1,"href":"https:\/\/gabonnouvellevision.com\/gnv\/wp-json\/wp\/v2\/posts\/23706\/revisions"}],"predecessor-version":[{"id":23708,"href":"https:\/\/gabonnouvellevision.com\/gnv\/wp-json\/wp\/v2\/posts\/23706\/revisions\/23708"}],"wp:featuredmedia":[{"embeddable":true,"href":"https:\/\/gabonnouvellevision.com\/gnv\/wp-json\/wp\/v2\/media\/23707"}],"wp:attachment":[{"href":"https:\/\/gabonnouvellevision.com\/gnv\/wp-json\/wp\/v2\/media?parent=23706"}],"wp:term":[{"taxonomy":"category","embeddable":true,"href":"https:\/\/gabonnouvellevision.com\/gnv\/wp-json\/wp\/v2\/categories?post=23706"},{"taxonomy":"post_tag","embeddable":true,"href":"https:\/\/gabonnouvellevision.com\/gnv\/wp-json\/wp\/v2\/tags?post=23706"}],"curies":[{"name":"wp","href":"https:\/\/api.w.org\/{rel}","templated":true}]}}