{"id":23703,"date":"2025-02-27T20:31:03","date_gmt":"2025-02-27T19:31:03","guid":{"rendered":"https:\/\/gabonnouvellevision.com\/gnv\/?p=23703"},"modified":"2025-02-28T11:34:16","modified_gmt":"2025-02-28T10:34:16","slug":"politique-presidentielle-a-venir-les-jeunes-acteurs-politiques-du-gabon-se-donnent-de-la-voix","status":"publish","type":"post","link":"https:\/\/gabonnouvellevision.com\/gnv\/2025\/02\/27\/politique-presidentielle-a-venir-les-jeunes-acteurs-politiques-du-gabon-se-donnent-de-la-voix\/","title":{"rendered":"Politique\/Pr\u00e9sidentielle \u00e0 venir\u00a0: Les Jeunes acteurs politiques du Gabon se donnent de la voix"},"content":{"rendered":"\n<p>Le Pr\u00e9sident de l&rsquo;Union des Jeunes Acteurs Politiques du Gabon, Didier Oyono<\/p>\n\n\n\n<p>Regroup\u00e9s au sein de l\u2019Union des Jeunes Acteurs Politiques du Gabon avec \u00e0 leur t\u00eate Didier Oyono, les Jeunes Acteurs Politiques du Gabon se sont retrouv\u00e9s, le 26 f\u00e9vrier 2025 \u00e0 la cit\u00e9 &nbsp;CI dans le 1<sup>er<\/sup> arrondissement de Libreville pour s\u2019entretenir avec leurs pairs du coin et leur annoncer leur d\u00e9termination \u00e0 prendre une part active \u00e0 la prochaine \u00e9lection pr\u00e9sidentielle<\/p>\n\n\n\n<p>D\u00e8s l\u2019entame de cette rencontre ouverte par l\u2019ex\u00e9cution de l\u2019hymne national en acapela et reprise en ch\u0153urs par les nombreuses personnes ayant r\u00e9pondu pr\u00e9sentes au rendez-vous de ces jeunes, le ma\u00eetre de c\u00e9r\u00e9monie qui s\u2019est voulu p\u00e9dagogue en \u00e9voquant le conte du colibris qui, selon une l\u00e9gende, aurait d\u00e9clar\u00e9 faire sa part de travail dans l\u2019extinction d\u2019un feu de brousse, a dit tout le plaisir qui \u00e9tait le leur \u00e0 se rassembler avec leurs fr\u00e8res de la cit\u00e9.<\/p>\n\n\n\n<p>Pour le pr\u00e9sident Didier Oyono, il s\u2019est r\u00e9joui de la forte mobilisation des habitants de ce pan du premier arrondissement de la capitale gabonaise venu \u00e9couter le message d\u2019espoir et de d\u00e9termination venant des jeunes. Pour une rencontre citoyenne sur la r\u00e9\u00e9ducation politique comme initialement annonc\u00e9e, ce fut plut\u00f4t des \u00e9changes interactifs entre les populations et le comit\u00e9 d\u2019organisation venu sp\u00e9cialement \u00e9difier la population sur leurs d\u00e9terminations \u00e0 se lancer, au m\u00eame titre que les autres acteurs politiques, \u00e0 la conqu\u00eate du fauteuil pr\u00e9sidentiel. Didier Oyono dira par ailleurs que ses fr\u00e8res et lui, sont venus jauger la temp\u00e9rature qui pr\u00e9vaut dans cette cit\u00e9 C.I \u00e0 l\u2019aune d\u2019une \u00e9lection capitale comme la pr\u00e9sidentielle. Il a laiss\u00e9 entendre que la caravane dont il est le moteur s\u2019est invit\u00e9e \u00e0 la cit\u00e9 aussi pour \u00e9changer avec leurs concitoyens sur la question cruciale des jeunes qui sont tr\u00e8s souvent et en pareille circonstance, rel\u00e9gu\u00e9s au second plan une fois les \u00e9ch\u00e9ances \u00e9lectorales termin\u00e9es.<\/p>\n\n\n\n<p>D\u2019ailleurs face aux membres de cette caravane, il y avait, outre les jeunes, des personnes d\u2019un certain \u00e2ge venues par curiosit\u00e9 pour les unes, et aussi par une envie de prodiguer des conseils \u00e0 leurs enfants engag\u00e9s dans la prise en main de leur avenir. En effet, dans les diff\u00e9rents messages distill\u00e9s par les membres de la caravane, il \u00e9tait question non seulement de soutenir la dynamique impuls\u00e9e par le coup de lib\u00e9ration du 30 ao\u00fbt 2023 mais \u00e9galement de se projeter sur l\u2019\u00e9ventualit\u00e9 d\u2019un engagement de jeunes dans la course \u00e0 la magistrature supr\u00eame. Course, selon Didier Oyono qui n\u00e9cessitera l\u2019adh\u00e9sion de tous les jeunes du Gabon. Et pour y parvenir, la \u2018machine\u2019 mise en \u0153uvre par l\u2019Union des Jeunes Acteurs Politique du Gabon entend s\u2019\u00e9branler \u00e0 travers les arrondissements du Grand Libreville et ses environs, avant de mettre le cap sur l\u2019ensemble des neuf provinces du Gabon.<\/p>\n\n\n\n<p>S\u2019agissant de leur d\u00e9ploiement dans Libreville, plus pr\u00e9cis\u00e9ment dans les PK, il a \u00e9t\u00e9 purement et simplement emp\u00each\u00e9 par certains jeunes du coin qui ont du mal \u00e0 se d\u00e9partir des anciennes m\u00e9thodes d\u2019intimidation et qu\u2019ils tra\u00eenent malheureusement comme des sangsues. Malgr\u00e9 ce l\u00e9ger point noir, les jeunes acteurs ne se sont nullement d\u00e9courag\u00e9s et ont trouv\u00e9 une oreille attentive aupr\u00e8s de leurs fr\u00e8res et s\u0153urs de la cit\u00e9 CI. Un rendez-vous d\u2019\u00e9change et de concertation qui aura permis aux populations de ce coin du premier arrondissement de donner leur quitus aux jeunes afin de se lancer dans la course \u00e0 la magistrature supr\u00eame.<\/p>\n\n\n\n<p>&nbsp;En somme, les jeunes entendent se donner de la voix et faire montre de responsable en allant eux \u00e9galement, \u00e0 la table de n\u00e9gociation sur l\u2019avenir des affaires du pays. Avant de clore son propos, le pr\u00e9sident Didier Oyono a laiss\u00e9 entendre que la majorit\u00e9 des populations, et surtout les jeunes, ont compris finalement la n\u00e9cessit\u00e9 de s\u2019engager et, a-il poursuivi, aujourd\u2019hui, plus que jamais, nous avons besoin d\u2019une jeunesse plus qu\u2019engag\u00e9e car selon lui, la date du 12 avril 2025 doit les interpeller et se poser de bonnes questions. Au demeurant, c\u2019est un Pr\u00e9sident plus qu\u2019aguerri qui, en compagnie de ses amis croit dur comme fer que les jeunes auront leur mot \u00e0 dire face aux enjeux majors de l\u2019heure, notamment les prochaines \u00e9lections. Apr\u00e8s la rencontre du 26 f\u00e9vrier 2025 \u00e0 la cit\u00e9 CI, la caravane de l\u2019Union des Jeunes Acteurs Politiques du Gabon s\u2019\u00e9branlera le samedi 1<sup>er<\/sup> mars 2025 dans la commune d\u2019Akanda.<\/p>\n\n\n\n<p><strong>J.M<\/strong><\/p>\n","protected":false},"excerpt":{"rendered":"<p>Le Pr\u00e9sident de l&rsquo;Union des Jeunes Acteurs Politiques du Gabon, Didier Oyono Regroup\u00e9s au sein de l\u2019Union des Jeunes Acteurs Politiques du Gabon avec \u00e0 leur t\u00eate Didier Oyono, les Jeunes Acteurs Politiques du Gabon se sont retrouv\u00e9s, le 26 f\u00e9vrier 2025 \u00e0 la cit\u00e9 &nbsp;CI dans le 1er arrondissement de Libreville pour s\u2019entretenir avec [&hellip;]<\/p>\n","protected":false},"author":5,"featured_media":23709,"comment_status":"open","ping_status":"open","sticky":false,"template":"","format":"standard","meta":{"footnotes":""},"categories":[1],"tags":[],"class_list":["post-23703","post","type-post","status-publish","format-standard","has-post-thumbnail","hentry","category-non-classe"],"yoast_head":"<!-- This site is optimized with the Yoast SEO plugin v24.2 - https:\/\/yoast.com\/wordpress\/plugins\/seo\/ -->\n<title>Politique\/Pr\u00e9sidentielle \u00e0 venir\u00a0: Les Jeunes acteurs politiques du Gabon se donnent de la voix - Gabon Nouvelle Vision<\/title>\n<meta name=\"robots\" content=\"index, follow, max-snippet:-1, max-image-preview:large, max-video-preview:-1\" \/>\n<link rel=\"canonical\" href=\"https:\/\/gabonnouvellevision.com\/gnv\/2025\/02\/27\/politique-presidentielle-a-venir-les-jeunes-acteurs-politiques-du-gabon-se-donnent-de-la-voix\/\" \/>\n<meta property=\"og:locale\" content=\"fr_FR\" \/>\n<meta property=\"og:type\" content=\"article\" \/>\n<meta property=\"og:title\" content=\"Politique\/Pr\u00e9sidentielle \u00e0 venir\u00a0: Les Jeunes acteurs politiques du Gabon se donnent de la voix - Gabon Nouvelle Vision\" \/>\n<meta property=\"og:description\" content=\"Le Pr\u00e9sident de l&rsquo;Union des Jeunes Acteurs Politiques du Gabon, Didier Oyono Regroup\u00e9s au sein de l\u2019Union des Jeunes Acteurs Politiques du Gabon avec \u00e0 leur t\u00eate Didier Oyono, les Jeunes Acteurs Politiques du Gabon se sont retrouv\u00e9s, le 26 f\u00e9vrier 2025 \u00e0 la cit\u00e9 &nbsp;CI dans le 1er arrondissement de Libreville pour s\u2019entretenir avec [&hellip;]\" \/>\n<meta property=\"og:url\" content=\"https:\/\/gabonnouvellevision.com\/gnv\/2025\/02\/27\/politique-presidentielle-a-venir-les-jeunes-acteurs-politiques-du-gabon-se-donnent-de-la-voix\/\" \/>\n<meta property=\"og:site_name\" content=\"Gabon Nouvelle Vision\" \/>\n<meta property=\"article:publisher\" content=\"https:\/\/www.facebook.com\/GNVofficiel\" \/>\n<meta property=\"article:published_time\" content=\"2025-02-27T19:31:03+00:00\" \/>\n<meta property=\"article:modified_time\" content=\"2025-02-28T10:34:16+00:00\" \/>\n<meta property=\"og:image\" content=\"https:\/\/gabonnouvellevision.com\/gnv\/wp-content\/uploads\/2025\/02\/WhatsApp-Image-2025-02-28-a-11.21.10_969b827f.jpg\" \/>\n\t<meta property=\"og:image:width\" content=\"900\" \/>\n\t<meta property=\"og:image:height\" content=\"1200\" \/>\n\t<meta property=\"og:image:type\" content=\"image\/jpeg\" \/>\n<meta name=\"author\" content=\"Junior MBOULET\" \/>\n<meta name=\"twitter:card\" content=\"summary_large_image\" \/>\n<meta name=\"twitter:label1\" content=\"\u00c9crit par\" \/>\n\t<meta name=\"twitter:data1\" content=\"Junior MBOULET\" \/>\n\t<meta name=\"twitter:label2\" content=\"Dur\u00e9e de lecture estim\u00e9e\" \/>\n\t<meta name=\"twitter:data2\" content=\"4 minutes\" \/>\n<script type=\"application\/ld+json\" class=\"yoast-schema-graph\">{\"@context\":\"https:\/\/schema.org\",\"@graph\":[{\"@type\":\"Article\",\"@id\":\"https:\/\/gabonnouvellevision.com\/gnv\/2025\/02\/27\/politique-presidentielle-a-venir-les-jeunes-acteurs-politiques-du-gabon-se-donnent-de-la-voix\/#article\",\"isPartOf\":{\"@id\":\"https:\/\/gabonnouvellevision.com\/gnv\/2025\/02\/27\/politique-presidentielle-a-venir-les-jeunes-acteurs-politiques-du-gabon-se-donnent-de-la-voix\/\"},\"author\":{\"name\":\"Junior MBOULET\",\"@id\":\"https:\/\/gabonnouvellevision.com\/gnv\/#\/schema\/person\/747bfb82bd833fb5a5a49e7c5031633d\"},\"headline\":\"Politique\/Pr\u00e9sidentielle \u00e0 venir\u00a0: Les Jeunes acteurs politiques du Gabon se donnent de la voix\",\"datePublished\":\"2025-02-27T19:31:03+00:00\",\"dateModified\":\"2025-02-28T10:34:16+00:00\",\"mainEntityOfPage\":{\"@id\":\"https:\/\/gabonnouvellevision.com\/gnv\/2025\/02\/27\/politique-presidentielle-a-venir-les-jeunes-acteurs-politiques-du-gabon-se-donnent-de-la-voix\/\"},\"wordCount\":822,\"commentCount\":0,\"publisher\":{\"@id\":\"https:\/\/gabonnouvellevision.com\/gnv\/#organization\"},\"image\":{\"@id\":\"https:\/\/gabonnouvellevision.com\/gnv\/2025\/02\/27\/politique-presidentielle-a-venir-les-jeunes-acteurs-politiques-du-gabon-se-donnent-de-la-voix\/#primaryimage\"},\"thumbnailUrl\":\"https:\/\/gabonnouvellevision.com\/gnv\/wp-content\/uploads\/2025\/02\/WhatsApp-Image-2025-02-28-a-11.21.10_969b827f.jpg\",\"inLanguage\":\"fr-FR\",\"potentialAction\":[{\"@type\":\"CommentAction\",\"name\":\"Comment\",\"target\":[\"https:\/\/gabonnouvellevision.com\/gnv\/2025\/02\/27\/politique-presidentielle-a-venir-les-jeunes-acteurs-politiques-du-gabon-se-donnent-de-la-voix\/#respond\"]}]},{\"@type\":\"WebPage\",\"@id\":\"https:\/\/gabonnouvellevision.com\/gnv\/2025\/02\/27\/politique-presidentielle-a-venir-les-jeunes-acteurs-politiques-du-gabon-se-donnent-de-la-voix\/\",\"url\":\"https:\/\/gabonnouvellevision.com\/gnv\/2025\/02\/27\/politique-presidentielle-a-venir-les-jeunes-acteurs-politiques-du-gabon-se-donnent-de-la-voix\/\",\"name\":\"Politique\/Pr\u00e9sidentielle \u00e0 venir\u00a0: Les Jeunes acteurs politiques du Gabon se donnent de la voix - Gabon Nouvelle Vision\",\"isPartOf\":{\"@id\":\"https:\/\/gabonnouvellevision.com\/gnv\/#website\"},\"primaryImageOfPage\":{\"@id\":\"https:\/\/gabonnouvellevision.com\/gnv\/2025\/02\/27\/politique-presidentielle-a-venir-les-jeunes-acteurs-politiques-du-gabon-se-donnent-de-la-voix\/#primaryimage\"},\"image\":{\"@id\":\"https:\/\/gabonnouvellevision.com\/gnv\/2025\/02\/27\/politique-presidentielle-a-venir-les-jeunes-acteurs-politiques-du-gabon-se-donnent-de-la-voix\/#primaryimage\"},\"thumbnailUrl\":\"https:\/\/gabonnouvellevision.com\/gnv\/wp-content\/uploads\/2025\/02\/WhatsApp-Image-2025-02-28-a-11.21.10_969b827f.jpg\",\"datePublished\":\"2025-02-27T19:31:03+00:00\",\"dateModified\":\"2025-02-28T10:34:16+00:00\",\"breadcrumb\":{\"@id\":\"https:\/\/gabonnouvellevision.com\/gnv\/2025\/02\/27\/politique-presidentielle-a-venir-les-jeunes-acteurs-politiques-du-gabon-se-donnent-de-la-voix\/#breadcrumb\"},\"inLanguage\":\"fr-FR\",\"potentialAction\":[{\"@type\":\"ReadAction\",\"target\":[\"https:\/\/gabonnouvellevision.com\/gnv\/2025\/02\/27\/politique-presidentielle-a-venir-les-jeunes-acteurs-politiques-du-gabon-se-donnent-de-la-voix\/\"]}]},{\"@type\":\"ImageObject\",\"inLanguage\":\"fr-FR\",\"@id\":\"https:\/\/gabonnouvellevision.com\/gnv\/2025\/02\/27\/politique-presidentielle-a-venir-les-jeunes-acteurs-politiques-du-gabon-se-donnent-de-la-voix\/#primaryimage\",\"url\":\"https:\/\/gabonnouvellevision.com\/gnv\/wp-content\/uploads\/2025\/02\/WhatsApp-Image-2025-02-28-a-11.21.10_969b827f.jpg\",\"contentUrl\":\"https:\/\/gabonnouvellevision.com\/gnv\/wp-content\/uploads\/2025\/02\/WhatsApp-Image-2025-02-28-a-11.21.10_969b827f.jpg\",\"width\":900,\"height\":1200},{\"@type\":\"BreadcrumbList\",\"@id\":\"https:\/\/gabonnouvellevision.com\/gnv\/2025\/02\/27\/politique-presidentielle-a-venir-les-jeunes-acteurs-politiques-du-gabon-se-donnent-de-la-voix\/#breadcrumb\",\"itemListElement\":[{\"@type\":\"ListItem\",\"position\":1,\"name\":\"Accueil\",\"item\":\"https:\/\/gabonnouvellevision.com\/gnv\/\"},{\"@type\":\"ListItem\",\"position\":2,\"name\":\"Politique\/Pr\u00e9sidentielle \u00e0 venir\u00a0: Les Jeunes acteurs politiques du Gabon se donnent de la voix\"}]},{\"@type\":\"WebSite\",\"@id\":\"https:\/\/gabonnouvellevision.com\/gnv\/#website\",\"url\":\"https:\/\/gabonnouvellevision.com\/gnv\/\",\"name\":\"Gabon Nouvelle Vision\",\"description\":\"\",\"publisher\":{\"@id\":\"https:\/\/gabonnouvellevision.com\/gnv\/#organization\"},\"potentialAction\":[{\"@type\":\"SearchAction\",\"target\":{\"@type\":\"EntryPoint\",\"urlTemplate\":\"https:\/\/gabonnouvellevision.com\/gnv\/?s={search_term_string}\"},\"query-input\":{\"@type\":\"PropertyValueSpecification\",\"valueRequired\":true,\"valueName\":\"search_term_string\"}}],\"inLanguage\":\"fr-FR\"},{\"@type\":\"Organization\",\"@id\":\"https:\/\/gabonnouvellevision.com\/gnv\/#organization\",\"name\":\"Gabon Nouvelle Vision\",\"url\":\"https:\/\/gabonnouvellevision.com\/gnv\/\",\"logo\":{\"@type\":\"ImageObject\",\"inLanguage\":\"fr-FR\",\"@id\":\"https:\/\/gabonnouvellevision.com\/gnv\/#\/schema\/logo\/image\/\",\"url\":\"https:\/\/gabonnouvellevision.com\/gnv\/wp-content\/uploads\/2025\/01\/logo-text_Plan-de-travail-1.png\",\"contentUrl\":\"https:\/\/gabonnouvellevision.com\/gnv\/wp-content\/uploads\/2025\/01\/logo-text_Plan-de-travail-1.png\",\"width\":7169,\"height\":2390,\"caption\":\"Gabon Nouvelle Vision\"},\"image\":{\"@id\":\"https:\/\/gabonnouvellevision.com\/gnv\/#\/schema\/logo\/image\/\"},\"sameAs\":[\"https:\/\/www.facebook.com\/GNVofficiel\"]},{\"@type\":\"Person\",\"@id\":\"https:\/\/gabonnouvellevision.com\/gnv\/#\/schema\/person\/747bfb82bd833fb5a5a49e7c5031633d\",\"name\":\"Junior MBOULET\",\"image\":{\"@type\":\"ImageObject\",\"inLanguage\":\"fr-FR\",\"@id\":\"https:\/\/gabonnouvellevision.com\/gnv\/#\/schema\/person\/image\/\",\"url\":\"https:\/\/secure.gravatar.com\/avatar\/b541278a71f2f5c40b38fff4c93c15b82cf168df8b47ea9d9e97c9c9c716c6f0?s=96&d=mm&r=g\",\"contentUrl\":\"https:\/\/secure.gravatar.com\/avatar\/b541278a71f2f5c40b38fff4c93c15b82cf168df8b47ea9d9e97c9c9c716c6f0?s=96&d=mm&r=g\",\"caption\":\"Junior MBOULET\"},\"url\":\"https:\/\/gabonnouvellevision.com\/gnv\/author\/junior\/\"}]}<\/script>\n<!-- \/ Yoast SEO plugin. -->","yoast_head_json":{"title":"Politique\/Pr\u00e9sidentielle \u00e0 venir\u00a0: Les Jeunes acteurs politiques du Gabon se donnent de la voix - Gabon Nouvelle Vision","robots":{"index":"index","follow":"follow","max-snippet":"max-snippet:-1","max-image-preview":"max-image-preview:large","max-video-preview":"max-video-preview:-1"},"canonical":"https:\/\/gabonnouvellevision.com\/gnv\/2025\/02\/27\/politique-presidentielle-a-venir-les-jeunes-acteurs-politiques-du-gabon-se-donnent-de-la-voix\/","og_locale":"fr_FR","og_type":"article","og_title":"Politique\/Pr\u00e9sidentielle \u00e0 venir\u00a0: Les Jeunes acteurs politiques du Gabon se donnent de la voix - Gabon Nouvelle Vision","og_description":"Le Pr\u00e9sident de l&rsquo;Union des Jeunes Acteurs Politiques du Gabon, Didier Oyono Regroup\u00e9s au sein de l\u2019Union des Jeunes Acteurs Politiques du Gabon avec \u00e0 leur t\u00eate Didier Oyono, les Jeunes Acteurs Politiques du Gabon se sont retrouv\u00e9s, le 26 f\u00e9vrier 2025 \u00e0 la cit\u00e9 &nbsp;CI dans le 1er arrondissement de Libreville pour s\u2019entretenir avec [&hellip;]","og_url":"https:\/\/gabonnouvellevision.com\/gnv\/2025\/02\/27\/politique-presidentielle-a-venir-les-jeunes-acteurs-politiques-du-gabon-se-donnent-de-la-voix\/","og_site_name":"Gabon Nouvelle Vision","article_publisher":"https:\/\/www.facebook.com\/GNVofficiel","article_published_time":"2025-02-27T19:31:03+00:00","article_modified_time":"2025-02-28T10:34:16+00:00","og_image":[{"width":900,"height":1200,"url":"https:\/\/gabonnouvellevision.com\/gnv\/wp-content\/uploads\/2025\/02\/WhatsApp-Image-2025-02-28-a-11.21.10_969b827f.jpg","type":"image\/jpeg"}],"author":"Junior MBOULET","twitter_card":"summary_large_image","twitter_misc":{"\u00c9crit par":"Junior MBOULET","Dur\u00e9e de lecture estim\u00e9e":"4 minutes"},"schema":{"@context":"https:\/\/schema.org","@graph":[{"@type":"Article","@id":"https:\/\/gabonnouvellevision.com\/gnv\/2025\/02\/27\/politique-presidentielle-a-venir-les-jeunes-acteurs-politiques-du-gabon-se-donnent-de-la-voix\/#article","isPartOf":{"@id":"https:\/\/gabonnouvellevision.com\/gnv\/2025\/02\/27\/politique-presidentielle-a-venir-les-jeunes-acteurs-politiques-du-gabon-se-donnent-de-la-voix\/"},"author":{"name":"Junior MBOULET","@id":"https:\/\/gabonnouvellevision.com\/gnv\/#\/schema\/person\/747bfb82bd833fb5a5a49e7c5031633d"},"headline":"Politique\/Pr\u00e9sidentielle \u00e0 venir\u00a0: Les Jeunes acteurs politiques du Gabon se donnent de la voix","datePublished":"2025-02-27T19:31:03+00:00","dateModified":"2025-02-28T10:34:16+00:00","mainEntityOfPage":{"@id":"https:\/\/gabonnouvellevision.com\/gnv\/2025\/02\/27\/politique-presidentielle-a-venir-les-jeunes-acteurs-politiques-du-gabon-se-donnent-de-la-voix\/"},"wordCount":822,"commentCount":0,"publisher":{"@id":"https:\/\/gabonnouvellevision.com\/gnv\/#organization"},"image":{"@id":"https:\/\/gabonnouvellevision.com\/gnv\/2025\/02\/27\/politique-presidentielle-a-venir-les-jeunes-acteurs-politiques-du-gabon-se-donnent-de-la-voix\/#primaryimage"},"thumbnailUrl":"https:\/\/gabonnouvellevision.com\/gnv\/wp-content\/uploads\/2025\/02\/WhatsApp-Image-2025-02-28-a-11.21.10_969b827f.jpg","inLanguage":"fr-FR","potentialAction":[{"@type":"CommentAction","name":"Comment","target":["https:\/\/gabonnouvellevision.com\/gnv\/2025\/02\/27\/politique-presidentielle-a-venir-les-jeunes-acteurs-politiques-du-gabon-se-donnent-de-la-voix\/#respond"]}]},{"@type":"WebPage","@id":"https:\/\/gabonnouvellevision.com\/gnv\/2025\/02\/27\/politique-presidentielle-a-venir-les-jeunes-acteurs-politiques-du-gabon-se-donnent-de-la-voix\/","url":"https:\/\/gabonnouvellevision.com\/gnv\/2025\/02\/27\/politique-presidentielle-a-venir-les-jeunes-acteurs-politiques-du-gabon-se-donnent-de-la-voix\/","name":"Politique\/Pr\u00e9sidentielle \u00e0 venir\u00a0: Les Jeunes acteurs politiques du Gabon se donnent de la voix - Gabon Nouvelle Vision","isPartOf":{"@id":"https:\/\/gabonnouvellevision.com\/gnv\/#website"},"primaryImageOfPage":{"@id":"https:\/\/gabonnouvellevision.com\/gnv\/2025\/02\/27\/politique-presidentielle-a-venir-les-jeunes-acteurs-politiques-du-gabon-se-donnent-de-la-voix\/#primaryimage"},"image":{"@id":"https:\/\/gabonnouvellevision.com\/gnv\/2025\/02\/27\/politique-presidentielle-a-venir-les-jeunes-acteurs-politiques-du-gabon-se-donnent-de-la-voix\/#primaryimage"},"thumbnailUrl":"https:\/\/gabonnouvellevision.com\/gnv\/wp-content\/uploads\/2025\/02\/WhatsApp-Image-2025-02-28-a-11.21.10_969b827f.jpg","datePublished":"2025-02-27T19:31:03+00:00","dateModified":"2025-02-28T10:34:16+00:00","breadcrumb":{"@id":"https:\/\/gabonnouvellevision.com\/gnv\/2025\/02\/27\/politique-presidentielle-a-venir-les-jeunes-acteurs-politiques-du-gabon-se-donnent-de-la-voix\/#breadcrumb"},"inLanguage":"fr-FR","potentialAction":[{"@type":"ReadAction","target":["https:\/\/gabonnouvellevision.com\/gnv\/2025\/02\/27\/politique-presidentielle-a-venir-les-jeunes-acteurs-politiques-du-gabon-se-donnent-de-la-voix\/"]}]},{"@type":"ImageObject","inLanguage":"fr-FR","@id":"https:\/\/gabonnouvellevision.com\/gnv\/2025\/02\/27\/politique-presidentielle-a-venir-les-jeunes-acteurs-politiques-du-gabon-se-donnent-de-la-voix\/#primaryimage","url":"https:\/\/gabonnouvellevision.com\/gnv\/wp-content\/uploads\/2025\/02\/WhatsApp-Image-2025-02-28-a-11.21.10_969b827f.jpg","contentUrl":"https:\/\/gabonnouvellevision.com\/gnv\/wp-content\/uploads\/2025\/02\/WhatsApp-Image-2025-02-28-a-11.21.10_969b827f.jpg","width":900,"height":1200},{"@type":"BreadcrumbList","@id":"https:\/\/gabonnouvellevision.com\/gnv\/2025\/02\/27\/politique-presidentielle-a-venir-les-jeunes-acteurs-politiques-du-gabon-se-donnent-de-la-voix\/#breadcrumb","itemListElement":[{"@type":"ListItem","position":1,"name":"Accueil","item":"https:\/\/gabonnouvellevision.com\/gnv\/"},{"@type":"ListItem","position":2,"name":"Politique\/Pr\u00e9sidentielle \u00e0 venir\u00a0: Les Jeunes acteurs politiques du Gabon se donnent de la voix"}]},{"@type":"WebSite","@id":"https:\/\/gabonnouvellevision.com\/gnv\/#website","url":"https:\/\/gabonnouvellevision.com\/gnv\/","name":"Gabon Nouvelle Vision","description":"","publisher":{"@id":"https:\/\/gabonnouvellevision.com\/gnv\/#organization"},"potentialAction":[{"@type":"SearchAction","target":{"@type":"EntryPoint","urlTemplate":"https:\/\/gabonnouvellevision.com\/gnv\/?s={search_term_string}"},"query-input":{"@type":"PropertyValueSpecification","valueRequired":true,"valueName":"search_term_string"}}],"inLanguage":"fr-FR"},{"@type":"Organization","@id":"https:\/\/gabonnouvellevision.com\/gnv\/#organization","name":"Gabon Nouvelle Vision","url":"https:\/\/gabonnouvellevision.com\/gnv\/","logo":{"@type":"ImageObject","inLanguage":"fr-FR","@id":"https:\/\/gabonnouvellevision.com\/gnv\/#\/schema\/logo\/image\/","url":"https:\/\/gabonnouvellevision.com\/gnv\/wp-content\/uploads\/2025\/01\/logo-text_Plan-de-travail-1.png","contentUrl":"https:\/\/gabonnouvellevision.com\/gnv\/wp-content\/uploads\/2025\/01\/logo-text_Plan-de-travail-1.png","width":7169,"height":2390,"caption":"Gabon Nouvelle Vision"},"image":{"@id":"https:\/\/gabonnouvellevision.com\/gnv\/#\/schema\/logo\/image\/"},"sameAs":["https:\/\/www.facebook.com\/GNVofficiel"]},{"@type":"Person","@id":"https:\/\/gabonnouvellevision.com\/gnv\/#\/schema\/person\/747bfb82bd833fb5a5a49e7c5031633d","name":"Junior MBOULET","image":{"@type":"ImageObject","inLanguage":"fr-FR","@id":"https:\/\/gabonnouvellevision.com\/gnv\/#\/schema\/person\/image\/","url":"https:\/\/secure.gravatar.com\/avatar\/b541278a71f2f5c40b38fff4c93c15b82cf168df8b47ea9d9e97c9c9c716c6f0?s=96&d=mm&r=g","contentUrl":"https:\/\/secure.gravatar.com\/avatar\/b541278a71f2f5c40b38fff4c93c15b82cf168df8b47ea9d9e97c9c9c716c6f0?s=96&d=mm&r=g","caption":"Junior MBOULET"},"url":"https:\/\/gabonnouvellevision.com\/gnv\/author\/junior\/"}]}},"_links":{"self":[{"href":"https:\/\/gabonnouvellevision.com\/gnv\/wp-json\/wp\/v2\/posts\/23703","targetHints":{"allow":["GET"]}}],"collection":[{"href":"https:\/\/gabonnouvellevision.com\/gnv\/wp-json\/wp\/v2\/posts"}],"about":[{"href":"https:\/\/gabonnouvellevision.com\/gnv\/wp-json\/wp\/v2\/types\/post"}],"author":[{"embeddable":true,"href":"https:\/\/gabonnouvellevision.com\/gnv\/wp-json\/wp\/v2\/users\/5"}],"replies":[{"embeddable":true,"href":"https:\/\/gabonnouvellevision.com\/gnv\/wp-json\/wp\/v2\/comments?post=23703"}],"version-history":[{"count":2,"href":"https:\/\/gabonnouvellevision.com\/gnv\/wp-json\/wp\/v2\/posts\/23703\/revisions"}],"predecessor-version":[{"id":23711,"href":"https:\/\/gabonnouvellevision.com\/gnv\/wp-json\/wp\/v2\/posts\/23703\/revisions\/23711"}],"wp:featuredmedia":[{"embeddable":true,"href":"https:\/\/gabonnouvellevision.com\/gnv\/wp-json\/wp\/v2\/media\/23709"}],"wp:attachment":[{"href":"https:\/\/gabonnouvellevision.com\/gnv\/wp-json\/wp\/v2\/media?parent=23703"}],"wp:term":[{"taxonomy":"category","embeddable":true,"href":"https:\/\/gabonnouvellevision.com\/gnv\/wp-json\/wp\/v2\/categories?post=23703"},{"taxonomy":"post_tag","embeddable":true,"href":"https:\/\/gabonnouvellevision.com\/gnv\/wp-json\/wp\/v2\/tags?post=23703"}],"curies":[{"name":"wp","href":"https:\/\/api.w.org\/{rel}","templated":true}]}}