{"id":23699,"date":"2025-02-27T16:30:49","date_gmt":"2025-02-27T15:30:49","guid":{"rendered":"https:\/\/gabonnouvellevision.com\/gnv\/?p=23699"},"modified":"2025-02-27T16:30:51","modified_gmt":"2025-02-27T15:30:51","slug":"renforcement-des-capacites-des-journalistes-a-libreville","status":"publish","type":"post","link":"https:\/\/gabonnouvellevision.com\/gnv\/2025\/02\/27\/renforcement-des-capacites-des-journalistes-a-libreville\/","title":{"rendered":"Renforcement des capacit\u00e9s des journalistes \u00e0 Libreville"},"content":{"rendered":"\n<p><strong><em>Dans la perspective de la pr\u00e9sidentielle du 12 avril prochain au Gabon, les journalistes Gabonais renforcent leurs capacit\u00e9s sur la gestion de l\u2019information en p\u00e9riode \u00e9lectorale depuis ce matin dans un h\u00f4tel de la place. Une initiative du Programme des Nations Unies pour le D\u00e9veloppement en collaboration avec la Haute Autorit\u00e9 de la Communication<\/em><\/strong>.<\/p>\n\n\n\n<p>Cette formation initi\u00e9e par le PNUD, d\u00e9but\u00e9e ce matin \u00e0 8h30, et pour s\u2019achever \u00e0 17h30, porte sur la gestion de l\u2019information en p\u00e9riode \u00e9lectorale.<\/p>\n\n\n\n<p>L\u2019objectif vis\u00e9 au terme de cet atelier qui regroupe les professionnels de la presse publique et priv\u00e9e est de permettre \u00e0 ces hommes et femmes de m\u00e9dias, de couvrir cet \u00e9v\u00e8nement capital pour l\u2019avenir du pays, &nbsp;sans &nbsp;\u00e9motion et passion. Mais de le traiter de fa\u00e7on impartiale et responsable , sans porter atteinte \u00e0 la coh\u00e9sion sociale, au climat de paix, et de s\u00e9r\u00e9nit\u00e9 dans le pays.<\/p>\n\n\n\n<p>Apr\u00e8s le PNUD, c\u2019est l\u2019Organisation Patronale des M\u00e9dias ( OPAM) qui s\u2019active \u00e0 organiser \u00e0 son tour un s\u00e9minaire de formation similaire du 24 au 25 mars prochain \u00e0 Fougamou dans la province de la Ngouni\u00e9.<\/p>\n\n\n\n<p>Un d\u00e9fi majeur \u00e0 relever de l\u2019OPAM qui n\u00e9cessite des moyens financiers colossaux .<\/p>\n\n\n\n<p>Vivement que les \u00e2mes de bonnes volont\u00e9s viennent \u00e0 la rescousse \u00e0 temps et contretemps \u00e0 l\u2019Organisation Patronale dirig\u00e9e par Jean Yves Ntoutoume.<\/p>\n\n\n\n<p>Une organisation qui voudrait imprimer davantage son image de marque dans le processus de transition en cours.<\/p>\n\n\n\n<p>&nbsp; &nbsp;&nbsp;&nbsp;&nbsp;&nbsp;&nbsp;&nbsp;&nbsp;&nbsp;<strong>Rufin Martial Oke Nze<\/strong><\/p>\n","protected":false},"excerpt":{"rendered":"<p>Dans la perspective de la pr\u00e9sidentielle du 12 avril prochain au Gabon, les journalistes Gabonais renforcent leurs capacit\u00e9s sur la gestion de l\u2019information en p\u00e9riode \u00e9lectorale depuis ce matin dans un h\u00f4tel de la place. Une initiative du Programme des Nations Unies pour le D\u00e9veloppement en collaboration avec la Haute Autorit\u00e9 de la Communication. Cette [&hellip;]<\/p>\n","protected":false},"author":7,"featured_media":23700,"comment_status":"open","ping_status":"open","sticky":false,"template":"","format":"standard","meta":{"footnotes":""},"categories":[57,55,68],"tags":[],"class_list":["post-23699","post","type-post","status-publish","format-standard","has-post-thumbnail","hentry","category-a-la-une","category-actualites","category-culture"],"yoast_head":"<!-- This site is optimized with the Yoast SEO plugin v24.2 - https:\/\/yoast.com\/wordpress\/plugins\/seo\/ -->\n<title>Renforcement des capacit\u00e9s des journalistes \u00e0 Libreville - Gabon Nouvelle Vision<\/title>\n<meta name=\"robots\" content=\"index, follow, max-snippet:-1, max-image-preview:large, max-video-preview:-1\" \/>\n<link rel=\"canonical\" href=\"https:\/\/gabonnouvellevision.com\/gnv\/2025\/02\/27\/renforcement-des-capacites-des-journalistes-a-libreville\/\" \/>\n<meta property=\"og:locale\" content=\"fr_FR\" \/>\n<meta property=\"og:type\" content=\"article\" \/>\n<meta property=\"og:title\" content=\"Renforcement des capacit\u00e9s des journalistes \u00e0 Libreville - Gabon Nouvelle Vision\" \/>\n<meta property=\"og:description\" content=\"Dans la perspective de la pr\u00e9sidentielle du 12 avril prochain au Gabon, les journalistes Gabonais renforcent leurs capacit\u00e9s sur la gestion de l\u2019information en p\u00e9riode \u00e9lectorale depuis ce matin dans un h\u00f4tel de la place. Une initiative du Programme des Nations Unies pour le D\u00e9veloppement en collaboration avec la Haute Autorit\u00e9 de la Communication. Cette [&hellip;]\" \/>\n<meta property=\"og:url\" content=\"https:\/\/gabonnouvellevision.com\/gnv\/2025\/02\/27\/renforcement-des-capacites-des-journalistes-a-libreville\/\" \/>\n<meta property=\"og:site_name\" content=\"Gabon Nouvelle Vision\" \/>\n<meta property=\"article:publisher\" content=\"https:\/\/www.facebook.com\/GNVofficiel\" \/>\n<meta property=\"article:published_time\" content=\"2025-02-27T15:30:49+00:00\" \/>\n<meta property=\"article:modified_time\" content=\"2025-02-27T15:30:51+00:00\" \/>\n<meta property=\"og:image\" content=\"https:\/\/gabonnouvellevision.com\/gnv\/wp-content\/uploads\/2025\/02\/481074884_1298229091442494_2324142110808280103_n.jpg\" \/>\n\t<meta property=\"og:image:width\" content=\"526\" \/>\n\t<meta property=\"og:image:height\" content=\"701\" \/>\n\t<meta property=\"og:image:type\" content=\"image\/jpeg\" \/>\n<meta name=\"author\" content=\"Eyeng Obame\" \/>\n<meta name=\"twitter:card\" content=\"summary_large_image\" \/>\n<meta name=\"twitter:label1\" content=\"\u00c9crit par\" \/>\n\t<meta name=\"twitter:data1\" content=\"Eyeng Obame\" \/>\n\t<meta name=\"twitter:label2\" content=\"Dur\u00e9e de lecture estim\u00e9e\" \/>\n\t<meta name=\"twitter:data2\" content=\"2 minutes\" \/>\n<script type=\"application\/ld+json\" class=\"yoast-schema-graph\">{\"@context\":\"https:\/\/schema.org\",\"@graph\":[{\"@type\":\"Article\",\"@id\":\"https:\/\/gabonnouvellevision.com\/gnv\/2025\/02\/27\/renforcement-des-capacites-des-journalistes-a-libreville\/#article\",\"isPartOf\":{\"@id\":\"https:\/\/gabonnouvellevision.com\/gnv\/2025\/02\/27\/renforcement-des-capacites-des-journalistes-a-libreville\/\"},\"author\":{\"name\":\"Eyeng Obame\",\"@id\":\"https:\/\/gabonnouvellevision.com\/gnv\/#\/schema\/person\/4b48e07d222f83c0285affc3704bc899\"},\"headline\":\"Renforcement des capacit\u00e9s des journalistes \u00e0 Libreville\",\"datePublished\":\"2025-02-27T15:30:49+00:00\",\"dateModified\":\"2025-02-27T15:30:51+00:00\",\"mainEntityOfPage\":{\"@id\":\"https:\/\/gabonnouvellevision.com\/gnv\/2025\/02\/27\/renforcement-des-capacites-des-journalistes-a-libreville\/\"},\"wordCount\":275,\"commentCount\":0,\"publisher\":{\"@id\":\"https:\/\/gabonnouvellevision.com\/gnv\/#organization\"},\"image\":{\"@id\":\"https:\/\/gabonnouvellevision.com\/gnv\/2025\/02\/27\/renforcement-des-capacites-des-journalistes-a-libreville\/#primaryimage\"},\"thumbnailUrl\":\"https:\/\/gabonnouvellevision.com\/gnv\/wp-content\/uploads\/2025\/02\/481074884_1298229091442494_2324142110808280103_n.jpg\",\"articleSection\":[\"A la une\",\"Actualites\",\"Culture\"],\"inLanguage\":\"fr-FR\",\"potentialAction\":[{\"@type\":\"CommentAction\",\"name\":\"Comment\",\"target\":[\"https:\/\/gabonnouvellevision.com\/gnv\/2025\/02\/27\/renforcement-des-capacites-des-journalistes-a-libreville\/#respond\"]}]},{\"@type\":\"WebPage\",\"@id\":\"https:\/\/gabonnouvellevision.com\/gnv\/2025\/02\/27\/renforcement-des-capacites-des-journalistes-a-libreville\/\",\"url\":\"https:\/\/gabonnouvellevision.com\/gnv\/2025\/02\/27\/renforcement-des-capacites-des-journalistes-a-libreville\/\",\"name\":\"Renforcement des capacit\u00e9s des journalistes \u00e0 Libreville - Gabon Nouvelle Vision\",\"isPartOf\":{\"@id\":\"https:\/\/gabonnouvellevision.com\/gnv\/#website\"},\"primaryImageOfPage\":{\"@id\":\"https:\/\/gabonnouvellevision.com\/gnv\/2025\/02\/27\/renforcement-des-capacites-des-journalistes-a-libreville\/#primaryimage\"},\"image\":{\"@id\":\"https:\/\/gabonnouvellevision.com\/gnv\/2025\/02\/27\/renforcement-des-capacites-des-journalistes-a-libreville\/#primaryimage\"},\"thumbnailUrl\":\"https:\/\/gabonnouvellevision.com\/gnv\/wp-content\/uploads\/2025\/02\/481074884_1298229091442494_2324142110808280103_n.jpg\",\"datePublished\":\"2025-02-27T15:30:49+00:00\",\"dateModified\":\"2025-02-27T15:30:51+00:00\",\"breadcrumb\":{\"@id\":\"https:\/\/gabonnouvellevision.com\/gnv\/2025\/02\/27\/renforcement-des-capacites-des-journalistes-a-libreville\/#breadcrumb\"},\"inLanguage\":\"fr-FR\",\"potentialAction\":[{\"@type\":\"ReadAction\",\"target\":[\"https:\/\/gabonnouvellevision.com\/gnv\/2025\/02\/27\/renforcement-des-capacites-des-journalistes-a-libreville\/\"]}]},{\"@type\":\"ImageObject\",\"inLanguage\":\"fr-FR\",\"@id\":\"https:\/\/gabonnouvellevision.com\/gnv\/2025\/02\/27\/renforcement-des-capacites-des-journalistes-a-libreville\/#primaryimage\",\"url\":\"https:\/\/gabonnouvellevision.com\/gnv\/wp-content\/uploads\/2025\/02\/481074884_1298229091442494_2324142110808280103_n.jpg\",\"contentUrl\":\"https:\/\/gabonnouvellevision.com\/gnv\/wp-content\/uploads\/2025\/02\/481074884_1298229091442494_2324142110808280103_n.jpg\",\"width\":526,\"height\":701},{\"@type\":\"BreadcrumbList\",\"@id\":\"https:\/\/gabonnouvellevision.com\/gnv\/2025\/02\/27\/renforcement-des-capacites-des-journalistes-a-libreville\/#breadcrumb\",\"itemListElement\":[{\"@type\":\"ListItem\",\"position\":1,\"name\":\"Accueil\",\"item\":\"https:\/\/gabonnouvellevision.com\/gnv\/\"},{\"@type\":\"ListItem\",\"position\":2,\"name\":\"Renforcement des capacit\u00e9s des journalistes \u00e0 Libreville\"}]},{\"@type\":\"WebSite\",\"@id\":\"https:\/\/gabonnouvellevision.com\/gnv\/#website\",\"url\":\"https:\/\/gabonnouvellevision.com\/gnv\/\",\"name\":\"Gabon Nouvelle Vision\",\"description\":\"\",\"publisher\":{\"@id\":\"https:\/\/gabonnouvellevision.com\/gnv\/#organization\"},\"potentialAction\":[{\"@type\":\"SearchAction\",\"target\":{\"@type\":\"EntryPoint\",\"urlTemplate\":\"https:\/\/gabonnouvellevision.com\/gnv\/?s={search_term_string}\"},\"query-input\":{\"@type\":\"PropertyValueSpecification\",\"valueRequired\":true,\"valueName\":\"search_term_string\"}}],\"inLanguage\":\"fr-FR\"},{\"@type\":\"Organization\",\"@id\":\"https:\/\/gabonnouvellevision.com\/gnv\/#organization\",\"name\":\"Gabon Nouvelle Vision\",\"url\":\"https:\/\/gabonnouvellevision.com\/gnv\/\",\"logo\":{\"@type\":\"ImageObject\",\"inLanguage\":\"fr-FR\",\"@id\":\"https:\/\/gabonnouvellevision.com\/gnv\/#\/schema\/logo\/image\/\",\"url\":\"https:\/\/gabonnouvellevision.com\/gnv\/wp-content\/uploads\/2025\/01\/logo-text_Plan-de-travail-1.png\",\"contentUrl\":\"https:\/\/gabonnouvellevision.com\/gnv\/wp-content\/uploads\/2025\/01\/logo-text_Plan-de-travail-1.png\",\"width\":7169,\"height\":2390,\"caption\":\"Gabon Nouvelle Vision\"},\"image\":{\"@id\":\"https:\/\/gabonnouvellevision.com\/gnv\/#\/schema\/logo\/image\/\"},\"sameAs\":[\"https:\/\/www.facebook.com\/GNVofficiel\"]},{\"@type\":\"Person\",\"@id\":\"https:\/\/gabonnouvellevision.com\/gnv\/#\/schema\/person\/4b48e07d222f83c0285affc3704bc899\",\"name\":\"Eyeng Obame\",\"image\":{\"@type\":\"ImageObject\",\"inLanguage\":\"fr-FR\",\"@id\":\"https:\/\/gabonnouvellevision.com\/gnv\/#\/schema\/person\/image\/\",\"url\":\"https:\/\/secure.gravatar.com\/avatar\/167bc03b8baf3c77318a47159f80871de6f5a6cbf4bc8b6af750fbc1a369d7bf?s=96&d=mm&r=g\",\"contentUrl\":\"https:\/\/secure.gravatar.com\/avatar\/167bc03b8baf3c77318a47159f80871de6f5a6cbf4bc8b6af750fbc1a369d7bf?s=96&d=mm&r=g\",\"caption\":\"Eyeng Obame\"},\"url\":\"https:\/\/gabonnouvellevision.com\/gnv\/author\/rufin\/\"}]}<\/script>\n<!-- \/ Yoast SEO plugin. -->","yoast_head_json":{"title":"Renforcement des capacit\u00e9s des journalistes \u00e0 Libreville - Gabon Nouvelle Vision","robots":{"index":"index","follow":"follow","max-snippet":"max-snippet:-1","max-image-preview":"max-image-preview:large","max-video-preview":"max-video-preview:-1"},"canonical":"https:\/\/gabonnouvellevision.com\/gnv\/2025\/02\/27\/renforcement-des-capacites-des-journalistes-a-libreville\/","og_locale":"fr_FR","og_type":"article","og_title":"Renforcement des capacit\u00e9s des journalistes \u00e0 Libreville - Gabon Nouvelle Vision","og_description":"Dans la perspective de la pr\u00e9sidentielle du 12 avril prochain au Gabon, les journalistes Gabonais renforcent leurs capacit\u00e9s sur la gestion de l\u2019information en p\u00e9riode \u00e9lectorale depuis ce matin dans un h\u00f4tel de la place. Une initiative du Programme des Nations Unies pour le D\u00e9veloppement en collaboration avec la Haute Autorit\u00e9 de la Communication. Cette [&hellip;]","og_url":"https:\/\/gabonnouvellevision.com\/gnv\/2025\/02\/27\/renforcement-des-capacites-des-journalistes-a-libreville\/","og_site_name":"Gabon Nouvelle Vision","article_publisher":"https:\/\/www.facebook.com\/GNVofficiel","article_published_time":"2025-02-27T15:30:49+00:00","article_modified_time":"2025-02-27T15:30:51+00:00","og_image":[{"width":526,"height":701,"url":"https:\/\/gabonnouvellevision.com\/gnv\/wp-content\/uploads\/2025\/02\/481074884_1298229091442494_2324142110808280103_n.jpg","type":"image\/jpeg"}],"author":"Eyeng Obame","twitter_card":"summary_large_image","twitter_misc":{"\u00c9crit par":"Eyeng Obame","Dur\u00e9e de lecture estim\u00e9e":"2 minutes"},"schema":{"@context":"https:\/\/schema.org","@graph":[{"@type":"Article","@id":"https:\/\/gabonnouvellevision.com\/gnv\/2025\/02\/27\/renforcement-des-capacites-des-journalistes-a-libreville\/#article","isPartOf":{"@id":"https:\/\/gabonnouvellevision.com\/gnv\/2025\/02\/27\/renforcement-des-capacites-des-journalistes-a-libreville\/"},"author":{"name":"Eyeng Obame","@id":"https:\/\/gabonnouvellevision.com\/gnv\/#\/schema\/person\/4b48e07d222f83c0285affc3704bc899"},"headline":"Renforcement des capacit\u00e9s des journalistes \u00e0 Libreville","datePublished":"2025-02-27T15:30:49+00:00","dateModified":"2025-02-27T15:30:51+00:00","mainEntityOfPage":{"@id":"https:\/\/gabonnouvellevision.com\/gnv\/2025\/02\/27\/renforcement-des-capacites-des-journalistes-a-libreville\/"},"wordCount":275,"commentCount":0,"publisher":{"@id":"https:\/\/gabonnouvellevision.com\/gnv\/#organization"},"image":{"@id":"https:\/\/gabonnouvellevision.com\/gnv\/2025\/02\/27\/renforcement-des-capacites-des-journalistes-a-libreville\/#primaryimage"},"thumbnailUrl":"https:\/\/gabonnouvellevision.com\/gnv\/wp-content\/uploads\/2025\/02\/481074884_1298229091442494_2324142110808280103_n.jpg","articleSection":["A la une","Actualites","Culture"],"inLanguage":"fr-FR","potentialAction":[{"@type":"CommentAction","name":"Comment","target":["https:\/\/gabonnouvellevision.com\/gnv\/2025\/02\/27\/renforcement-des-capacites-des-journalistes-a-libreville\/#respond"]}]},{"@type":"WebPage","@id":"https:\/\/gabonnouvellevision.com\/gnv\/2025\/02\/27\/renforcement-des-capacites-des-journalistes-a-libreville\/","url":"https:\/\/gabonnouvellevision.com\/gnv\/2025\/02\/27\/renforcement-des-capacites-des-journalistes-a-libreville\/","name":"Renforcement des capacit\u00e9s des journalistes \u00e0 Libreville - Gabon Nouvelle Vision","isPartOf":{"@id":"https:\/\/gabonnouvellevision.com\/gnv\/#website"},"primaryImageOfPage":{"@id":"https:\/\/gabonnouvellevision.com\/gnv\/2025\/02\/27\/renforcement-des-capacites-des-journalistes-a-libreville\/#primaryimage"},"image":{"@id":"https:\/\/gabonnouvellevision.com\/gnv\/2025\/02\/27\/renforcement-des-capacites-des-journalistes-a-libreville\/#primaryimage"},"thumbnailUrl":"https:\/\/gabonnouvellevision.com\/gnv\/wp-content\/uploads\/2025\/02\/481074884_1298229091442494_2324142110808280103_n.jpg","datePublished":"2025-02-27T15:30:49+00:00","dateModified":"2025-02-27T15:30:51+00:00","breadcrumb":{"@id":"https:\/\/gabonnouvellevision.com\/gnv\/2025\/02\/27\/renforcement-des-capacites-des-journalistes-a-libreville\/#breadcrumb"},"inLanguage":"fr-FR","potentialAction":[{"@type":"ReadAction","target":["https:\/\/gabonnouvellevision.com\/gnv\/2025\/02\/27\/renforcement-des-capacites-des-journalistes-a-libreville\/"]}]},{"@type":"ImageObject","inLanguage":"fr-FR","@id":"https:\/\/gabonnouvellevision.com\/gnv\/2025\/02\/27\/renforcement-des-capacites-des-journalistes-a-libreville\/#primaryimage","url":"https:\/\/gabonnouvellevision.com\/gnv\/wp-content\/uploads\/2025\/02\/481074884_1298229091442494_2324142110808280103_n.jpg","contentUrl":"https:\/\/gabonnouvellevision.com\/gnv\/wp-content\/uploads\/2025\/02\/481074884_1298229091442494_2324142110808280103_n.jpg","width":526,"height":701},{"@type":"BreadcrumbList","@id":"https:\/\/gabonnouvellevision.com\/gnv\/2025\/02\/27\/renforcement-des-capacites-des-journalistes-a-libreville\/#breadcrumb","itemListElement":[{"@type":"ListItem","position":1,"name":"Accueil","item":"https:\/\/gabonnouvellevision.com\/gnv\/"},{"@type":"ListItem","position":2,"name":"Renforcement des capacit\u00e9s des journalistes \u00e0 Libreville"}]},{"@type":"WebSite","@id":"https:\/\/gabonnouvellevision.com\/gnv\/#website","url":"https:\/\/gabonnouvellevision.com\/gnv\/","name":"Gabon Nouvelle Vision","description":"","publisher":{"@id":"https:\/\/gabonnouvellevision.com\/gnv\/#organization"},"potentialAction":[{"@type":"SearchAction","target":{"@type":"EntryPoint","urlTemplate":"https:\/\/gabonnouvellevision.com\/gnv\/?s={search_term_string}"},"query-input":{"@type":"PropertyValueSpecification","valueRequired":true,"valueName":"search_term_string"}}],"inLanguage":"fr-FR"},{"@type":"Organization","@id":"https:\/\/gabonnouvellevision.com\/gnv\/#organization","name":"Gabon Nouvelle Vision","url":"https:\/\/gabonnouvellevision.com\/gnv\/","logo":{"@type":"ImageObject","inLanguage":"fr-FR","@id":"https:\/\/gabonnouvellevision.com\/gnv\/#\/schema\/logo\/image\/","url":"https:\/\/gabonnouvellevision.com\/gnv\/wp-content\/uploads\/2025\/01\/logo-text_Plan-de-travail-1.png","contentUrl":"https:\/\/gabonnouvellevision.com\/gnv\/wp-content\/uploads\/2025\/01\/logo-text_Plan-de-travail-1.png","width":7169,"height":2390,"caption":"Gabon Nouvelle Vision"},"image":{"@id":"https:\/\/gabonnouvellevision.com\/gnv\/#\/schema\/logo\/image\/"},"sameAs":["https:\/\/www.facebook.com\/GNVofficiel"]},{"@type":"Person","@id":"https:\/\/gabonnouvellevision.com\/gnv\/#\/schema\/person\/4b48e07d222f83c0285affc3704bc899","name":"Eyeng Obame","image":{"@type":"ImageObject","inLanguage":"fr-FR","@id":"https:\/\/gabonnouvellevision.com\/gnv\/#\/schema\/person\/image\/","url":"https:\/\/secure.gravatar.com\/avatar\/167bc03b8baf3c77318a47159f80871de6f5a6cbf4bc8b6af750fbc1a369d7bf?s=96&d=mm&r=g","contentUrl":"https:\/\/secure.gravatar.com\/avatar\/167bc03b8baf3c77318a47159f80871de6f5a6cbf4bc8b6af750fbc1a369d7bf?s=96&d=mm&r=g","caption":"Eyeng Obame"},"url":"https:\/\/gabonnouvellevision.com\/gnv\/author\/rufin\/"}]}},"_links":{"self":[{"href":"https:\/\/gabonnouvellevision.com\/gnv\/wp-json\/wp\/v2\/posts\/23699","targetHints":{"allow":["GET"]}}],"collection":[{"href":"https:\/\/gabonnouvellevision.com\/gnv\/wp-json\/wp\/v2\/posts"}],"about":[{"href":"https:\/\/gabonnouvellevision.com\/gnv\/wp-json\/wp\/v2\/types\/post"}],"author":[{"embeddable":true,"href":"https:\/\/gabonnouvellevision.com\/gnv\/wp-json\/wp\/v2\/users\/7"}],"replies":[{"embeddable":true,"href":"https:\/\/gabonnouvellevision.com\/gnv\/wp-json\/wp\/v2\/comments?post=23699"}],"version-history":[{"count":1,"href":"https:\/\/gabonnouvellevision.com\/gnv\/wp-json\/wp\/v2\/posts\/23699\/revisions"}],"predecessor-version":[{"id":23701,"href":"https:\/\/gabonnouvellevision.com\/gnv\/wp-json\/wp\/v2\/posts\/23699\/revisions\/23701"}],"wp:featuredmedia":[{"embeddable":true,"href":"https:\/\/gabonnouvellevision.com\/gnv\/wp-json\/wp\/v2\/media\/23700"}],"wp:attachment":[{"href":"https:\/\/gabonnouvellevision.com\/gnv\/wp-json\/wp\/v2\/media?parent=23699"}],"wp:term":[{"taxonomy":"category","embeddable":true,"href":"https:\/\/gabonnouvellevision.com\/gnv\/wp-json\/wp\/v2\/categories?post=23699"},{"taxonomy":"post_tag","embeddable":true,"href":"https:\/\/gabonnouvellevision.com\/gnv\/wp-json\/wp\/v2\/tags?post=23699"}],"curies":[{"name":"wp","href":"https:\/\/api.w.org\/{rel}","templated":true}]}}