{"id":23694,"date":"2025-02-25T15:29:31","date_gmt":"2025-02-25T14:29:31","guid":{"rendered":"https:\/\/gabonnouvellevision.com\/gnv\/?p=23694"},"modified":"2025-02-25T15:33:10","modified_gmt":"2025-02-25T14:33:10","slug":"cooperation-5-nouveaux-diplomates-accredites-au-gabon","status":"publish","type":"post","link":"https:\/\/gabonnouvellevision.com\/gnv\/2025\/02\/25\/cooperation-5-nouveaux-diplomates-accredites-au-gabon\/","title":{"rendered":"Coop\u00e9ration: 5 nouveaux diplomates accr\u00e9dit\u00e9s au Gabon"},"content":{"rendered":"\n<p><strong><em>Cinq nouveaux Ambassadeurs accr\u00e9dit\u00e9s au Gabon ont pr\u00e9sent\u00e9 leurs lettres de cr\u00e9ances\u00a0 au Pr\u00e9sident de la Transition, Brice Clotaire Oligui Nguema, Hier \u00e0 Libreville. Une c\u00e9r\u00e9monie solennelle\u00a0qui confirme la vitalit\u00e9 de la diplomatie Gabonaise sous l\u2019\u00e8re de la Transition<\/em><\/strong>.<\/p>\n\n\n\n<p>Il s\u2019agit de Migueil Griesbach De Pereira Franco dud Br\u00e9sil, Velagaleti Samuel David Surendra de l\u2019Inde, Paulu Kotisita de la Zambie, Alain le Roy de Belgique et Lorand Endreffy de la Hongrie.<\/p>\n\n\n\n<p>Cette accr\u00e9ditation de Cinq nouveaux Ambassadeurs vient \u00a0confirmer tout le bien que les uns et les autres pensent\u00a0de la diplomatie Gabonaise,  depuis le coup de lib\u00e9ration du 30 Ao\u00fbt 2023 au Gabon.<\/p>\n\n\n\n<p><strong>Rufin Martial Oke Nze<\/strong><\/p>\n","protected":false},"excerpt":{"rendered":"<p>Cinq nouveaux Ambassadeurs accr\u00e9dit\u00e9s au Gabon ont pr\u00e9sent\u00e9 leurs lettres de cr\u00e9ances\u00a0 au Pr\u00e9sident de la Transition, Brice Clotaire Oligui Nguema, Hier \u00e0 Libreville. Une c\u00e9r\u00e9monie solennelle\u00a0qui confirme la vitalit\u00e9 de la diplomatie Gabonaise sous l\u2019\u00e8re de la Transition. Il s\u2019agit de Migueil Griesbach De Pereira Franco dud Br\u00e9sil, Velagaleti Samuel David Surendra de l\u2019Inde, [&hellip;]<\/p>\n","protected":false},"author":7,"featured_media":23695,"comment_status":"open","ping_status":"open","sticky":false,"template":"","format":"standard","meta":{"footnotes":""},"categories":[57,55,66],"tags":[],"class_list":["post-23694","post","type-post","status-publish","format-standard","has-post-thumbnail","hentry","category-a-la-une","category-actualites","category-diplomatie"],"yoast_head":"<!-- This site is optimized with the Yoast SEO plugin v24.2 - https:\/\/yoast.com\/wordpress\/plugins\/seo\/ -->\n<title>Coop\u00e9ration: 5 nouveaux diplomates accr\u00e9dit\u00e9s au Gabon - Gabon Nouvelle Vision<\/title>\n<meta name=\"robots\" content=\"index, follow, max-snippet:-1, max-image-preview:large, max-video-preview:-1\" \/>\n<link rel=\"canonical\" href=\"https:\/\/gabonnouvellevision.com\/gnv\/2025\/02\/25\/cooperation-5-nouveaux-diplomates-accredites-au-gabon\/\" \/>\n<meta property=\"og:locale\" content=\"fr_FR\" \/>\n<meta property=\"og:type\" content=\"article\" \/>\n<meta property=\"og:title\" content=\"Coop\u00e9ration: 5 nouveaux diplomates accr\u00e9dit\u00e9s au Gabon - Gabon Nouvelle Vision\" \/>\n<meta property=\"og:description\" content=\"Cinq nouveaux Ambassadeurs accr\u00e9dit\u00e9s au Gabon ont pr\u00e9sent\u00e9 leurs lettres de cr\u00e9ances\u00a0 au Pr\u00e9sident de la Transition, Brice Clotaire Oligui Nguema, Hier \u00e0 Libreville. Une c\u00e9r\u00e9monie solennelle\u00a0qui confirme la vitalit\u00e9 de la diplomatie Gabonaise sous l\u2019\u00e8re de la Transition. Il s\u2019agit de Migueil Griesbach De Pereira Franco dud Br\u00e9sil, Velagaleti Samuel David Surendra de l\u2019Inde, [&hellip;]\" \/>\n<meta property=\"og:url\" content=\"https:\/\/gabonnouvellevision.com\/gnv\/2025\/02\/25\/cooperation-5-nouveaux-diplomates-accredites-au-gabon\/\" \/>\n<meta property=\"og:site_name\" content=\"Gabon Nouvelle Vision\" \/>\n<meta property=\"article:publisher\" content=\"https:\/\/www.facebook.com\/GNVofficiel\" \/>\n<meta property=\"article:published_time\" content=\"2025-02-25T14:29:31+00:00\" \/>\n<meta property=\"article:modified_time\" content=\"2025-02-25T14:33:10+00:00\" \/>\n<meta property=\"og:image\" content=\"https:\/\/gabonnouvellevision.com\/gnv\/wp-content\/uploads\/2025\/02\/amb-2.jpg\" \/>\n\t<meta property=\"og:image:width\" content=\"1080\" \/>\n\t<meta property=\"og:image:height\" content=\"732\" \/>\n\t<meta property=\"og:image:type\" content=\"image\/jpeg\" \/>\n<meta name=\"author\" content=\"Eyeng Obame\" \/>\n<meta name=\"twitter:card\" content=\"summary_large_image\" \/>\n<meta name=\"twitter:label1\" content=\"\u00c9crit par\" \/>\n\t<meta name=\"twitter:data1\" content=\"Eyeng Obame\" \/>\n\t<meta name=\"twitter:label2\" content=\"Dur\u00e9e de lecture estim\u00e9e\" \/>\n\t<meta name=\"twitter:data2\" content=\"1 minute\" \/>\n<script type=\"application\/ld+json\" class=\"yoast-schema-graph\">{\"@context\":\"https:\/\/schema.org\",\"@graph\":[{\"@type\":\"Article\",\"@id\":\"https:\/\/gabonnouvellevision.com\/gnv\/2025\/02\/25\/cooperation-5-nouveaux-diplomates-accredites-au-gabon\/#article\",\"isPartOf\":{\"@id\":\"https:\/\/gabonnouvellevision.com\/gnv\/2025\/02\/25\/cooperation-5-nouveaux-diplomates-accredites-au-gabon\/\"},\"author\":{\"name\":\"Eyeng Obame\",\"@id\":\"https:\/\/gabonnouvellevision.com\/gnv\/#\/schema\/person\/4b48e07d222f83c0285affc3704bc899\"},\"headline\":\"Coop\u00e9ration: 5 nouveaux diplomates accr\u00e9dit\u00e9s au Gabon\",\"datePublished\":\"2025-02-25T14:29:31+00:00\",\"dateModified\":\"2025-02-25T14:33:10+00:00\",\"mainEntityOfPage\":{\"@id\":\"https:\/\/gabonnouvellevision.com\/gnv\/2025\/02\/25\/cooperation-5-nouveaux-diplomates-accredites-au-gabon\/\"},\"wordCount\":129,\"commentCount\":0,\"publisher\":{\"@id\":\"https:\/\/gabonnouvellevision.com\/gnv\/#organization\"},\"image\":{\"@id\":\"https:\/\/gabonnouvellevision.com\/gnv\/2025\/02\/25\/cooperation-5-nouveaux-diplomates-accredites-au-gabon\/#primaryimage\"},\"thumbnailUrl\":\"https:\/\/gabonnouvellevision.com\/gnv\/wp-content\/uploads\/2025\/02\/amb-2.jpg\",\"articleSection\":[\"A la une\",\"Actualites\",\"Diplomatie\"],\"inLanguage\":\"fr-FR\",\"potentialAction\":[{\"@type\":\"CommentAction\",\"name\":\"Comment\",\"target\":[\"https:\/\/gabonnouvellevision.com\/gnv\/2025\/02\/25\/cooperation-5-nouveaux-diplomates-accredites-au-gabon\/#respond\"]}]},{\"@type\":\"WebPage\",\"@id\":\"https:\/\/gabonnouvellevision.com\/gnv\/2025\/02\/25\/cooperation-5-nouveaux-diplomates-accredites-au-gabon\/\",\"url\":\"https:\/\/gabonnouvellevision.com\/gnv\/2025\/02\/25\/cooperation-5-nouveaux-diplomates-accredites-au-gabon\/\",\"name\":\"Coop\u00e9ration: 5 nouveaux diplomates accr\u00e9dit\u00e9s au Gabon - Gabon Nouvelle Vision\",\"isPartOf\":{\"@id\":\"https:\/\/gabonnouvellevision.com\/gnv\/#website\"},\"primaryImageOfPage\":{\"@id\":\"https:\/\/gabonnouvellevision.com\/gnv\/2025\/02\/25\/cooperation-5-nouveaux-diplomates-accredites-au-gabon\/#primaryimage\"},\"image\":{\"@id\":\"https:\/\/gabonnouvellevision.com\/gnv\/2025\/02\/25\/cooperation-5-nouveaux-diplomates-accredites-au-gabon\/#primaryimage\"},\"thumbnailUrl\":\"https:\/\/gabonnouvellevision.com\/gnv\/wp-content\/uploads\/2025\/02\/amb-2.jpg\",\"datePublished\":\"2025-02-25T14:29:31+00:00\",\"dateModified\":\"2025-02-25T14:33:10+00:00\",\"breadcrumb\":{\"@id\":\"https:\/\/gabonnouvellevision.com\/gnv\/2025\/02\/25\/cooperation-5-nouveaux-diplomates-accredites-au-gabon\/#breadcrumb\"},\"inLanguage\":\"fr-FR\",\"potentialAction\":[{\"@type\":\"ReadAction\",\"target\":[\"https:\/\/gabonnouvellevision.com\/gnv\/2025\/02\/25\/cooperation-5-nouveaux-diplomates-accredites-au-gabon\/\"]}]},{\"@type\":\"ImageObject\",\"inLanguage\":\"fr-FR\",\"@id\":\"https:\/\/gabonnouvellevision.com\/gnv\/2025\/02\/25\/cooperation-5-nouveaux-diplomates-accredites-au-gabon\/#primaryimage\",\"url\":\"https:\/\/gabonnouvellevision.com\/gnv\/wp-content\/uploads\/2025\/02\/amb-2.jpg\",\"contentUrl\":\"https:\/\/gabonnouvellevision.com\/gnv\/wp-content\/uploads\/2025\/02\/amb-2.jpg\",\"width\":1080,\"height\":732},{\"@type\":\"BreadcrumbList\",\"@id\":\"https:\/\/gabonnouvellevision.com\/gnv\/2025\/02\/25\/cooperation-5-nouveaux-diplomates-accredites-au-gabon\/#breadcrumb\",\"itemListElement\":[{\"@type\":\"ListItem\",\"position\":1,\"name\":\"Accueil\",\"item\":\"https:\/\/gabonnouvellevision.com\/gnv\/\"},{\"@type\":\"ListItem\",\"position\":2,\"name\":\"Coop\u00e9ration: 5 nouveaux diplomates accr\u00e9dit\u00e9s au Gabon\"}]},{\"@type\":\"WebSite\",\"@id\":\"https:\/\/gabonnouvellevision.com\/gnv\/#website\",\"url\":\"https:\/\/gabonnouvellevision.com\/gnv\/\",\"name\":\"Gabon Nouvelle Vision\",\"description\":\"\",\"publisher\":{\"@id\":\"https:\/\/gabonnouvellevision.com\/gnv\/#organization\"},\"potentialAction\":[{\"@type\":\"SearchAction\",\"target\":{\"@type\":\"EntryPoint\",\"urlTemplate\":\"https:\/\/gabonnouvellevision.com\/gnv\/?s={search_term_string}\"},\"query-input\":{\"@type\":\"PropertyValueSpecification\",\"valueRequired\":true,\"valueName\":\"search_term_string\"}}],\"inLanguage\":\"fr-FR\"},{\"@type\":\"Organization\",\"@id\":\"https:\/\/gabonnouvellevision.com\/gnv\/#organization\",\"name\":\"Gabon Nouvelle Vision\",\"url\":\"https:\/\/gabonnouvellevision.com\/gnv\/\",\"logo\":{\"@type\":\"ImageObject\",\"inLanguage\":\"fr-FR\",\"@id\":\"https:\/\/gabonnouvellevision.com\/gnv\/#\/schema\/logo\/image\/\",\"url\":\"https:\/\/gabonnouvellevision.com\/gnv\/wp-content\/uploads\/2025\/01\/logo-text_Plan-de-travail-1.png\",\"contentUrl\":\"https:\/\/gabonnouvellevision.com\/gnv\/wp-content\/uploads\/2025\/01\/logo-text_Plan-de-travail-1.png\",\"width\":7169,\"height\":2390,\"caption\":\"Gabon Nouvelle Vision\"},\"image\":{\"@id\":\"https:\/\/gabonnouvellevision.com\/gnv\/#\/schema\/logo\/image\/\"},\"sameAs\":[\"https:\/\/www.facebook.com\/GNVofficiel\"]},{\"@type\":\"Person\",\"@id\":\"https:\/\/gabonnouvellevision.com\/gnv\/#\/schema\/person\/4b48e07d222f83c0285affc3704bc899\",\"name\":\"Eyeng Obame\",\"image\":{\"@type\":\"ImageObject\",\"inLanguage\":\"fr-FR\",\"@id\":\"https:\/\/gabonnouvellevision.com\/gnv\/#\/schema\/person\/image\/\",\"url\":\"https:\/\/secure.gravatar.com\/avatar\/167bc03b8baf3c77318a47159f80871de6f5a6cbf4bc8b6af750fbc1a369d7bf?s=96&d=mm&r=g\",\"contentUrl\":\"https:\/\/secure.gravatar.com\/avatar\/167bc03b8baf3c77318a47159f80871de6f5a6cbf4bc8b6af750fbc1a369d7bf?s=96&d=mm&r=g\",\"caption\":\"Eyeng Obame\"},\"url\":\"https:\/\/gabonnouvellevision.com\/gnv\/author\/rufin\/\"}]}<\/script>\n<!-- \/ Yoast SEO plugin. -->","yoast_head_json":{"title":"Coop\u00e9ration: 5 nouveaux diplomates accr\u00e9dit\u00e9s au Gabon - Gabon Nouvelle Vision","robots":{"index":"index","follow":"follow","max-snippet":"max-snippet:-1","max-image-preview":"max-image-preview:large","max-video-preview":"max-video-preview:-1"},"canonical":"https:\/\/gabonnouvellevision.com\/gnv\/2025\/02\/25\/cooperation-5-nouveaux-diplomates-accredites-au-gabon\/","og_locale":"fr_FR","og_type":"article","og_title":"Coop\u00e9ration: 5 nouveaux diplomates accr\u00e9dit\u00e9s au Gabon - Gabon Nouvelle Vision","og_description":"Cinq nouveaux Ambassadeurs accr\u00e9dit\u00e9s au Gabon ont pr\u00e9sent\u00e9 leurs lettres de cr\u00e9ances\u00a0 au Pr\u00e9sident de la Transition, Brice Clotaire Oligui Nguema, Hier \u00e0 Libreville. Une c\u00e9r\u00e9monie solennelle\u00a0qui confirme la vitalit\u00e9 de la diplomatie Gabonaise sous l\u2019\u00e8re de la Transition. Il s\u2019agit de Migueil Griesbach De Pereira Franco dud Br\u00e9sil, Velagaleti Samuel David Surendra de l\u2019Inde, [&hellip;]","og_url":"https:\/\/gabonnouvellevision.com\/gnv\/2025\/02\/25\/cooperation-5-nouveaux-diplomates-accredites-au-gabon\/","og_site_name":"Gabon Nouvelle Vision","article_publisher":"https:\/\/www.facebook.com\/GNVofficiel","article_published_time":"2025-02-25T14:29:31+00:00","article_modified_time":"2025-02-25T14:33:10+00:00","og_image":[{"width":1080,"height":732,"url":"https:\/\/gabonnouvellevision.com\/gnv\/wp-content\/uploads\/2025\/02\/amb-2.jpg","type":"image\/jpeg"}],"author":"Eyeng Obame","twitter_card":"summary_large_image","twitter_misc":{"\u00c9crit par":"Eyeng Obame","Dur\u00e9e de lecture estim\u00e9e":"1 minute"},"schema":{"@context":"https:\/\/schema.org","@graph":[{"@type":"Article","@id":"https:\/\/gabonnouvellevision.com\/gnv\/2025\/02\/25\/cooperation-5-nouveaux-diplomates-accredites-au-gabon\/#article","isPartOf":{"@id":"https:\/\/gabonnouvellevision.com\/gnv\/2025\/02\/25\/cooperation-5-nouveaux-diplomates-accredites-au-gabon\/"},"author":{"name":"Eyeng Obame","@id":"https:\/\/gabonnouvellevision.com\/gnv\/#\/schema\/person\/4b48e07d222f83c0285affc3704bc899"},"headline":"Coop\u00e9ration: 5 nouveaux diplomates accr\u00e9dit\u00e9s au Gabon","datePublished":"2025-02-25T14:29:31+00:00","dateModified":"2025-02-25T14:33:10+00:00","mainEntityOfPage":{"@id":"https:\/\/gabonnouvellevision.com\/gnv\/2025\/02\/25\/cooperation-5-nouveaux-diplomates-accredites-au-gabon\/"},"wordCount":129,"commentCount":0,"publisher":{"@id":"https:\/\/gabonnouvellevision.com\/gnv\/#organization"},"image":{"@id":"https:\/\/gabonnouvellevision.com\/gnv\/2025\/02\/25\/cooperation-5-nouveaux-diplomates-accredites-au-gabon\/#primaryimage"},"thumbnailUrl":"https:\/\/gabonnouvellevision.com\/gnv\/wp-content\/uploads\/2025\/02\/amb-2.jpg","articleSection":["A la une","Actualites","Diplomatie"],"inLanguage":"fr-FR","potentialAction":[{"@type":"CommentAction","name":"Comment","target":["https:\/\/gabonnouvellevision.com\/gnv\/2025\/02\/25\/cooperation-5-nouveaux-diplomates-accredites-au-gabon\/#respond"]}]},{"@type":"WebPage","@id":"https:\/\/gabonnouvellevision.com\/gnv\/2025\/02\/25\/cooperation-5-nouveaux-diplomates-accredites-au-gabon\/","url":"https:\/\/gabonnouvellevision.com\/gnv\/2025\/02\/25\/cooperation-5-nouveaux-diplomates-accredites-au-gabon\/","name":"Coop\u00e9ration: 5 nouveaux diplomates accr\u00e9dit\u00e9s au Gabon - Gabon Nouvelle Vision","isPartOf":{"@id":"https:\/\/gabonnouvellevision.com\/gnv\/#website"},"primaryImageOfPage":{"@id":"https:\/\/gabonnouvellevision.com\/gnv\/2025\/02\/25\/cooperation-5-nouveaux-diplomates-accredites-au-gabon\/#primaryimage"},"image":{"@id":"https:\/\/gabonnouvellevision.com\/gnv\/2025\/02\/25\/cooperation-5-nouveaux-diplomates-accredites-au-gabon\/#primaryimage"},"thumbnailUrl":"https:\/\/gabonnouvellevision.com\/gnv\/wp-content\/uploads\/2025\/02\/amb-2.jpg","datePublished":"2025-02-25T14:29:31+00:00","dateModified":"2025-02-25T14:33:10+00:00","breadcrumb":{"@id":"https:\/\/gabonnouvellevision.com\/gnv\/2025\/02\/25\/cooperation-5-nouveaux-diplomates-accredites-au-gabon\/#breadcrumb"},"inLanguage":"fr-FR","potentialAction":[{"@type":"ReadAction","target":["https:\/\/gabonnouvellevision.com\/gnv\/2025\/02\/25\/cooperation-5-nouveaux-diplomates-accredites-au-gabon\/"]}]},{"@type":"ImageObject","inLanguage":"fr-FR","@id":"https:\/\/gabonnouvellevision.com\/gnv\/2025\/02\/25\/cooperation-5-nouveaux-diplomates-accredites-au-gabon\/#primaryimage","url":"https:\/\/gabonnouvellevision.com\/gnv\/wp-content\/uploads\/2025\/02\/amb-2.jpg","contentUrl":"https:\/\/gabonnouvellevision.com\/gnv\/wp-content\/uploads\/2025\/02\/amb-2.jpg","width":1080,"height":732},{"@type":"BreadcrumbList","@id":"https:\/\/gabonnouvellevision.com\/gnv\/2025\/02\/25\/cooperation-5-nouveaux-diplomates-accredites-au-gabon\/#breadcrumb","itemListElement":[{"@type":"ListItem","position":1,"name":"Accueil","item":"https:\/\/gabonnouvellevision.com\/gnv\/"},{"@type":"ListItem","position":2,"name":"Coop\u00e9ration: 5 nouveaux diplomates accr\u00e9dit\u00e9s au Gabon"}]},{"@type":"WebSite","@id":"https:\/\/gabonnouvellevision.com\/gnv\/#website","url":"https:\/\/gabonnouvellevision.com\/gnv\/","name":"Gabon Nouvelle Vision","description":"","publisher":{"@id":"https:\/\/gabonnouvellevision.com\/gnv\/#organization"},"potentialAction":[{"@type":"SearchAction","target":{"@type":"EntryPoint","urlTemplate":"https:\/\/gabonnouvellevision.com\/gnv\/?s={search_term_string}"},"query-input":{"@type":"PropertyValueSpecification","valueRequired":true,"valueName":"search_term_string"}}],"inLanguage":"fr-FR"},{"@type":"Organization","@id":"https:\/\/gabonnouvellevision.com\/gnv\/#organization","name":"Gabon Nouvelle Vision","url":"https:\/\/gabonnouvellevision.com\/gnv\/","logo":{"@type":"ImageObject","inLanguage":"fr-FR","@id":"https:\/\/gabonnouvellevision.com\/gnv\/#\/schema\/logo\/image\/","url":"https:\/\/gabonnouvellevision.com\/gnv\/wp-content\/uploads\/2025\/01\/logo-text_Plan-de-travail-1.png","contentUrl":"https:\/\/gabonnouvellevision.com\/gnv\/wp-content\/uploads\/2025\/01\/logo-text_Plan-de-travail-1.png","width":7169,"height":2390,"caption":"Gabon Nouvelle Vision"},"image":{"@id":"https:\/\/gabonnouvellevision.com\/gnv\/#\/schema\/logo\/image\/"},"sameAs":["https:\/\/www.facebook.com\/GNVofficiel"]},{"@type":"Person","@id":"https:\/\/gabonnouvellevision.com\/gnv\/#\/schema\/person\/4b48e07d222f83c0285affc3704bc899","name":"Eyeng Obame","image":{"@type":"ImageObject","inLanguage":"fr-FR","@id":"https:\/\/gabonnouvellevision.com\/gnv\/#\/schema\/person\/image\/","url":"https:\/\/secure.gravatar.com\/avatar\/167bc03b8baf3c77318a47159f80871de6f5a6cbf4bc8b6af750fbc1a369d7bf?s=96&d=mm&r=g","contentUrl":"https:\/\/secure.gravatar.com\/avatar\/167bc03b8baf3c77318a47159f80871de6f5a6cbf4bc8b6af750fbc1a369d7bf?s=96&d=mm&r=g","caption":"Eyeng Obame"},"url":"https:\/\/gabonnouvellevision.com\/gnv\/author\/rufin\/"}]}},"_links":{"self":[{"href":"https:\/\/gabonnouvellevision.com\/gnv\/wp-json\/wp\/v2\/posts\/23694","targetHints":{"allow":["GET"]}}],"collection":[{"href":"https:\/\/gabonnouvellevision.com\/gnv\/wp-json\/wp\/v2\/posts"}],"about":[{"href":"https:\/\/gabonnouvellevision.com\/gnv\/wp-json\/wp\/v2\/types\/post"}],"author":[{"embeddable":true,"href":"https:\/\/gabonnouvellevision.com\/gnv\/wp-json\/wp\/v2\/users\/7"}],"replies":[{"embeddable":true,"href":"https:\/\/gabonnouvellevision.com\/gnv\/wp-json\/wp\/v2\/comments?post=23694"}],"version-history":[{"count":2,"href":"https:\/\/gabonnouvellevision.com\/gnv\/wp-json\/wp\/v2\/posts\/23694\/revisions"}],"predecessor-version":[{"id":23698,"href":"https:\/\/gabonnouvellevision.com\/gnv\/wp-json\/wp\/v2\/posts\/23694\/revisions\/23698"}],"wp:featuredmedia":[{"embeddable":true,"href":"https:\/\/gabonnouvellevision.com\/gnv\/wp-json\/wp\/v2\/media\/23695"}],"wp:attachment":[{"href":"https:\/\/gabonnouvellevision.com\/gnv\/wp-json\/wp\/v2\/media?parent=23694"}],"wp:term":[{"taxonomy":"category","embeddable":true,"href":"https:\/\/gabonnouvellevision.com\/gnv\/wp-json\/wp\/v2\/categories?post=23694"},{"taxonomy":"post_tag","embeddable":true,"href":"https:\/\/gabonnouvellevision.com\/gnv\/wp-json\/wp\/v2\/tags?post=23694"}],"curies":[{"name":"wp","href":"https:\/\/api.w.org\/{rel}","templated":true}]}}