{"id":23690,"date":"2025-02-21T10:09:52","date_gmt":"2025-02-21T09:09:52","guid":{"rendered":"https:\/\/gabonnouvellevision.com\/gnv\/?p=23690"},"modified":"2025-02-21T10:09:54","modified_gmt":"2025-02-21T09:09:54","slug":"communique-final-du-conseil-des-ministres-du-jeudi-20-fevrier-2025","status":"publish","type":"post","link":"https:\/\/gabonnouvellevision.com\/gnv\/2025\/02\/21\/communique-final-du-conseil-des-ministres-du-jeudi-20-fevrier-2025\/","title":{"rendered":"Communiqu\u00e9 final du Conseil des Ministres du jeudi 20 f\u00e9vrier 2025"},"content":{"rendered":"\n<p>Sous la Tr\u00e8s Haute Pr\u00e9sidence de Son Excellence <strong>Brice Clotaire OLIGUI NGUEMA<\/strong>, <strong>G\u00e9n\u00e9ral de Brigade, Pr\u00e9sident de la Transition, Pr\u00e9sident de la R\u00e9publique et Chef de l\u2019\u00c9tat<\/strong>, le Conseil des Ministres s\u2019est r\u00e9uni ce jeudi 20 f\u00e9vrier 2025 \u00e0 10 heures pr\u00e9cises, au Palais de la Pr\u00e9sidence de la R\u00e9publique.<\/p>\n\n\n\n<p>Le Conseil a examin\u00e9 avec attention les avanc\u00e9es majeures dans la mise en \u0153uvre des projets structurants pour le pays. Le Pr\u00e9sident de la Transition est notamment revenu sur les r\u00e9sultats de sa visite du 14 f\u00e9vrier, au cours de laquelle il a inspect\u00e9 l\u2019axe routier Ntoum-Cocobeach, un projet de 83 kilom\u00e8tres qui constituera un levier \u00e9conomique d\u00e9terminant pour le d\u00e9veloppement des localit\u00e9s environnantes, ainsi que plusieurs chantiers strat\u00e9giques dans le d\u00e9partement de la Noya.<\/p>\n\n\n\n<p>Dans le m\u00eame sens, le Conseil s\u2019est f\u00e9licit\u00e9 de la signature de l\u2019important protocole d\u2019accord avec le groupe turc Karpowership, visant \u00e0 injecter 70 m\u00e9gawatts suppl\u00e9mentaires dans le r\u00e9seau de distribution de la SEEG afin de renforcer l\u2019approvisionnement en \u00e9lectricit\u00e9 du Grand Libreville, en r\u00e9ponse aux r\u00e9cents d\u00e9lestages.<\/p>\n\n\n\n<p>Le Pr\u00e9sident de la Transition a r\u00e9affirm\u00e9 l\u2019engagement ferme des autorit\u00e9s de la Transition \u00e0 moderniser les infrastructures et \u00e0 am\u00e9liorer le bien-\u00eatre de la Nation, consolidant ainsi les fondements d\u2019une transition dynamique pour le Gabon.<\/p>\n\n\n\n<p>Au titre des projets de textes l\u00e9gislatifs et r\u00e9glementaires, le Conseil des Ministres a d\u00e9lib\u00e9r\u00e9 sur les affaires suivantes :<\/p>\n\n\n\n<p><strong>MINIST\u00c8RE DE LA JUSTICE, GARDE DES SCEAUX<\/strong><\/p>\n\n\n\n<p>Projet de d\u00e9cret portant cr\u00e9ation de soixante- trois (63) charges de notaire.<br>Ce projet de d\u00e9cret portant cr\u00e9ation de soixante- trois (63) charges de notaire, pris en application de l\u2019article n\u00b07 de la loi n\u00b08\/73 du 20 d\u00e9cembre 1973 portant statut des notaires, se justifie par la n\u00e9cessit\u00e9 de r\u00e9pondre aux pr\u00e9occupations d\u2019ordre social et \u00e9conomique de nombreux compatriotes et de r\u00e9gulariser la situation d\u2019autres aspirant \u00e0 la profession de notaire apr\u00e8s plusieurs ann\u00e9es de stage.<\/p>\n\n\n\n<p>La multiplication des demandes d\u2019actes notari\u00e9s, tant dans le cadre des partages de biens lors de divorces que dans l\u2019administration des droits successoraux de la veuve et de l\u2019enfant orphelin, ainsi que la croissance des activit\u00e9s \u00e9conomiques et commerciales impliquant l\u2019intervention des cabinets de notaire, t\u00e9moignent de l\u2019importance de ces services. La cr\u00e9ation de ces nouvelles charges sur l\u2019ensemble du territoire national contribuera \u00e9galement \u00e0 la g\u00e9n\u00e9ration d\u2019emplois et \u00e0 la lutte contre le ch\u00f4mage.<\/p>\n\n\n\n<p><strong>MINIST\u00c8RE DES COMPTES PUBLICS ET DE LA DETTE<\/strong><\/p>\n\n\n\n<p>Projet d\u2019ordonnance autorisant l\u2019\u00c9tat Gabonais \u00e0 contracter un emprunt d\u2019un montant de cent-trente-un milliards cent- quatre-vingt-onze millions quatre-cent mille (131.191.400.000) FCFA aupr\u00e8s de AFREXIMBANK<br>Ce projet d\u2019ordonnance autorise l\u2019\u00c9tat Gabonais \u00e0 contracter un emprunt de cent-trente-et-un milliards cent-quatre-vingt-onze millions quatre- cent mille (131.191.400.000) FCFA, dont le produit sera destin\u00e9 au financement du Programme National de D\u00e9veloppement de la Transition (PNDT).<\/p>\n\n\n\n<p><strong>MINIST\u00c8RE DES TRANSPORTS ET DE LA MARINE MARCHANDE<\/strong><\/p>\n\n\n\n<p>Projet de d\u00e9cret portant changement de d\u00e9nomination \u00e0 l\u2019a\u00e9roport de Port-Gentil<\/p>\n\n\n\n<p>Ce projet de d\u00e9cret portant changement de d\u00e9nomination \u00e0 l\u2019a\u00e9roport de Port-Gentil vise \u00e0 honorer la m\u00e9moire d\u2019une figure marquante de l\u2019histoire de la Nation.<\/p>\n\n\n\n<p>Par effet de ce d\u00e9cret, l\u2019A\u00e9roport International Ali BONGO ONDIMBA de Port-Gentil sera d\u00e9sormais officiellement d\u00e9sign\u00e9 sous le nom d\u2019A\u00e9roport International Joseph RENDJAMBE ISSANI de Port-Gentil, en hommage \u00e0 cet illustre homme dont l\u2019\u0153uvre politique, l\u2019engagement pour le progr\u00e8s social et la contribution \u00e0 l\u2019\u00e9dification de notre Nation ont marqu\u00e9 de mani\u00e8re ind\u00e9niable l\u2019histoire du pays.<\/p>\n\n\n\n<p>En mati\u00e8re de Politique g\u00e9n\u00e9rale :<\/p>\n\n\n\n<p><strong>MINIST\u00c8RE DE L\u2019EDUCATION NATIONALE ET DE L\u2019INSTRUCTION CIVIQUE<\/strong><\/p>\n\n\n\n<p>Communication portant organisation de la journ\u00e9e Internationale de la Langue Maternelle<\/p>\n\n\n\n<p>Le Conseil a pris bonne note de la communication du Ministre d\u2019\u00c9tat relative \u00e0 l\u2019organisation de la Journ\u00e9e Internationale de la Langue Maternelle, qui sera c\u00e9l\u00e9br\u00e9e le 21 f\u00e9vrier 2025 au Complexe Scolaire d\u2019Alibandeng sous le th\u00e8me \u00ab Les langues comptent : C\u00e9l\u00e9bration du Jubil\u00e9 d\u2019Argent de la Journ\u00e9e Internationale de la Langue Maternelle \u00bb. Ce th\u00e8me souligne l\u2019urgence d\u2019acc\u00e9l\u00e9rer les progr\u00e8s en mati\u00e8re de diversit\u00e9 linguistique afin de construire un monde plus inclusif et durable d\u2019ici 2030.<\/p>\n\n\n\n<p><strong>MINIST\u00c8RE DE LA FEMME ET DE LA PROTECTION DE L\u2019ENFANCE<\/strong><\/p>\n\n\n\n<p>Communication relative \u00e0 la c\u00e9l\u00e9bration de la journ\u00e9e des Droits de la Femme 2025<\/p>\n\n\n\n<p>Le Conseil a marqu\u00e9 son accord au Ministre pour la c\u00e9l\u00e9bration, \u00e0 l\u2019instar de la Communaut\u00e9 internationale, de la Journ\u00e9e Internationale des Droits de la Femme, qui se tiendra le 8 mars prochain sous le th\u00e8me \u00ab Pour TOUTES les femmes et les filles : droits, \u00e9galit\u00e9 et autonomisation \u00bb.<\/p>\n\n\n\n<p>Au titre des Missions, s\u00e9minaires et conf\u00e9rences :<\/p>\n\n\n\n<p><strong>MINIST\u00c8RE DE L\u2019ENVIRONNEMENT ET DU CLIMAT<\/strong><\/p>\n\n\n\n<p>Compte-rendu de la participation du Gabon \u00e0 la Conf\u00e9rence sur les Paiements pour Services Environnementaux (PSE) en Afrique Centrale.<br>Le Conseil a pris bonne note du compte rendu pr\u00e9sent\u00e9 par le Ministre lors de la Conf\u00e9rence Interminist\u00e9rielle Internationale sur le d\u00e9ploiement des paiements pour services environnementaux en Afrique Centrale, tenue \u00e0 Kinshasa du 27 au 29 janvier 2025.<\/p>\n\n\n\n<p>Cette conf\u00e9rence avait pour objectif de formaliser et de lancer le processus de mise en place d\u2019un m\u00e9canisme de paiement pour services environnementaux, \u00e0 l\u2019\u00e9chelle des pays signataires<\/p>\n\n\n\n<p>de la D\u00e9claration de l\u2019Initiative pour la For\u00eat d\u2019Afrique Centrale (CAFI), \u00e0 savoir le Cameroun, le Congo, le Gabon, la Guin\u00e9e \u00c9quatoriale, la R\u00e9publique Centrafricaine et la R\u00e9publique D\u00e9mocratique du Congo.<\/p>\n\n\n\n<p><strong>Je vous remercie.<\/strong><\/p>\n","protected":false},"excerpt":{"rendered":"<p>Sous la Tr\u00e8s Haute Pr\u00e9sidence de Son Excellence Brice Clotaire OLIGUI NGUEMA, G\u00e9n\u00e9ral de Brigade, Pr\u00e9sident de la Transition, Pr\u00e9sident de la R\u00e9publique et Chef de l\u2019\u00c9tat, le Conseil des Ministres s\u2019est r\u00e9uni ce jeudi 20 f\u00e9vrier 2025 \u00e0 10 heures pr\u00e9cises, au Palais de la Pr\u00e9sidence de la R\u00e9publique. Le Conseil a examin\u00e9 avec [&hellip;]<\/p>\n","protected":false},"author":7,"featured_media":23692,"comment_status":"open","ping_status":"open","sticky":false,"template":"","format":"standard","meta":{"footnotes":""},"categories":[57,55,65],"tags":[],"class_list":["post-23690","post","type-post","status-publish","format-standard","has-post-thumbnail","hentry","category-a-la-une","category-actualites","category-politique-podcasts"],"yoast_head":"<!-- This site is optimized with the Yoast SEO plugin v24.2 - https:\/\/yoast.com\/wordpress\/plugins\/seo\/ -->\n<title>Communiqu\u00e9 final du Conseil des Ministres du jeudi 20 f\u00e9vrier 2025 - Gabon Nouvelle Vision<\/title>\n<meta name=\"robots\" content=\"index, follow, max-snippet:-1, max-image-preview:large, max-video-preview:-1\" \/>\n<link rel=\"canonical\" href=\"https:\/\/gabonnouvellevision.com\/gnv\/2025\/02\/21\/communique-final-du-conseil-des-ministres-du-jeudi-20-fevrier-2025\/\" \/>\n<meta property=\"og:locale\" content=\"fr_FR\" \/>\n<meta property=\"og:type\" content=\"article\" \/>\n<meta property=\"og:title\" content=\"Communiqu\u00e9 final du Conseil des Ministres du jeudi 20 f\u00e9vrier 2025 - Gabon Nouvelle Vision\" \/>\n<meta property=\"og:description\" content=\"Sous la Tr\u00e8s Haute Pr\u00e9sidence de Son Excellence Brice Clotaire OLIGUI NGUEMA, G\u00e9n\u00e9ral de Brigade, Pr\u00e9sident de la Transition, Pr\u00e9sident de la R\u00e9publique et Chef de l\u2019\u00c9tat, le Conseil des Ministres s\u2019est r\u00e9uni ce jeudi 20 f\u00e9vrier 2025 \u00e0 10 heures pr\u00e9cises, au Palais de la Pr\u00e9sidence de la R\u00e9publique. Le Conseil a examin\u00e9 avec [&hellip;]\" \/>\n<meta property=\"og:url\" content=\"https:\/\/gabonnouvellevision.com\/gnv\/2025\/02\/21\/communique-final-du-conseil-des-ministres-du-jeudi-20-fevrier-2025\/\" \/>\n<meta property=\"og:site_name\" content=\"Gabon Nouvelle Vision\" \/>\n<meta property=\"article:publisher\" content=\"https:\/\/www.facebook.com\/GNVofficiel\" \/>\n<meta property=\"article:published_time\" content=\"2025-02-21T09:09:52+00:00\" \/>\n<meta property=\"article:modified_time\" content=\"2025-02-21T09:09:54+00:00\" \/>\n<meta property=\"og:image\" content=\"https:\/\/gabonnouvellevision.com\/gnv\/wp-content\/uploads\/2025\/02\/Akure-Davin.jpg\" \/>\n\t<meta property=\"og:image:width\" content=\"850\" \/>\n\t<meta property=\"og:image:height\" content=\"550\" \/>\n\t<meta property=\"og:image:type\" content=\"image\/jpeg\" \/>\n<meta name=\"author\" content=\"Eyeng Obame\" \/>\n<meta name=\"twitter:card\" content=\"summary_large_image\" \/>\n<meta name=\"twitter:label1\" content=\"\u00c9crit par\" \/>\n\t<meta name=\"twitter:data1\" content=\"Eyeng Obame\" \/>\n\t<meta name=\"twitter:label2\" content=\"Dur\u00e9e de lecture estim\u00e9e\" \/>\n\t<meta name=\"twitter:data2\" content=\"5 minutes\" \/>\n<script type=\"application\/ld+json\" class=\"yoast-schema-graph\">{\"@context\":\"https:\/\/schema.org\",\"@graph\":[{\"@type\":\"Article\",\"@id\":\"https:\/\/gabonnouvellevision.com\/gnv\/2025\/02\/21\/communique-final-du-conseil-des-ministres-du-jeudi-20-fevrier-2025\/#article\",\"isPartOf\":{\"@id\":\"https:\/\/gabonnouvellevision.com\/gnv\/2025\/02\/21\/communique-final-du-conseil-des-ministres-du-jeudi-20-fevrier-2025\/\"},\"author\":{\"name\":\"Eyeng Obame\",\"@id\":\"https:\/\/gabonnouvellevision.com\/gnv\/#\/schema\/person\/4b48e07d222f83c0285affc3704bc899\"},\"headline\":\"Communiqu\u00e9 final du Conseil des Ministres du jeudi 20 f\u00e9vrier 2025\",\"datePublished\":\"2025-02-21T09:09:52+00:00\",\"dateModified\":\"2025-02-21T09:09:54+00:00\",\"mainEntityOfPage\":{\"@id\":\"https:\/\/gabonnouvellevision.com\/gnv\/2025\/02\/21\/communique-final-du-conseil-des-ministres-du-jeudi-20-fevrier-2025\/\"},\"wordCount\":995,\"commentCount\":0,\"publisher\":{\"@id\":\"https:\/\/gabonnouvellevision.com\/gnv\/#organization\"},\"image\":{\"@id\":\"https:\/\/gabonnouvellevision.com\/gnv\/2025\/02\/21\/communique-final-du-conseil-des-ministres-du-jeudi-20-fevrier-2025\/#primaryimage\"},\"thumbnailUrl\":\"https:\/\/gabonnouvellevision.com\/gnv\/wp-content\/uploads\/2025\/02\/Akure-Davin.jpg\",\"articleSection\":[\"A la une\",\"Actualites\",\"Politique\"],\"inLanguage\":\"fr-FR\",\"potentialAction\":[{\"@type\":\"CommentAction\",\"name\":\"Comment\",\"target\":[\"https:\/\/gabonnouvellevision.com\/gnv\/2025\/02\/21\/communique-final-du-conseil-des-ministres-du-jeudi-20-fevrier-2025\/#respond\"]}]},{\"@type\":\"WebPage\",\"@id\":\"https:\/\/gabonnouvellevision.com\/gnv\/2025\/02\/21\/communique-final-du-conseil-des-ministres-du-jeudi-20-fevrier-2025\/\",\"url\":\"https:\/\/gabonnouvellevision.com\/gnv\/2025\/02\/21\/communique-final-du-conseil-des-ministres-du-jeudi-20-fevrier-2025\/\",\"name\":\"Communiqu\u00e9 final du Conseil des Ministres du jeudi 20 f\u00e9vrier 2025 - Gabon Nouvelle Vision\",\"isPartOf\":{\"@id\":\"https:\/\/gabonnouvellevision.com\/gnv\/#website\"},\"primaryImageOfPage\":{\"@id\":\"https:\/\/gabonnouvellevision.com\/gnv\/2025\/02\/21\/communique-final-du-conseil-des-ministres-du-jeudi-20-fevrier-2025\/#primaryimage\"},\"image\":{\"@id\":\"https:\/\/gabonnouvellevision.com\/gnv\/2025\/02\/21\/communique-final-du-conseil-des-ministres-du-jeudi-20-fevrier-2025\/#primaryimage\"},\"thumbnailUrl\":\"https:\/\/gabonnouvellevision.com\/gnv\/wp-content\/uploads\/2025\/02\/Akure-Davin.jpg\",\"datePublished\":\"2025-02-21T09:09:52+00:00\",\"dateModified\":\"2025-02-21T09:09:54+00:00\",\"breadcrumb\":{\"@id\":\"https:\/\/gabonnouvellevision.com\/gnv\/2025\/02\/21\/communique-final-du-conseil-des-ministres-du-jeudi-20-fevrier-2025\/#breadcrumb\"},\"inLanguage\":\"fr-FR\",\"potentialAction\":[{\"@type\":\"ReadAction\",\"target\":[\"https:\/\/gabonnouvellevision.com\/gnv\/2025\/02\/21\/communique-final-du-conseil-des-ministres-du-jeudi-20-fevrier-2025\/\"]}]},{\"@type\":\"ImageObject\",\"inLanguage\":\"fr-FR\",\"@id\":\"https:\/\/gabonnouvellevision.com\/gnv\/2025\/02\/21\/communique-final-du-conseil-des-ministres-du-jeudi-20-fevrier-2025\/#primaryimage\",\"url\":\"https:\/\/gabonnouvellevision.com\/gnv\/wp-content\/uploads\/2025\/02\/Akure-Davin.jpg\",\"contentUrl\":\"https:\/\/gabonnouvellevision.com\/gnv\/wp-content\/uploads\/2025\/02\/Akure-Davin.jpg\",\"width\":850,\"height\":550},{\"@type\":\"BreadcrumbList\",\"@id\":\"https:\/\/gabonnouvellevision.com\/gnv\/2025\/02\/21\/communique-final-du-conseil-des-ministres-du-jeudi-20-fevrier-2025\/#breadcrumb\",\"itemListElement\":[{\"@type\":\"ListItem\",\"position\":1,\"name\":\"Accueil\",\"item\":\"https:\/\/gabonnouvellevision.com\/gnv\/\"},{\"@type\":\"ListItem\",\"position\":2,\"name\":\"Communiqu\u00e9 final du Conseil des Ministres du jeudi 20 f\u00e9vrier 2025\"}]},{\"@type\":\"WebSite\",\"@id\":\"https:\/\/gabonnouvellevision.com\/gnv\/#website\",\"url\":\"https:\/\/gabonnouvellevision.com\/gnv\/\",\"name\":\"Gabon Nouvelle Vision\",\"description\":\"\",\"publisher\":{\"@id\":\"https:\/\/gabonnouvellevision.com\/gnv\/#organization\"},\"potentialAction\":[{\"@type\":\"SearchAction\",\"target\":{\"@type\":\"EntryPoint\",\"urlTemplate\":\"https:\/\/gabonnouvellevision.com\/gnv\/?s={search_term_string}\"},\"query-input\":{\"@type\":\"PropertyValueSpecification\",\"valueRequired\":true,\"valueName\":\"search_term_string\"}}],\"inLanguage\":\"fr-FR\"},{\"@type\":\"Organization\",\"@id\":\"https:\/\/gabonnouvellevision.com\/gnv\/#organization\",\"name\":\"Gabon Nouvelle Vision\",\"url\":\"https:\/\/gabonnouvellevision.com\/gnv\/\",\"logo\":{\"@type\":\"ImageObject\",\"inLanguage\":\"fr-FR\",\"@id\":\"https:\/\/gabonnouvellevision.com\/gnv\/#\/schema\/logo\/image\/\",\"url\":\"https:\/\/gabonnouvellevision.com\/gnv\/wp-content\/uploads\/2025\/01\/logo-text_Plan-de-travail-1.png\",\"contentUrl\":\"https:\/\/gabonnouvellevision.com\/gnv\/wp-content\/uploads\/2025\/01\/logo-text_Plan-de-travail-1.png\",\"width\":7169,\"height\":2390,\"caption\":\"Gabon Nouvelle Vision\"},\"image\":{\"@id\":\"https:\/\/gabonnouvellevision.com\/gnv\/#\/schema\/logo\/image\/\"},\"sameAs\":[\"https:\/\/www.facebook.com\/GNVofficiel\"]},{\"@type\":\"Person\",\"@id\":\"https:\/\/gabonnouvellevision.com\/gnv\/#\/schema\/person\/4b48e07d222f83c0285affc3704bc899\",\"name\":\"Eyeng Obame\",\"image\":{\"@type\":\"ImageObject\",\"inLanguage\":\"fr-FR\",\"@id\":\"https:\/\/gabonnouvellevision.com\/gnv\/#\/schema\/person\/image\/\",\"url\":\"https:\/\/secure.gravatar.com\/avatar\/167bc03b8baf3c77318a47159f80871de6f5a6cbf4bc8b6af750fbc1a369d7bf?s=96&d=mm&r=g\",\"contentUrl\":\"https:\/\/secure.gravatar.com\/avatar\/167bc03b8baf3c77318a47159f80871de6f5a6cbf4bc8b6af750fbc1a369d7bf?s=96&d=mm&r=g\",\"caption\":\"Eyeng Obame\"},\"url\":\"https:\/\/gabonnouvellevision.com\/gnv\/author\/rufin\/\"}]}<\/script>\n<!-- \/ Yoast SEO plugin. -->","yoast_head_json":{"title":"Communiqu\u00e9 final du Conseil des Ministres du jeudi 20 f\u00e9vrier 2025 - Gabon Nouvelle Vision","robots":{"index":"index","follow":"follow","max-snippet":"max-snippet:-1","max-image-preview":"max-image-preview:large","max-video-preview":"max-video-preview:-1"},"canonical":"https:\/\/gabonnouvellevision.com\/gnv\/2025\/02\/21\/communique-final-du-conseil-des-ministres-du-jeudi-20-fevrier-2025\/","og_locale":"fr_FR","og_type":"article","og_title":"Communiqu\u00e9 final du Conseil des Ministres du jeudi 20 f\u00e9vrier 2025 - Gabon Nouvelle Vision","og_description":"Sous la Tr\u00e8s Haute Pr\u00e9sidence de Son Excellence Brice Clotaire OLIGUI NGUEMA, G\u00e9n\u00e9ral de Brigade, Pr\u00e9sident de la Transition, Pr\u00e9sident de la R\u00e9publique et Chef de l\u2019\u00c9tat, le Conseil des Ministres s\u2019est r\u00e9uni ce jeudi 20 f\u00e9vrier 2025 \u00e0 10 heures pr\u00e9cises, au Palais de la Pr\u00e9sidence de la R\u00e9publique. Le Conseil a examin\u00e9 avec [&hellip;]","og_url":"https:\/\/gabonnouvellevision.com\/gnv\/2025\/02\/21\/communique-final-du-conseil-des-ministres-du-jeudi-20-fevrier-2025\/","og_site_name":"Gabon Nouvelle Vision","article_publisher":"https:\/\/www.facebook.com\/GNVofficiel","article_published_time":"2025-02-21T09:09:52+00:00","article_modified_time":"2025-02-21T09:09:54+00:00","og_image":[{"width":850,"height":550,"url":"https:\/\/gabonnouvellevision.com\/gnv\/wp-content\/uploads\/2025\/02\/Akure-Davin.jpg","type":"image\/jpeg"}],"author":"Eyeng Obame","twitter_card":"summary_large_image","twitter_misc":{"\u00c9crit par":"Eyeng Obame","Dur\u00e9e de lecture estim\u00e9e":"5 minutes"},"schema":{"@context":"https:\/\/schema.org","@graph":[{"@type":"Article","@id":"https:\/\/gabonnouvellevision.com\/gnv\/2025\/02\/21\/communique-final-du-conseil-des-ministres-du-jeudi-20-fevrier-2025\/#article","isPartOf":{"@id":"https:\/\/gabonnouvellevision.com\/gnv\/2025\/02\/21\/communique-final-du-conseil-des-ministres-du-jeudi-20-fevrier-2025\/"},"author":{"name":"Eyeng Obame","@id":"https:\/\/gabonnouvellevision.com\/gnv\/#\/schema\/person\/4b48e07d222f83c0285affc3704bc899"},"headline":"Communiqu\u00e9 final du Conseil des Ministres du jeudi 20 f\u00e9vrier 2025","datePublished":"2025-02-21T09:09:52+00:00","dateModified":"2025-02-21T09:09:54+00:00","mainEntityOfPage":{"@id":"https:\/\/gabonnouvellevision.com\/gnv\/2025\/02\/21\/communique-final-du-conseil-des-ministres-du-jeudi-20-fevrier-2025\/"},"wordCount":995,"commentCount":0,"publisher":{"@id":"https:\/\/gabonnouvellevision.com\/gnv\/#organization"},"image":{"@id":"https:\/\/gabonnouvellevision.com\/gnv\/2025\/02\/21\/communique-final-du-conseil-des-ministres-du-jeudi-20-fevrier-2025\/#primaryimage"},"thumbnailUrl":"https:\/\/gabonnouvellevision.com\/gnv\/wp-content\/uploads\/2025\/02\/Akure-Davin.jpg","articleSection":["A la une","Actualites","Politique"],"inLanguage":"fr-FR","potentialAction":[{"@type":"CommentAction","name":"Comment","target":["https:\/\/gabonnouvellevision.com\/gnv\/2025\/02\/21\/communique-final-du-conseil-des-ministres-du-jeudi-20-fevrier-2025\/#respond"]}]},{"@type":"WebPage","@id":"https:\/\/gabonnouvellevision.com\/gnv\/2025\/02\/21\/communique-final-du-conseil-des-ministres-du-jeudi-20-fevrier-2025\/","url":"https:\/\/gabonnouvellevision.com\/gnv\/2025\/02\/21\/communique-final-du-conseil-des-ministres-du-jeudi-20-fevrier-2025\/","name":"Communiqu\u00e9 final du Conseil des Ministres du jeudi 20 f\u00e9vrier 2025 - Gabon Nouvelle Vision","isPartOf":{"@id":"https:\/\/gabonnouvellevision.com\/gnv\/#website"},"primaryImageOfPage":{"@id":"https:\/\/gabonnouvellevision.com\/gnv\/2025\/02\/21\/communique-final-du-conseil-des-ministres-du-jeudi-20-fevrier-2025\/#primaryimage"},"image":{"@id":"https:\/\/gabonnouvellevision.com\/gnv\/2025\/02\/21\/communique-final-du-conseil-des-ministres-du-jeudi-20-fevrier-2025\/#primaryimage"},"thumbnailUrl":"https:\/\/gabonnouvellevision.com\/gnv\/wp-content\/uploads\/2025\/02\/Akure-Davin.jpg","datePublished":"2025-02-21T09:09:52+00:00","dateModified":"2025-02-21T09:09:54+00:00","breadcrumb":{"@id":"https:\/\/gabonnouvellevision.com\/gnv\/2025\/02\/21\/communique-final-du-conseil-des-ministres-du-jeudi-20-fevrier-2025\/#breadcrumb"},"inLanguage":"fr-FR","potentialAction":[{"@type":"ReadAction","target":["https:\/\/gabonnouvellevision.com\/gnv\/2025\/02\/21\/communique-final-du-conseil-des-ministres-du-jeudi-20-fevrier-2025\/"]}]},{"@type":"ImageObject","inLanguage":"fr-FR","@id":"https:\/\/gabonnouvellevision.com\/gnv\/2025\/02\/21\/communique-final-du-conseil-des-ministres-du-jeudi-20-fevrier-2025\/#primaryimage","url":"https:\/\/gabonnouvellevision.com\/gnv\/wp-content\/uploads\/2025\/02\/Akure-Davin.jpg","contentUrl":"https:\/\/gabonnouvellevision.com\/gnv\/wp-content\/uploads\/2025\/02\/Akure-Davin.jpg","width":850,"height":550},{"@type":"BreadcrumbList","@id":"https:\/\/gabonnouvellevision.com\/gnv\/2025\/02\/21\/communique-final-du-conseil-des-ministres-du-jeudi-20-fevrier-2025\/#breadcrumb","itemListElement":[{"@type":"ListItem","position":1,"name":"Accueil","item":"https:\/\/gabonnouvellevision.com\/gnv\/"},{"@type":"ListItem","position":2,"name":"Communiqu\u00e9 final du Conseil des Ministres du jeudi 20 f\u00e9vrier 2025"}]},{"@type":"WebSite","@id":"https:\/\/gabonnouvellevision.com\/gnv\/#website","url":"https:\/\/gabonnouvellevision.com\/gnv\/","name":"Gabon Nouvelle Vision","description":"","publisher":{"@id":"https:\/\/gabonnouvellevision.com\/gnv\/#organization"},"potentialAction":[{"@type":"SearchAction","target":{"@type":"EntryPoint","urlTemplate":"https:\/\/gabonnouvellevision.com\/gnv\/?s={search_term_string}"},"query-input":{"@type":"PropertyValueSpecification","valueRequired":true,"valueName":"search_term_string"}}],"inLanguage":"fr-FR"},{"@type":"Organization","@id":"https:\/\/gabonnouvellevision.com\/gnv\/#organization","name":"Gabon Nouvelle Vision","url":"https:\/\/gabonnouvellevision.com\/gnv\/","logo":{"@type":"ImageObject","inLanguage":"fr-FR","@id":"https:\/\/gabonnouvellevision.com\/gnv\/#\/schema\/logo\/image\/","url":"https:\/\/gabonnouvellevision.com\/gnv\/wp-content\/uploads\/2025\/01\/logo-text_Plan-de-travail-1.png","contentUrl":"https:\/\/gabonnouvellevision.com\/gnv\/wp-content\/uploads\/2025\/01\/logo-text_Plan-de-travail-1.png","width":7169,"height":2390,"caption":"Gabon Nouvelle Vision"},"image":{"@id":"https:\/\/gabonnouvellevision.com\/gnv\/#\/schema\/logo\/image\/"},"sameAs":["https:\/\/www.facebook.com\/GNVofficiel"]},{"@type":"Person","@id":"https:\/\/gabonnouvellevision.com\/gnv\/#\/schema\/person\/4b48e07d222f83c0285affc3704bc899","name":"Eyeng Obame","image":{"@type":"ImageObject","inLanguage":"fr-FR","@id":"https:\/\/gabonnouvellevision.com\/gnv\/#\/schema\/person\/image\/","url":"https:\/\/secure.gravatar.com\/avatar\/167bc03b8baf3c77318a47159f80871de6f5a6cbf4bc8b6af750fbc1a369d7bf?s=96&d=mm&r=g","contentUrl":"https:\/\/secure.gravatar.com\/avatar\/167bc03b8baf3c77318a47159f80871de6f5a6cbf4bc8b6af750fbc1a369d7bf?s=96&d=mm&r=g","caption":"Eyeng Obame"},"url":"https:\/\/gabonnouvellevision.com\/gnv\/author\/rufin\/"}]}},"_links":{"self":[{"href":"https:\/\/gabonnouvellevision.com\/gnv\/wp-json\/wp\/v2\/posts\/23690","targetHints":{"allow":["GET"]}}],"collection":[{"href":"https:\/\/gabonnouvellevision.com\/gnv\/wp-json\/wp\/v2\/posts"}],"about":[{"href":"https:\/\/gabonnouvellevision.com\/gnv\/wp-json\/wp\/v2\/types\/post"}],"author":[{"embeddable":true,"href":"https:\/\/gabonnouvellevision.com\/gnv\/wp-json\/wp\/v2\/users\/7"}],"replies":[{"embeddable":true,"href":"https:\/\/gabonnouvellevision.com\/gnv\/wp-json\/wp\/v2\/comments?post=23690"}],"version-history":[{"count":1,"href":"https:\/\/gabonnouvellevision.com\/gnv\/wp-json\/wp\/v2\/posts\/23690\/revisions"}],"predecessor-version":[{"id":23693,"href":"https:\/\/gabonnouvellevision.com\/gnv\/wp-json\/wp\/v2\/posts\/23690\/revisions\/23693"}],"wp:featuredmedia":[{"embeddable":true,"href":"https:\/\/gabonnouvellevision.com\/gnv\/wp-json\/wp\/v2\/media\/23692"}],"wp:attachment":[{"href":"https:\/\/gabonnouvellevision.com\/gnv\/wp-json\/wp\/v2\/media?parent=23690"}],"wp:term":[{"taxonomy":"category","embeddable":true,"href":"https:\/\/gabonnouvellevision.com\/gnv\/wp-json\/wp\/v2\/categories?post=23690"},{"taxonomy":"post_tag","embeddable":true,"href":"https:\/\/gabonnouvellevision.com\/gnv\/wp-json\/wp\/v2\/tags?post=23690"}],"curies":[{"name":"wp","href":"https:\/\/api.w.org\/{rel}","templated":true}]}}