{"id":23686,"date":"2025-02-18T12:36:17","date_gmt":"2025-02-18T11:36:17","guid":{"rendered":"https:\/\/gabonnouvellevision.com\/gnv\/?p=23686"},"modified":"2025-02-18T12:59:31","modified_gmt":"2025-02-18T11:59:31","slug":"societe-aide-a-la-presse-privee-la-commission-devaluation-a-pied-douvre","status":"publish","type":"post","link":"https:\/\/gabonnouvellevision.com\/gnv\/2025\/02\/18\/societe-aide-a-la-presse-privee-la-commission-devaluation-a-pied-douvre\/","title":{"rendered":"Soci\u00e9t\u00e9\/Aide \u00e0 la presse priv\u00e9e\/La commission d\u2019\u00e9valuation \u00e0 pied d\u2019\u0153uvre"},"content":{"rendered":"\n<p>La ministre de la Communication et des M\u00e9dias, Mme Laurence Ndong a proc\u00e9d\u00e9, le 17 f\u00e9vrier 2025 \u00e0 Libreville, au lancement des travaux de la commission d\u2019\u00e9valuation des dossiers relatifs \u00e0 la subvention d\u2019aide \u00e0 la presse priv\u00e9e d\u00e9cid\u00e9e par les plus hautes autorit\u00e9s du pays.<\/p>\n\n\n\n<p>Initi\u00e9e par feu le pr\u00e9sident Omar Bongo Ondimba en 2000, la subvention d\u2019aide \u00e0 la presse priv\u00e9e a subi plusieurs modifications allant de 500 millions de FCFA au d\u00e9part pour 127 millions entre temps avec le r\u00e9gime d\u00e9chu. Il a donc fallu l\u2019arriv\u00e9e du CTRI avec \u00e0 sa t\u00eate le g\u00e9n\u00e9ral de Brigade Brice Clotaire Oligui Nguema pour ramener ce soutien pr\u00e9sidentiel \u00e0 son montant initial, \u00e0 savoir les 500 millions. Ainsi, pour une meilleure r\u00e9partition aux ayants droits, le Minist\u00e8re de la communication et des m\u00e9dias a cru bon de mettre en branle une commission ind\u00e9pendante \u00e0 l\u2019\u0153uvre \u00e0 l\u2019effet de d\u00e9cortiquer les diff\u00e9rents dossiers pour en d\u00e9terminer qui peut pr\u00e9tendre \u00e0 quoi. C\u2019est donc cette commission dont les travaux, ouverts le 17 f\u00e9vrier 2025 par la responsable de ce d\u00e9partement minist\u00e9riel qui s\u2019ach\u00e8veront le vendredi 21 f\u00e9vrier 2025. A en croire les commissaires, ce sont pr\u00e8s d\u2019une centaine de dossiers qui seront scrut\u00e9s durant ces travaux auxquels prennent part, outre le minist\u00e8re de tutelle, les repr\u00e9sentants de la Primature, de la haute Autorit\u00e9 de la Communication, de la Francophonie et de ceux des organisations des syndicats de la presse.<\/p>\n\n\n\n<p><strong>J.M<\/strong><\/p>\n","protected":false},"excerpt":{"rendered":"<p>La ministre de la Communication et des M\u00e9dias, Mme Laurence Ndong a proc\u00e9d\u00e9, le 17 f\u00e9vrier 2025 \u00e0 Libreville, au lancement des travaux de la commission d\u2019\u00e9valuation des dossiers relatifs \u00e0 la subvention d\u2019aide \u00e0 la presse priv\u00e9e d\u00e9cid\u00e9e par les plus hautes autorit\u00e9s du pays. Initi\u00e9e par feu le pr\u00e9sident Omar Bongo Ondimba en [&hellip;]<\/p>\n","protected":false},"author":5,"featured_media":0,"comment_status":"open","ping_status":"open","sticky":false,"template":"","format":"standard","meta":{"footnotes":""},"categories":[1],"tags":[],"class_list":["post-23686","post","type-post","status-publish","format-standard","hentry","category-non-classe"],"yoast_head":"<!-- This site is optimized with the Yoast SEO plugin v24.2 - https:\/\/yoast.com\/wordpress\/plugins\/seo\/ -->\n<title>Soci\u00e9t\u00e9\/Aide \u00e0 la presse priv\u00e9e\/La commission d\u2019\u00e9valuation \u00e0 pied d\u2019\u0153uvre - Gabon Nouvelle Vision<\/title>\n<meta name=\"robots\" content=\"index, follow, max-snippet:-1, max-image-preview:large, max-video-preview:-1\" \/>\n<link rel=\"canonical\" href=\"https:\/\/gabonnouvellevision.com\/gnv\/2025\/02\/18\/societe-aide-a-la-presse-privee-la-commission-devaluation-a-pied-douvre\/\" \/>\n<meta property=\"og:locale\" content=\"fr_FR\" \/>\n<meta property=\"og:type\" content=\"article\" \/>\n<meta property=\"og:title\" content=\"Soci\u00e9t\u00e9\/Aide \u00e0 la presse priv\u00e9e\/La commission d\u2019\u00e9valuation \u00e0 pied d\u2019\u0153uvre - Gabon Nouvelle Vision\" \/>\n<meta property=\"og:description\" content=\"La ministre de la Communication et des M\u00e9dias, Mme Laurence Ndong a proc\u00e9d\u00e9, le 17 f\u00e9vrier 2025 \u00e0 Libreville, au lancement des travaux de la commission d\u2019\u00e9valuation des dossiers relatifs \u00e0 la subvention d\u2019aide \u00e0 la presse priv\u00e9e d\u00e9cid\u00e9e par les plus hautes autorit\u00e9s du pays. Initi\u00e9e par feu le pr\u00e9sident Omar Bongo Ondimba en [&hellip;]\" \/>\n<meta property=\"og:url\" content=\"https:\/\/gabonnouvellevision.com\/gnv\/2025\/02\/18\/societe-aide-a-la-presse-privee-la-commission-devaluation-a-pied-douvre\/\" \/>\n<meta property=\"og:site_name\" content=\"Gabon Nouvelle Vision\" \/>\n<meta property=\"article:publisher\" content=\"https:\/\/www.facebook.com\/GNVofficiel\" \/>\n<meta property=\"article:published_time\" content=\"2025-02-18T11:36:17+00:00\" \/>\n<meta property=\"article:modified_time\" content=\"2025-02-18T11:59:31+00:00\" \/>\n<meta name=\"author\" content=\"Junior MBOULET\" \/>\n<meta name=\"twitter:card\" content=\"summary_large_image\" \/>\n<meta name=\"twitter:label1\" content=\"\u00c9crit par\" \/>\n\t<meta name=\"twitter:data1\" content=\"Junior MBOULET\" \/>\n\t<meta name=\"twitter:label2\" content=\"Dur\u00e9e de lecture estim\u00e9e\" \/>\n\t<meta name=\"twitter:data2\" content=\"2 minutes\" \/>\n<script type=\"application\/ld+json\" class=\"yoast-schema-graph\">{\"@context\":\"https:\/\/schema.org\",\"@graph\":[{\"@type\":\"Article\",\"@id\":\"https:\/\/gabonnouvellevision.com\/gnv\/2025\/02\/18\/societe-aide-a-la-presse-privee-la-commission-devaluation-a-pied-douvre\/#article\",\"isPartOf\":{\"@id\":\"https:\/\/gabonnouvellevision.com\/gnv\/2025\/02\/18\/societe-aide-a-la-presse-privee-la-commission-devaluation-a-pied-douvre\/\"},\"author\":{\"name\":\"Junior MBOULET\",\"@id\":\"https:\/\/gabonnouvellevision.com\/gnv\/#\/schema\/person\/747bfb82bd833fb5a5a49e7c5031633d\"},\"headline\":\"Soci\u00e9t\u00e9\/Aide \u00e0 la presse priv\u00e9e\/La commission d\u2019\u00e9valuation \u00e0 pied d\u2019\u0153uvre\",\"datePublished\":\"2025-02-18T11:36:17+00:00\",\"dateModified\":\"2025-02-18T11:59:31+00:00\",\"mainEntityOfPage\":{\"@id\":\"https:\/\/gabonnouvellevision.com\/gnv\/2025\/02\/18\/societe-aide-a-la-presse-privee-la-commission-devaluation-a-pied-douvre\/\"},\"wordCount\":277,\"commentCount\":0,\"publisher\":{\"@id\":\"https:\/\/gabonnouvellevision.com\/gnv\/#organization\"},\"inLanguage\":\"fr-FR\",\"potentialAction\":[{\"@type\":\"CommentAction\",\"name\":\"Comment\",\"target\":[\"https:\/\/gabonnouvellevision.com\/gnv\/2025\/02\/18\/societe-aide-a-la-presse-privee-la-commission-devaluation-a-pied-douvre\/#respond\"]}]},{\"@type\":\"WebPage\",\"@id\":\"https:\/\/gabonnouvellevision.com\/gnv\/2025\/02\/18\/societe-aide-a-la-presse-privee-la-commission-devaluation-a-pied-douvre\/\",\"url\":\"https:\/\/gabonnouvellevision.com\/gnv\/2025\/02\/18\/societe-aide-a-la-presse-privee-la-commission-devaluation-a-pied-douvre\/\",\"name\":\"Soci\u00e9t\u00e9\/Aide \u00e0 la presse priv\u00e9e\/La commission d\u2019\u00e9valuation \u00e0 pied d\u2019\u0153uvre - Gabon Nouvelle Vision\",\"isPartOf\":{\"@id\":\"https:\/\/gabonnouvellevision.com\/gnv\/#website\"},\"datePublished\":\"2025-02-18T11:36:17+00:00\",\"dateModified\":\"2025-02-18T11:59:31+00:00\",\"breadcrumb\":{\"@id\":\"https:\/\/gabonnouvellevision.com\/gnv\/2025\/02\/18\/societe-aide-a-la-presse-privee-la-commission-devaluation-a-pied-douvre\/#breadcrumb\"},\"inLanguage\":\"fr-FR\",\"potentialAction\":[{\"@type\":\"ReadAction\",\"target\":[\"https:\/\/gabonnouvellevision.com\/gnv\/2025\/02\/18\/societe-aide-a-la-presse-privee-la-commission-devaluation-a-pied-douvre\/\"]}]},{\"@type\":\"BreadcrumbList\",\"@id\":\"https:\/\/gabonnouvellevision.com\/gnv\/2025\/02\/18\/societe-aide-a-la-presse-privee-la-commission-devaluation-a-pied-douvre\/#breadcrumb\",\"itemListElement\":[{\"@type\":\"ListItem\",\"position\":1,\"name\":\"Accueil\",\"item\":\"https:\/\/gabonnouvellevision.com\/gnv\/\"},{\"@type\":\"ListItem\",\"position\":2,\"name\":\"Soci\u00e9t\u00e9\/Aide \u00e0 la presse priv\u00e9e\/La commission d\u2019\u00e9valuation \u00e0 pied d\u2019\u0153uvre\"}]},{\"@type\":\"WebSite\",\"@id\":\"https:\/\/gabonnouvellevision.com\/gnv\/#website\",\"url\":\"https:\/\/gabonnouvellevision.com\/gnv\/\",\"name\":\"Gabon Nouvelle Vision\",\"description\":\"\",\"publisher\":{\"@id\":\"https:\/\/gabonnouvellevision.com\/gnv\/#organization\"},\"potentialAction\":[{\"@type\":\"SearchAction\",\"target\":{\"@type\":\"EntryPoint\",\"urlTemplate\":\"https:\/\/gabonnouvellevision.com\/gnv\/?s={search_term_string}\"},\"query-input\":{\"@type\":\"PropertyValueSpecification\",\"valueRequired\":true,\"valueName\":\"search_term_string\"}}],\"inLanguage\":\"fr-FR\"},{\"@type\":\"Organization\",\"@id\":\"https:\/\/gabonnouvellevision.com\/gnv\/#organization\",\"name\":\"Gabon Nouvelle Vision\",\"url\":\"https:\/\/gabonnouvellevision.com\/gnv\/\",\"logo\":{\"@type\":\"ImageObject\",\"inLanguage\":\"fr-FR\",\"@id\":\"https:\/\/gabonnouvellevision.com\/gnv\/#\/schema\/logo\/image\/\",\"url\":\"https:\/\/gabonnouvellevision.com\/gnv\/wp-content\/uploads\/2025\/01\/logo-text_Plan-de-travail-1.png\",\"contentUrl\":\"https:\/\/gabonnouvellevision.com\/gnv\/wp-content\/uploads\/2025\/01\/logo-text_Plan-de-travail-1.png\",\"width\":7169,\"height\":2390,\"caption\":\"Gabon Nouvelle Vision\"},\"image\":{\"@id\":\"https:\/\/gabonnouvellevision.com\/gnv\/#\/schema\/logo\/image\/\"},\"sameAs\":[\"https:\/\/www.facebook.com\/GNVofficiel\"]},{\"@type\":\"Person\",\"@id\":\"https:\/\/gabonnouvellevision.com\/gnv\/#\/schema\/person\/747bfb82bd833fb5a5a49e7c5031633d\",\"name\":\"Junior MBOULET\",\"image\":{\"@type\":\"ImageObject\",\"inLanguage\":\"fr-FR\",\"@id\":\"https:\/\/gabonnouvellevision.com\/gnv\/#\/schema\/person\/image\/\",\"url\":\"https:\/\/secure.gravatar.com\/avatar\/b541278a71f2f5c40b38fff4c93c15b82cf168df8b47ea9d9e97c9c9c716c6f0?s=96&d=mm&r=g\",\"contentUrl\":\"https:\/\/secure.gravatar.com\/avatar\/b541278a71f2f5c40b38fff4c93c15b82cf168df8b47ea9d9e97c9c9c716c6f0?s=96&d=mm&r=g\",\"caption\":\"Junior MBOULET\"},\"url\":\"https:\/\/gabonnouvellevision.com\/gnv\/author\/junior\/\"}]}<\/script>\n<!-- \/ Yoast SEO plugin. -->","yoast_head_json":{"title":"Soci\u00e9t\u00e9\/Aide \u00e0 la presse priv\u00e9e\/La commission d\u2019\u00e9valuation \u00e0 pied d\u2019\u0153uvre - Gabon Nouvelle Vision","robots":{"index":"index","follow":"follow","max-snippet":"max-snippet:-1","max-image-preview":"max-image-preview:large","max-video-preview":"max-video-preview:-1"},"canonical":"https:\/\/gabonnouvellevision.com\/gnv\/2025\/02\/18\/societe-aide-a-la-presse-privee-la-commission-devaluation-a-pied-douvre\/","og_locale":"fr_FR","og_type":"article","og_title":"Soci\u00e9t\u00e9\/Aide \u00e0 la presse priv\u00e9e\/La commission d\u2019\u00e9valuation \u00e0 pied d\u2019\u0153uvre - Gabon Nouvelle Vision","og_description":"La ministre de la Communication et des M\u00e9dias, Mme Laurence Ndong a proc\u00e9d\u00e9, le 17 f\u00e9vrier 2025 \u00e0 Libreville, au lancement des travaux de la commission d\u2019\u00e9valuation des dossiers relatifs \u00e0 la subvention d\u2019aide \u00e0 la presse priv\u00e9e d\u00e9cid\u00e9e par les plus hautes autorit\u00e9s du pays. Initi\u00e9e par feu le pr\u00e9sident Omar Bongo Ondimba en [&hellip;]","og_url":"https:\/\/gabonnouvellevision.com\/gnv\/2025\/02\/18\/societe-aide-a-la-presse-privee-la-commission-devaluation-a-pied-douvre\/","og_site_name":"Gabon Nouvelle Vision","article_publisher":"https:\/\/www.facebook.com\/GNVofficiel","article_published_time":"2025-02-18T11:36:17+00:00","article_modified_time":"2025-02-18T11:59:31+00:00","author":"Junior MBOULET","twitter_card":"summary_large_image","twitter_misc":{"\u00c9crit par":"Junior MBOULET","Dur\u00e9e de lecture estim\u00e9e":"2 minutes"},"schema":{"@context":"https:\/\/schema.org","@graph":[{"@type":"Article","@id":"https:\/\/gabonnouvellevision.com\/gnv\/2025\/02\/18\/societe-aide-a-la-presse-privee-la-commission-devaluation-a-pied-douvre\/#article","isPartOf":{"@id":"https:\/\/gabonnouvellevision.com\/gnv\/2025\/02\/18\/societe-aide-a-la-presse-privee-la-commission-devaluation-a-pied-douvre\/"},"author":{"name":"Junior MBOULET","@id":"https:\/\/gabonnouvellevision.com\/gnv\/#\/schema\/person\/747bfb82bd833fb5a5a49e7c5031633d"},"headline":"Soci\u00e9t\u00e9\/Aide \u00e0 la presse priv\u00e9e\/La commission d\u2019\u00e9valuation \u00e0 pied d\u2019\u0153uvre","datePublished":"2025-02-18T11:36:17+00:00","dateModified":"2025-02-18T11:59:31+00:00","mainEntityOfPage":{"@id":"https:\/\/gabonnouvellevision.com\/gnv\/2025\/02\/18\/societe-aide-a-la-presse-privee-la-commission-devaluation-a-pied-douvre\/"},"wordCount":277,"commentCount":0,"publisher":{"@id":"https:\/\/gabonnouvellevision.com\/gnv\/#organization"},"inLanguage":"fr-FR","potentialAction":[{"@type":"CommentAction","name":"Comment","target":["https:\/\/gabonnouvellevision.com\/gnv\/2025\/02\/18\/societe-aide-a-la-presse-privee-la-commission-devaluation-a-pied-douvre\/#respond"]}]},{"@type":"WebPage","@id":"https:\/\/gabonnouvellevision.com\/gnv\/2025\/02\/18\/societe-aide-a-la-presse-privee-la-commission-devaluation-a-pied-douvre\/","url":"https:\/\/gabonnouvellevision.com\/gnv\/2025\/02\/18\/societe-aide-a-la-presse-privee-la-commission-devaluation-a-pied-douvre\/","name":"Soci\u00e9t\u00e9\/Aide \u00e0 la presse priv\u00e9e\/La commission d\u2019\u00e9valuation \u00e0 pied d\u2019\u0153uvre - Gabon Nouvelle Vision","isPartOf":{"@id":"https:\/\/gabonnouvellevision.com\/gnv\/#website"},"datePublished":"2025-02-18T11:36:17+00:00","dateModified":"2025-02-18T11:59:31+00:00","breadcrumb":{"@id":"https:\/\/gabonnouvellevision.com\/gnv\/2025\/02\/18\/societe-aide-a-la-presse-privee-la-commission-devaluation-a-pied-douvre\/#breadcrumb"},"inLanguage":"fr-FR","potentialAction":[{"@type":"ReadAction","target":["https:\/\/gabonnouvellevision.com\/gnv\/2025\/02\/18\/societe-aide-a-la-presse-privee-la-commission-devaluation-a-pied-douvre\/"]}]},{"@type":"BreadcrumbList","@id":"https:\/\/gabonnouvellevision.com\/gnv\/2025\/02\/18\/societe-aide-a-la-presse-privee-la-commission-devaluation-a-pied-douvre\/#breadcrumb","itemListElement":[{"@type":"ListItem","position":1,"name":"Accueil","item":"https:\/\/gabonnouvellevision.com\/gnv\/"},{"@type":"ListItem","position":2,"name":"Soci\u00e9t\u00e9\/Aide \u00e0 la presse priv\u00e9e\/La commission d\u2019\u00e9valuation \u00e0 pied d\u2019\u0153uvre"}]},{"@type":"WebSite","@id":"https:\/\/gabonnouvellevision.com\/gnv\/#website","url":"https:\/\/gabonnouvellevision.com\/gnv\/","name":"Gabon Nouvelle Vision","description":"","publisher":{"@id":"https:\/\/gabonnouvellevision.com\/gnv\/#organization"},"potentialAction":[{"@type":"SearchAction","target":{"@type":"EntryPoint","urlTemplate":"https:\/\/gabonnouvellevision.com\/gnv\/?s={search_term_string}"},"query-input":{"@type":"PropertyValueSpecification","valueRequired":true,"valueName":"search_term_string"}}],"inLanguage":"fr-FR"},{"@type":"Organization","@id":"https:\/\/gabonnouvellevision.com\/gnv\/#organization","name":"Gabon Nouvelle Vision","url":"https:\/\/gabonnouvellevision.com\/gnv\/","logo":{"@type":"ImageObject","inLanguage":"fr-FR","@id":"https:\/\/gabonnouvellevision.com\/gnv\/#\/schema\/logo\/image\/","url":"https:\/\/gabonnouvellevision.com\/gnv\/wp-content\/uploads\/2025\/01\/logo-text_Plan-de-travail-1.png","contentUrl":"https:\/\/gabonnouvellevision.com\/gnv\/wp-content\/uploads\/2025\/01\/logo-text_Plan-de-travail-1.png","width":7169,"height":2390,"caption":"Gabon Nouvelle Vision"},"image":{"@id":"https:\/\/gabonnouvellevision.com\/gnv\/#\/schema\/logo\/image\/"},"sameAs":["https:\/\/www.facebook.com\/GNVofficiel"]},{"@type":"Person","@id":"https:\/\/gabonnouvellevision.com\/gnv\/#\/schema\/person\/747bfb82bd833fb5a5a49e7c5031633d","name":"Junior MBOULET","image":{"@type":"ImageObject","inLanguage":"fr-FR","@id":"https:\/\/gabonnouvellevision.com\/gnv\/#\/schema\/person\/image\/","url":"https:\/\/secure.gravatar.com\/avatar\/b541278a71f2f5c40b38fff4c93c15b82cf168df8b47ea9d9e97c9c9c716c6f0?s=96&d=mm&r=g","contentUrl":"https:\/\/secure.gravatar.com\/avatar\/b541278a71f2f5c40b38fff4c93c15b82cf168df8b47ea9d9e97c9c9c716c6f0?s=96&d=mm&r=g","caption":"Junior MBOULET"},"url":"https:\/\/gabonnouvellevision.com\/gnv\/author\/junior\/"}]}},"_links":{"self":[{"href":"https:\/\/gabonnouvellevision.com\/gnv\/wp-json\/wp\/v2\/posts\/23686","targetHints":{"allow":["GET"]}}],"collection":[{"href":"https:\/\/gabonnouvellevision.com\/gnv\/wp-json\/wp\/v2\/posts"}],"about":[{"href":"https:\/\/gabonnouvellevision.com\/gnv\/wp-json\/wp\/v2\/types\/post"}],"author":[{"embeddable":true,"href":"https:\/\/gabonnouvellevision.com\/gnv\/wp-json\/wp\/v2\/users\/5"}],"replies":[{"embeddable":true,"href":"https:\/\/gabonnouvellevision.com\/gnv\/wp-json\/wp\/v2\/comments?post=23686"}],"version-history":[{"count":2,"href":"https:\/\/gabonnouvellevision.com\/gnv\/wp-json\/wp\/v2\/posts\/23686\/revisions"}],"predecessor-version":[{"id":23688,"href":"https:\/\/gabonnouvellevision.com\/gnv\/wp-json\/wp\/v2\/posts\/23686\/revisions\/23688"}],"wp:attachment":[{"href":"https:\/\/gabonnouvellevision.com\/gnv\/wp-json\/wp\/v2\/media?parent=23686"}],"wp:term":[{"taxonomy":"category","embeddable":true,"href":"https:\/\/gabonnouvellevision.com\/gnv\/wp-json\/wp\/v2\/categories?post=23686"},{"taxonomy":"post_tag","embeddable":true,"href":"https:\/\/gabonnouvellevision.com\/gnv\/wp-json\/wp\/v2\/tags?post=23686"}],"curies":[{"name":"wp","href":"https:\/\/api.w.org\/{rel}","templated":true}]}}