{"id":23647,"date":"2025-02-08T12:03:00","date_gmt":"2025-02-08T11:03:00","guid":{"rendered":"https:\/\/gabonnouvellevision.com\/gnv\/?p=23647"},"modified":"2025-02-08T12:03:02","modified_gmt":"2025-02-08T11:03:02","slug":"plus-de-35-millions-de-victimes-de-crise-humanitaire-en-afrique-centrale","status":"publish","type":"post","link":"https:\/\/gabonnouvellevision.com\/gnv\/2025\/02\/08\/plus-de-35-millions-de-victimes-de-crise-humanitaire-en-afrique-centrale\/","title":{"rendered":"Plus de 35 millions de victimes de crise humanitaire en Afrique Centrale"},"content":{"rendered":"\n<p>Le Pr\u00e9sident Gabonais, Brice Clotaire Oligui Nguema, pr\u00e9occup\u00e9 par la crise humanitaire dans l\u2019Est de la RDC avec ses Pairs de la CEEAC \u00e0 Malabo en Guin\u00e9e- \u00e9quatoriale<\/p>\n\n\n\n<p><strong><em>Tomb\u00e9e de rideau du 6\u00e8me sommet extraordinaire des Chefs d\u2019Etats et de Gouvernements de la CEEAC hier \u00e0 Malabo en Guin\u00e9e \u00e9quatoriale, avec \u00e0 la cl\u00e9 , l\u2019urgence d\u2019une aide alimentaire accrue \u00e0 plus de 35 millions de personnes en Afrique Centrale<\/em>.<\/strong><\/p>\n\n\n\n<p>Une journ\u00e9e de travail a suffit aux onze Etats membres de la CEEAC pour trouver une solution urgente \u00e0 la situation de crise humanitaire qui s\u00e9vit actuellement dans cette partie r\u00e9gionale du continent Africain, notamment en RDC au Nord Kivu et Sud Kivu.<\/p>\n\n\n\n<p>Au terme des travaux, les participants ont exhort\u00e9 la communaut\u00e9 internationale \u00e0 soutenir davantage les 35 millions de personnes victimes de la crise humanitaire. Des personnes majoritairement issues de la RDC en raison du conflit arm\u00e9 qui oppose \u00e0 l\u2019Est du territoire Congolais, les forces gouvernementales, et le M23 soutenu ouvertement par le Rwanda.<\/p>\n\n\n\n<p>Les dirigeants de la CEEAC appellent un retrait imm\u00e9diat des troupes Rwandaises du territoire Congolais. Avant d\u2019inviter les deux pays \u00e0 respecter leurs engagements dans le cadre du processus de Luanda.<\/p>\n\n\n\n<p>Enfin, les pays membres de la CEEAC, sollicitent la tenue imminente d\u2019un sommet sur la crise en RDC , avec leurs homologues de&nbsp;la SADC, EAC et CIRGL. Un sommet qui devra \u00eatre plac\u00e9 sous les hospices de l\u2019Union Africaine.<\/p>\n\n\n\n<p>Cr\u00e9\u00e9e le 18 octobre 1983 \u00e0 Libreville, cette organisation de d\u00e9veloppement sous r\u00e9gionale de plus de 300 millions d\u2019habitants, compte \u00e0 ce jour 11 membres \u00e0 savoir : Angola, Burundi, Cameroun, Congo, Gabon, Guin\u00e9e-\u00e9quatoriale, Centrafrique, R\u00e9publique D\u00e9mocratique du Congo, Rwanda, S\u00e2o Tom\u00e9 et Principe, et Tchad.<\/p>\n\n\n\n<p>&nbsp;&nbsp;&nbsp;&nbsp;&nbsp;&nbsp;&nbsp;&nbsp;&nbsp;&nbsp;&nbsp;&nbsp;&nbsp;&nbsp;&nbsp;&nbsp;<strong>Rufin Martial Oke Nze<\/strong><\/p>\n","protected":false},"excerpt":{"rendered":"<p>Le Pr\u00e9sident Gabonais, Brice Clotaire Oligui Nguema, pr\u00e9occup\u00e9 par la crise humanitaire dans l\u2019Est de la RDC avec ses Pairs de la CEEAC \u00e0 Malabo en Guin\u00e9e- \u00e9quatoriale Tomb\u00e9e de rideau du 6\u00e8me sommet extraordinaire des Chefs d\u2019Etats et de Gouvernements de la CEEAC hier \u00e0 Malabo en Guin\u00e9e \u00e9quatoriale, avec \u00e0 la cl\u00e9 , [&hellip;]<\/p>\n","protected":false},"author":7,"featured_media":0,"comment_status":"open","ping_status":"open","sticky":false,"template":"","format":"standard","meta":{"footnotes":""},"categories":[1],"tags":[],"class_list":["post-23647","post","type-post","status-publish","format-standard","hentry","category-non-classe"],"yoast_head":"<!-- This site is optimized with the Yoast SEO plugin v24.2 - https:\/\/yoast.com\/wordpress\/plugins\/seo\/ -->\n<title>Plus de 35 millions de victimes de crise humanitaire en Afrique Centrale - Gabon Nouvelle Vision<\/title>\n<meta name=\"robots\" content=\"index, follow, max-snippet:-1, max-image-preview:large, max-video-preview:-1\" \/>\n<link rel=\"canonical\" href=\"https:\/\/gabonnouvellevision.com\/gnv\/2025\/02\/08\/plus-de-35-millions-de-victimes-de-crise-humanitaire-en-afrique-centrale\/\" \/>\n<meta property=\"og:locale\" content=\"fr_FR\" \/>\n<meta property=\"og:type\" content=\"article\" \/>\n<meta property=\"og:title\" content=\"Plus de 35 millions de victimes de crise humanitaire en Afrique Centrale - Gabon Nouvelle Vision\" \/>\n<meta property=\"og:description\" content=\"Le Pr\u00e9sident Gabonais, Brice Clotaire Oligui Nguema, pr\u00e9occup\u00e9 par la crise humanitaire dans l\u2019Est de la RDC avec ses Pairs de la CEEAC \u00e0 Malabo en Guin\u00e9e- \u00e9quatoriale Tomb\u00e9e de rideau du 6\u00e8me sommet extraordinaire des Chefs d\u2019Etats et de Gouvernements de la CEEAC hier \u00e0 Malabo en Guin\u00e9e \u00e9quatoriale, avec \u00e0 la cl\u00e9 , [&hellip;]\" \/>\n<meta property=\"og:url\" content=\"https:\/\/gabonnouvellevision.com\/gnv\/2025\/02\/08\/plus-de-35-millions-de-victimes-de-crise-humanitaire-en-afrique-centrale\/\" \/>\n<meta property=\"og:site_name\" content=\"Gabon Nouvelle Vision\" \/>\n<meta property=\"article:publisher\" content=\"https:\/\/www.facebook.com\/GNVofficiel\" \/>\n<meta property=\"article:published_time\" content=\"2025-02-08T11:03:00+00:00\" \/>\n<meta property=\"article:modified_time\" content=\"2025-02-08T11:03:02+00:00\" \/>\n<meta name=\"author\" content=\"Eyeng Obame\" \/>\n<meta name=\"twitter:card\" content=\"summary_large_image\" \/>\n<meta name=\"twitter:label1\" content=\"\u00c9crit par\" \/>\n\t<meta name=\"twitter:data1\" content=\"Eyeng Obame\" \/>\n\t<meta name=\"twitter:label2\" content=\"Dur\u00e9e de lecture estim\u00e9e\" \/>\n\t<meta name=\"twitter:data2\" content=\"2 minutes\" \/>\n<script type=\"application\/ld+json\" class=\"yoast-schema-graph\">{\"@context\":\"https:\/\/schema.org\",\"@graph\":[{\"@type\":\"Article\",\"@id\":\"https:\/\/gabonnouvellevision.com\/gnv\/2025\/02\/08\/plus-de-35-millions-de-victimes-de-crise-humanitaire-en-afrique-centrale\/#article\",\"isPartOf\":{\"@id\":\"https:\/\/gabonnouvellevision.com\/gnv\/2025\/02\/08\/plus-de-35-millions-de-victimes-de-crise-humanitaire-en-afrique-centrale\/\"},\"author\":{\"name\":\"Eyeng Obame\",\"@id\":\"https:\/\/gabonnouvellevision.com\/gnv\/#\/schema\/person\/4b48e07d222f83c0285affc3704bc899\"},\"headline\":\"Plus de 35 millions de victimes de crise humanitaire en Afrique Centrale\",\"datePublished\":\"2025-02-08T11:03:00+00:00\",\"dateModified\":\"2025-02-08T11:03:02+00:00\",\"mainEntityOfPage\":{\"@id\":\"https:\/\/gabonnouvellevision.com\/gnv\/2025\/02\/08\/plus-de-35-millions-de-victimes-de-crise-humanitaire-en-afrique-centrale\/\"},\"wordCount\":322,\"commentCount\":0,\"publisher\":{\"@id\":\"https:\/\/gabonnouvellevision.com\/gnv\/#organization\"},\"inLanguage\":\"fr-FR\",\"potentialAction\":[{\"@type\":\"CommentAction\",\"name\":\"Comment\",\"target\":[\"https:\/\/gabonnouvellevision.com\/gnv\/2025\/02\/08\/plus-de-35-millions-de-victimes-de-crise-humanitaire-en-afrique-centrale\/#respond\"]}]},{\"@type\":\"WebPage\",\"@id\":\"https:\/\/gabonnouvellevision.com\/gnv\/2025\/02\/08\/plus-de-35-millions-de-victimes-de-crise-humanitaire-en-afrique-centrale\/\",\"url\":\"https:\/\/gabonnouvellevision.com\/gnv\/2025\/02\/08\/plus-de-35-millions-de-victimes-de-crise-humanitaire-en-afrique-centrale\/\",\"name\":\"Plus de 35 millions de victimes de crise humanitaire en Afrique Centrale - Gabon Nouvelle Vision\",\"isPartOf\":{\"@id\":\"https:\/\/gabonnouvellevision.com\/gnv\/#website\"},\"datePublished\":\"2025-02-08T11:03:00+00:00\",\"dateModified\":\"2025-02-08T11:03:02+00:00\",\"breadcrumb\":{\"@id\":\"https:\/\/gabonnouvellevision.com\/gnv\/2025\/02\/08\/plus-de-35-millions-de-victimes-de-crise-humanitaire-en-afrique-centrale\/#breadcrumb\"},\"inLanguage\":\"fr-FR\",\"potentialAction\":[{\"@type\":\"ReadAction\",\"target\":[\"https:\/\/gabonnouvellevision.com\/gnv\/2025\/02\/08\/plus-de-35-millions-de-victimes-de-crise-humanitaire-en-afrique-centrale\/\"]}]},{\"@type\":\"BreadcrumbList\",\"@id\":\"https:\/\/gabonnouvellevision.com\/gnv\/2025\/02\/08\/plus-de-35-millions-de-victimes-de-crise-humanitaire-en-afrique-centrale\/#breadcrumb\",\"itemListElement\":[{\"@type\":\"ListItem\",\"position\":1,\"name\":\"Accueil\",\"item\":\"https:\/\/gabonnouvellevision.com\/gnv\/\"},{\"@type\":\"ListItem\",\"position\":2,\"name\":\"Plus de 35 millions de victimes de crise humanitaire en Afrique Centrale\"}]},{\"@type\":\"WebSite\",\"@id\":\"https:\/\/gabonnouvellevision.com\/gnv\/#website\",\"url\":\"https:\/\/gabonnouvellevision.com\/gnv\/\",\"name\":\"Gabon Nouvelle Vision\",\"description\":\"\",\"publisher\":{\"@id\":\"https:\/\/gabonnouvellevision.com\/gnv\/#organization\"},\"potentialAction\":[{\"@type\":\"SearchAction\",\"target\":{\"@type\":\"EntryPoint\",\"urlTemplate\":\"https:\/\/gabonnouvellevision.com\/gnv\/?s={search_term_string}\"},\"query-input\":{\"@type\":\"PropertyValueSpecification\",\"valueRequired\":true,\"valueName\":\"search_term_string\"}}],\"inLanguage\":\"fr-FR\"},{\"@type\":\"Organization\",\"@id\":\"https:\/\/gabonnouvellevision.com\/gnv\/#organization\",\"name\":\"Gabon Nouvelle Vision\",\"url\":\"https:\/\/gabonnouvellevision.com\/gnv\/\",\"logo\":{\"@type\":\"ImageObject\",\"inLanguage\":\"fr-FR\",\"@id\":\"https:\/\/gabonnouvellevision.com\/gnv\/#\/schema\/logo\/image\/\",\"url\":\"https:\/\/gabonnouvellevision.com\/gnv\/wp-content\/uploads\/2025\/01\/logo-text_Plan-de-travail-1.png\",\"contentUrl\":\"https:\/\/gabonnouvellevision.com\/gnv\/wp-content\/uploads\/2025\/01\/logo-text_Plan-de-travail-1.png\",\"width\":7169,\"height\":2390,\"caption\":\"Gabon Nouvelle Vision\"},\"image\":{\"@id\":\"https:\/\/gabonnouvellevision.com\/gnv\/#\/schema\/logo\/image\/\"},\"sameAs\":[\"https:\/\/www.facebook.com\/GNVofficiel\"]},{\"@type\":\"Person\",\"@id\":\"https:\/\/gabonnouvellevision.com\/gnv\/#\/schema\/person\/4b48e07d222f83c0285affc3704bc899\",\"name\":\"Eyeng Obame\",\"image\":{\"@type\":\"ImageObject\",\"inLanguage\":\"fr-FR\",\"@id\":\"https:\/\/gabonnouvellevision.com\/gnv\/#\/schema\/person\/image\/\",\"url\":\"https:\/\/secure.gravatar.com\/avatar\/167bc03b8baf3c77318a47159f80871de6f5a6cbf4bc8b6af750fbc1a369d7bf?s=96&d=mm&r=g\",\"contentUrl\":\"https:\/\/secure.gravatar.com\/avatar\/167bc03b8baf3c77318a47159f80871de6f5a6cbf4bc8b6af750fbc1a369d7bf?s=96&d=mm&r=g\",\"caption\":\"Eyeng Obame\"},\"url\":\"https:\/\/gabonnouvellevision.com\/gnv\/author\/rufin\/\"}]}<\/script>\n<!-- \/ Yoast SEO plugin. -->","yoast_head_json":{"title":"Plus de 35 millions de victimes de crise humanitaire en Afrique Centrale - Gabon Nouvelle Vision","robots":{"index":"index","follow":"follow","max-snippet":"max-snippet:-1","max-image-preview":"max-image-preview:large","max-video-preview":"max-video-preview:-1"},"canonical":"https:\/\/gabonnouvellevision.com\/gnv\/2025\/02\/08\/plus-de-35-millions-de-victimes-de-crise-humanitaire-en-afrique-centrale\/","og_locale":"fr_FR","og_type":"article","og_title":"Plus de 35 millions de victimes de crise humanitaire en Afrique Centrale - Gabon Nouvelle Vision","og_description":"Le Pr\u00e9sident Gabonais, Brice Clotaire Oligui Nguema, pr\u00e9occup\u00e9 par la crise humanitaire dans l\u2019Est de la RDC avec ses Pairs de la CEEAC \u00e0 Malabo en Guin\u00e9e- \u00e9quatoriale Tomb\u00e9e de rideau du 6\u00e8me sommet extraordinaire des Chefs d\u2019Etats et de Gouvernements de la CEEAC hier \u00e0 Malabo en Guin\u00e9e \u00e9quatoriale, avec \u00e0 la cl\u00e9 , [&hellip;]","og_url":"https:\/\/gabonnouvellevision.com\/gnv\/2025\/02\/08\/plus-de-35-millions-de-victimes-de-crise-humanitaire-en-afrique-centrale\/","og_site_name":"Gabon Nouvelle Vision","article_publisher":"https:\/\/www.facebook.com\/GNVofficiel","article_published_time":"2025-02-08T11:03:00+00:00","article_modified_time":"2025-02-08T11:03:02+00:00","author":"Eyeng Obame","twitter_card":"summary_large_image","twitter_misc":{"\u00c9crit par":"Eyeng Obame","Dur\u00e9e de lecture estim\u00e9e":"2 minutes"},"schema":{"@context":"https:\/\/schema.org","@graph":[{"@type":"Article","@id":"https:\/\/gabonnouvellevision.com\/gnv\/2025\/02\/08\/plus-de-35-millions-de-victimes-de-crise-humanitaire-en-afrique-centrale\/#article","isPartOf":{"@id":"https:\/\/gabonnouvellevision.com\/gnv\/2025\/02\/08\/plus-de-35-millions-de-victimes-de-crise-humanitaire-en-afrique-centrale\/"},"author":{"name":"Eyeng Obame","@id":"https:\/\/gabonnouvellevision.com\/gnv\/#\/schema\/person\/4b48e07d222f83c0285affc3704bc899"},"headline":"Plus de 35 millions de victimes de crise humanitaire en Afrique Centrale","datePublished":"2025-02-08T11:03:00+00:00","dateModified":"2025-02-08T11:03:02+00:00","mainEntityOfPage":{"@id":"https:\/\/gabonnouvellevision.com\/gnv\/2025\/02\/08\/plus-de-35-millions-de-victimes-de-crise-humanitaire-en-afrique-centrale\/"},"wordCount":322,"commentCount":0,"publisher":{"@id":"https:\/\/gabonnouvellevision.com\/gnv\/#organization"},"inLanguage":"fr-FR","potentialAction":[{"@type":"CommentAction","name":"Comment","target":["https:\/\/gabonnouvellevision.com\/gnv\/2025\/02\/08\/plus-de-35-millions-de-victimes-de-crise-humanitaire-en-afrique-centrale\/#respond"]}]},{"@type":"WebPage","@id":"https:\/\/gabonnouvellevision.com\/gnv\/2025\/02\/08\/plus-de-35-millions-de-victimes-de-crise-humanitaire-en-afrique-centrale\/","url":"https:\/\/gabonnouvellevision.com\/gnv\/2025\/02\/08\/plus-de-35-millions-de-victimes-de-crise-humanitaire-en-afrique-centrale\/","name":"Plus de 35 millions de victimes de crise humanitaire en Afrique Centrale - Gabon Nouvelle Vision","isPartOf":{"@id":"https:\/\/gabonnouvellevision.com\/gnv\/#website"},"datePublished":"2025-02-08T11:03:00+00:00","dateModified":"2025-02-08T11:03:02+00:00","breadcrumb":{"@id":"https:\/\/gabonnouvellevision.com\/gnv\/2025\/02\/08\/plus-de-35-millions-de-victimes-de-crise-humanitaire-en-afrique-centrale\/#breadcrumb"},"inLanguage":"fr-FR","potentialAction":[{"@type":"ReadAction","target":["https:\/\/gabonnouvellevision.com\/gnv\/2025\/02\/08\/plus-de-35-millions-de-victimes-de-crise-humanitaire-en-afrique-centrale\/"]}]},{"@type":"BreadcrumbList","@id":"https:\/\/gabonnouvellevision.com\/gnv\/2025\/02\/08\/plus-de-35-millions-de-victimes-de-crise-humanitaire-en-afrique-centrale\/#breadcrumb","itemListElement":[{"@type":"ListItem","position":1,"name":"Accueil","item":"https:\/\/gabonnouvellevision.com\/gnv\/"},{"@type":"ListItem","position":2,"name":"Plus de 35 millions de victimes de crise humanitaire en Afrique Centrale"}]},{"@type":"WebSite","@id":"https:\/\/gabonnouvellevision.com\/gnv\/#website","url":"https:\/\/gabonnouvellevision.com\/gnv\/","name":"Gabon Nouvelle Vision","description":"","publisher":{"@id":"https:\/\/gabonnouvellevision.com\/gnv\/#organization"},"potentialAction":[{"@type":"SearchAction","target":{"@type":"EntryPoint","urlTemplate":"https:\/\/gabonnouvellevision.com\/gnv\/?s={search_term_string}"},"query-input":{"@type":"PropertyValueSpecification","valueRequired":true,"valueName":"search_term_string"}}],"inLanguage":"fr-FR"},{"@type":"Organization","@id":"https:\/\/gabonnouvellevision.com\/gnv\/#organization","name":"Gabon Nouvelle Vision","url":"https:\/\/gabonnouvellevision.com\/gnv\/","logo":{"@type":"ImageObject","inLanguage":"fr-FR","@id":"https:\/\/gabonnouvellevision.com\/gnv\/#\/schema\/logo\/image\/","url":"https:\/\/gabonnouvellevision.com\/gnv\/wp-content\/uploads\/2025\/01\/logo-text_Plan-de-travail-1.png","contentUrl":"https:\/\/gabonnouvellevision.com\/gnv\/wp-content\/uploads\/2025\/01\/logo-text_Plan-de-travail-1.png","width":7169,"height":2390,"caption":"Gabon Nouvelle Vision"},"image":{"@id":"https:\/\/gabonnouvellevision.com\/gnv\/#\/schema\/logo\/image\/"},"sameAs":["https:\/\/www.facebook.com\/GNVofficiel"]},{"@type":"Person","@id":"https:\/\/gabonnouvellevision.com\/gnv\/#\/schema\/person\/4b48e07d222f83c0285affc3704bc899","name":"Eyeng Obame","image":{"@type":"ImageObject","inLanguage":"fr-FR","@id":"https:\/\/gabonnouvellevision.com\/gnv\/#\/schema\/person\/image\/","url":"https:\/\/secure.gravatar.com\/avatar\/167bc03b8baf3c77318a47159f80871de6f5a6cbf4bc8b6af750fbc1a369d7bf?s=96&d=mm&r=g","contentUrl":"https:\/\/secure.gravatar.com\/avatar\/167bc03b8baf3c77318a47159f80871de6f5a6cbf4bc8b6af750fbc1a369d7bf?s=96&d=mm&r=g","caption":"Eyeng Obame"},"url":"https:\/\/gabonnouvellevision.com\/gnv\/author\/rufin\/"}]}},"_links":{"self":[{"href":"https:\/\/gabonnouvellevision.com\/gnv\/wp-json\/wp\/v2\/posts\/23647","targetHints":{"allow":["GET"]}}],"collection":[{"href":"https:\/\/gabonnouvellevision.com\/gnv\/wp-json\/wp\/v2\/posts"}],"about":[{"href":"https:\/\/gabonnouvellevision.com\/gnv\/wp-json\/wp\/v2\/types\/post"}],"author":[{"embeddable":true,"href":"https:\/\/gabonnouvellevision.com\/gnv\/wp-json\/wp\/v2\/users\/7"}],"replies":[{"embeddable":true,"href":"https:\/\/gabonnouvellevision.com\/gnv\/wp-json\/wp\/v2\/comments?post=23647"}],"version-history":[{"count":1,"href":"https:\/\/gabonnouvellevision.com\/gnv\/wp-json\/wp\/v2\/posts\/23647\/revisions"}],"predecessor-version":[{"id":23648,"href":"https:\/\/gabonnouvellevision.com\/gnv\/wp-json\/wp\/v2\/posts\/23647\/revisions\/23648"}],"wp:attachment":[{"href":"https:\/\/gabonnouvellevision.com\/gnv\/wp-json\/wp\/v2\/media?parent=23647"}],"wp:term":[{"taxonomy":"category","embeddable":true,"href":"https:\/\/gabonnouvellevision.com\/gnv\/wp-json\/wp\/v2\/categories?post=23647"},{"taxonomy":"post_tag","embeddable":true,"href":"https:\/\/gabonnouvellevision.com\/gnv\/wp-json\/wp\/v2\/tags?post=23647"}],"curies":[{"name":"wp","href":"https:\/\/api.w.org\/{rel}","templated":true}]}}