{"id":23616,"date":"2025-01-30T14:23:59","date_gmt":"2025-01-30T13:23:59","guid":{"rendered":"https:\/\/gabonnouvellevision.com\/gnv\/?p=23616"},"modified":"2025-01-30T14:24:01","modified_gmt":"2025-01-30T13:24:01","slug":"presidentielle-2025-au-gabon-le-calendrier-scolaire-repousse-au-19-juillet-2025","status":"publish","type":"post","link":"https:\/\/gabonnouvellevision.com\/gnv\/2025\/01\/30\/presidentielle-2025-au-gabon-le-calendrier-scolaire-repousse-au-19-juillet-2025\/","title":{"rendered":"Pr\u00e9sidentielle 2025 au Gabon: le calendrier scolaire repouss\u00e9 au 19 juillet 2025"},"content":{"rendered":"\n<p><strong><em>En pr\u00e9lude \u00e0 l\u2019\u00e9lection pr\u00e9sidentielle du 12 avril prochain au Gabon, Le Minist\u00e8re de l\u2019\u00e9ducation Nationale vient de revoir le calendrier scolaire de l\u2019ann\u00e9e en cours, pour lui permettre d\u2019\u00eatre en phase avec les standards internationaux<\/em><\/strong><strong>.<\/strong><\/p>\n\n\n\n<p>Le ministre de l\u2019\u00e9ducation nationale, Cam\u00e9lia Ntoutoume Leclercq, vient de publier officiellement &nbsp;le nouveau calendrier \u00e9lectoral devant permettre le bon d\u00e9roulement de l\u2019\u00e9lection pr\u00e9sidentielle du 12 avril prochain sans trop perturber l\u2019ann\u00e9e scolaire en cours.<\/p>\n\n\n\n<p>Ainsi, la fin des cours de l\u2019ann\u00e9e scolaire courante, initialement pr\u00e9vue pour le 30 juin 2025, vient d\u2019\u00eatre repouss\u00e9e au 19 juillet 2025.<\/p>\n\n\n\n<p>Les vacances scolaires auront lieu du 29 mars au 21 avril 2025 en lieu et place du 08 au 16 mars 2025.<\/p>\n\n\n\n<p>\u201cNous n\u2019aurons \u00e0 rattraper que deux semaines de cong\u00e9s, dues \u00e0 la p\u00e9riode \u00e9lectorale, pour rester dans les standards des neuf mois de cours homologu\u00e9s en R\u00e9publique Gabonaise\u201d s\u2019est d\u00e9fendue la Ministre de l\u2019\u00e9ducation nationale, Cam\u00e9lia Ntoutoume Leclercq, dans une interview publi\u00e9e ces derni\u00e8res au quotidien l\u2019Union.<\/p>\n\n\n\n<p>Vivement que les nouvelles dispositions dudit calendrier scolaire soient respect\u00e9es \u00e0 la lettre, par tous les acteurs du syst\u00e8me \u00e9ducatif Gabonais, pour le bien-\u00eatre de tous.<\/p>\n\n\n\n<p>&nbsp;&nbsp;&nbsp;&nbsp;&nbsp;&nbsp;&nbsp;&nbsp;&nbsp;&nbsp;&nbsp;&nbsp;<strong>Rufin Martial Oke Nze<\/strong><\/p>\n","protected":false},"excerpt":{"rendered":"<p>En pr\u00e9lude \u00e0 l\u2019\u00e9lection pr\u00e9sidentielle du 12 avril prochain au Gabon, Le Minist\u00e8re de l\u2019\u00e9ducation Nationale vient de revoir le calendrier scolaire de l\u2019ann\u00e9e en cours, pour lui permettre d\u2019\u00eatre en phase avec les standards internationaux. Le ministre de l\u2019\u00e9ducation nationale, Cam\u00e9lia Ntoutoume Leclercq, vient de publier officiellement &nbsp;le nouveau calendrier \u00e9lectoral devant permettre le [&hellip;]<\/p>\n","protected":false},"author":7,"featured_media":23617,"comment_status":"open","ping_status":"open","sticky":false,"template":"","format":"standard","meta":{"footnotes":""},"categories":[57,55,65,56],"tags":[],"class_list":["post-23616","post","type-post","status-publish","format-standard","has-post-thumbnail","hentry","category-a-la-une","category-actualites","category-politique-podcasts","category-societe"],"yoast_head":"<!-- This site is optimized with the Yoast SEO plugin v24.2 - https:\/\/yoast.com\/wordpress\/plugins\/seo\/ -->\n<title>Pr\u00e9sidentielle 2025 au Gabon: le calendrier scolaire repouss\u00e9 au 19 juillet 2025 - Gabon Nouvelle Vision<\/title>\n<meta name=\"robots\" content=\"index, follow, max-snippet:-1, max-image-preview:large, max-video-preview:-1\" \/>\n<link rel=\"canonical\" href=\"https:\/\/gabonnouvellevision.com\/gnv\/2025\/01\/30\/presidentielle-2025-au-gabon-le-calendrier-scolaire-repousse-au-19-juillet-2025\/\" \/>\n<meta property=\"og:locale\" content=\"fr_FR\" \/>\n<meta property=\"og:type\" content=\"article\" \/>\n<meta property=\"og:title\" content=\"Pr\u00e9sidentielle 2025 au Gabon: le calendrier scolaire repouss\u00e9 au 19 juillet 2025 - Gabon Nouvelle Vision\" \/>\n<meta property=\"og:description\" content=\"En pr\u00e9lude \u00e0 l\u2019\u00e9lection pr\u00e9sidentielle du 12 avril prochain au Gabon, Le Minist\u00e8re de l\u2019\u00e9ducation Nationale vient de revoir le calendrier scolaire de l\u2019ann\u00e9e en cours, pour lui permettre d\u2019\u00eatre en phase avec les standards internationaux. Le ministre de l\u2019\u00e9ducation nationale, Cam\u00e9lia Ntoutoume Leclercq, vient de publier officiellement &nbsp;le nouveau calendrier \u00e9lectoral devant permettre le [&hellip;]\" \/>\n<meta property=\"og:url\" content=\"https:\/\/gabonnouvellevision.com\/gnv\/2025\/01\/30\/presidentielle-2025-au-gabon-le-calendrier-scolaire-repousse-au-19-juillet-2025\/\" \/>\n<meta property=\"og:site_name\" content=\"Gabon Nouvelle Vision\" \/>\n<meta property=\"article:publisher\" content=\"https:\/\/www.facebook.com\/GNVofficiel\" \/>\n<meta property=\"article:published_time\" content=\"2025-01-30T13:23:59+00:00\" \/>\n<meta property=\"article:modified_time\" content=\"2025-01-30T13:24:01+00:00\" \/>\n<meta property=\"og:image\" content=\"https:\/\/gabonnouvellevision.com\/gnv\/wp-content\/uploads\/2025\/01\/400679220_747368067431446_7796264702960480386_n.jpg\" \/>\n\t<meta property=\"og:image:width\" content=\"960\" \/>\n\t<meta property=\"og:image:height\" content=\"640\" \/>\n\t<meta property=\"og:image:type\" content=\"image\/jpeg\" \/>\n<meta name=\"author\" content=\"Eyeng Obame\" \/>\n<meta name=\"twitter:card\" content=\"summary_large_image\" \/>\n<meta name=\"twitter:label1\" content=\"\u00c9crit par\" \/>\n\t<meta name=\"twitter:data1\" content=\"Eyeng Obame\" \/>\n\t<meta name=\"twitter:label2\" content=\"Dur\u00e9e de lecture estim\u00e9e\" \/>\n\t<meta name=\"twitter:data2\" content=\"2 minutes\" \/>\n<script type=\"application\/ld+json\" class=\"yoast-schema-graph\">{\"@context\":\"https:\/\/schema.org\",\"@graph\":[{\"@type\":\"Article\",\"@id\":\"https:\/\/gabonnouvellevision.com\/gnv\/2025\/01\/30\/presidentielle-2025-au-gabon-le-calendrier-scolaire-repousse-au-19-juillet-2025\/#article\",\"isPartOf\":{\"@id\":\"https:\/\/gabonnouvellevision.com\/gnv\/2025\/01\/30\/presidentielle-2025-au-gabon-le-calendrier-scolaire-repousse-au-19-juillet-2025\/\"},\"author\":{\"name\":\"Eyeng Obame\",\"@id\":\"https:\/\/gabonnouvellevision.com\/gnv\/#\/schema\/person\/4b48e07d222f83c0285affc3704bc899\"},\"headline\":\"Pr\u00e9sidentielle 2025 au Gabon: le calendrier scolaire repouss\u00e9 au 19 juillet 2025\",\"datePublished\":\"2025-01-30T13:23:59+00:00\",\"dateModified\":\"2025-01-30T13:24:01+00:00\",\"mainEntityOfPage\":{\"@id\":\"https:\/\/gabonnouvellevision.com\/gnv\/2025\/01\/30\/presidentielle-2025-au-gabon-le-calendrier-scolaire-repousse-au-19-juillet-2025\/\"},\"wordCount\":235,\"commentCount\":0,\"publisher\":{\"@id\":\"https:\/\/gabonnouvellevision.com\/gnv\/#organization\"},\"image\":{\"@id\":\"https:\/\/gabonnouvellevision.com\/gnv\/2025\/01\/30\/presidentielle-2025-au-gabon-le-calendrier-scolaire-repousse-au-19-juillet-2025\/#primaryimage\"},\"thumbnailUrl\":\"https:\/\/gabonnouvellevision.com\/gnv\/wp-content\/uploads\/2025\/01\/400679220_747368067431446_7796264702960480386_n.jpg\",\"articleSection\":[\"A la une\",\"Actualites\",\"Politique\",\"Societe\"],\"inLanguage\":\"fr-FR\",\"potentialAction\":[{\"@type\":\"CommentAction\",\"name\":\"Comment\",\"target\":[\"https:\/\/gabonnouvellevision.com\/gnv\/2025\/01\/30\/presidentielle-2025-au-gabon-le-calendrier-scolaire-repousse-au-19-juillet-2025\/#respond\"]}]},{\"@type\":\"WebPage\",\"@id\":\"https:\/\/gabonnouvellevision.com\/gnv\/2025\/01\/30\/presidentielle-2025-au-gabon-le-calendrier-scolaire-repousse-au-19-juillet-2025\/\",\"url\":\"https:\/\/gabonnouvellevision.com\/gnv\/2025\/01\/30\/presidentielle-2025-au-gabon-le-calendrier-scolaire-repousse-au-19-juillet-2025\/\",\"name\":\"Pr\u00e9sidentielle 2025 au Gabon: le calendrier scolaire repouss\u00e9 au 19 juillet 2025 - Gabon Nouvelle Vision\",\"isPartOf\":{\"@id\":\"https:\/\/gabonnouvellevision.com\/gnv\/#website\"},\"primaryImageOfPage\":{\"@id\":\"https:\/\/gabonnouvellevision.com\/gnv\/2025\/01\/30\/presidentielle-2025-au-gabon-le-calendrier-scolaire-repousse-au-19-juillet-2025\/#primaryimage\"},\"image\":{\"@id\":\"https:\/\/gabonnouvellevision.com\/gnv\/2025\/01\/30\/presidentielle-2025-au-gabon-le-calendrier-scolaire-repousse-au-19-juillet-2025\/#primaryimage\"},\"thumbnailUrl\":\"https:\/\/gabonnouvellevision.com\/gnv\/wp-content\/uploads\/2025\/01\/400679220_747368067431446_7796264702960480386_n.jpg\",\"datePublished\":\"2025-01-30T13:23:59+00:00\",\"dateModified\":\"2025-01-30T13:24:01+00:00\",\"breadcrumb\":{\"@id\":\"https:\/\/gabonnouvellevision.com\/gnv\/2025\/01\/30\/presidentielle-2025-au-gabon-le-calendrier-scolaire-repousse-au-19-juillet-2025\/#breadcrumb\"},\"inLanguage\":\"fr-FR\",\"potentialAction\":[{\"@type\":\"ReadAction\",\"target\":[\"https:\/\/gabonnouvellevision.com\/gnv\/2025\/01\/30\/presidentielle-2025-au-gabon-le-calendrier-scolaire-repousse-au-19-juillet-2025\/\"]}]},{\"@type\":\"ImageObject\",\"inLanguage\":\"fr-FR\",\"@id\":\"https:\/\/gabonnouvellevision.com\/gnv\/2025\/01\/30\/presidentielle-2025-au-gabon-le-calendrier-scolaire-repousse-au-19-juillet-2025\/#primaryimage\",\"url\":\"https:\/\/gabonnouvellevision.com\/gnv\/wp-content\/uploads\/2025\/01\/400679220_747368067431446_7796264702960480386_n.jpg\",\"contentUrl\":\"https:\/\/gabonnouvellevision.com\/gnv\/wp-content\/uploads\/2025\/01\/400679220_747368067431446_7796264702960480386_n.jpg\",\"width\":960,\"height\":640},{\"@type\":\"BreadcrumbList\",\"@id\":\"https:\/\/gabonnouvellevision.com\/gnv\/2025\/01\/30\/presidentielle-2025-au-gabon-le-calendrier-scolaire-repousse-au-19-juillet-2025\/#breadcrumb\",\"itemListElement\":[{\"@type\":\"ListItem\",\"position\":1,\"name\":\"Accueil\",\"item\":\"https:\/\/gabonnouvellevision.com\/gnv\/\"},{\"@type\":\"ListItem\",\"position\":2,\"name\":\"Pr\u00e9sidentielle 2025 au Gabon: le calendrier scolaire repouss\u00e9 au 19 juillet 2025\"}]},{\"@type\":\"WebSite\",\"@id\":\"https:\/\/gabonnouvellevision.com\/gnv\/#website\",\"url\":\"https:\/\/gabonnouvellevision.com\/gnv\/\",\"name\":\"Gabon Nouvelle Vision\",\"description\":\"\",\"publisher\":{\"@id\":\"https:\/\/gabonnouvellevision.com\/gnv\/#organization\"},\"potentialAction\":[{\"@type\":\"SearchAction\",\"target\":{\"@type\":\"EntryPoint\",\"urlTemplate\":\"https:\/\/gabonnouvellevision.com\/gnv\/?s={search_term_string}\"},\"query-input\":{\"@type\":\"PropertyValueSpecification\",\"valueRequired\":true,\"valueName\":\"search_term_string\"}}],\"inLanguage\":\"fr-FR\"},{\"@type\":\"Organization\",\"@id\":\"https:\/\/gabonnouvellevision.com\/gnv\/#organization\",\"name\":\"Gabon Nouvelle Vision\",\"url\":\"https:\/\/gabonnouvellevision.com\/gnv\/\",\"logo\":{\"@type\":\"ImageObject\",\"inLanguage\":\"fr-FR\",\"@id\":\"https:\/\/gabonnouvellevision.com\/gnv\/#\/schema\/logo\/image\/\",\"url\":\"https:\/\/gabonnouvellevision.com\/gnv\/wp-content\/uploads\/2025\/01\/logo-text_Plan-de-travail-1.png\",\"contentUrl\":\"https:\/\/gabonnouvellevision.com\/gnv\/wp-content\/uploads\/2025\/01\/logo-text_Plan-de-travail-1.png\",\"width\":7169,\"height\":2390,\"caption\":\"Gabon Nouvelle Vision\"},\"image\":{\"@id\":\"https:\/\/gabonnouvellevision.com\/gnv\/#\/schema\/logo\/image\/\"},\"sameAs\":[\"https:\/\/www.facebook.com\/GNVofficiel\"]},{\"@type\":\"Person\",\"@id\":\"https:\/\/gabonnouvellevision.com\/gnv\/#\/schema\/person\/4b48e07d222f83c0285affc3704bc899\",\"name\":\"Eyeng Obame\",\"image\":{\"@type\":\"ImageObject\",\"inLanguage\":\"fr-FR\",\"@id\":\"https:\/\/gabonnouvellevision.com\/gnv\/#\/schema\/person\/image\/\",\"url\":\"https:\/\/secure.gravatar.com\/avatar\/167bc03b8baf3c77318a47159f80871de6f5a6cbf4bc8b6af750fbc1a369d7bf?s=96&d=mm&r=g\",\"contentUrl\":\"https:\/\/secure.gravatar.com\/avatar\/167bc03b8baf3c77318a47159f80871de6f5a6cbf4bc8b6af750fbc1a369d7bf?s=96&d=mm&r=g\",\"caption\":\"Eyeng Obame\"},\"url\":\"https:\/\/gabonnouvellevision.com\/gnv\/author\/rufin\/\"}]}<\/script>\n<!-- \/ Yoast SEO plugin. -->","yoast_head_json":{"title":"Pr\u00e9sidentielle 2025 au Gabon: le calendrier scolaire repouss\u00e9 au 19 juillet 2025 - Gabon Nouvelle Vision","robots":{"index":"index","follow":"follow","max-snippet":"max-snippet:-1","max-image-preview":"max-image-preview:large","max-video-preview":"max-video-preview:-1"},"canonical":"https:\/\/gabonnouvellevision.com\/gnv\/2025\/01\/30\/presidentielle-2025-au-gabon-le-calendrier-scolaire-repousse-au-19-juillet-2025\/","og_locale":"fr_FR","og_type":"article","og_title":"Pr\u00e9sidentielle 2025 au Gabon: le calendrier scolaire repouss\u00e9 au 19 juillet 2025 - Gabon Nouvelle Vision","og_description":"En pr\u00e9lude \u00e0 l\u2019\u00e9lection pr\u00e9sidentielle du 12 avril prochain au Gabon, Le Minist\u00e8re de l\u2019\u00e9ducation Nationale vient de revoir le calendrier scolaire de l\u2019ann\u00e9e en cours, pour lui permettre d\u2019\u00eatre en phase avec les standards internationaux. Le ministre de l\u2019\u00e9ducation nationale, Cam\u00e9lia Ntoutoume Leclercq, vient de publier officiellement &nbsp;le nouveau calendrier \u00e9lectoral devant permettre le [&hellip;]","og_url":"https:\/\/gabonnouvellevision.com\/gnv\/2025\/01\/30\/presidentielle-2025-au-gabon-le-calendrier-scolaire-repousse-au-19-juillet-2025\/","og_site_name":"Gabon Nouvelle Vision","article_publisher":"https:\/\/www.facebook.com\/GNVofficiel","article_published_time":"2025-01-30T13:23:59+00:00","article_modified_time":"2025-01-30T13:24:01+00:00","og_image":[{"width":960,"height":640,"url":"https:\/\/gabonnouvellevision.com\/gnv\/wp-content\/uploads\/2025\/01\/400679220_747368067431446_7796264702960480386_n.jpg","type":"image\/jpeg"}],"author":"Eyeng Obame","twitter_card":"summary_large_image","twitter_misc":{"\u00c9crit par":"Eyeng Obame","Dur\u00e9e de lecture estim\u00e9e":"2 minutes"},"schema":{"@context":"https:\/\/schema.org","@graph":[{"@type":"Article","@id":"https:\/\/gabonnouvellevision.com\/gnv\/2025\/01\/30\/presidentielle-2025-au-gabon-le-calendrier-scolaire-repousse-au-19-juillet-2025\/#article","isPartOf":{"@id":"https:\/\/gabonnouvellevision.com\/gnv\/2025\/01\/30\/presidentielle-2025-au-gabon-le-calendrier-scolaire-repousse-au-19-juillet-2025\/"},"author":{"name":"Eyeng Obame","@id":"https:\/\/gabonnouvellevision.com\/gnv\/#\/schema\/person\/4b48e07d222f83c0285affc3704bc899"},"headline":"Pr\u00e9sidentielle 2025 au Gabon: le calendrier scolaire repouss\u00e9 au 19 juillet 2025","datePublished":"2025-01-30T13:23:59+00:00","dateModified":"2025-01-30T13:24:01+00:00","mainEntityOfPage":{"@id":"https:\/\/gabonnouvellevision.com\/gnv\/2025\/01\/30\/presidentielle-2025-au-gabon-le-calendrier-scolaire-repousse-au-19-juillet-2025\/"},"wordCount":235,"commentCount":0,"publisher":{"@id":"https:\/\/gabonnouvellevision.com\/gnv\/#organization"},"image":{"@id":"https:\/\/gabonnouvellevision.com\/gnv\/2025\/01\/30\/presidentielle-2025-au-gabon-le-calendrier-scolaire-repousse-au-19-juillet-2025\/#primaryimage"},"thumbnailUrl":"https:\/\/gabonnouvellevision.com\/gnv\/wp-content\/uploads\/2025\/01\/400679220_747368067431446_7796264702960480386_n.jpg","articleSection":["A la une","Actualites","Politique","Societe"],"inLanguage":"fr-FR","potentialAction":[{"@type":"CommentAction","name":"Comment","target":["https:\/\/gabonnouvellevision.com\/gnv\/2025\/01\/30\/presidentielle-2025-au-gabon-le-calendrier-scolaire-repousse-au-19-juillet-2025\/#respond"]}]},{"@type":"WebPage","@id":"https:\/\/gabonnouvellevision.com\/gnv\/2025\/01\/30\/presidentielle-2025-au-gabon-le-calendrier-scolaire-repousse-au-19-juillet-2025\/","url":"https:\/\/gabonnouvellevision.com\/gnv\/2025\/01\/30\/presidentielle-2025-au-gabon-le-calendrier-scolaire-repousse-au-19-juillet-2025\/","name":"Pr\u00e9sidentielle 2025 au Gabon: le calendrier scolaire repouss\u00e9 au 19 juillet 2025 - Gabon Nouvelle Vision","isPartOf":{"@id":"https:\/\/gabonnouvellevision.com\/gnv\/#website"},"primaryImageOfPage":{"@id":"https:\/\/gabonnouvellevision.com\/gnv\/2025\/01\/30\/presidentielle-2025-au-gabon-le-calendrier-scolaire-repousse-au-19-juillet-2025\/#primaryimage"},"image":{"@id":"https:\/\/gabonnouvellevision.com\/gnv\/2025\/01\/30\/presidentielle-2025-au-gabon-le-calendrier-scolaire-repousse-au-19-juillet-2025\/#primaryimage"},"thumbnailUrl":"https:\/\/gabonnouvellevision.com\/gnv\/wp-content\/uploads\/2025\/01\/400679220_747368067431446_7796264702960480386_n.jpg","datePublished":"2025-01-30T13:23:59+00:00","dateModified":"2025-01-30T13:24:01+00:00","breadcrumb":{"@id":"https:\/\/gabonnouvellevision.com\/gnv\/2025\/01\/30\/presidentielle-2025-au-gabon-le-calendrier-scolaire-repousse-au-19-juillet-2025\/#breadcrumb"},"inLanguage":"fr-FR","potentialAction":[{"@type":"ReadAction","target":["https:\/\/gabonnouvellevision.com\/gnv\/2025\/01\/30\/presidentielle-2025-au-gabon-le-calendrier-scolaire-repousse-au-19-juillet-2025\/"]}]},{"@type":"ImageObject","inLanguage":"fr-FR","@id":"https:\/\/gabonnouvellevision.com\/gnv\/2025\/01\/30\/presidentielle-2025-au-gabon-le-calendrier-scolaire-repousse-au-19-juillet-2025\/#primaryimage","url":"https:\/\/gabonnouvellevision.com\/gnv\/wp-content\/uploads\/2025\/01\/400679220_747368067431446_7796264702960480386_n.jpg","contentUrl":"https:\/\/gabonnouvellevision.com\/gnv\/wp-content\/uploads\/2025\/01\/400679220_747368067431446_7796264702960480386_n.jpg","width":960,"height":640},{"@type":"BreadcrumbList","@id":"https:\/\/gabonnouvellevision.com\/gnv\/2025\/01\/30\/presidentielle-2025-au-gabon-le-calendrier-scolaire-repousse-au-19-juillet-2025\/#breadcrumb","itemListElement":[{"@type":"ListItem","position":1,"name":"Accueil","item":"https:\/\/gabonnouvellevision.com\/gnv\/"},{"@type":"ListItem","position":2,"name":"Pr\u00e9sidentielle 2025 au Gabon: le calendrier scolaire repouss\u00e9 au 19 juillet 2025"}]},{"@type":"WebSite","@id":"https:\/\/gabonnouvellevision.com\/gnv\/#website","url":"https:\/\/gabonnouvellevision.com\/gnv\/","name":"Gabon Nouvelle Vision","description":"","publisher":{"@id":"https:\/\/gabonnouvellevision.com\/gnv\/#organization"},"potentialAction":[{"@type":"SearchAction","target":{"@type":"EntryPoint","urlTemplate":"https:\/\/gabonnouvellevision.com\/gnv\/?s={search_term_string}"},"query-input":{"@type":"PropertyValueSpecification","valueRequired":true,"valueName":"search_term_string"}}],"inLanguage":"fr-FR"},{"@type":"Organization","@id":"https:\/\/gabonnouvellevision.com\/gnv\/#organization","name":"Gabon Nouvelle Vision","url":"https:\/\/gabonnouvellevision.com\/gnv\/","logo":{"@type":"ImageObject","inLanguage":"fr-FR","@id":"https:\/\/gabonnouvellevision.com\/gnv\/#\/schema\/logo\/image\/","url":"https:\/\/gabonnouvellevision.com\/gnv\/wp-content\/uploads\/2025\/01\/logo-text_Plan-de-travail-1.png","contentUrl":"https:\/\/gabonnouvellevision.com\/gnv\/wp-content\/uploads\/2025\/01\/logo-text_Plan-de-travail-1.png","width":7169,"height":2390,"caption":"Gabon Nouvelle Vision"},"image":{"@id":"https:\/\/gabonnouvellevision.com\/gnv\/#\/schema\/logo\/image\/"},"sameAs":["https:\/\/www.facebook.com\/GNVofficiel"]},{"@type":"Person","@id":"https:\/\/gabonnouvellevision.com\/gnv\/#\/schema\/person\/4b48e07d222f83c0285affc3704bc899","name":"Eyeng Obame","image":{"@type":"ImageObject","inLanguage":"fr-FR","@id":"https:\/\/gabonnouvellevision.com\/gnv\/#\/schema\/person\/image\/","url":"https:\/\/secure.gravatar.com\/avatar\/167bc03b8baf3c77318a47159f80871de6f5a6cbf4bc8b6af750fbc1a369d7bf?s=96&d=mm&r=g","contentUrl":"https:\/\/secure.gravatar.com\/avatar\/167bc03b8baf3c77318a47159f80871de6f5a6cbf4bc8b6af750fbc1a369d7bf?s=96&d=mm&r=g","caption":"Eyeng Obame"},"url":"https:\/\/gabonnouvellevision.com\/gnv\/author\/rufin\/"}]}},"_links":{"self":[{"href":"https:\/\/gabonnouvellevision.com\/gnv\/wp-json\/wp\/v2\/posts\/23616","targetHints":{"allow":["GET"]}}],"collection":[{"href":"https:\/\/gabonnouvellevision.com\/gnv\/wp-json\/wp\/v2\/posts"}],"about":[{"href":"https:\/\/gabonnouvellevision.com\/gnv\/wp-json\/wp\/v2\/types\/post"}],"author":[{"embeddable":true,"href":"https:\/\/gabonnouvellevision.com\/gnv\/wp-json\/wp\/v2\/users\/7"}],"replies":[{"embeddable":true,"href":"https:\/\/gabonnouvellevision.com\/gnv\/wp-json\/wp\/v2\/comments?post=23616"}],"version-history":[{"count":1,"href":"https:\/\/gabonnouvellevision.com\/gnv\/wp-json\/wp\/v2\/posts\/23616\/revisions"}],"predecessor-version":[{"id":23618,"href":"https:\/\/gabonnouvellevision.com\/gnv\/wp-json\/wp\/v2\/posts\/23616\/revisions\/23618"}],"wp:featuredmedia":[{"embeddable":true,"href":"https:\/\/gabonnouvellevision.com\/gnv\/wp-json\/wp\/v2\/media\/23617"}],"wp:attachment":[{"href":"https:\/\/gabonnouvellevision.com\/gnv\/wp-json\/wp\/v2\/media?parent=23616"}],"wp:term":[{"taxonomy":"category","embeddable":true,"href":"https:\/\/gabonnouvellevision.com\/gnv\/wp-json\/wp\/v2\/categories?post=23616"},{"taxonomy":"post_tag","embeddable":true,"href":"https:\/\/gabonnouvellevision.com\/gnv\/wp-json\/wp\/v2\/tags?post=23616"}],"curies":[{"name":"wp","href":"https:\/\/api.w.org\/{rel}","templated":true}]}}