{"id":23612,"date":"2025-01-29T15:37:27","date_gmt":"2025-01-29T14:37:27","guid":{"rendered":"https:\/\/gabonnouvellevision.com\/gnv\/?p=23612"},"modified":"2025-01-29T15:37:28","modified_gmt":"2025-01-29T14:37:28","slug":"politique-pdg-un-parti-politique-desormais-a-deux-tetes","status":"publish","type":"post","link":"https:\/\/gabonnouvellevision.com\/gnv\/2025\/01\/29\/politique-pdg-un-parti-politique-desormais-a-deux-tetes\/","title":{"rendered":"Politique\/PDG\u00a0: Un parti politique d\u00e9sormais \u00e0 deux t\u00eates"},"content":{"rendered":"\n<p>Pendant que l\u2019aile l\u00e9gale selon les textes r\u00e9vis\u00e9s se pr\u00e9pare \u00e0 tenir un congr\u00e8s extraordinaire le 30 janvier 2025 \u00e0 Libreville, \u00e0 l\u2019or\u00e9e de l\u2019\u00e9lection pr\u00e9sidentielle du 12 avril 2025, la franche conduite par Ali Akbar Onanga Y\u2019Obeghe et Me Francis Nk\u00e9a a effectu\u00e9 une sortie le 29 janvier 2025 \u00e0 Libreville, durant laquelle elle a \u00e9voqu\u00e9 plusieurs griefs \u00e0 l\u2019endroit de ceux ayant pris le parti en otage, d\u2019apr\u00e8s leurs propos.<\/p>\n\n\n\n<p>A entendre les deux conf\u00e9renciers, le comit\u00e9 provisoire actuel qui si\u00e8ge \u00e0 Louis serait simplement ill\u00e9gal et ill\u00e9gitime selon les textes issus du congr\u00e8s de 2022. Ils sont all\u00e9s jusqu\u2019\u00e0 affirmer que le Parti D\u00e9mocratique Gabonais qui g\u00e8re le si\u00e8ge de Louis essayait, tant bien que mal, de s\u00e9duire le CTRI qui n\u2019en veut pas du tout. Ils invitent par ailleurs les responsables de la transition en cours, \u00e0 prendre officiellement position sur leurs rapports avec Louis. Pour terminer leur d\u00e9claration, les deux cadres du PDG ont r\u00e9affirm\u00e9 leur d\u00e9termination \u00e0 saisir les instances juridictionnelles \u00e0 l\u2019effet de chasser la franche actuelle de Louis et ramener le bureau issu du congr\u00e8s de 2022 et ayant fait de Luc Oyoubi, seul rescap\u00e9 des \u00e9lus de ce conclave. En somme, ce duo ne reconnait nullement les actes pos\u00e9s par Ang\u00e9lique Ngoma et ses camarades et se dit pr\u00eat \u00e0 entamer d\u2019autres proc\u00e9dures si jamais la voix de la justice ne leur \u00e9tait pas favorable. Comme quoi, le Parti D\u00e9mocratique Gabonais avait d\u00e9sormais deux t\u00eates qui malheureusement, n\u2019ont pour si\u00e8ge que Louis. Affaire \u00e0 suivre.<\/p>\n\n\n\n<p><strong>J.M<\/strong><\/p>\n","protected":false},"excerpt":{"rendered":"<p>Pendant que l\u2019aile l\u00e9gale selon les textes r\u00e9vis\u00e9s se pr\u00e9pare \u00e0 tenir un congr\u00e8s extraordinaire le 30 janvier 2025 \u00e0 Libreville, \u00e0 l\u2019or\u00e9e de l\u2019\u00e9lection pr\u00e9sidentielle du 12 avril 2025, la franche conduite par Ali Akbar Onanga Y\u2019Obeghe et Me Francis Nk\u00e9a a effectu\u00e9 une sortie le 29 janvier 2025 \u00e0 Libreville, durant laquelle elle [&hellip;]<\/p>\n","protected":false},"author":5,"featured_media":23613,"comment_status":"open","ping_status":"open","sticky":false,"template":"","format":"standard","meta":{"footnotes":""},"categories":[1],"tags":[],"class_list":["post-23612","post","type-post","status-publish","format-standard","has-post-thumbnail","hentry","category-non-classe"],"yoast_head":"<!-- This site is optimized with the Yoast SEO plugin v24.2 - https:\/\/yoast.com\/wordpress\/plugins\/seo\/ -->\n<title>Politique\/PDG\u00a0: Un parti politique d\u00e9sormais \u00e0 deux t\u00eates - Gabon Nouvelle Vision<\/title>\n<meta name=\"robots\" content=\"index, follow, max-snippet:-1, max-image-preview:large, max-video-preview:-1\" \/>\n<link rel=\"canonical\" href=\"https:\/\/gabonnouvellevision.com\/gnv\/2025\/01\/29\/politique-pdg-un-parti-politique-desormais-a-deux-tetes\/\" \/>\n<meta property=\"og:locale\" content=\"fr_FR\" \/>\n<meta property=\"og:type\" content=\"article\" \/>\n<meta property=\"og:title\" content=\"Politique\/PDG\u00a0: Un parti politique d\u00e9sormais \u00e0 deux t\u00eates - Gabon Nouvelle Vision\" \/>\n<meta property=\"og:description\" content=\"Pendant que l\u2019aile l\u00e9gale selon les textes r\u00e9vis\u00e9s se pr\u00e9pare \u00e0 tenir un congr\u00e8s extraordinaire le 30 janvier 2025 \u00e0 Libreville, \u00e0 l\u2019or\u00e9e de l\u2019\u00e9lection pr\u00e9sidentielle du 12 avril 2025, la franche conduite par Ali Akbar Onanga Y\u2019Obeghe et Me Francis Nk\u00e9a a effectu\u00e9 une sortie le 29 janvier 2025 \u00e0 Libreville, durant laquelle elle [&hellip;]\" \/>\n<meta property=\"og:url\" content=\"https:\/\/gabonnouvellevision.com\/gnv\/2025\/01\/29\/politique-pdg-un-parti-politique-desormais-a-deux-tetes\/\" \/>\n<meta property=\"og:site_name\" content=\"Gabon Nouvelle Vision\" \/>\n<meta property=\"article:publisher\" content=\"https:\/\/www.facebook.com\/GNVofficiel\" \/>\n<meta property=\"article:published_time\" content=\"2025-01-29T14:37:27+00:00\" \/>\n<meta property=\"article:modified_time\" content=\"2025-01-29T14:37:28+00:00\" \/>\n<meta property=\"og:image\" content=\"https:\/\/gabonnouvellevision.com\/gnv\/wp-content\/uploads\/2025\/01\/Onanga2.jpg\" \/>\n\t<meta property=\"og:image:width\" content=\"500\" \/>\n\t<meta property=\"og:image:height\" content=\"344\" \/>\n\t<meta property=\"og:image:type\" content=\"image\/jpeg\" \/>\n<meta name=\"author\" content=\"Junior MBOULET\" \/>\n<meta name=\"twitter:card\" content=\"summary_large_image\" \/>\n<meta name=\"twitter:label1\" content=\"\u00c9crit par\" \/>\n\t<meta name=\"twitter:data1\" content=\"Junior MBOULET\" \/>\n\t<meta name=\"twitter:label2\" content=\"Dur\u00e9e de lecture estim\u00e9e\" \/>\n\t<meta name=\"twitter:data2\" content=\"2 minutes\" \/>\n<script type=\"application\/ld+json\" class=\"yoast-schema-graph\">{\"@context\":\"https:\/\/schema.org\",\"@graph\":[{\"@type\":\"Article\",\"@id\":\"https:\/\/gabonnouvellevision.com\/gnv\/2025\/01\/29\/politique-pdg-un-parti-politique-desormais-a-deux-tetes\/#article\",\"isPartOf\":{\"@id\":\"https:\/\/gabonnouvellevision.com\/gnv\/2025\/01\/29\/politique-pdg-un-parti-politique-desormais-a-deux-tetes\/\"},\"author\":{\"name\":\"Junior MBOULET\",\"@id\":\"https:\/\/gabonnouvellevision.com\/gnv\/#\/schema\/person\/747bfb82bd833fb5a5a49e7c5031633d\"},\"headline\":\"Politique\/PDG\u00a0: Un parti politique d\u00e9sormais \u00e0 deux t\u00eates\",\"datePublished\":\"2025-01-29T14:37:27+00:00\",\"dateModified\":\"2025-01-29T14:37:28+00:00\",\"mainEntityOfPage\":{\"@id\":\"https:\/\/gabonnouvellevision.com\/gnv\/2025\/01\/29\/politique-pdg-un-parti-politique-desormais-a-deux-tetes\/\"},\"wordCount\":288,\"commentCount\":0,\"publisher\":{\"@id\":\"https:\/\/gabonnouvellevision.com\/gnv\/#organization\"},\"image\":{\"@id\":\"https:\/\/gabonnouvellevision.com\/gnv\/2025\/01\/29\/politique-pdg-un-parti-politique-desormais-a-deux-tetes\/#primaryimage\"},\"thumbnailUrl\":\"https:\/\/gabonnouvellevision.com\/gnv\/wp-content\/uploads\/2025\/01\/Onanga2.jpg\",\"inLanguage\":\"fr-FR\",\"potentialAction\":[{\"@type\":\"CommentAction\",\"name\":\"Comment\",\"target\":[\"https:\/\/gabonnouvellevision.com\/gnv\/2025\/01\/29\/politique-pdg-un-parti-politique-desormais-a-deux-tetes\/#respond\"]}]},{\"@type\":\"WebPage\",\"@id\":\"https:\/\/gabonnouvellevision.com\/gnv\/2025\/01\/29\/politique-pdg-un-parti-politique-desormais-a-deux-tetes\/\",\"url\":\"https:\/\/gabonnouvellevision.com\/gnv\/2025\/01\/29\/politique-pdg-un-parti-politique-desormais-a-deux-tetes\/\",\"name\":\"Politique\/PDG\u00a0: Un parti politique d\u00e9sormais \u00e0 deux t\u00eates - Gabon Nouvelle Vision\",\"isPartOf\":{\"@id\":\"https:\/\/gabonnouvellevision.com\/gnv\/#website\"},\"primaryImageOfPage\":{\"@id\":\"https:\/\/gabonnouvellevision.com\/gnv\/2025\/01\/29\/politique-pdg-un-parti-politique-desormais-a-deux-tetes\/#primaryimage\"},\"image\":{\"@id\":\"https:\/\/gabonnouvellevision.com\/gnv\/2025\/01\/29\/politique-pdg-un-parti-politique-desormais-a-deux-tetes\/#primaryimage\"},\"thumbnailUrl\":\"https:\/\/gabonnouvellevision.com\/gnv\/wp-content\/uploads\/2025\/01\/Onanga2.jpg\",\"datePublished\":\"2025-01-29T14:37:27+00:00\",\"dateModified\":\"2025-01-29T14:37:28+00:00\",\"breadcrumb\":{\"@id\":\"https:\/\/gabonnouvellevision.com\/gnv\/2025\/01\/29\/politique-pdg-un-parti-politique-desormais-a-deux-tetes\/#breadcrumb\"},\"inLanguage\":\"fr-FR\",\"potentialAction\":[{\"@type\":\"ReadAction\",\"target\":[\"https:\/\/gabonnouvellevision.com\/gnv\/2025\/01\/29\/politique-pdg-un-parti-politique-desormais-a-deux-tetes\/\"]}]},{\"@type\":\"ImageObject\",\"inLanguage\":\"fr-FR\",\"@id\":\"https:\/\/gabonnouvellevision.com\/gnv\/2025\/01\/29\/politique-pdg-un-parti-politique-desormais-a-deux-tetes\/#primaryimage\",\"url\":\"https:\/\/gabonnouvellevision.com\/gnv\/wp-content\/uploads\/2025\/01\/Onanga2.jpg\",\"contentUrl\":\"https:\/\/gabonnouvellevision.com\/gnv\/wp-content\/uploads\/2025\/01\/Onanga2.jpg\",\"width\":500,\"height\":344},{\"@type\":\"BreadcrumbList\",\"@id\":\"https:\/\/gabonnouvellevision.com\/gnv\/2025\/01\/29\/politique-pdg-un-parti-politique-desormais-a-deux-tetes\/#breadcrumb\",\"itemListElement\":[{\"@type\":\"ListItem\",\"position\":1,\"name\":\"Accueil\",\"item\":\"https:\/\/gabonnouvellevision.com\/gnv\/\"},{\"@type\":\"ListItem\",\"position\":2,\"name\":\"Politique\/PDG\u00a0: Un parti politique d\u00e9sormais \u00e0 deux t\u00eates\"}]},{\"@type\":\"WebSite\",\"@id\":\"https:\/\/gabonnouvellevision.com\/gnv\/#website\",\"url\":\"https:\/\/gabonnouvellevision.com\/gnv\/\",\"name\":\"Gabon Nouvelle Vision\",\"description\":\"\",\"publisher\":{\"@id\":\"https:\/\/gabonnouvellevision.com\/gnv\/#organization\"},\"potentialAction\":[{\"@type\":\"SearchAction\",\"target\":{\"@type\":\"EntryPoint\",\"urlTemplate\":\"https:\/\/gabonnouvellevision.com\/gnv\/?s={search_term_string}\"},\"query-input\":{\"@type\":\"PropertyValueSpecification\",\"valueRequired\":true,\"valueName\":\"search_term_string\"}}],\"inLanguage\":\"fr-FR\"},{\"@type\":\"Organization\",\"@id\":\"https:\/\/gabonnouvellevision.com\/gnv\/#organization\",\"name\":\"Gabon Nouvelle Vision\",\"url\":\"https:\/\/gabonnouvellevision.com\/gnv\/\",\"logo\":{\"@type\":\"ImageObject\",\"inLanguage\":\"fr-FR\",\"@id\":\"https:\/\/gabonnouvellevision.com\/gnv\/#\/schema\/logo\/image\/\",\"url\":\"https:\/\/gabonnouvellevision.com\/gnv\/wp-content\/uploads\/2025\/01\/logo-text_Plan-de-travail-1.png\",\"contentUrl\":\"https:\/\/gabonnouvellevision.com\/gnv\/wp-content\/uploads\/2025\/01\/logo-text_Plan-de-travail-1.png\",\"width\":7169,\"height\":2390,\"caption\":\"Gabon Nouvelle Vision\"},\"image\":{\"@id\":\"https:\/\/gabonnouvellevision.com\/gnv\/#\/schema\/logo\/image\/\"},\"sameAs\":[\"https:\/\/www.facebook.com\/GNVofficiel\"]},{\"@type\":\"Person\",\"@id\":\"https:\/\/gabonnouvellevision.com\/gnv\/#\/schema\/person\/747bfb82bd833fb5a5a49e7c5031633d\",\"name\":\"Junior MBOULET\",\"image\":{\"@type\":\"ImageObject\",\"inLanguage\":\"fr-FR\",\"@id\":\"https:\/\/gabonnouvellevision.com\/gnv\/#\/schema\/person\/image\/\",\"url\":\"https:\/\/secure.gravatar.com\/avatar\/b541278a71f2f5c40b38fff4c93c15b82cf168df8b47ea9d9e97c9c9c716c6f0?s=96&d=mm&r=g\",\"contentUrl\":\"https:\/\/secure.gravatar.com\/avatar\/b541278a71f2f5c40b38fff4c93c15b82cf168df8b47ea9d9e97c9c9c716c6f0?s=96&d=mm&r=g\",\"caption\":\"Junior MBOULET\"},\"url\":\"https:\/\/gabonnouvellevision.com\/gnv\/author\/junior\/\"}]}<\/script>\n<!-- \/ Yoast SEO plugin. -->","yoast_head_json":{"title":"Politique\/PDG\u00a0: Un parti politique d\u00e9sormais \u00e0 deux t\u00eates - Gabon Nouvelle Vision","robots":{"index":"index","follow":"follow","max-snippet":"max-snippet:-1","max-image-preview":"max-image-preview:large","max-video-preview":"max-video-preview:-1"},"canonical":"https:\/\/gabonnouvellevision.com\/gnv\/2025\/01\/29\/politique-pdg-un-parti-politique-desormais-a-deux-tetes\/","og_locale":"fr_FR","og_type":"article","og_title":"Politique\/PDG\u00a0: Un parti politique d\u00e9sormais \u00e0 deux t\u00eates - Gabon Nouvelle Vision","og_description":"Pendant que l\u2019aile l\u00e9gale selon les textes r\u00e9vis\u00e9s se pr\u00e9pare \u00e0 tenir un congr\u00e8s extraordinaire le 30 janvier 2025 \u00e0 Libreville, \u00e0 l\u2019or\u00e9e de l\u2019\u00e9lection pr\u00e9sidentielle du 12 avril 2025, la franche conduite par Ali Akbar Onanga Y\u2019Obeghe et Me Francis Nk\u00e9a a effectu\u00e9 une sortie le 29 janvier 2025 \u00e0 Libreville, durant laquelle elle [&hellip;]","og_url":"https:\/\/gabonnouvellevision.com\/gnv\/2025\/01\/29\/politique-pdg-un-parti-politique-desormais-a-deux-tetes\/","og_site_name":"Gabon Nouvelle Vision","article_publisher":"https:\/\/www.facebook.com\/GNVofficiel","article_published_time":"2025-01-29T14:37:27+00:00","article_modified_time":"2025-01-29T14:37:28+00:00","og_image":[{"width":500,"height":344,"url":"https:\/\/gabonnouvellevision.com\/gnv\/wp-content\/uploads\/2025\/01\/Onanga2.jpg","type":"image\/jpeg"}],"author":"Junior MBOULET","twitter_card":"summary_large_image","twitter_misc":{"\u00c9crit par":"Junior MBOULET","Dur\u00e9e de lecture estim\u00e9e":"2 minutes"},"schema":{"@context":"https:\/\/schema.org","@graph":[{"@type":"Article","@id":"https:\/\/gabonnouvellevision.com\/gnv\/2025\/01\/29\/politique-pdg-un-parti-politique-desormais-a-deux-tetes\/#article","isPartOf":{"@id":"https:\/\/gabonnouvellevision.com\/gnv\/2025\/01\/29\/politique-pdg-un-parti-politique-desormais-a-deux-tetes\/"},"author":{"name":"Junior MBOULET","@id":"https:\/\/gabonnouvellevision.com\/gnv\/#\/schema\/person\/747bfb82bd833fb5a5a49e7c5031633d"},"headline":"Politique\/PDG\u00a0: Un parti politique d\u00e9sormais \u00e0 deux t\u00eates","datePublished":"2025-01-29T14:37:27+00:00","dateModified":"2025-01-29T14:37:28+00:00","mainEntityOfPage":{"@id":"https:\/\/gabonnouvellevision.com\/gnv\/2025\/01\/29\/politique-pdg-un-parti-politique-desormais-a-deux-tetes\/"},"wordCount":288,"commentCount":0,"publisher":{"@id":"https:\/\/gabonnouvellevision.com\/gnv\/#organization"},"image":{"@id":"https:\/\/gabonnouvellevision.com\/gnv\/2025\/01\/29\/politique-pdg-un-parti-politique-desormais-a-deux-tetes\/#primaryimage"},"thumbnailUrl":"https:\/\/gabonnouvellevision.com\/gnv\/wp-content\/uploads\/2025\/01\/Onanga2.jpg","inLanguage":"fr-FR","potentialAction":[{"@type":"CommentAction","name":"Comment","target":["https:\/\/gabonnouvellevision.com\/gnv\/2025\/01\/29\/politique-pdg-un-parti-politique-desormais-a-deux-tetes\/#respond"]}]},{"@type":"WebPage","@id":"https:\/\/gabonnouvellevision.com\/gnv\/2025\/01\/29\/politique-pdg-un-parti-politique-desormais-a-deux-tetes\/","url":"https:\/\/gabonnouvellevision.com\/gnv\/2025\/01\/29\/politique-pdg-un-parti-politique-desormais-a-deux-tetes\/","name":"Politique\/PDG\u00a0: Un parti politique d\u00e9sormais \u00e0 deux t\u00eates - Gabon Nouvelle Vision","isPartOf":{"@id":"https:\/\/gabonnouvellevision.com\/gnv\/#website"},"primaryImageOfPage":{"@id":"https:\/\/gabonnouvellevision.com\/gnv\/2025\/01\/29\/politique-pdg-un-parti-politique-desormais-a-deux-tetes\/#primaryimage"},"image":{"@id":"https:\/\/gabonnouvellevision.com\/gnv\/2025\/01\/29\/politique-pdg-un-parti-politique-desormais-a-deux-tetes\/#primaryimage"},"thumbnailUrl":"https:\/\/gabonnouvellevision.com\/gnv\/wp-content\/uploads\/2025\/01\/Onanga2.jpg","datePublished":"2025-01-29T14:37:27+00:00","dateModified":"2025-01-29T14:37:28+00:00","breadcrumb":{"@id":"https:\/\/gabonnouvellevision.com\/gnv\/2025\/01\/29\/politique-pdg-un-parti-politique-desormais-a-deux-tetes\/#breadcrumb"},"inLanguage":"fr-FR","potentialAction":[{"@type":"ReadAction","target":["https:\/\/gabonnouvellevision.com\/gnv\/2025\/01\/29\/politique-pdg-un-parti-politique-desormais-a-deux-tetes\/"]}]},{"@type":"ImageObject","inLanguage":"fr-FR","@id":"https:\/\/gabonnouvellevision.com\/gnv\/2025\/01\/29\/politique-pdg-un-parti-politique-desormais-a-deux-tetes\/#primaryimage","url":"https:\/\/gabonnouvellevision.com\/gnv\/wp-content\/uploads\/2025\/01\/Onanga2.jpg","contentUrl":"https:\/\/gabonnouvellevision.com\/gnv\/wp-content\/uploads\/2025\/01\/Onanga2.jpg","width":500,"height":344},{"@type":"BreadcrumbList","@id":"https:\/\/gabonnouvellevision.com\/gnv\/2025\/01\/29\/politique-pdg-un-parti-politique-desormais-a-deux-tetes\/#breadcrumb","itemListElement":[{"@type":"ListItem","position":1,"name":"Accueil","item":"https:\/\/gabonnouvellevision.com\/gnv\/"},{"@type":"ListItem","position":2,"name":"Politique\/PDG\u00a0: Un parti politique d\u00e9sormais \u00e0 deux t\u00eates"}]},{"@type":"WebSite","@id":"https:\/\/gabonnouvellevision.com\/gnv\/#website","url":"https:\/\/gabonnouvellevision.com\/gnv\/","name":"Gabon Nouvelle Vision","description":"","publisher":{"@id":"https:\/\/gabonnouvellevision.com\/gnv\/#organization"},"potentialAction":[{"@type":"SearchAction","target":{"@type":"EntryPoint","urlTemplate":"https:\/\/gabonnouvellevision.com\/gnv\/?s={search_term_string}"},"query-input":{"@type":"PropertyValueSpecification","valueRequired":true,"valueName":"search_term_string"}}],"inLanguage":"fr-FR"},{"@type":"Organization","@id":"https:\/\/gabonnouvellevision.com\/gnv\/#organization","name":"Gabon Nouvelle Vision","url":"https:\/\/gabonnouvellevision.com\/gnv\/","logo":{"@type":"ImageObject","inLanguage":"fr-FR","@id":"https:\/\/gabonnouvellevision.com\/gnv\/#\/schema\/logo\/image\/","url":"https:\/\/gabonnouvellevision.com\/gnv\/wp-content\/uploads\/2025\/01\/logo-text_Plan-de-travail-1.png","contentUrl":"https:\/\/gabonnouvellevision.com\/gnv\/wp-content\/uploads\/2025\/01\/logo-text_Plan-de-travail-1.png","width":7169,"height":2390,"caption":"Gabon Nouvelle Vision"},"image":{"@id":"https:\/\/gabonnouvellevision.com\/gnv\/#\/schema\/logo\/image\/"},"sameAs":["https:\/\/www.facebook.com\/GNVofficiel"]},{"@type":"Person","@id":"https:\/\/gabonnouvellevision.com\/gnv\/#\/schema\/person\/747bfb82bd833fb5a5a49e7c5031633d","name":"Junior MBOULET","image":{"@type":"ImageObject","inLanguage":"fr-FR","@id":"https:\/\/gabonnouvellevision.com\/gnv\/#\/schema\/person\/image\/","url":"https:\/\/secure.gravatar.com\/avatar\/b541278a71f2f5c40b38fff4c93c15b82cf168df8b47ea9d9e97c9c9c716c6f0?s=96&d=mm&r=g","contentUrl":"https:\/\/secure.gravatar.com\/avatar\/b541278a71f2f5c40b38fff4c93c15b82cf168df8b47ea9d9e97c9c9c716c6f0?s=96&d=mm&r=g","caption":"Junior MBOULET"},"url":"https:\/\/gabonnouvellevision.com\/gnv\/author\/junior\/"}]}},"_links":{"self":[{"href":"https:\/\/gabonnouvellevision.com\/gnv\/wp-json\/wp\/v2\/posts\/23612","targetHints":{"allow":["GET"]}}],"collection":[{"href":"https:\/\/gabonnouvellevision.com\/gnv\/wp-json\/wp\/v2\/posts"}],"about":[{"href":"https:\/\/gabonnouvellevision.com\/gnv\/wp-json\/wp\/v2\/types\/post"}],"author":[{"embeddable":true,"href":"https:\/\/gabonnouvellevision.com\/gnv\/wp-json\/wp\/v2\/users\/5"}],"replies":[{"embeddable":true,"href":"https:\/\/gabonnouvellevision.com\/gnv\/wp-json\/wp\/v2\/comments?post=23612"}],"version-history":[{"count":1,"href":"https:\/\/gabonnouvellevision.com\/gnv\/wp-json\/wp\/v2\/posts\/23612\/revisions"}],"predecessor-version":[{"id":23614,"href":"https:\/\/gabonnouvellevision.com\/gnv\/wp-json\/wp\/v2\/posts\/23612\/revisions\/23614"}],"wp:featuredmedia":[{"embeddable":true,"href":"https:\/\/gabonnouvellevision.com\/gnv\/wp-json\/wp\/v2\/media\/23613"}],"wp:attachment":[{"href":"https:\/\/gabonnouvellevision.com\/gnv\/wp-json\/wp\/v2\/media?parent=23612"}],"wp:term":[{"taxonomy":"category","embeddable":true,"href":"https:\/\/gabonnouvellevision.com\/gnv\/wp-json\/wp\/v2\/categories?post=23612"},{"taxonomy":"post_tag","embeddable":true,"href":"https:\/\/gabonnouvellevision.com\/gnv\/wp-json\/wp\/v2\/tags?post=23612"}],"curies":[{"name":"wp","href":"https:\/\/api.w.org\/{rel}","templated":true}]}}