{"id":23608,"date":"2025-01-29T10:04:14","date_gmt":"2025-01-29T09:04:14","guid":{"rendered":"https:\/\/gabonnouvellevision.com\/gnv\/?p=23608"},"modified":"2025-01-29T10:04:16","modified_gmt":"2025-01-29T09:04:16","slug":"le-renouveau-du-gabonlrg-sinstalle-dans-la-noya","status":"publish","type":"post","link":"https:\/\/gabonnouvellevision.com\/gnv\/2025\/01\/29\/le-renouveau-du-gabonlrg-sinstalle-dans-la-noya\/","title":{"rendered":"Le Renouveau du Gabon(LRG) s&rsquo;installe dans la NOYA"},"content":{"rendered":"\n<p><em><strong>L\u2019Association Le Renouveau du Gabon (LRG) vient de prendre pieds dans le<\/strong><\/em> <em><strong>d\u00e9partement de la Noya \u00e0 travers l\u2019installation de la coordination d\u00e9partementale<\/strong><\/em><\/p>\n\n\n\n<p><em><strong>locale, le dimanche 26 janvier 2025 dernier au village Ongam \u00e0 Cocobeach. La c\u00e9r\u00e9monie empreinte<\/strong><\/em><\/p>\n\n\n\n<p><em><strong>de solennit\u00e9 et d&rsquo;\u00e9motion a permis \u00e0 la d\u00e9l\u00e9gation conduite par Paul Dany<\/strong><\/em><\/p>\n\n\n\n<p><em><strong>MENGA Secr\u00e9taire g\u00e9n\u00e9ral du bureau provincial Estuaire de confier l&rsquo;action du<\/strong><\/em><\/p>\n\n\n\n<p><em><strong>LRG dans la Noya \u00e0 Paulin Essone Nzoghe et son \u00e9quipe.<\/strong><\/em><\/p>\n\n\n\n<p>Cette occupation du terrain vise \u00e0 renforcer l&rsquo;adh\u00e9sion des populations \u00e0 la vision<\/p>\n\n\n\n<p>politique du chef de l&rsquo;\u00c9tat, le g\u00e9n\u00e9ral de brigade Brice Clotaire OLIGUI NGUEMA<\/p>\n\n\n\n<p>sous les orientations strat\u00e9giques du Pr\u00e9sident du LRG et du bureau national.<\/p>\n\n\n\n<p>Dans un contexte o\u00f9 le LRG s&rsquo;implante solidement dans la province de l&rsquo;Estuaire,<\/p>\n\n\n\n<p>les messages prononc\u00e9s lors de l&rsquo;\u00e9v\u00e9nement ont r\u00e9sonn\u00e9 avec force dans le c\u0153ur<\/p>\n\n\n\n<p>des populations. Parmi ces messages, on a not\u00e9 des appels \u00e0 l&rsquo;inscription<\/p>\n\n\n\n<p>massive sur les listes \u00e9lectorales, l\u2019incitation des citoyens \u00e0 rejoindre le LRG et le<\/p>\n\n\n\n<p>soutien \u00e0 la d\u00e9marche du pr\u00e9sident de la transition.<\/p>\n\n\n\n<p>\u00c0 l&rsquo;issue de cet \u00e9v\u00e9nement riche en \u00e9changes et en convivialit\u00e9, un repas a \u00e9t\u00e9<\/p>\n\n\n\n<p>offert par le Patriote Paul Dany MENGA, pour illustrer l\u2019esprit de solidarit\u00e9 qui<\/p>\n\n\n\n<p>r\u00e8gne au sein du LRG.<\/p>\n\n\n\n<p><strong>RMON<\/strong><\/p>\n","protected":false},"excerpt":{"rendered":"<p>L\u2019Association Le Renouveau du Gabon (LRG) vient de prendre pieds dans le d\u00e9partement de la Noya \u00e0 travers l\u2019installation de la coordination d\u00e9partementale locale, le dimanche 26 janvier 2025 dernier au village Ongam \u00e0 Cocobeach. La c\u00e9r\u00e9monie empreinte de solennit\u00e9 et d&rsquo;\u00e9motion a permis \u00e0 la d\u00e9l\u00e9gation conduite par Paul Dany MENGA Secr\u00e9taire g\u00e9n\u00e9ral du [&hellip;]<\/p>\n","protected":false},"author":7,"featured_media":23609,"comment_status":"open","ping_status":"open","sticky":false,"template":"","format":"standard","meta":{"footnotes":""},"categories":[57,55,65],"tags":[],"class_list":["post-23608","post","type-post","status-publish","format-standard","has-post-thumbnail","hentry","category-a-la-une","category-actualites","category-politique-podcasts"],"yoast_head":"<!-- This site is optimized with the Yoast SEO plugin v24.2 - https:\/\/yoast.com\/wordpress\/plugins\/seo\/ -->\n<title>Le Renouveau du Gabon(LRG) s&#039;installe dans la NOYA - Gabon Nouvelle Vision<\/title>\n<meta name=\"robots\" content=\"index, follow, max-snippet:-1, max-image-preview:large, max-video-preview:-1\" \/>\n<link rel=\"canonical\" href=\"https:\/\/gabonnouvellevision.com\/gnv\/2025\/01\/29\/le-renouveau-du-gabonlrg-sinstalle-dans-la-noya\/\" \/>\n<meta property=\"og:locale\" content=\"fr_FR\" \/>\n<meta property=\"og:type\" content=\"article\" \/>\n<meta property=\"og:title\" content=\"Le Renouveau du Gabon(LRG) s&#039;installe dans la NOYA - Gabon Nouvelle Vision\" \/>\n<meta property=\"og:description\" content=\"L\u2019Association Le Renouveau du Gabon (LRG) vient de prendre pieds dans le d\u00e9partement de la Noya \u00e0 travers l\u2019installation de la coordination d\u00e9partementale locale, le dimanche 26 janvier 2025 dernier au village Ongam \u00e0 Cocobeach. La c\u00e9r\u00e9monie empreinte de solennit\u00e9 et d&rsquo;\u00e9motion a permis \u00e0 la d\u00e9l\u00e9gation conduite par Paul Dany MENGA Secr\u00e9taire g\u00e9n\u00e9ral du [&hellip;]\" \/>\n<meta property=\"og:url\" content=\"https:\/\/gabonnouvellevision.com\/gnv\/2025\/01\/29\/le-renouveau-du-gabonlrg-sinstalle-dans-la-noya\/\" \/>\n<meta property=\"og:site_name\" content=\"Gabon Nouvelle Vision\" \/>\n<meta property=\"article:publisher\" content=\"https:\/\/www.facebook.com\/GNVofficiel\" \/>\n<meta property=\"article:published_time\" content=\"2025-01-29T09:04:14+00:00\" \/>\n<meta property=\"article:modified_time\" content=\"2025-01-29T09:04:16+00:00\" \/>\n<meta property=\"og:image\" content=\"https:\/\/gabonnouvellevision.com\/gnv\/wp-content\/uploads\/2025\/01\/WhatsApp-Image-2025-01-27-a-18.17.22_a9598893.jpg\" \/>\n\t<meta property=\"og:image:width\" content=\"720\" \/>\n\t<meta property=\"og:image:height\" content=\"413\" \/>\n\t<meta property=\"og:image:type\" content=\"image\/jpeg\" \/>\n<meta name=\"author\" content=\"Eyeng Obame\" \/>\n<meta name=\"twitter:card\" content=\"summary_large_image\" \/>\n<meta name=\"twitter:label1\" content=\"\u00c9crit par\" \/>\n\t<meta name=\"twitter:data1\" content=\"Eyeng Obame\" \/>\n\t<meta name=\"twitter:label2\" content=\"Dur\u00e9e de lecture estim\u00e9e\" \/>\n\t<meta name=\"twitter:data2\" content=\"2 minutes\" \/>\n<script type=\"application\/ld+json\" class=\"yoast-schema-graph\">{\"@context\":\"https:\/\/schema.org\",\"@graph\":[{\"@type\":\"Article\",\"@id\":\"https:\/\/gabonnouvellevision.com\/gnv\/2025\/01\/29\/le-renouveau-du-gabonlrg-sinstalle-dans-la-noya\/#article\",\"isPartOf\":{\"@id\":\"https:\/\/gabonnouvellevision.com\/gnv\/2025\/01\/29\/le-renouveau-du-gabonlrg-sinstalle-dans-la-noya\/\"},\"author\":{\"name\":\"Eyeng Obame\",\"@id\":\"https:\/\/gabonnouvellevision.com\/gnv\/#\/schema\/person\/4b48e07d222f83c0285affc3704bc899\"},\"headline\":\"Le Renouveau du Gabon(LRG) s&rsquo;installe dans la NOYA\",\"datePublished\":\"2025-01-29T09:04:14+00:00\",\"dateModified\":\"2025-01-29T09:04:16+00:00\",\"mainEntityOfPage\":{\"@id\":\"https:\/\/gabonnouvellevision.com\/gnv\/2025\/01\/29\/le-renouveau-du-gabonlrg-sinstalle-dans-la-noya\/\"},\"wordCount\":232,\"commentCount\":0,\"publisher\":{\"@id\":\"https:\/\/gabonnouvellevision.com\/gnv\/#organization\"},\"image\":{\"@id\":\"https:\/\/gabonnouvellevision.com\/gnv\/2025\/01\/29\/le-renouveau-du-gabonlrg-sinstalle-dans-la-noya\/#primaryimage\"},\"thumbnailUrl\":\"https:\/\/gabonnouvellevision.com\/gnv\/wp-content\/uploads\/2025\/01\/WhatsApp-Image-2025-01-27-a-18.17.22_a9598893.jpg\",\"articleSection\":[\"A la une\",\"Actualites\",\"Politique\"],\"inLanguage\":\"fr-FR\",\"potentialAction\":[{\"@type\":\"CommentAction\",\"name\":\"Comment\",\"target\":[\"https:\/\/gabonnouvellevision.com\/gnv\/2025\/01\/29\/le-renouveau-du-gabonlrg-sinstalle-dans-la-noya\/#respond\"]}]},{\"@type\":\"WebPage\",\"@id\":\"https:\/\/gabonnouvellevision.com\/gnv\/2025\/01\/29\/le-renouveau-du-gabonlrg-sinstalle-dans-la-noya\/\",\"url\":\"https:\/\/gabonnouvellevision.com\/gnv\/2025\/01\/29\/le-renouveau-du-gabonlrg-sinstalle-dans-la-noya\/\",\"name\":\"Le Renouveau du Gabon(LRG) s'installe dans la NOYA - Gabon Nouvelle Vision\",\"isPartOf\":{\"@id\":\"https:\/\/gabonnouvellevision.com\/gnv\/#website\"},\"primaryImageOfPage\":{\"@id\":\"https:\/\/gabonnouvellevision.com\/gnv\/2025\/01\/29\/le-renouveau-du-gabonlrg-sinstalle-dans-la-noya\/#primaryimage\"},\"image\":{\"@id\":\"https:\/\/gabonnouvellevision.com\/gnv\/2025\/01\/29\/le-renouveau-du-gabonlrg-sinstalle-dans-la-noya\/#primaryimage\"},\"thumbnailUrl\":\"https:\/\/gabonnouvellevision.com\/gnv\/wp-content\/uploads\/2025\/01\/WhatsApp-Image-2025-01-27-a-18.17.22_a9598893.jpg\",\"datePublished\":\"2025-01-29T09:04:14+00:00\",\"dateModified\":\"2025-01-29T09:04:16+00:00\",\"breadcrumb\":{\"@id\":\"https:\/\/gabonnouvellevision.com\/gnv\/2025\/01\/29\/le-renouveau-du-gabonlrg-sinstalle-dans-la-noya\/#breadcrumb\"},\"inLanguage\":\"fr-FR\",\"potentialAction\":[{\"@type\":\"ReadAction\",\"target\":[\"https:\/\/gabonnouvellevision.com\/gnv\/2025\/01\/29\/le-renouveau-du-gabonlrg-sinstalle-dans-la-noya\/\"]}]},{\"@type\":\"ImageObject\",\"inLanguage\":\"fr-FR\",\"@id\":\"https:\/\/gabonnouvellevision.com\/gnv\/2025\/01\/29\/le-renouveau-du-gabonlrg-sinstalle-dans-la-noya\/#primaryimage\",\"url\":\"https:\/\/gabonnouvellevision.com\/gnv\/wp-content\/uploads\/2025\/01\/WhatsApp-Image-2025-01-27-a-18.17.22_a9598893.jpg\",\"contentUrl\":\"https:\/\/gabonnouvellevision.com\/gnv\/wp-content\/uploads\/2025\/01\/WhatsApp-Image-2025-01-27-a-18.17.22_a9598893.jpg\",\"width\":720,\"height\":413},{\"@type\":\"BreadcrumbList\",\"@id\":\"https:\/\/gabonnouvellevision.com\/gnv\/2025\/01\/29\/le-renouveau-du-gabonlrg-sinstalle-dans-la-noya\/#breadcrumb\",\"itemListElement\":[{\"@type\":\"ListItem\",\"position\":1,\"name\":\"Accueil\",\"item\":\"https:\/\/gabonnouvellevision.com\/gnv\/\"},{\"@type\":\"ListItem\",\"position\":2,\"name\":\"Le Renouveau du Gabon(LRG) s&rsquo;installe dans la NOYA\"}]},{\"@type\":\"WebSite\",\"@id\":\"https:\/\/gabonnouvellevision.com\/gnv\/#website\",\"url\":\"https:\/\/gabonnouvellevision.com\/gnv\/\",\"name\":\"Gabon Nouvelle Vision\",\"description\":\"\",\"publisher\":{\"@id\":\"https:\/\/gabonnouvellevision.com\/gnv\/#organization\"},\"potentialAction\":[{\"@type\":\"SearchAction\",\"target\":{\"@type\":\"EntryPoint\",\"urlTemplate\":\"https:\/\/gabonnouvellevision.com\/gnv\/?s={search_term_string}\"},\"query-input\":{\"@type\":\"PropertyValueSpecification\",\"valueRequired\":true,\"valueName\":\"search_term_string\"}}],\"inLanguage\":\"fr-FR\"},{\"@type\":\"Organization\",\"@id\":\"https:\/\/gabonnouvellevision.com\/gnv\/#organization\",\"name\":\"Gabon Nouvelle Vision\",\"url\":\"https:\/\/gabonnouvellevision.com\/gnv\/\",\"logo\":{\"@type\":\"ImageObject\",\"inLanguage\":\"fr-FR\",\"@id\":\"https:\/\/gabonnouvellevision.com\/gnv\/#\/schema\/logo\/image\/\",\"url\":\"https:\/\/gabonnouvellevision.com\/gnv\/wp-content\/uploads\/2025\/01\/logo-text_Plan-de-travail-1.png\",\"contentUrl\":\"https:\/\/gabonnouvellevision.com\/gnv\/wp-content\/uploads\/2025\/01\/logo-text_Plan-de-travail-1.png\",\"width\":7169,\"height\":2390,\"caption\":\"Gabon Nouvelle Vision\"},\"image\":{\"@id\":\"https:\/\/gabonnouvellevision.com\/gnv\/#\/schema\/logo\/image\/\"},\"sameAs\":[\"https:\/\/www.facebook.com\/GNVofficiel\"]},{\"@type\":\"Person\",\"@id\":\"https:\/\/gabonnouvellevision.com\/gnv\/#\/schema\/person\/4b48e07d222f83c0285affc3704bc899\",\"name\":\"Eyeng Obame\",\"image\":{\"@type\":\"ImageObject\",\"inLanguage\":\"fr-FR\",\"@id\":\"https:\/\/gabonnouvellevision.com\/gnv\/#\/schema\/person\/image\/\",\"url\":\"https:\/\/secure.gravatar.com\/avatar\/167bc03b8baf3c77318a47159f80871de6f5a6cbf4bc8b6af750fbc1a369d7bf?s=96&d=mm&r=g\",\"contentUrl\":\"https:\/\/secure.gravatar.com\/avatar\/167bc03b8baf3c77318a47159f80871de6f5a6cbf4bc8b6af750fbc1a369d7bf?s=96&d=mm&r=g\",\"caption\":\"Eyeng Obame\"},\"url\":\"https:\/\/gabonnouvellevision.com\/gnv\/author\/rufin\/\"}]}<\/script>\n<!-- \/ Yoast SEO plugin. -->","yoast_head_json":{"title":"Le Renouveau du Gabon(LRG) s'installe dans la NOYA - Gabon Nouvelle Vision","robots":{"index":"index","follow":"follow","max-snippet":"max-snippet:-1","max-image-preview":"max-image-preview:large","max-video-preview":"max-video-preview:-1"},"canonical":"https:\/\/gabonnouvellevision.com\/gnv\/2025\/01\/29\/le-renouveau-du-gabonlrg-sinstalle-dans-la-noya\/","og_locale":"fr_FR","og_type":"article","og_title":"Le Renouveau du Gabon(LRG) s'installe dans la NOYA - Gabon Nouvelle Vision","og_description":"L\u2019Association Le Renouveau du Gabon (LRG) vient de prendre pieds dans le d\u00e9partement de la Noya \u00e0 travers l\u2019installation de la coordination d\u00e9partementale locale, le dimanche 26 janvier 2025 dernier au village Ongam \u00e0 Cocobeach. La c\u00e9r\u00e9monie empreinte de solennit\u00e9 et d&rsquo;\u00e9motion a permis \u00e0 la d\u00e9l\u00e9gation conduite par Paul Dany MENGA Secr\u00e9taire g\u00e9n\u00e9ral du [&hellip;]","og_url":"https:\/\/gabonnouvellevision.com\/gnv\/2025\/01\/29\/le-renouveau-du-gabonlrg-sinstalle-dans-la-noya\/","og_site_name":"Gabon Nouvelle Vision","article_publisher":"https:\/\/www.facebook.com\/GNVofficiel","article_published_time":"2025-01-29T09:04:14+00:00","article_modified_time":"2025-01-29T09:04:16+00:00","og_image":[{"width":720,"height":413,"url":"https:\/\/gabonnouvellevision.com\/gnv\/wp-content\/uploads\/2025\/01\/WhatsApp-Image-2025-01-27-a-18.17.22_a9598893.jpg","type":"image\/jpeg"}],"author":"Eyeng Obame","twitter_card":"summary_large_image","twitter_misc":{"\u00c9crit par":"Eyeng Obame","Dur\u00e9e de lecture estim\u00e9e":"2 minutes"},"schema":{"@context":"https:\/\/schema.org","@graph":[{"@type":"Article","@id":"https:\/\/gabonnouvellevision.com\/gnv\/2025\/01\/29\/le-renouveau-du-gabonlrg-sinstalle-dans-la-noya\/#article","isPartOf":{"@id":"https:\/\/gabonnouvellevision.com\/gnv\/2025\/01\/29\/le-renouveau-du-gabonlrg-sinstalle-dans-la-noya\/"},"author":{"name":"Eyeng Obame","@id":"https:\/\/gabonnouvellevision.com\/gnv\/#\/schema\/person\/4b48e07d222f83c0285affc3704bc899"},"headline":"Le Renouveau du Gabon(LRG) s&rsquo;installe dans la NOYA","datePublished":"2025-01-29T09:04:14+00:00","dateModified":"2025-01-29T09:04:16+00:00","mainEntityOfPage":{"@id":"https:\/\/gabonnouvellevision.com\/gnv\/2025\/01\/29\/le-renouveau-du-gabonlrg-sinstalle-dans-la-noya\/"},"wordCount":232,"commentCount":0,"publisher":{"@id":"https:\/\/gabonnouvellevision.com\/gnv\/#organization"},"image":{"@id":"https:\/\/gabonnouvellevision.com\/gnv\/2025\/01\/29\/le-renouveau-du-gabonlrg-sinstalle-dans-la-noya\/#primaryimage"},"thumbnailUrl":"https:\/\/gabonnouvellevision.com\/gnv\/wp-content\/uploads\/2025\/01\/WhatsApp-Image-2025-01-27-a-18.17.22_a9598893.jpg","articleSection":["A la une","Actualites","Politique"],"inLanguage":"fr-FR","potentialAction":[{"@type":"CommentAction","name":"Comment","target":["https:\/\/gabonnouvellevision.com\/gnv\/2025\/01\/29\/le-renouveau-du-gabonlrg-sinstalle-dans-la-noya\/#respond"]}]},{"@type":"WebPage","@id":"https:\/\/gabonnouvellevision.com\/gnv\/2025\/01\/29\/le-renouveau-du-gabonlrg-sinstalle-dans-la-noya\/","url":"https:\/\/gabonnouvellevision.com\/gnv\/2025\/01\/29\/le-renouveau-du-gabonlrg-sinstalle-dans-la-noya\/","name":"Le Renouveau du Gabon(LRG) s'installe dans la NOYA - Gabon Nouvelle Vision","isPartOf":{"@id":"https:\/\/gabonnouvellevision.com\/gnv\/#website"},"primaryImageOfPage":{"@id":"https:\/\/gabonnouvellevision.com\/gnv\/2025\/01\/29\/le-renouveau-du-gabonlrg-sinstalle-dans-la-noya\/#primaryimage"},"image":{"@id":"https:\/\/gabonnouvellevision.com\/gnv\/2025\/01\/29\/le-renouveau-du-gabonlrg-sinstalle-dans-la-noya\/#primaryimage"},"thumbnailUrl":"https:\/\/gabonnouvellevision.com\/gnv\/wp-content\/uploads\/2025\/01\/WhatsApp-Image-2025-01-27-a-18.17.22_a9598893.jpg","datePublished":"2025-01-29T09:04:14+00:00","dateModified":"2025-01-29T09:04:16+00:00","breadcrumb":{"@id":"https:\/\/gabonnouvellevision.com\/gnv\/2025\/01\/29\/le-renouveau-du-gabonlrg-sinstalle-dans-la-noya\/#breadcrumb"},"inLanguage":"fr-FR","potentialAction":[{"@type":"ReadAction","target":["https:\/\/gabonnouvellevision.com\/gnv\/2025\/01\/29\/le-renouveau-du-gabonlrg-sinstalle-dans-la-noya\/"]}]},{"@type":"ImageObject","inLanguage":"fr-FR","@id":"https:\/\/gabonnouvellevision.com\/gnv\/2025\/01\/29\/le-renouveau-du-gabonlrg-sinstalle-dans-la-noya\/#primaryimage","url":"https:\/\/gabonnouvellevision.com\/gnv\/wp-content\/uploads\/2025\/01\/WhatsApp-Image-2025-01-27-a-18.17.22_a9598893.jpg","contentUrl":"https:\/\/gabonnouvellevision.com\/gnv\/wp-content\/uploads\/2025\/01\/WhatsApp-Image-2025-01-27-a-18.17.22_a9598893.jpg","width":720,"height":413},{"@type":"BreadcrumbList","@id":"https:\/\/gabonnouvellevision.com\/gnv\/2025\/01\/29\/le-renouveau-du-gabonlrg-sinstalle-dans-la-noya\/#breadcrumb","itemListElement":[{"@type":"ListItem","position":1,"name":"Accueil","item":"https:\/\/gabonnouvellevision.com\/gnv\/"},{"@type":"ListItem","position":2,"name":"Le Renouveau du Gabon(LRG) s&rsquo;installe dans la NOYA"}]},{"@type":"WebSite","@id":"https:\/\/gabonnouvellevision.com\/gnv\/#website","url":"https:\/\/gabonnouvellevision.com\/gnv\/","name":"Gabon Nouvelle Vision","description":"","publisher":{"@id":"https:\/\/gabonnouvellevision.com\/gnv\/#organization"},"potentialAction":[{"@type":"SearchAction","target":{"@type":"EntryPoint","urlTemplate":"https:\/\/gabonnouvellevision.com\/gnv\/?s={search_term_string}"},"query-input":{"@type":"PropertyValueSpecification","valueRequired":true,"valueName":"search_term_string"}}],"inLanguage":"fr-FR"},{"@type":"Organization","@id":"https:\/\/gabonnouvellevision.com\/gnv\/#organization","name":"Gabon Nouvelle Vision","url":"https:\/\/gabonnouvellevision.com\/gnv\/","logo":{"@type":"ImageObject","inLanguage":"fr-FR","@id":"https:\/\/gabonnouvellevision.com\/gnv\/#\/schema\/logo\/image\/","url":"https:\/\/gabonnouvellevision.com\/gnv\/wp-content\/uploads\/2025\/01\/logo-text_Plan-de-travail-1.png","contentUrl":"https:\/\/gabonnouvellevision.com\/gnv\/wp-content\/uploads\/2025\/01\/logo-text_Plan-de-travail-1.png","width":7169,"height":2390,"caption":"Gabon Nouvelle Vision"},"image":{"@id":"https:\/\/gabonnouvellevision.com\/gnv\/#\/schema\/logo\/image\/"},"sameAs":["https:\/\/www.facebook.com\/GNVofficiel"]},{"@type":"Person","@id":"https:\/\/gabonnouvellevision.com\/gnv\/#\/schema\/person\/4b48e07d222f83c0285affc3704bc899","name":"Eyeng Obame","image":{"@type":"ImageObject","inLanguage":"fr-FR","@id":"https:\/\/gabonnouvellevision.com\/gnv\/#\/schema\/person\/image\/","url":"https:\/\/secure.gravatar.com\/avatar\/167bc03b8baf3c77318a47159f80871de6f5a6cbf4bc8b6af750fbc1a369d7bf?s=96&d=mm&r=g","contentUrl":"https:\/\/secure.gravatar.com\/avatar\/167bc03b8baf3c77318a47159f80871de6f5a6cbf4bc8b6af750fbc1a369d7bf?s=96&d=mm&r=g","caption":"Eyeng Obame"},"url":"https:\/\/gabonnouvellevision.com\/gnv\/author\/rufin\/"}]}},"_links":{"self":[{"href":"https:\/\/gabonnouvellevision.com\/gnv\/wp-json\/wp\/v2\/posts\/23608","targetHints":{"allow":["GET"]}}],"collection":[{"href":"https:\/\/gabonnouvellevision.com\/gnv\/wp-json\/wp\/v2\/posts"}],"about":[{"href":"https:\/\/gabonnouvellevision.com\/gnv\/wp-json\/wp\/v2\/types\/post"}],"author":[{"embeddable":true,"href":"https:\/\/gabonnouvellevision.com\/gnv\/wp-json\/wp\/v2\/users\/7"}],"replies":[{"embeddable":true,"href":"https:\/\/gabonnouvellevision.com\/gnv\/wp-json\/wp\/v2\/comments?post=23608"}],"version-history":[{"count":1,"href":"https:\/\/gabonnouvellevision.com\/gnv\/wp-json\/wp\/v2\/posts\/23608\/revisions"}],"predecessor-version":[{"id":23610,"href":"https:\/\/gabonnouvellevision.com\/gnv\/wp-json\/wp\/v2\/posts\/23608\/revisions\/23610"}],"wp:featuredmedia":[{"embeddable":true,"href":"https:\/\/gabonnouvellevision.com\/gnv\/wp-json\/wp\/v2\/media\/23609"}],"wp:attachment":[{"href":"https:\/\/gabonnouvellevision.com\/gnv\/wp-json\/wp\/v2\/media?parent=23608"}],"wp:term":[{"taxonomy":"category","embeddable":true,"href":"https:\/\/gabonnouvellevision.com\/gnv\/wp-json\/wp\/v2\/categories?post=23608"},{"taxonomy":"post_tag","embeddable":true,"href":"https:\/\/gabonnouvellevision.com\/gnv\/wp-json\/wp\/v2\/tags?post=23608"}],"curies":[{"name":"wp","href":"https:\/\/api.w.org\/{rel}","templated":true}]}}