{"id":23578,"date":"2025-01-24T15:38:45","date_gmt":"2025-01-24T14:38:45","guid":{"rendered":"https:\/\/gabonnouvellevision.com\/gnv\/?p=23578"},"modified":"2025-01-24T15:38:47","modified_gmt":"2025-01-24T14:38:47","slug":"deux-freres-incarceres-pour-avoir-moleste-leur-beau-frere-a-oyem","status":"publish","type":"post","link":"https:\/\/gabonnouvellevision.com\/gnv\/2025\/01\/24\/deux-freres-incarceres-pour-avoir-moleste-leur-beau-frere-a-oyem\/","title":{"rendered":"Deux fr\u00e8res incarc\u00e9r\u00e9s pour avoir molest\u00e9 leur beau fr\u00e8re \u00e0 Oyem"},"content":{"rendered":"\n<p><strong><em>Deux adolescents de la province septentrionale du Gabon viennent d\u2019\u00eatre mis sous mandat de d\u00e9p\u00f4t&nbsp; \u00e0 la prison centrale.<\/em><\/strong><\/p>\n\n\n\n<p><strong><em>d\u2018Oyem, &nbsp;pour coups et blessures volontaires sur le fianc\u00e9 de leur petite s\u0153ur<\/em><\/strong>.<\/p>\n\n\n\n<p>De sources concordantes, Les faits se sont d\u00e9roul\u00e9s mercredi \u00e0 Nkomayate &nbsp;dans le deuxi\u00e8me arrondissement de la commune d\u2019Oyem, chef-lieu de province du Woleu-Ntem entre la petite soeur des deux mis en cause et son fianc\u00e9.<\/p>\n\n\n\n<p>Selon le r\u00e9cit des faits de notre correspondant regional, .Jo\u00ebl, le plaignant, &nbsp;de nationalit\u00e9 Gabonaise, \u00e2g\u00e9&nbsp; de 30 ans, r\u00e9sident &nbsp;au quartier Nkomeayat avec Ornella, &nbsp;la<\/p>\n\n\n\n<p>petite s\u0153ur des deux pr\u00e9sum\u00e9s agresseurs, aurait<\/p>\n\n\n\n<p>connu la jeune fille enceinte de trois mois apr\u00e8s sa rupture avec son ex- fianc\u00e9. A la suite de ce coup de foudres, ce dernier &nbsp;va d\u00e9cider de prendre en charge Ornella et<\/p>\n\n\n\n<p>la grossesse qu\u2019elle portait. Etant une grossesse compliqu\u00e9e, la jeune Ornella<\/p>\n\n\n\n<p>va se faire hospitaliser pour interruption volontaire de grossesse.<\/p>\n\n\n\n<p>Un montant de 150.000f CFA, va \u00eatre exig\u00e9 \u00e0 la patiente pour couvrir<\/p>\n\n\n\n<p>ses frais m\u00e9dicauxn notamment l\u2019intervention chirugicale. Ainsi, Jo\u00ebl, l\u2019amant de la malade va remettre au personnel soignant un montant de 130.000f CFA au motif qu\u2019il n\u2019a pas pu r\u00e9unir la totalit\u00e9. Et les 20.000 Francs restants vont \u00eatre compl\u00e9t\u00e9s par \u201cses beaux-parents\u201d.<\/p>\n\n\n\n<p>Apr\u00e8s l\u2019op\u00e9ration chirugicale qui s\u2019est d\u00e9roul\u00e9e avec succ\u00e8s,&nbsp; la convalescente sort de l\u2019hopital et &nbsp;decide d\u2019aller poursuivre son traitement au domicile familial. Une decision sage mais douloureusement accueillie par son amant.<\/p>\n\n\n\n<p>En d\u00e9pit de cela, Jo\u00ebl d\u00e9cide d\u2019aller rendre visite \u00e0 sa compagne chez sa g\u00e9nitrice quelques jours plus tard. Mais Grande fut sa surprise de trouver<\/p>\n\n\n\n<p>sa dulcin\u00e9e emmourach\u00e9e dans les bras d\u2019un autre homme.<\/p>\n\n\n\n<p>Choquer, et d\u00e9passer par les \u00e9v\u00e8nements, le jeune homme, va exiger s\u00e9ance tenante \u00e0 sa concubine pour trahison &nbsp;le remboursement imm\u00e9diat de l\u2019int\u00e9gralit\u00e9 de la<\/p>\n\n\n\n<p>Somme d\u00e9pens\u00e9e lors de l\u2019op\u00e9ration \u00e0 l\u2019h\u00f4pital. Un revirement spectaculaire battu en br\u00eache par sa compagne qui va appeler &nbsp;\u00e0 la rescousse ses grands fr\u00e8res pour infliger une correction historique<\/p>\n\n\n\n<p>\u00e0 l\u2019amant jaloux. S\u2019en n\u2019ai suivi une altercation entre le fianc\u00e9 en courroux et les fr\u00e8res d\u2019 Ornella. Ensuite, Jo\u00ebl va porter plainte contre ses beau fr\u00e8res pour coups et blessures volontaires dans les juridictions comp\u00e9tentes de la commune d\u2019Oyem.<\/p>\n\n\n\n<p>A l\u2019issue de cette plainte, &nbsp;les deux agresseurs vont \u00eatre interpell\u00e9s par les forces de l\u2019ordre puis plac\u00e9s sous mandat de d\u00e9p\u00f4t \u00e0<\/p>\n\n\n\n<p>la prison centrale d\u2019Oyem , &nbsp;o\u00f9 ils m\u00e9ditent actuellement sur leur triste sort en attendant leur jugement au Tribunal de premi\u00e8re instance de la commune d\u2019Oyem.<\/p>\n\n\n\n<p><strong>Sandrine Eyeng Obame<\/strong><\/p>\n","protected":false},"excerpt":{"rendered":"<p>Deux adolescents de la province septentrionale du Gabon viennent d\u2019\u00eatre mis sous mandat de d\u00e9p\u00f4t&nbsp; \u00e0 la prison centrale. d\u2018Oyem, &nbsp;pour coups et blessures volontaires sur le fianc\u00e9 de leur petite s\u0153ur. De sources concordantes, Les faits se sont d\u00e9roul\u00e9s mercredi \u00e0 Nkomayate &nbsp;dans le deuxi\u00e8me arrondissement de la commune d\u2019Oyem, chef-lieu de province du [&hellip;]<\/p>\n","protected":false},"author":7,"featured_media":23579,"comment_status":"open","ping_status":"open","sticky":false,"template":"","format":"standard","meta":{"footnotes":""},"categories":[1],"tags":[],"class_list":["post-23578","post","type-post","status-publish","format-standard","has-post-thumbnail","hentry","category-non-classe"],"yoast_head":"<!-- This site is optimized with the Yoast SEO plugin v24.2 - https:\/\/yoast.com\/wordpress\/plugins\/seo\/ -->\n<title>Deux fr\u00e8res incarc\u00e9r\u00e9s pour avoir molest\u00e9 leur beau fr\u00e8re \u00e0 Oyem - Gabon Nouvelle Vision<\/title>\n<meta name=\"robots\" content=\"index, follow, max-snippet:-1, max-image-preview:large, max-video-preview:-1\" \/>\n<link rel=\"canonical\" href=\"https:\/\/gabonnouvellevision.com\/gnv\/2025\/01\/24\/deux-freres-incarceres-pour-avoir-moleste-leur-beau-frere-a-oyem\/\" \/>\n<meta property=\"og:locale\" content=\"fr_FR\" \/>\n<meta property=\"og:type\" content=\"article\" \/>\n<meta property=\"og:title\" content=\"Deux fr\u00e8res incarc\u00e9r\u00e9s pour avoir molest\u00e9 leur beau fr\u00e8re \u00e0 Oyem - Gabon Nouvelle Vision\" \/>\n<meta property=\"og:description\" content=\"Deux adolescents de la province septentrionale du Gabon viennent d\u2019\u00eatre mis sous mandat de d\u00e9p\u00f4t&nbsp; \u00e0 la prison centrale. d\u2018Oyem, &nbsp;pour coups et blessures volontaires sur le fianc\u00e9 de leur petite s\u0153ur. De sources concordantes, Les faits se sont d\u00e9roul\u00e9s mercredi \u00e0 Nkomayate &nbsp;dans le deuxi\u00e8me arrondissement de la commune d\u2019Oyem, chef-lieu de province du [&hellip;]\" \/>\n<meta property=\"og:url\" content=\"https:\/\/gabonnouvellevision.com\/gnv\/2025\/01\/24\/deux-freres-incarceres-pour-avoir-moleste-leur-beau-frere-a-oyem\/\" \/>\n<meta property=\"og:site_name\" content=\"Gabon Nouvelle Vision\" \/>\n<meta property=\"article:publisher\" content=\"https:\/\/www.facebook.com\/GNVofficiel\" \/>\n<meta property=\"article:published_time\" content=\"2025-01-24T14:38:45+00:00\" \/>\n<meta property=\"article:modified_time\" content=\"2025-01-24T14:38:47+00:00\" \/>\n<meta property=\"og:image\" content=\"https:\/\/gabonnouvellevision.com\/gnv\/wp-content\/uploads\/2025\/01\/Oyem1-magistrat.jpg\" \/>\n\t<meta property=\"og:image:width\" content=\"640\" \/>\n\t<meta property=\"og:image:height\" content=\"445\" \/>\n\t<meta property=\"og:image:type\" content=\"image\/jpeg\" \/>\n<meta name=\"author\" content=\"Eyeng Obame\" \/>\n<meta name=\"twitter:card\" content=\"summary_large_image\" \/>\n<meta name=\"twitter:label1\" content=\"\u00c9crit par\" \/>\n\t<meta name=\"twitter:data1\" content=\"Eyeng Obame\" \/>\n\t<meta name=\"twitter:label2\" content=\"Dur\u00e9e de lecture estim\u00e9e\" \/>\n\t<meta name=\"twitter:data2\" content=\"3 minutes\" \/>\n<script type=\"application\/ld+json\" class=\"yoast-schema-graph\">{\"@context\":\"https:\/\/schema.org\",\"@graph\":[{\"@type\":\"Article\",\"@id\":\"https:\/\/gabonnouvellevision.com\/gnv\/2025\/01\/24\/deux-freres-incarceres-pour-avoir-moleste-leur-beau-frere-a-oyem\/#article\",\"isPartOf\":{\"@id\":\"https:\/\/gabonnouvellevision.com\/gnv\/2025\/01\/24\/deux-freres-incarceres-pour-avoir-moleste-leur-beau-frere-a-oyem\/\"},\"author\":{\"name\":\"Eyeng Obame\",\"@id\":\"https:\/\/gabonnouvellevision.com\/gnv\/#\/schema\/person\/4b48e07d222f83c0285affc3704bc899\"},\"headline\":\"Deux fr\u00e8res incarc\u00e9r\u00e9s pour avoir molest\u00e9 leur beau fr\u00e8re \u00e0 Oyem\",\"datePublished\":\"2025-01-24T14:38:45+00:00\",\"dateModified\":\"2025-01-24T14:38:47+00:00\",\"mainEntityOfPage\":{\"@id\":\"https:\/\/gabonnouvellevision.com\/gnv\/2025\/01\/24\/deux-freres-incarceres-pour-avoir-moleste-leur-beau-frere-a-oyem\/\"},\"wordCount\":515,\"commentCount\":0,\"publisher\":{\"@id\":\"https:\/\/gabonnouvellevision.com\/gnv\/#organization\"},\"image\":{\"@id\":\"https:\/\/gabonnouvellevision.com\/gnv\/2025\/01\/24\/deux-freres-incarceres-pour-avoir-moleste-leur-beau-frere-a-oyem\/#primaryimage\"},\"thumbnailUrl\":\"https:\/\/gabonnouvellevision.com\/gnv\/wp-content\/uploads\/2025\/01\/Oyem1-magistrat.jpg\",\"inLanguage\":\"fr-FR\",\"potentialAction\":[{\"@type\":\"CommentAction\",\"name\":\"Comment\",\"target\":[\"https:\/\/gabonnouvellevision.com\/gnv\/2025\/01\/24\/deux-freres-incarceres-pour-avoir-moleste-leur-beau-frere-a-oyem\/#respond\"]}]},{\"@type\":\"WebPage\",\"@id\":\"https:\/\/gabonnouvellevision.com\/gnv\/2025\/01\/24\/deux-freres-incarceres-pour-avoir-moleste-leur-beau-frere-a-oyem\/\",\"url\":\"https:\/\/gabonnouvellevision.com\/gnv\/2025\/01\/24\/deux-freres-incarceres-pour-avoir-moleste-leur-beau-frere-a-oyem\/\",\"name\":\"Deux fr\u00e8res incarc\u00e9r\u00e9s pour avoir molest\u00e9 leur beau fr\u00e8re \u00e0 Oyem - Gabon Nouvelle Vision\",\"isPartOf\":{\"@id\":\"https:\/\/gabonnouvellevision.com\/gnv\/#website\"},\"primaryImageOfPage\":{\"@id\":\"https:\/\/gabonnouvellevision.com\/gnv\/2025\/01\/24\/deux-freres-incarceres-pour-avoir-moleste-leur-beau-frere-a-oyem\/#primaryimage\"},\"image\":{\"@id\":\"https:\/\/gabonnouvellevision.com\/gnv\/2025\/01\/24\/deux-freres-incarceres-pour-avoir-moleste-leur-beau-frere-a-oyem\/#primaryimage\"},\"thumbnailUrl\":\"https:\/\/gabonnouvellevision.com\/gnv\/wp-content\/uploads\/2025\/01\/Oyem1-magistrat.jpg\",\"datePublished\":\"2025-01-24T14:38:45+00:00\",\"dateModified\":\"2025-01-24T14:38:47+00:00\",\"breadcrumb\":{\"@id\":\"https:\/\/gabonnouvellevision.com\/gnv\/2025\/01\/24\/deux-freres-incarceres-pour-avoir-moleste-leur-beau-frere-a-oyem\/#breadcrumb\"},\"inLanguage\":\"fr-FR\",\"potentialAction\":[{\"@type\":\"ReadAction\",\"target\":[\"https:\/\/gabonnouvellevision.com\/gnv\/2025\/01\/24\/deux-freres-incarceres-pour-avoir-moleste-leur-beau-frere-a-oyem\/\"]}]},{\"@type\":\"ImageObject\",\"inLanguage\":\"fr-FR\",\"@id\":\"https:\/\/gabonnouvellevision.com\/gnv\/2025\/01\/24\/deux-freres-incarceres-pour-avoir-moleste-leur-beau-frere-a-oyem\/#primaryimage\",\"url\":\"https:\/\/gabonnouvellevision.com\/gnv\/wp-content\/uploads\/2025\/01\/Oyem1-magistrat.jpg\",\"contentUrl\":\"https:\/\/gabonnouvellevision.com\/gnv\/wp-content\/uploads\/2025\/01\/Oyem1-magistrat.jpg\",\"width\":640,\"height\":445,\"caption\":\"Screenshot\"},{\"@type\":\"BreadcrumbList\",\"@id\":\"https:\/\/gabonnouvellevision.com\/gnv\/2025\/01\/24\/deux-freres-incarceres-pour-avoir-moleste-leur-beau-frere-a-oyem\/#breadcrumb\",\"itemListElement\":[{\"@type\":\"ListItem\",\"position\":1,\"name\":\"Accueil\",\"item\":\"https:\/\/gabonnouvellevision.com\/gnv\/\"},{\"@type\":\"ListItem\",\"position\":2,\"name\":\"Deux fr\u00e8res incarc\u00e9r\u00e9s pour avoir molest\u00e9 leur beau fr\u00e8re \u00e0 Oyem\"}]},{\"@type\":\"WebSite\",\"@id\":\"https:\/\/gabonnouvellevision.com\/gnv\/#website\",\"url\":\"https:\/\/gabonnouvellevision.com\/gnv\/\",\"name\":\"Gabon Nouvelle Vision\",\"description\":\"\",\"publisher\":{\"@id\":\"https:\/\/gabonnouvellevision.com\/gnv\/#organization\"},\"potentialAction\":[{\"@type\":\"SearchAction\",\"target\":{\"@type\":\"EntryPoint\",\"urlTemplate\":\"https:\/\/gabonnouvellevision.com\/gnv\/?s={search_term_string}\"},\"query-input\":{\"@type\":\"PropertyValueSpecification\",\"valueRequired\":true,\"valueName\":\"search_term_string\"}}],\"inLanguage\":\"fr-FR\"},{\"@type\":\"Organization\",\"@id\":\"https:\/\/gabonnouvellevision.com\/gnv\/#organization\",\"name\":\"Gabon Nouvelle Vision\",\"url\":\"https:\/\/gabonnouvellevision.com\/gnv\/\",\"logo\":{\"@type\":\"ImageObject\",\"inLanguage\":\"fr-FR\",\"@id\":\"https:\/\/gabonnouvellevision.com\/gnv\/#\/schema\/logo\/image\/\",\"url\":\"https:\/\/gabonnouvellevision.com\/gnv\/wp-content\/uploads\/2025\/01\/logo-text_Plan-de-travail-1.png\",\"contentUrl\":\"https:\/\/gabonnouvellevision.com\/gnv\/wp-content\/uploads\/2025\/01\/logo-text_Plan-de-travail-1.png\",\"width\":7169,\"height\":2390,\"caption\":\"Gabon Nouvelle Vision\"},\"image\":{\"@id\":\"https:\/\/gabonnouvellevision.com\/gnv\/#\/schema\/logo\/image\/\"},\"sameAs\":[\"https:\/\/www.facebook.com\/GNVofficiel\"]},{\"@type\":\"Person\",\"@id\":\"https:\/\/gabonnouvellevision.com\/gnv\/#\/schema\/person\/4b48e07d222f83c0285affc3704bc899\",\"name\":\"Eyeng Obame\",\"image\":{\"@type\":\"ImageObject\",\"inLanguage\":\"fr-FR\",\"@id\":\"https:\/\/gabonnouvellevision.com\/gnv\/#\/schema\/person\/image\/\",\"url\":\"https:\/\/secure.gravatar.com\/avatar\/167bc03b8baf3c77318a47159f80871de6f5a6cbf4bc8b6af750fbc1a369d7bf?s=96&d=mm&r=g\",\"contentUrl\":\"https:\/\/secure.gravatar.com\/avatar\/167bc03b8baf3c77318a47159f80871de6f5a6cbf4bc8b6af750fbc1a369d7bf?s=96&d=mm&r=g\",\"caption\":\"Eyeng Obame\"},\"url\":\"https:\/\/gabonnouvellevision.com\/gnv\/author\/rufin\/\"}]}<\/script>\n<!-- \/ Yoast SEO plugin. -->","yoast_head_json":{"title":"Deux fr\u00e8res incarc\u00e9r\u00e9s pour avoir molest\u00e9 leur beau fr\u00e8re \u00e0 Oyem - Gabon Nouvelle Vision","robots":{"index":"index","follow":"follow","max-snippet":"max-snippet:-1","max-image-preview":"max-image-preview:large","max-video-preview":"max-video-preview:-1"},"canonical":"https:\/\/gabonnouvellevision.com\/gnv\/2025\/01\/24\/deux-freres-incarceres-pour-avoir-moleste-leur-beau-frere-a-oyem\/","og_locale":"fr_FR","og_type":"article","og_title":"Deux fr\u00e8res incarc\u00e9r\u00e9s pour avoir molest\u00e9 leur beau fr\u00e8re \u00e0 Oyem - Gabon Nouvelle Vision","og_description":"Deux adolescents de la province septentrionale du Gabon viennent d\u2019\u00eatre mis sous mandat de d\u00e9p\u00f4t&nbsp; \u00e0 la prison centrale. d\u2018Oyem, &nbsp;pour coups et blessures volontaires sur le fianc\u00e9 de leur petite s\u0153ur. De sources concordantes, Les faits se sont d\u00e9roul\u00e9s mercredi \u00e0 Nkomayate &nbsp;dans le deuxi\u00e8me arrondissement de la commune d\u2019Oyem, chef-lieu de province du [&hellip;]","og_url":"https:\/\/gabonnouvellevision.com\/gnv\/2025\/01\/24\/deux-freres-incarceres-pour-avoir-moleste-leur-beau-frere-a-oyem\/","og_site_name":"Gabon Nouvelle Vision","article_publisher":"https:\/\/www.facebook.com\/GNVofficiel","article_published_time":"2025-01-24T14:38:45+00:00","article_modified_time":"2025-01-24T14:38:47+00:00","og_image":[{"width":640,"height":445,"url":"https:\/\/gabonnouvellevision.com\/gnv\/wp-content\/uploads\/2025\/01\/Oyem1-magistrat.jpg","type":"image\/jpeg"}],"author":"Eyeng Obame","twitter_card":"summary_large_image","twitter_misc":{"\u00c9crit par":"Eyeng Obame","Dur\u00e9e de lecture estim\u00e9e":"3 minutes"},"schema":{"@context":"https:\/\/schema.org","@graph":[{"@type":"Article","@id":"https:\/\/gabonnouvellevision.com\/gnv\/2025\/01\/24\/deux-freres-incarceres-pour-avoir-moleste-leur-beau-frere-a-oyem\/#article","isPartOf":{"@id":"https:\/\/gabonnouvellevision.com\/gnv\/2025\/01\/24\/deux-freres-incarceres-pour-avoir-moleste-leur-beau-frere-a-oyem\/"},"author":{"name":"Eyeng Obame","@id":"https:\/\/gabonnouvellevision.com\/gnv\/#\/schema\/person\/4b48e07d222f83c0285affc3704bc899"},"headline":"Deux fr\u00e8res incarc\u00e9r\u00e9s pour avoir molest\u00e9 leur beau fr\u00e8re \u00e0 Oyem","datePublished":"2025-01-24T14:38:45+00:00","dateModified":"2025-01-24T14:38:47+00:00","mainEntityOfPage":{"@id":"https:\/\/gabonnouvellevision.com\/gnv\/2025\/01\/24\/deux-freres-incarceres-pour-avoir-moleste-leur-beau-frere-a-oyem\/"},"wordCount":515,"commentCount":0,"publisher":{"@id":"https:\/\/gabonnouvellevision.com\/gnv\/#organization"},"image":{"@id":"https:\/\/gabonnouvellevision.com\/gnv\/2025\/01\/24\/deux-freres-incarceres-pour-avoir-moleste-leur-beau-frere-a-oyem\/#primaryimage"},"thumbnailUrl":"https:\/\/gabonnouvellevision.com\/gnv\/wp-content\/uploads\/2025\/01\/Oyem1-magistrat.jpg","inLanguage":"fr-FR","potentialAction":[{"@type":"CommentAction","name":"Comment","target":["https:\/\/gabonnouvellevision.com\/gnv\/2025\/01\/24\/deux-freres-incarceres-pour-avoir-moleste-leur-beau-frere-a-oyem\/#respond"]}]},{"@type":"WebPage","@id":"https:\/\/gabonnouvellevision.com\/gnv\/2025\/01\/24\/deux-freres-incarceres-pour-avoir-moleste-leur-beau-frere-a-oyem\/","url":"https:\/\/gabonnouvellevision.com\/gnv\/2025\/01\/24\/deux-freres-incarceres-pour-avoir-moleste-leur-beau-frere-a-oyem\/","name":"Deux fr\u00e8res incarc\u00e9r\u00e9s pour avoir molest\u00e9 leur beau fr\u00e8re \u00e0 Oyem - Gabon Nouvelle Vision","isPartOf":{"@id":"https:\/\/gabonnouvellevision.com\/gnv\/#website"},"primaryImageOfPage":{"@id":"https:\/\/gabonnouvellevision.com\/gnv\/2025\/01\/24\/deux-freres-incarceres-pour-avoir-moleste-leur-beau-frere-a-oyem\/#primaryimage"},"image":{"@id":"https:\/\/gabonnouvellevision.com\/gnv\/2025\/01\/24\/deux-freres-incarceres-pour-avoir-moleste-leur-beau-frere-a-oyem\/#primaryimage"},"thumbnailUrl":"https:\/\/gabonnouvellevision.com\/gnv\/wp-content\/uploads\/2025\/01\/Oyem1-magistrat.jpg","datePublished":"2025-01-24T14:38:45+00:00","dateModified":"2025-01-24T14:38:47+00:00","breadcrumb":{"@id":"https:\/\/gabonnouvellevision.com\/gnv\/2025\/01\/24\/deux-freres-incarceres-pour-avoir-moleste-leur-beau-frere-a-oyem\/#breadcrumb"},"inLanguage":"fr-FR","potentialAction":[{"@type":"ReadAction","target":["https:\/\/gabonnouvellevision.com\/gnv\/2025\/01\/24\/deux-freres-incarceres-pour-avoir-moleste-leur-beau-frere-a-oyem\/"]}]},{"@type":"ImageObject","inLanguage":"fr-FR","@id":"https:\/\/gabonnouvellevision.com\/gnv\/2025\/01\/24\/deux-freres-incarceres-pour-avoir-moleste-leur-beau-frere-a-oyem\/#primaryimage","url":"https:\/\/gabonnouvellevision.com\/gnv\/wp-content\/uploads\/2025\/01\/Oyem1-magistrat.jpg","contentUrl":"https:\/\/gabonnouvellevision.com\/gnv\/wp-content\/uploads\/2025\/01\/Oyem1-magistrat.jpg","width":640,"height":445,"caption":"Screenshot"},{"@type":"BreadcrumbList","@id":"https:\/\/gabonnouvellevision.com\/gnv\/2025\/01\/24\/deux-freres-incarceres-pour-avoir-moleste-leur-beau-frere-a-oyem\/#breadcrumb","itemListElement":[{"@type":"ListItem","position":1,"name":"Accueil","item":"https:\/\/gabonnouvellevision.com\/gnv\/"},{"@type":"ListItem","position":2,"name":"Deux fr\u00e8res incarc\u00e9r\u00e9s pour avoir molest\u00e9 leur beau fr\u00e8re \u00e0 Oyem"}]},{"@type":"WebSite","@id":"https:\/\/gabonnouvellevision.com\/gnv\/#website","url":"https:\/\/gabonnouvellevision.com\/gnv\/","name":"Gabon Nouvelle Vision","description":"","publisher":{"@id":"https:\/\/gabonnouvellevision.com\/gnv\/#organization"},"potentialAction":[{"@type":"SearchAction","target":{"@type":"EntryPoint","urlTemplate":"https:\/\/gabonnouvellevision.com\/gnv\/?s={search_term_string}"},"query-input":{"@type":"PropertyValueSpecification","valueRequired":true,"valueName":"search_term_string"}}],"inLanguage":"fr-FR"},{"@type":"Organization","@id":"https:\/\/gabonnouvellevision.com\/gnv\/#organization","name":"Gabon Nouvelle Vision","url":"https:\/\/gabonnouvellevision.com\/gnv\/","logo":{"@type":"ImageObject","inLanguage":"fr-FR","@id":"https:\/\/gabonnouvellevision.com\/gnv\/#\/schema\/logo\/image\/","url":"https:\/\/gabonnouvellevision.com\/gnv\/wp-content\/uploads\/2025\/01\/logo-text_Plan-de-travail-1.png","contentUrl":"https:\/\/gabonnouvellevision.com\/gnv\/wp-content\/uploads\/2025\/01\/logo-text_Plan-de-travail-1.png","width":7169,"height":2390,"caption":"Gabon Nouvelle Vision"},"image":{"@id":"https:\/\/gabonnouvellevision.com\/gnv\/#\/schema\/logo\/image\/"},"sameAs":["https:\/\/www.facebook.com\/GNVofficiel"]},{"@type":"Person","@id":"https:\/\/gabonnouvellevision.com\/gnv\/#\/schema\/person\/4b48e07d222f83c0285affc3704bc899","name":"Eyeng Obame","image":{"@type":"ImageObject","inLanguage":"fr-FR","@id":"https:\/\/gabonnouvellevision.com\/gnv\/#\/schema\/person\/image\/","url":"https:\/\/secure.gravatar.com\/avatar\/167bc03b8baf3c77318a47159f80871de6f5a6cbf4bc8b6af750fbc1a369d7bf?s=96&d=mm&r=g","contentUrl":"https:\/\/secure.gravatar.com\/avatar\/167bc03b8baf3c77318a47159f80871de6f5a6cbf4bc8b6af750fbc1a369d7bf?s=96&d=mm&r=g","caption":"Eyeng Obame"},"url":"https:\/\/gabonnouvellevision.com\/gnv\/author\/rufin\/"}]}},"_links":{"self":[{"href":"https:\/\/gabonnouvellevision.com\/gnv\/wp-json\/wp\/v2\/posts\/23578","targetHints":{"allow":["GET"]}}],"collection":[{"href":"https:\/\/gabonnouvellevision.com\/gnv\/wp-json\/wp\/v2\/posts"}],"about":[{"href":"https:\/\/gabonnouvellevision.com\/gnv\/wp-json\/wp\/v2\/types\/post"}],"author":[{"embeddable":true,"href":"https:\/\/gabonnouvellevision.com\/gnv\/wp-json\/wp\/v2\/users\/7"}],"replies":[{"embeddable":true,"href":"https:\/\/gabonnouvellevision.com\/gnv\/wp-json\/wp\/v2\/comments?post=23578"}],"version-history":[{"count":1,"href":"https:\/\/gabonnouvellevision.com\/gnv\/wp-json\/wp\/v2\/posts\/23578\/revisions"}],"predecessor-version":[{"id":23580,"href":"https:\/\/gabonnouvellevision.com\/gnv\/wp-json\/wp\/v2\/posts\/23578\/revisions\/23580"}],"wp:featuredmedia":[{"embeddable":true,"href":"https:\/\/gabonnouvellevision.com\/gnv\/wp-json\/wp\/v2\/media\/23579"}],"wp:attachment":[{"href":"https:\/\/gabonnouvellevision.com\/gnv\/wp-json\/wp\/v2\/media?parent=23578"}],"wp:term":[{"taxonomy":"category","embeddable":true,"href":"https:\/\/gabonnouvellevision.com\/gnv\/wp-json\/wp\/v2\/categories?post=23578"},{"taxonomy":"post_tag","embeddable":true,"href":"https:\/\/gabonnouvellevision.com\/gnv\/wp-json\/wp\/v2\/tags?post=23578"}],"curies":[{"name":"wp","href":"https:\/\/api.w.org\/{rel}","templated":true}]}}