{"id":23573,"date":"2025-01-24T15:29:52","date_gmt":"2025-01-24T14:29:52","guid":{"rendered":"https:\/\/gabonnouvellevision.com\/gnv\/?p=23573"},"modified":"2025-01-24T15:32:28","modified_gmt":"2025-01-24T14:32:28","slug":"les-gabonais-appeles-aux-urnes-le-12-avril-prochain","status":"publish","type":"post","link":"https:\/\/gabonnouvellevision.com\/gnv\/2025\/01\/24\/les-gabonais-appeles-aux-urnes-le-12-avril-prochain\/","title":{"rendered":"Les Gabonais appel\u00e9s aux urnes le 12 avril prochain"},"content":{"rendered":"\n<p><em><strong>Le coll\u00e8ge \u00e9lectoral pour l\u2019\u00e9lection du Pr\u00e9sident de la R\u00e9publique<\/strong><\/em><\/p>\n\n\n\n<p><em><strong>&nbsp;sera convoqu\u00e9 le 12 avril prochain, c\u2019est la principale&nbsp;<\/strong><\/em><strong>d\u00e9cision issue du<\/strong><\/p>\n\n\n\n<p><em><strong>conseil des ministres de mercredi dernier \u00e0 Libreville<\/strong><\/em>.<\/p>\n\n\n\n<p>Selon le communiqu\u00e9 final du conseil des ministres du 23 janvier dernier dirig\u00e9<\/p>\n\n\n\n<p>par le Pr\u00e9sident de la Transition, Brice Clotaire Oligui Nguema, ce projet de d\u00e9cret est pris en application de l\u2019article 113 de la loi organique<\/p>\n\n\n\n<p>n\u00b0001\/2025 du 19 janvier 2025, fixant la convocation du coll\u00e8ge \u00e9lectoral pour<\/p>\n\n\n\n<p>l\u2019\u00e9lection du Pr\u00e9sident de la R\u00e9publique au titre de l\u2019ann\u00e9e 2025.<\/p>\n\n\n\n<p>L\u2019\u00e9lection pr\u00e9sidentielle qui se tiendra le 12 avril 2025 et dont le scrutin se<\/p>\n\n\n\n<p>d\u00e9roulera de 7 heure \u00e0 18 heure&nbsp;est une \u00e9tape d\u00e9cisive vers le retour \u00e0 un<\/p>\n\n\n\n<p>r\u00e9gime civil comme l\u2019avait promis le pr\u00e9sident de la transition.<\/p>\n\n\n\n<p>Cette convocation d\u00e9montre la d\u00e9termination du Pr\u00e9sident de la transition \u00e0 ce<\/p>\n\n\n\n<p>que le Gabon revienne au r\u00e9gime d\u00e9mocratique.<\/p>\n\n\n\n<p>Rappelons que, depuis sa prestation de serment le 4 septembre 2023, le<\/p>\n\n\n\n<p>G\u00e9n\u00e9ral de Brigade Brice Clotaire Oligui Nguema, avait promis rendre le pouvoir aux civils<\/p>\n\n\n\n<p>par des&nbsp;\u00e9lections libres, transparentes et cr\u00e9dibles.<\/p>\n\n\n\n<p><strong>Sandrine Eyeng Obame<\/strong><\/p>\n","protected":false},"excerpt":{"rendered":"<p>Le coll\u00e8ge \u00e9lectoral pour l\u2019\u00e9lection du Pr\u00e9sident de la R\u00e9publique &nbsp;sera convoqu\u00e9 le 12 avril prochain, c\u2019est la principale&nbsp;d\u00e9cision issue du conseil des ministres de mercredi dernier \u00e0 Libreville. Selon le communiqu\u00e9 final du conseil des ministres du 23 janvier dernier dirig\u00e9 par le Pr\u00e9sident de la Transition, Brice Clotaire Oligui Nguema, ce projet de [&hellip;]<\/p>\n","protected":false},"author":7,"featured_media":3793,"comment_status":"open","ping_status":"open","sticky":false,"template":"","format":"standard","meta":{"footnotes":""},"categories":[57,16,55,65],"tags":[],"class_list":["post-23573","post","type-post","status-publish","format-standard","has-post-thumbnail","hentry","category-a-la-une","category-active","category-actualites","category-politique-podcasts"],"yoast_head":"<!-- This site is optimized with the Yoast SEO plugin v24.2 - https:\/\/yoast.com\/wordpress\/plugins\/seo\/ -->\n<title>Les Gabonais appel\u00e9s aux urnes le 12 avril prochain - Gabon Nouvelle Vision<\/title>\n<meta name=\"robots\" content=\"index, follow, max-snippet:-1, max-image-preview:large, max-video-preview:-1\" \/>\n<link rel=\"canonical\" href=\"https:\/\/gabonnouvellevision.com\/gnv\/2025\/01\/24\/les-gabonais-appeles-aux-urnes-le-12-avril-prochain\/\" \/>\n<meta property=\"og:locale\" content=\"fr_FR\" \/>\n<meta property=\"og:type\" content=\"article\" \/>\n<meta property=\"og:title\" content=\"Les Gabonais appel\u00e9s aux urnes le 12 avril prochain - Gabon Nouvelle Vision\" \/>\n<meta property=\"og:description\" content=\"Le coll\u00e8ge \u00e9lectoral pour l\u2019\u00e9lection du Pr\u00e9sident de la R\u00e9publique &nbsp;sera convoqu\u00e9 le 12 avril prochain, c\u2019est la principale&nbsp;d\u00e9cision issue du conseil des ministres de mercredi dernier \u00e0 Libreville. Selon le communiqu\u00e9 final du conseil des ministres du 23 janvier dernier dirig\u00e9 par le Pr\u00e9sident de la Transition, Brice Clotaire Oligui Nguema, ce projet de [&hellip;]\" \/>\n<meta property=\"og:url\" content=\"https:\/\/gabonnouvellevision.com\/gnv\/2025\/01\/24\/les-gabonais-appeles-aux-urnes-le-12-avril-prochain\/\" \/>\n<meta property=\"og:site_name\" content=\"Gabon Nouvelle Vision\" \/>\n<meta property=\"article:publisher\" content=\"https:\/\/www.facebook.com\/GNVofficiel\" \/>\n<meta property=\"article:published_time\" content=\"2025-01-24T14:29:52+00:00\" \/>\n<meta property=\"article:modified_time\" content=\"2025-01-24T14:32:28+00:00\" \/>\n<meta property=\"og:image\" content=\"https:\/\/gabonnouvellevision.com\/gnv\/wp-content\/uploads\/2025\/01\/Articles-site-web-_-LUNION-1.webp\" \/>\n\t<meta property=\"og:image:width\" content=\"2400\" \/>\n\t<meta property=\"og:image:height\" content=\"1600\" \/>\n\t<meta property=\"og:image:type\" content=\"image\/webp\" \/>\n<meta name=\"author\" content=\"Eyeng Obame\" \/>\n<meta name=\"twitter:card\" content=\"summary_large_image\" \/>\n<meta name=\"twitter:label1\" content=\"\u00c9crit par\" \/>\n\t<meta name=\"twitter:data1\" content=\"Eyeng Obame\" \/>\n\t<meta name=\"twitter:label2\" content=\"Dur\u00e9e de lecture estim\u00e9e\" \/>\n\t<meta name=\"twitter:data2\" content=\"2 minutes\" \/>\n<script type=\"application\/ld+json\" class=\"yoast-schema-graph\">{\"@context\":\"https:\/\/schema.org\",\"@graph\":[{\"@type\":\"Article\",\"@id\":\"https:\/\/gabonnouvellevision.com\/gnv\/2025\/01\/24\/les-gabonais-appeles-aux-urnes-le-12-avril-prochain\/#article\",\"isPartOf\":{\"@id\":\"https:\/\/gabonnouvellevision.com\/gnv\/2025\/01\/24\/les-gabonais-appeles-aux-urnes-le-12-avril-prochain\/\"},\"author\":{\"name\":\"Eyeng Obame\",\"@id\":\"https:\/\/gabonnouvellevision.com\/gnv\/#\/schema\/person\/4b48e07d222f83c0285affc3704bc899\"},\"headline\":\"Les Gabonais appel\u00e9s aux urnes le 12 avril prochain\",\"datePublished\":\"2025-01-24T14:29:52+00:00\",\"dateModified\":\"2025-01-24T14:32:28+00:00\",\"mainEntityOfPage\":{\"@id\":\"https:\/\/gabonnouvellevision.com\/gnv\/2025\/01\/24\/les-gabonais-appeles-aux-urnes-le-12-avril-prochain\/\"},\"wordCount\":213,\"commentCount\":0,\"publisher\":{\"@id\":\"https:\/\/gabonnouvellevision.com\/gnv\/#organization\"},\"image\":{\"@id\":\"https:\/\/gabonnouvellevision.com\/gnv\/2025\/01\/24\/les-gabonais-appeles-aux-urnes-le-12-avril-prochain\/#primaryimage\"},\"thumbnailUrl\":\"https:\/\/gabonnouvellevision.com\/gnv\/wp-content\/uploads\/2025\/01\/Articles-site-web-_-LUNION-1.webp\",\"articleSection\":[\"A la une\",\"Active\",\"Actualites\",\"Politique\"],\"inLanguage\":\"fr-FR\",\"potentialAction\":[{\"@type\":\"CommentAction\",\"name\":\"Comment\",\"target\":[\"https:\/\/gabonnouvellevision.com\/gnv\/2025\/01\/24\/les-gabonais-appeles-aux-urnes-le-12-avril-prochain\/#respond\"]}]},{\"@type\":\"WebPage\",\"@id\":\"https:\/\/gabonnouvellevision.com\/gnv\/2025\/01\/24\/les-gabonais-appeles-aux-urnes-le-12-avril-prochain\/\",\"url\":\"https:\/\/gabonnouvellevision.com\/gnv\/2025\/01\/24\/les-gabonais-appeles-aux-urnes-le-12-avril-prochain\/\",\"name\":\"Les Gabonais appel\u00e9s aux urnes le 12 avril prochain - Gabon Nouvelle Vision\",\"isPartOf\":{\"@id\":\"https:\/\/gabonnouvellevision.com\/gnv\/#website\"},\"primaryImageOfPage\":{\"@id\":\"https:\/\/gabonnouvellevision.com\/gnv\/2025\/01\/24\/les-gabonais-appeles-aux-urnes-le-12-avril-prochain\/#primaryimage\"},\"image\":{\"@id\":\"https:\/\/gabonnouvellevision.com\/gnv\/2025\/01\/24\/les-gabonais-appeles-aux-urnes-le-12-avril-prochain\/#primaryimage\"},\"thumbnailUrl\":\"https:\/\/gabonnouvellevision.com\/gnv\/wp-content\/uploads\/2025\/01\/Articles-site-web-_-LUNION-1.webp\",\"datePublished\":\"2025-01-24T14:29:52+00:00\",\"dateModified\":\"2025-01-24T14:32:28+00:00\",\"breadcrumb\":{\"@id\":\"https:\/\/gabonnouvellevision.com\/gnv\/2025\/01\/24\/les-gabonais-appeles-aux-urnes-le-12-avril-prochain\/#breadcrumb\"},\"inLanguage\":\"fr-FR\",\"potentialAction\":[{\"@type\":\"ReadAction\",\"target\":[\"https:\/\/gabonnouvellevision.com\/gnv\/2025\/01\/24\/les-gabonais-appeles-aux-urnes-le-12-avril-prochain\/\"]}]},{\"@type\":\"ImageObject\",\"inLanguage\":\"fr-FR\",\"@id\":\"https:\/\/gabonnouvellevision.com\/gnv\/2025\/01\/24\/les-gabonais-appeles-aux-urnes-le-12-avril-prochain\/#primaryimage\",\"url\":\"https:\/\/gabonnouvellevision.com\/gnv\/wp-content\/uploads\/2025\/01\/Articles-site-web-_-LUNION-1.webp\",\"contentUrl\":\"https:\/\/gabonnouvellevision.com\/gnv\/wp-content\/uploads\/2025\/01\/Articles-site-web-_-LUNION-1.webp\",\"width\":2400,\"height\":1600},{\"@type\":\"BreadcrumbList\",\"@id\":\"https:\/\/gabonnouvellevision.com\/gnv\/2025\/01\/24\/les-gabonais-appeles-aux-urnes-le-12-avril-prochain\/#breadcrumb\",\"itemListElement\":[{\"@type\":\"ListItem\",\"position\":1,\"name\":\"Accueil\",\"item\":\"https:\/\/gabonnouvellevision.com\/gnv\/\"},{\"@type\":\"ListItem\",\"position\":2,\"name\":\"Les Gabonais appel\u00e9s aux urnes le 12 avril prochain\"}]},{\"@type\":\"WebSite\",\"@id\":\"https:\/\/gabonnouvellevision.com\/gnv\/#website\",\"url\":\"https:\/\/gabonnouvellevision.com\/gnv\/\",\"name\":\"Gabon Nouvelle Vision\",\"description\":\"\",\"publisher\":{\"@id\":\"https:\/\/gabonnouvellevision.com\/gnv\/#organization\"},\"potentialAction\":[{\"@type\":\"SearchAction\",\"target\":{\"@type\":\"EntryPoint\",\"urlTemplate\":\"https:\/\/gabonnouvellevision.com\/gnv\/?s={search_term_string}\"},\"query-input\":{\"@type\":\"PropertyValueSpecification\",\"valueRequired\":true,\"valueName\":\"search_term_string\"}}],\"inLanguage\":\"fr-FR\"},{\"@type\":\"Organization\",\"@id\":\"https:\/\/gabonnouvellevision.com\/gnv\/#organization\",\"name\":\"Gabon Nouvelle Vision\",\"url\":\"https:\/\/gabonnouvellevision.com\/gnv\/\",\"logo\":{\"@type\":\"ImageObject\",\"inLanguage\":\"fr-FR\",\"@id\":\"https:\/\/gabonnouvellevision.com\/gnv\/#\/schema\/logo\/image\/\",\"url\":\"https:\/\/gabonnouvellevision.com\/gnv\/wp-content\/uploads\/2025\/01\/logo-text_Plan-de-travail-1.png\",\"contentUrl\":\"https:\/\/gabonnouvellevision.com\/gnv\/wp-content\/uploads\/2025\/01\/logo-text_Plan-de-travail-1.png\",\"width\":7169,\"height\":2390,\"caption\":\"Gabon Nouvelle Vision\"},\"image\":{\"@id\":\"https:\/\/gabonnouvellevision.com\/gnv\/#\/schema\/logo\/image\/\"},\"sameAs\":[\"https:\/\/www.facebook.com\/GNVofficiel\"]},{\"@type\":\"Person\",\"@id\":\"https:\/\/gabonnouvellevision.com\/gnv\/#\/schema\/person\/4b48e07d222f83c0285affc3704bc899\",\"name\":\"Eyeng Obame\",\"image\":{\"@type\":\"ImageObject\",\"inLanguage\":\"fr-FR\",\"@id\":\"https:\/\/gabonnouvellevision.com\/gnv\/#\/schema\/person\/image\/\",\"url\":\"https:\/\/secure.gravatar.com\/avatar\/167bc03b8baf3c77318a47159f80871de6f5a6cbf4bc8b6af750fbc1a369d7bf?s=96&d=mm&r=g\",\"contentUrl\":\"https:\/\/secure.gravatar.com\/avatar\/167bc03b8baf3c77318a47159f80871de6f5a6cbf4bc8b6af750fbc1a369d7bf?s=96&d=mm&r=g\",\"caption\":\"Eyeng Obame\"},\"url\":\"https:\/\/gabonnouvellevision.com\/gnv\/author\/rufin\/\"}]}<\/script>\n<!-- \/ Yoast SEO plugin. -->","yoast_head_json":{"title":"Les Gabonais appel\u00e9s aux urnes le 12 avril prochain - Gabon Nouvelle Vision","robots":{"index":"index","follow":"follow","max-snippet":"max-snippet:-1","max-image-preview":"max-image-preview:large","max-video-preview":"max-video-preview:-1"},"canonical":"https:\/\/gabonnouvellevision.com\/gnv\/2025\/01\/24\/les-gabonais-appeles-aux-urnes-le-12-avril-prochain\/","og_locale":"fr_FR","og_type":"article","og_title":"Les Gabonais appel\u00e9s aux urnes le 12 avril prochain - Gabon Nouvelle Vision","og_description":"Le coll\u00e8ge \u00e9lectoral pour l\u2019\u00e9lection du Pr\u00e9sident de la R\u00e9publique &nbsp;sera convoqu\u00e9 le 12 avril prochain, c\u2019est la principale&nbsp;d\u00e9cision issue du conseil des ministres de mercredi dernier \u00e0 Libreville. Selon le communiqu\u00e9 final du conseil des ministres du 23 janvier dernier dirig\u00e9 par le Pr\u00e9sident de la Transition, Brice Clotaire Oligui Nguema, ce projet de [&hellip;]","og_url":"https:\/\/gabonnouvellevision.com\/gnv\/2025\/01\/24\/les-gabonais-appeles-aux-urnes-le-12-avril-prochain\/","og_site_name":"Gabon Nouvelle Vision","article_publisher":"https:\/\/www.facebook.com\/GNVofficiel","article_published_time":"2025-01-24T14:29:52+00:00","article_modified_time":"2025-01-24T14:32:28+00:00","og_image":[{"width":2400,"height":1600,"url":"https:\/\/gabonnouvellevision.com\/gnv\/wp-content\/uploads\/2025\/01\/Articles-site-web-_-LUNION-1.webp","type":"image\/webp"}],"author":"Eyeng Obame","twitter_card":"summary_large_image","twitter_misc":{"\u00c9crit par":"Eyeng Obame","Dur\u00e9e de lecture estim\u00e9e":"2 minutes"},"schema":{"@context":"https:\/\/schema.org","@graph":[{"@type":"Article","@id":"https:\/\/gabonnouvellevision.com\/gnv\/2025\/01\/24\/les-gabonais-appeles-aux-urnes-le-12-avril-prochain\/#article","isPartOf":{"@id":"https:\/\/gabonnouvellevision.com\/gnv\/2025\/01\/24\/les-gabonais-appeles-aux-urnes-le-12-avril-prochain\/"},"author":{"name":"Eyeng Obame","@id":"https:\/\/gabonnouvellevision.com\/gnv\/#\/schema\/person\/4b48e07d222f83c0285affc3704bc899"},"headline":"Les Gabonais appel\u00e9s aux urnes le 12 avril prochain","datePublished":"2025-01-24T14:29:52+00:00","dateModified":"2025-01-24T14:32:28+00:00","mainEntityOfPage":{"@id":"https:\/\/gabonnouvellevision.com\/gnv\/2025\/01\/24\/les-gabonais-appeles-aux-urnes-le-12-avril-prochain\/"},"wordCount":213,"commentCount":0,"publisher":{"@id":"https:\/\/gabonnouvellevision.com\/gnv\/#organization"},"image":{"@id":"https:\/\/gabonnouvellevision.com\/gnv\/2025\/01\/24\/les-gabonais-appeles-aux-urnes-le-12-avril-prochain\/#primaryimage"},"thumbnailUrl":"https:\/\/gabonnouvellevision.com\/gnv\/wp-content\/uploads\/2025\/01\/Articles-site-web-_-LUNION-1.webp","articleSection":["A la une","Active","Actualites","Politique"],"inLanguage":"fr-FR","potentialAction":[{"@type":"CommentAction","name":"Comment","target":["https:\/\/gabonnouvellevision.com\/gnv\/2025\/01\/24\/les-gabonais-appeles-aux-urnes-le-12-avril-prochain\/#respond"]}]},{"@type":"WebPage","@id":"https:\/\/gabonnouvellevision.com\/gnv\/2025\/01\/24\/les-gabonais-appeles-aux-urnes-le-12-avril-prochain\/","url":"https:\/\/gabonnouvellevision.com\/gnv\/2025\/01\/24\/les-gabonais-appeles-aux-urnes-le-12-avril-prochain\/","name":"Les Gabonais appel\u00e9s aux urnes le 12 avril prochain - Gabon Nouvelle Vision","isPartOf":{"@id":"https:\/\/gabonnouvellevision.com\/gnv\/#website"},"primaryImageOfPage":{"@id":"https:\/\/gabonnouvellevision.com\/gnv\/2025\/01\/24\/les-gabonais-appeles-aux-urnes-le-12-avril-prochain\/#primaryimage"},"image":{"@id":"https:\/\/gabonnouvellevision.com\/gnv\/2025\/01\/24\/les-gabonais-appeles-aux-urnes-le-12-avril-prochain\/#primaryimage"},"thumbnailUrl":"https:\/\/gabonnouvellevision.com\/gnv\/wp-content\/uploads\/2025\/01\/Articles-site-web-_-LUNION-1.webp","datePublished":"2025-01-24T14:29:52+00:00","dateModified":"2025-01-24T14:32:28+00:00","breadcrumb":{"@id":"https:\/\/gabonnouvellevision.com\/gnv\/2025\/01\/24\/les-gabonais-appeles-aux-urnes-le-12-avril-prochain\/#breadcrumb"},"inLanguage":"fr-FR","potentialAction":[{"@type":"ReadAction","target":["https:\/\/gabonnouvellevision.com\/gnv\/2025\/01\/24\/les-gabonais-appeles-aux-urnes-le-12-avril-prochain\/"]}]},{"@type":"ImageObject","inLanguage":"fr-FR","@id":"https:\/\/gabonnouvellevision.com\/gnv\/2025\/01\/24\/les-gabonais-appeles-aux-urnes-le-12-avril-prochain\/#primaryimage","url":"https:\/\/gabonnouvellevision.com\/gnv\/wp-content\/uploads\/2025\/01\/Articles-site-web-_-LUNION-1.webp","contentUrl":"https:\/\/gabonnouvellevision.com\/gnv\/wp-content\/uploads\/2025\/01\/Articles-site-web-_-LUNION-1.webp","width":2400,"height":1600},{"@type":"BreadcrumbList","@id":"https:\/\/gabonnouvellevision.com\/gnv\/2025\/01\/24\/les-gabonais-appeles-aux-urnes-le-12-avril-prochain\/#breadcrumb","itemListElement":[{"@type":"ListItem","position":1,"name":"Accueil","item":"https:\/\/gabonnouvellevision.com\/gnv\/"},{"@type":"ListItem","position":2,"name":"Les Gabonais appel\u00e9s aux urnes le 12 avril prochain"}]},{"@type":"WebSite","@id":"https:\/\/gabonnouvellevision.com\/gnv\/#website","url":"https:\/\/gabonnouvellevision.com\/gnv\/","name":"Gabon Nouvelle Vision","description":"","publisher":{"@id":"https:\/\/gabonnouvellevision.com\/gnv\/#organization"},"potentialAction":[{"@type":"SearchAction","target":{"@type":"EntryPoint","urlTemplate":"https:\/\/gabonnouvellevision.com\/gnv\/?s={search_term_string}"},"query-input":{"@type":"PropertyValueSpecification","valueRequired":true,"valueName":"search_term_string"}}],"inLanguage":"fr-FR"},{"@type":"Organization","@id":"https:\/\/gabonnouvellevision.com\/gnv\/#organization","name":"Gabon Nouvelle Vision","url":"https:\/\/gabonnouvellevision.com\/gnv\/","logo":{"@type":"ImageObject","inLanguage":"fr-FR","@id":"https:\/\/gabonnouvellevision.com\/gnv\/#\/schema\/logo\/image\/","url":"https:\/\/gabonnouvellevision.com\/gnv\/wp-content\/uploads\/2025\/01\/logo-text_Plan-de-travail-1.png","contentUrl":"https:\/\/gabonnouvellevision.com\/gnv\/wp-content\/uploads\/2025\/01\/logo-text_Plan-de-travail-1.png","width":7169,"height":2390,"caption":"Gabon Nouvelle Vision"},"image":{"@id":"https:\/\/gabonnouvellevision.com\/gnv\/#\/schema\/logo\/image\/"},"sameAs":["https:\/\/www.facebook.com\/GNVofficiel"]},{"@type":"Person","@id":"https:\/\/gabonnouvellevision.com\/gnv\/#\/schema\/person\/4b48e07d222f83c0285affc3704bc899","name":"Eyeng Obame","image":{"@type":"ImageObject","inLanguage":"fr-FR","@id":"https:\/\/gabonnouvellevision.com\/gnv\/#\/schema\/person\/image\/","url":"https:\/\/secure.gravatar.com\/avatar\/167bc03b8baf3c77318a47159f80871de6f5a6cbf4bc8b6af750fbc1a369d7bf?s=96&d=mm&r=g","contentUrl":"https:\/\/secure.gravatar.com\/avatar\/167bc03b8baf3c77318a47159f80871de6f5a6cbf4bc8b6af750fbc1a369d7bf?s=96&d=mm&r=g","caption":"Eyeng Obame"},"url":"https:\/\/gabonnouvellevision.com\/gnv\/author\/rufin\/"}]}},"_links":{"self":[{"href":"https:\/\/gabonnouvellevision.com\/gnv\/wp-json\/wp\/v2\/posts\/23573","targetHints":{"allow":["GET"]}}],"collection":[{"href":"https:\/\/gabonnouvellevision.com\/gnv\/wp-json\/wp\/v2\/posts"}],"about":[{"href":"https:\/\/gabonnouvellevision.com\/gnv\/wp-json\/wp\/v2\/types\/post"}],"author":[{"embeddable":true,"href":"https:\/\/gabonnouvellevision.com\/gnv\/wp-json\/wp\/v2\/users\/7"}],"replies":[{"embeddable":true,"href":"https:\/\/gabonnouvellevision.com\/gnv\/wp-json\/wp\/v2\/comments?post=23573"}],"version-history":[{"count":3,"href":"https:\/\/gabonnouvellevision.com\/gnv\/wp-json\/wp\/v2\/posts\/23573\/revisions"}],"predecessor-version":[{"id":23577,"href":"https:\/\/gabonnouvellevision.com\/gnv\/wp-json\/wp\/v2\/posts\/23573\/revisions\/23577"}],"wp:featuredmedia":[{"embeddable":true,"href":"https:\/\/gabonnouvellevision.com\/gnv\/wp-json\/wp\/v2\/media\/3793"}],"wp:attachment":[{"href":"https:\/\/gabonnouvellevision.com\/gnv\/wp-json\/wp\/v2\/media?parent=23573"}],"wp:term":[{"taxonomy":"category","embeddable":true,"href":"https:\/\/gabonnouvellevision.com\/gnv\/wp-json\/wp\/v2\/categories?post=23573"},{"taxonomy":"post_tag","embeddable":true,"href":"https:\/\/gabonnouvellevision.com\/gnv\/wp-json\/wp\/v2\/tags?post=23573"}],"curies":[{"name":"wp","href":"https:\/\/api.w.org\/{rel}","templated":true}]}}