{"id":23568,"date":"2025-01-23T09:46:55","date_gmt":"2025-01-23T08:46:55","guid":{"rendered":"https:\/\/gabonnouvellevision.com\/gnv\/?p=23568"},"modified":"2025-01-23T09:46:57","modified_gmt":"2025-01-23T08:46:57","slug":"communique-final-du-conseil-des-ministres-du-22-janvier-2025","status":"publish","type":"post","link":"https:\/\/gabonnouvellevision.com\/gnv\/2025\/01\/23\/communique-final-du-conseil-des-ministres-du-22-janvier-2025\/","title":{"rendered":"Communiqu\u00e9 final du Conseil des Ministres du 22 janvier 2025"},"content":{"rendered":"\n<p><strong>Sous la Tr\u00e8s Haute Pr\u00e9sidence de Son Excellence&nbsp; Brice Clotaire OLIGUI NGUEMA, G\u00e9n\u00e9ral de&nbsp; Brigade, Pr\u00e9sident de la Transition, Pr\u00e9sident&nbsp; de la R\u00e9publique, Chef de l\u2019\u00c9tat, le Conseil des&nbsp; Ministres s\u2019est r\u00e9uni ce mercredi 22 janvier 2025, \u00e0&nbsp; 11 heures pr\u00e9cises, au Palais de la Pr\u00e9sidence de la&nbsp; R\u00e9publique.&nbsp;<\/strong><\/p>\n\n\n\n<p>En ouverture des travaux, le Conseil s\u2019est f\u00e9licit\u00e9&nbsp; de l\u2019int\u00e9r\u00eat diplomatique manifest\u00e9 par plusieurs&nbsp; pays africains \u00e0 l\u2019\u00e9gard de la qualit\u00e9 du processus&nbsp; de transition en cours depuis les \u00e9v\u00e9nements du 30&nbsp; ao\u00fbt 2023. \u00c0 ce titre, il a salu\u00e9 la visite d\u2019amiti\u00e9&nbsp; effectu\u00e9e le 16 janvier par&nbsp;<strong>Son Excellence Umaro&nbsp; SISSOCO EMBALO<\/strong>,&nbsp;<strong>Pr\u00e9sident de la&nbsp; R\u00e9publique de Guin\u00e9e-Bissau<\/strong>, qui, aux c\u00f4t\u00e9s du&nbsp; Chef de l\u2019\u00c9tat gabonais, a pu constater les&nbsp; avanc\u00e9es notables permettant un retour rapide \u00e0&nbsp; l\u2019ordre constitutionnel. Le Pr\u00e9sident Bissau Guin\u00e9en s\u2019est r\u00e9joui du respect du calendrier de la&nbsp; transition, soulignant qu\u2019il s\u2019agit l\u00e0 d\u2019une attente&nbsp; majeure de la communaut\u00e9 internationale.<\/p>\n\n\n\n<p>Fort de cet \u00e9lan, le Conseil s\u2019est \u00e9galement r\u00e9joui&nbsp; de l\u2019adoption du Code \u00e9lectoral par le Parlement,&nbsp; r\u00e9uni en session extraordinaire du 10 au 20 janvier&nbsp; 2025. La conclusion de cette \u00e9tape marque&nbsp; l\u2019ouverture d\u2019une phase d\u00e9cisive dans la cl\u00f4ture du&nbsp;processus deTransition : l\u2019\u00e9lection du Pr\u00e9sident de&nbsp; la R\u00e9publique gabonaise.&nbsp;&nbsp;<\/p>\n\n\n\n<p><strong>Au titre des projets de textes l\u00e9gislatifs et&nbsp;&nbsp;r\u00e8glementaires&nbsp;<\/strong><\/p>\n\n\n\n<p>Le Conseil des Ministres a d\u00e9lib\u00e9r\u00e9 sur les affaires&nbsp; suivantes :&nbsp;<\/p>\n\n\n\n<p><strong>MINISTERE DE LA REFORME ET DES&nbsp;&nbsp;RELATIONS AVEC LES INSTITUTIONS&nbsp;<\/strong><\/p>\n\n\n\n<p>\u2022&nbsp;<strong>Projet de d\u00e9cret portant organisation et&nbsp; fonctionnement de l\u2019Autorit\u00e9 de Contr\u00f4le&nbsp; des \u00c9lections et du R\u00e9f\u00e9rendum (ACER).&nbsp;<\/strong><\/p>\n\n\n\n<p>Le pr\u00e9sent projet de d\u00e9cret vise la cr\u00e9ation d\u2019une&nbsp; autorit\u00e9 administrative ind\u00e9pendante non&nbsp; permanente d\u00e9nomm\u00e9 Autorit\u00e9 de Contr\u00f4le des&nbsp; \u00c9lections et du Referendum, dont la mission est de&nbsp; contr\u00f4ler et assurer le respect de la loi \u00e9lectorale&nbsp; dans la pr\u00e9paration, l\u2019organisation et la gestion des&nbsp; scrutins \u00e9lectoraux et r\u00e9f\u00e9rendaires, conform\u00e9ment&nbsp; aux dispositions du code \u00e9lectoral.&nbsp;<\/p>\n\n\n\n<p>Pour son administration, l\u2019ACER comprend neuf&nbsp; membres dont :&nbsp;<\/p>\n\n\n\n<p>\u2013 un Pr\u00e9sident ;<\/p>\n\n\n\n<p>\u2013 un vice-pr\u00e9sident ;&nbsp;<\/p>\n\n\n\n<p>\u2013 un secr\u00e9taire g\u00e9n\u00e9ral ;&nbsp;<\/p>\n\n\n\n<p>\u2013 deux Rapporteurs ;&nbsp;<\/p>\n\n\n\n<p>\u2013 quatre Membres.&nbsp;<\/p>\n\n\n\n<p><strong>MINISTERE DE L\u2019INTERIEUR ET DE LA&nbsp;&nbsp;SECURITE&nbsp;<\/strong><\/p>\n\n\n\n<p>\u2022&nbsp;<strong>Projet de d\u00e9cret portant convocation du&nbsp; coll\u00e8ge \u00e9lectoral pour l\u2019\u00e9lection du Pr\u00e9sident&nbsp; de la R\u00e9publique pour l\u2019ann\u00e9e 2025.&nbsp;<\/strong><\/p>\n\n\n\n<p>Le pr\u00e9sent projet de d\u00e9cret est pris en application&nbsp; de l\u2019article 113 de la loi organique n\u00b0001\/2025 du&nbsp; 19 janvier 2025, fixant la convocation du coll\u00e8ge&nbsp; \u00e9lectoral pour l\u2019\u00e9lection du Pr\u00e9sident de la&nbsp; R\u00e9publique au titre de l\u2019ann\u00e9e 2025.&nbsp;<\/p>\n\n\n\n<p>Aux termes de ce d\u00e9cret,&nbsp;<strong>le coll\u00e8ge \u00e9lectoral est&nbsp; convoqu\u00e9 le samedi 12 avril 2025. Le scrutin se&nbsp; d\u00e9roulera de 7h \u00e0 18h, conform\u00e9ment \u00e0 la&nbsp; r\u00e9glementation en vigueur.<\/strong><\/p>\n\n\n\n<p><strong>MINISTERE DES COMPTES PUBLICS ET&nbsp;&nbsp;DE LA DETTE&nbsp;&nbsp;<\/strong><\/p>\n\n\n\n<p><strong>Projet d\u2019ordonnance autorisant l\u2019\u00c9tat Gabonais&nbsp; \u00e0 contracter un emprunt d\u2019un montant de&nbsp; quatre-vingt-dix-huit milliards trois cent&nbsp; quatre-vingt-treize millions cinq cent cinquante&nbsp; mille (98.393.550.000 FCFA) aupr\u00e8s de Cargill&nbsp; Financial Services International, Inc.&nbsp;<\/strong><\/p>\n\n\n\n<p>Le produit de cet emprunt est destin\u00e9 au&nbsp; financement du Programme d\u2019Urgence de&nbsp; D\u00e9veloppement Communautaire (PUDC).&nbsp;<\/p>\n\n\n\n<p><strong>MINISTERE DE L\u2019ECONOMIE ET DES&nbsp;&nbsp;PARTICIPATIONS<\/strong>.&nbsp;<\/p>\n\n\n\n<p>\u2022&nbsp;<strong>Projet d\u2019ordonnance portant cr\u00e9ation,&nbsp; attributions et organisation de l\u2019Agence&nbsp; Gabonaise pour le D\u00e9veloppement de&nbsp; l\u2019\u00c9conomie verte&nbsp;<\/strong><\/p>\n\n\n\n<p>Pris en application des dispositions de l\u2019article 52&nbsp; de la Constitution, ce projet d\u2019ordonnance porte&nbsp; cr\u00e9ation, attributions et organisation de&nbsp;<strong>l\u2019Agence&nbsp; Gabonaise pour le D\u00e9veloppement de&nbsp; l\u2019\u00c9conomie Verte (AGADEV).<\/strong><\/p>\n\n\n\n<p>Plac\u00e9e sous la tutelle du Minist\u00e8re en charge de&nbsp; l\u2019\u00c9conomie et dot\u00e9e de la personnalit\u00e9 juridique,&nbsp; l\u2019AGADEV a pour missions&nbsp;<strong>d\u2019impulser et de&nbsp; promouvoir une \u00e9conomie verte int\u00e9gr\u00e9e au&nbsp; Gabon, notamment \u00e0 travers la mon\u00e9tisation&nbsp; des cr\u00e9dits carbone et cr\u00e9dits biodiversit\u00e9, la&nbsp; valorisation du capital naturel, et la mise en&nbsp; \u0153uvre d\u2019initiatives facilitant la conservation et&nbsp; la restauration des \u00e9cosyst\u00e8mes.&nbsp;<\/strong><\/p>\n\n\n\n<p>Elle est \u00e9galement charg\u00e9e de soutenir la&nbsp; recherche, la formation et l\u2019innovation dans le&nbsp; domaine de l\u2019\u00e9conomie verte, de catalyser les&nbsp; investissements verts, ainsi que de renforcer le p\u00f4le&nbsp; d\u2019excellence national en la mati\u00e8re.&nbsp;<\/p>\n\n\n\n<p>\u00c9tablissement Public \u00e0 caract\u00e8re Industriel et&nbsp; Commercial (EPIC), l\u2019AGADEV comprend : \u2013 Un Conseil d\u2019Administration,&nbsp;&nbsp;<\/p>\n\n\n\n<p>\u2013 Une Direction G\u00e9n\u00e9rale ;&nbsp;<\/p>\n\n\n\n<p>\u2013 Une Agence Comptable.&nbsp;<\/p>\n\n\n\n<p><strong>En mati\u00e8re de Politique g\u00e9n\u00e9rale :&nbsp;<\/strong><\/p>\n\n\n\n<p><strong>MINISTERE DE LA DEFENSE NATIONALE&nbsp;<\/strong><\/p>\n\n\n\n<p>\u2022&nbsp;<strong>Pr\u00e9sentation de la communication relative \u00e0&nbsp; la participation des Forces de D\u00e9fense et de&nbsp; S\u00e9curit\u00e9 \u00e0 la lutte contre l\u2019insalubrit\u00e9&nbsp; publique.<\/strong><\/p>\n\n\n\n<p>Le Conseil a pris bonne note de la communication&nbsp; relative \u00e0&nbsp;<strong>la participation des Forces de D\u00e9fense&nbsp; et de S\u00e9curit\u00e9 dans la lutte contre l\u2019insalubrit\u00e9&nbsp; publique. Cette initiative vise \u00e0 int\u00e9grer leurs&nbsp; actions aux missions d\u2019assainissement de&nbsp; l\u2019environnement public.&nbsp;<\/strong><\/p>\n\n\n\n<p>\u00c0 cet effet, les Minist\u00e8res de la D\u00e9fense Nationale,&nbsp; de l\u2019Int\u00e9rieur et de la S\u00e9curit\u00e9 proposent de&nbsp; coordonner leurs efforts en consacrant non plus&nbsp; une seule journ\u00e9e d\u2019action citoyenne, mais&nbsp;<strong>un&nbsp; mois entier d\u00e9di\u00e9 \u00e0 la lutte contre l\u2019insalubrit\u00e9&nbsp; publique<\/strong>, afin de renforcer l\u2019efficacit\u00e9 et la port\u00e9e&nbsp; de cette mobilisation collective.<\/p>\n\n\n\n<p><strong>MINISTERE DE L\u2019ENERGIE&nbsp;<\/strong><\/p>\n\n\n\n<p>Le Conseil des Ministres a approuv\u00e9,&nbsp; conform\u00e9ment \u00e0 l\u2019ordonnance n\u00b09\/2016 relative&nbsp; aux Partenariats Public-Priv\u00e9,&nbsp;<strong>la construction&nbsp; d\u2019une centrale thermique \u00e0 gaz de 8,5 MW \u00e0&nbsp;<\/strong><\/p>\n\n\n\n<p><strong>Mayumba,&nbsp;<\/strong>afin de rem\u00e9dier au d\u00e9ficit structurel&nbsp; d\u2019\u00e9lectricit\u00e9 et de r\u00e9pondre \u00e0 la demande croissante&nbsp; dans les provinces de la Ngouni\u00e9 et de la Nyanga.&nbsp; Ce projet permettra de remplacer progressivement&nbsp; les groupes diesel existants par une technologie de&nbsp; haute efficacit\u00e9, am\u00e9liorant ainsi la fiabilit\u00e9 de&nbsp;l\u2019approvisionnement \u00e9nerg\u00e9tique dans cette r\u00e9gion.&nbsp;&nbsp;<strong>Il inclut \u00e9galement la mise en place d\u2019une ligne&nbsp; \u00e9lectrique a\u00e9rienne de 110 km en 30 kV pour&nbsp; s\u00e9curiser l\u2019alimentation en \u00e9lectricit\u00e9 de&nbsp; Tchibanga (Nyanga), de Ndend\u00e9, L\u00e9bamba, Fougamou et Mouila (Ngouni\u00e9), et pour&nbsp; \u00e9lectrifier les villages situ\u00e9s le long de l\u2019axe&nbsp; routier Mayumba-Tchibanga.&nbsp;<\/strong>Les \u00e9tudes de&nbsp; faisabilit\u00e9 ont confirm\u00e9 la viabilit\u00e9 technique et&nbsp; \u00e9conomique de ce projet structurant, qui sera&nbsp; \u00e9tendu \u00e0 50 MW avec la construction d\u2019une ligne&nbsp; d\u2019\u00e9vacuation en 90 kV lors de sa seconde phase.&nbsp;&nbsp;<\/p>\n\n\n\n<p>In fine, le Conseil note que ce projet devrait&nbsp; r\u00e9duire la d\u00e9pendance aux sources d\u2019\u00e9nergie moins&nbsp; performantes, stimuler le d\u00e9veloppement socio \u00e9conomique et contribuer \u00e0 l\u2019am\u00e9lioration des conditions de vie des populations de cette partie du&nbsp; pays.&nbsp;<\/p>\n\n\n\n<p><strong>MINISTERE DES TRANSPORTS ET DE LA&nbsp;&nbsp;MARINE MARCHANDE&nbsp;<\/strong><\/p>\n\n\n\n<p>Suite \u00e0 la Communication du Ministre, le Conseil a&nbsp; marqu\u00e9 son accord pour&nbsp;<strong>le projet de r\u00e9servations&nbsp; fonci\u00e8res relatif \u00e0 la construction des circuits de&nbsp; l\u2019examen du permis de conduire et des Gares&nbsp; routi\u00e8res mixtes \u00e0 l\u2019int\u00e9rieur du pays<\/strong>.<\/p>\n\n\n\n<p><strong>Au titre des missions, s\u00e9minaires et&nbsp;&nbsp;conf\u00e9rences :&nbsp;<\/strong><\/p>\n\n\n\n<p><strong>MINISTERE DU COMMERCE ET DES&nbsp;&nbsp;PME\/PMI&nbsp;<\/strong><\/p>\n\n\n\n<p>Le Conseil a not\u00e9 avec satisfaction la&nbsp; communication du Ministre relative \u00e0&nbsp;<strong>l\u2019Atelier de&nbsp; validation du Plan triennal pour le&nbsp; D\u00e9veloppement et la Promotion de l\u2019\u00c9conomie&nbsp;Sociale et Solidaire&nbsp;<\/strong>du 17 au 19 f\u00e9vrier 2025.&nbsp;<\/p>\n\n\n\n<p><strong>Enfin, le Conseil des Ministres a approuv\u00e9 les&nbsp; mesures individuelles suivantes&nbsp;<\/strong><\/p>\n\n\n\n<p><strong>MINISTERE DE L\u2019INTERIEUR ET DE LA&nbsp; SECURITE&nbsp;<\/strong><\/p>\n\n\n\n<p><strong>DIRECTION GENERALE DE&nbsp; L\u2019ADMINISTRATION DU TERRITOIRE&nbsp;<\/strong><\/p>\n\n\n\n<p><strong>PERSONNELS DE COMMANDEMENT ET&nbsp; D\u2019ENCADREMENT<\/strong><\/p>\n\n\n\n<p><strong>PROVINCE DE L\u2019ESTUAIRE&nbsp;<\/strong><\/p>\n\n\n\n<p>\u2013 Gouverneur :&nbsp;<strong>Mme Fran\u00e7oise DIKOUMBA<\/strong>,&nbsp; confirm\u00e9e&nbsp;<\/p>\n\n\n\n<p>\u2013 Secr\u00e9taire G\u00e9n\u00e9ral de Province&nbsp;<strong>: Mme Nad\u00e8ge&nbsp; FOUDOU Epse VOUMA<\/strong>, confirm\u00e9e&nbsp;<\/p>\n\n\n\n<p><strong>DEPARTEMENT DU KOMO-MONDAH&nbsp; (NTOUM)&nbsp;<\/strong><\/p>\n\n\n\n<p>\u2013 Pr\u00e9fet :&nbsp;<strong>M. Fran\u00e7ois MOUCKANY&nbsp; KOUMBA,&nbsp;<\/strong>en remplacement de Mme Annie&nbsp; Nicole MEFOUMANE Epse MBOUMBA&nbsp; KHASSA.&nbsp;<\/p>\n\n\n\n<p>\u2013 Secr\u00e9taire G\u00e9n\u00e9ral de Pr\u00e9fecture :&nbsp;<strong>Mme&nbsp; Solange ISSASSAKOU MFOUMBOU<\/strong>,&nbsp; confirm\u00e9e.&nbsp;<\/p>\n\n\n\n<p><strong>DEPARTEMENT DE LA NOYA&nbsp; (COCOBEACH)&nbsp;<\/strong><\/p>\n\n\n\n<p>\u2013 Pr\u00e9fet :&nbsp;<strong>M. Fran\u00e7ois NTOUTOUME&nbsp; ESSONE<\/strong>, en remplacement de M. Albert&nbsp; MAYOMBO IFOUNGA.<\/p>\n\n\n\n<p>\u2013 Secr\u00e9taire G\u00e9n\u00e9ral de Pr\u00e9fecture :&nbsp;<strong>M. Edgar&nbsp; Gesmin ONGALI BITA.&nbsp;<\/strong><\/p>\n\n\n\n<p><strong>DEPARTEMENT DU KOMO-OCEAN&nbsp; (NDZOMOE)&nbsp;<\/strong><\/p>\n\n\n\n<p>\u2013 Pr\u00e9fet :&nbsp;<strong>M. Hubert Dioss\u00e9 ANGOUE&nbsp; NGUEMA<\/strong>, confirm\u00e9.&nbsp;<\/p>\n\n\n\n<p>\u2013 Secr\u00e9taire G\u00e9n\u00e9ral de Pr\u00e9fecture :&nbsp;<strong>M. Patrick&nbsp; Aubert DIPA BOULINGUI<\/strong>, confirm\u00e9.&nbsp;<\/p>\n\n\n\n<p><strong>DEPARTEMENT DU KOMO (KANGO)&nbsp;<\/strong><\/p>\n\n\n\n<p>\u2013 Pr\u00e9fet :&nbsp;<strong>M. Gildas Mouloud Wenceslas&nbsp; KIMO<\/strong>, en remplacement de M. Michel&nbsp; MATSAKASSA.&nbsp;<\/p>\n\n\n\n<p>\u2013 Secr\u00e9taire G\u00e9n\u00e9ral de Pr\u00e9fecture :&nbsp;<strong>M. Ghislain&nbsp; NDOMBI GOURMENZE.&nbsp;<\/strong><\/p>\n\n\n\n<p><strong>DELEGATION SPECIALE DE LIBREVILLE&nbsp;<\/strong><\/p>\n\n\n\n<p><strong>SECRETARIAT GENERAL&nbsp;<\/strong><\/p>\n\n\n\n<p>\u2013 Secr\u00e9taire G\u00e9n\u00e9ral Adjoint en charge du 2<sup>\u00e8me<\/sup>&nbsp;Arr. :&nbsp;<strong>M. Paul Landry MENGUA ME&nbsp; NDONG.<\/strong><\/p>\n\n\n\n<p><strong>DELEGATION SPECIALE D\u2019OWENDO&nbsp;<\/strong><\/p>\n\n\n\n<p><strong>SECRETARIAT GENERAL&nbsp;<\/strong><\/p>\n\n\n\n<p>\u2013 Secr\u00e9taire G\u00e9n\u00e9ral :&nbsp;<strong>M. Alain BEKALE&nbsp;<\/strong><\/p>\n\n\n\n<p><strong>DELEGATION SPECIALE DE NTOUM&nbsp;<\/strong><\/p>\n\n\n\n<p>\u2013 D\u00e9l\u00e9gu\u00e9 Sp\u00e9cial en charge de la Commune de&nbsp; Ntoum :&nbsp;<strong>M. Jean Christian NDONG&nbsp; BIBANG.&nbsp;<\/strong><\/p>\n\n\n\n<p>\u2013 D\u00e9l\u00e9gu\u00e9 Sp\u00e9cial en charge du 2<sup>\u00e8me&nbsp;<\/sup>Arr. :&nbsp;<strong>M.&nbsp; Serge TALI&nbsp;<\/strong><\/p>\n\n\n\n<p><strong>PROVINCE DU HAUT-OGOOUE&nbsp;<\/strong><\/p>\n\n\n\n<p>\u2013 Gouverneur :&nbsp;<strong>M. Jacques Denis TSANGA<\/strong>,&nbsp; confirm\u00e9&nbsp;<\/p>\n\n\n\n<p>\u2013 Secr\u00e9taire G\u00e9n\u00e9ral de Province :&nbsp;<strong>M. Julien&nbsp; BOULOUPI,&nbsp;<\/strong>en remplacement de M. Guy Firmin KABARA ALIMBI&nbsp;<\/p>\n\n\n\n<p>\u2013 Conseiller du Gouverneur :&nbsp;<strong>G\u00e9n\u00e9ral Marcel&nbsp; MAYIMBA<\/strong><\/p>\n\n\n\n<p><strong>DEPARTEMENT DE LA PASSA&nbsp; (FRANCEVILLE)&nbsp;<\/strong><\/p>\n\n\n\n<p>\u2013 Pr\u00e9fet :&nbsp;<strong>M. Raphael OBALI<\/strong>, confirm\u00e9&nbsp;<\/p>\n\n\n\n<p>\u2013 Secr\u00e9taire G\u00e9n\u00e9ral de Pr\u00e9fecture :&nbsp;<strong>M.&nbsp; Christian LEYAMA<\/strong>, confirm\u00e9&nbsp;<\/p>\n\n\n\n<p><strong>DISTRICT DE LEKABI (ANDJOGO)&nbsp;<\/strong><\/p>\n\n\n\n<p>\u2013 Sous-Pr\u00e9fet :&nbsp;<strong>M. Aristide BOUBEYI,&nbsp;<\/strong>en&nbsp; remplacement de M. Leon Pierre N\u2019NANG&nbsp; MBA&nbsp;<\/p>\n\n\n\n<p>\u2013 Chef de Bureau :&nbsp;<strong>Adjudant-Chef-Major&nbsp; Armel EVAKA&nbsp;<\/strong><\/p>\n\n\n\n<p><strong>DEPARTEMENT DE LA SEBE-BRIKOLO&nbsp; (OKONDJA)&nbsp;<\/strong><\/p>\n\n\n\n<p>\u2013 Pr\u00e9fet :&nbsp;<strong>M. Claude Myriyan AGNIMA<\/strong>,&nbsp; confirm\u00e9.&nbsp;<\/p>\n\n\n\n<p>\u2013 Secr\u00e9taire G\u00e9n\u00e9ral de Pr\u00e9fecture :&nbsp;<strong>M. Ogy&nbsp; IPOTA<\/strong>, en remplacement de Mme Hermine&nbsp; NTIGA OKOSSA.<\/p>\n\n\n\n<p><strong>DISTRICT DE LEKORI&nbsp;<\/strong><\/p>\n\n\n\n<p>\u2013 Sous-Pr\u00e9fet :&nbsp;<strong>M. Guy Albert&nbsp; MOUBAMANGOYE.&nbsp;<\/strong><\/p>\n\n\n\n<p>\u2013 Chef de Bureau :&nbsp;<strong>M. Victor NTSIKA<\/strong>,&nbsp; confirm\u00e9.&nbsp;<\/p>\n\n\n\n<p><strong>DEPARTEMENT DE LEKONI-LEKORI&nbsp; (AKIENI)&nbsp;<\/strong><\/p>\n\n\n\n<p>\u2013 Pr\u00e9fet :&nbsp;<strong>M. Jean de Dieu OYESSI&nbsp; WONFOUYA<\/strong>, en remplacement de M. Lazare&nbsp; AKOMA.&nbsp;<\/p>\n\n\n\n<p>\u2013 Secr\u00e9taire G\u00e9n\u00e9ral de Pr\u00e9fecture :&nbsp;<strong>M.&nbsp; AKOMO AKALA.&nbsp;<\/strong><\/p>\n\n\n\n<p><strong>DEPARTEMENT DE LEKOKO&nbsp; (BAKOUMBA)&nbsp;<\/strong><\/p>\n\n\n\n<p>\u2013 Pr\u00e9fet :&nbsp;<strong>M. NDZONGA DJOUMBOU<\/strong>, en&nbsp; remplacement de M. Fritsch Alphonse&nbsp; NGASSOBO.&nbsp;<\/p>\n\n\n\n<p>\u2013 Secr\u00e9taire G\u00e9n\u00e9ral de Pr\u00e9fecture :&nbsp;<strong>M. Paul&nbsp; MOUENDZI MBADINGA<\/strong>, confirm\u00e9.<\/p>\n\n\n\n<p><strong>DEPARTEMENT DE LA LEKABI-LEWOLO&nbsp; (NGOUONI)&nbsp;<\/strong><\/p>\n\n\n\n<p>\u2013 Pr\u00e9fet :&nbsp;<strong>M. Lazare OKOMO.&nbsp;<\/strong><\/p>\n\n\n\n<p>\u2013 Secr\u00e9taire G\u00e9n\u00e9ral de Pr\u00e9fecture :&nbsp;<strong>M. Patrick&nbsp; ONDIMBA.&nbsp;<\/strong><\/p>\n\n\n\n<p><strong>DEPARTEMENT DE LA BAYI-BRIKOLO&nbsp; (ABOUMI)&nbsp;<\/strong><\/p>\n\n\n\n<p>\u2013 Pr\u00e9fet :&nbsp;<strong>M. Leonel ONDY EBOUNDOU.&nbsp;<\/strong><\/p>\n\n\n\n<p>\u2013 Secr\u00e9taire G\u00e9n\u00e9ral de Pr\u00e9fecture :&nbsp;<strong>M. Davy&nbsp; ONDIA.&nbsp;<\/strong><\/p>\n\n\n\n<p><strong>DEPARTEMENT DE LEBOMBI-LEYOU&nbsp; (MOANDA)&nbsp;<\/strong><\/p>\n\n\n\n<p>\u2013 Pr\u00e9fet :&nbsp;<strong>M. Jean Pierre ABISSAYE.&nbsp;<\/strong><\/p>\n\n\n\n<p>\u2013 Secr\u00e9taire G\u00e9n\u00e9ral de Pr\u00e9fecture :&nbsp;<strong>M. Jean Jacques OTOUMA<\/strong>, confirm\u00e90&nbsp;<\/p>\n\n\n\n<p><strong>DISTRICT DE MOUNANA&nbsp;<\/strong><\/p>\n\n\n\n<p>\u2013 Sous-Pr\u00e9fet :&nbsp;<strong>Lieutenant Ruffin OVOULA<\/strong>,&nbsp; en remplacement de M. Leonel ONDY&nbsp; EBOUNDOU.<\/p>\n\n\n\n<p>\u2013 Chef de Bureau :&nbsp;<strong>Mme Sidonie KANFOULA<\/strong>,&nbsp; confirm\u00e9e.&nbsp;<\/p>\n\n\n\n<p><strong>DEPARTEMENT DE DJOUORI-AGNILI&nbsp; (BONGOVILLE)&nbsp;<\/strong><\/p>\n\n\n\n<p>\u2013 Pr\u00e9fet :&nbsp;<strong>M. Eric ANGOUNGA.&nbsp;<\/strong><\/p>\n\n\n\n<p>\u2013 Secr\u00e9taire G\u00e9n\u00e9ral de Pr\u00e9fecture :&nbsp;<strong>M. Herv\u00e9&nbsp; OMANDA NGOULOU<\/strong>, confirm\u00e9.&nbsp;<\/p>\n\n\n\n<p><strong>DEPARTEMENT DE LA DJOUE (ONGA)&nbsp;<\/strong><\/p>\n\n\n\n<p>\u2013 Pr\u00e9fet :&nbsp;<strong>M. Martin DJIPALA,&nbsp;<\/strong>en&nbsp; remplacement de M. Strauss MOSHONGA&nbsp; TEMBA.&nbsp;<\/p>\n\n\n\n<p>\u2013 Secr\u00e9taire G\u00e9n\u00e9ral de Pr\u00e9fecture :&nbsp;<strong>M. Armand&nbsp; NGOYA YENEGUE<\/strong>, confirm\u00e9.&nbsp;<\/p>\n\n\n\n<p><strong>DEPARTEMENT DES PLATEAUX (LECONI)&nbsp;<\/strong>\u2013 Pr\u00e9fet :&nbsp;<strong>M. Denis LOUKALA<\/strong>, confirm\u00e9.&nbsp;<\/p>\n\n\n\n<p>\u2013 Secr\u00e9taire G\u00e9n\u00e9ral de Pr\u00e9fecture :&nbsp;<strong>M. Rody Fred AYATSOU<\/strong>, confirm\u00e9.<\/p>\n\n\n\n<p><strong>DEPARTEMENT DE L\u2019OGOOUE-LETILI&nbsp; (BOUMANGO)&nbsp;<\/strong><\/p>\n\n\n\n<p>\u2013 Pr\u00e9fet :&nbsp;<strong>M. L\u00e9on ONTSILA<\/strong>, confirm\u00e9.&nbsp;<\/p>\n\n\n\n<p>\u2013 Secr\u00e9taire G\u00e9n\u00e9ral de Pr\u00e9fecture :&nbsp;<strong>Mme Elvire&nbsp; Vanessa MOUGNANDJI.&nbsp;<\/strong><\/p>\n\n\n\n<p><strong>DELEGATION SPECIALE DE&nbsp; FRANCEVILLE&nbsp;<\/strong><\/p>\n\n\n\n<p>\u2013 Conseiller du D\u00e9l\u00e9gu\u00e9 Sp\u00e9cial :&nbsp;<strong>Colonel&nbsp; Constant YALOULA NGOULOU.&nbsp;<\/strong><\/p>\n\n\n\n<p><strong>DELEGATION SPECIALE DE NGOUONI&nbsp;<\/strong><\/p>\n\n\n\n<p><strong>SECRETARIAT GENERAL&nbsp;<\/strong><\/p>\n\n\n\n<p>\u2013 Secr\u00e9taire G\u00e9n\u00e9ral :&nbsp;<strong>M. Cl\u00e9ophaste OLIGUI.&nbsp;<\/strong><\/p>\n\n\n\n<p><strong>PROVINCE DU MOYEN-OGOOUE&nbsp;<\/strong><\/p>\n\n\n\n<p>\u2013 Gouverneur :&nbsp;<strong>M. Jean Benoit BEKALE<\/strong>,&nbsp; confirm\u00e9.&nbsp;<\/p>\n\n\n\n<p>\u2013 Secr\u00e9taire G\u00e9n\u00e9ral de Province :&nbsp;<strong>Mme Eryll&nbsp; Bertille RAPONAT OTEWA Epse MBINA<\/strong>,&nbsp; confirm\u00e9e.<\/p>\n\n\n\n<p><strong>DEPARTEMENT DE L\u2019OGOOUE ET LACS&nbsp;<\/strong><\/p>\n\n\n\n<p>\u2013 Pr\u00e9fet :&nbsp;<strong>M. Ulrich Sylv\u00e8re MAVIOGA<\/strong>, en&nbsp; remplacement de M. Yves YASSIMA.&nbsp;<\/p>\n\n\n\n<p>\u2013 Secr\u00e9taire G\u00e9n\u00e9ral de Province :&nbsp;<strong>Mme&nbsp; M\u00e9laine MVE NDONG.&nbsp;<\/strong><\/p>\n\n\n\n<p><strong>DISTRICT D\u2019ASCHOUKA&nbsp;<\/strong><\/p>\n\n\n\n<p>\u2013 Sous-Pr\u00e9fet :&nbsp;<strong>Mme Ma\u00efga AZIZE,&nbsp;<\/strong>en&nbsp; remplacement de M. Wilfried DUPOND&nbsp; Gildas LETSINA.&nbsp;<\/p>\n\n\n\n<p><strong>DISTRICT DE MAKOUKE&nbsp;<\/strong><\/p>\n\n\n\n<p>\u2013 Sous-Pr\u00e9fet :&nbsp;<strong>M. Elie BIGNOUMBA&nbsp; MAGANGA<\/strong>, confirm\u00e9&nbsp;<\/p>\n\n\n\n<p>\u2013 Chef de Bureau :&nbsp;<strong>M. Augustin NZANIANGA&nbsp; MAMBA<\/strong>, confirm\u00e9&nbsp;<\/p>\n\n\n\n<p><strong>DEPARTEMENT DE L\u2019ABANGA-BIGNE&nbsp; (NDJOLE)&nbsp;<\/strong><\/p>\n\n\n\n<p>\u2013 Pr\u00e9fet :&nbsp;<strong>M. Serge MBABA<\/strong>, en remplacement&nbsp; de Mme Rosine LOUMBY MPIGA.&nbsp;<\/p>\n\n\n\n<p>\u2013 Secr\u00e9taire G\u00e9n\u00e9ral de Pr\u00e9fecture :&nbsp;<strong>M.&nbsp; Apollinaire MOUNDJIMBI.<\/strong><\/p>\n\n\n\n<p><strong>DISTRICT DE BIFOUN-EBEL&nbsp;&nbsp;<\/strong><\/p>\n\n\n\n<p>-Sous-Pr\u00e9fet :&nbsp;<strong>M. Denis OMBANDA,&nbsp;<\/strong>en&nbsp; remplacement de M. Claude&nbsp; MOUNDOUNGA.&nbsp;<\/p>\n\n\n\n<p><strong>PROVINCE DE LA NGOUNIE&nbsp;<\/strong><\/p>\n\n\n\n<p>-Gouverneur :&nbsp;<strong>M. Francis OYINAMONO<\/strong>,&nbsp; confirm\u00e9.&nbsp;<\/p>\n\n\n\n<p>-Secr\u00e9taire G\u00e9n\u00e9ral de la Province :&nbsp;<strong>M. Alain&nbsp; Roger MAYEKI<\/strong>, confirm\u00e9.&nbsp;<\/p>\n\n\n\n<p><strong>DEPARTEMENT DE LA DOUYA-ONOYE&nbsp; (MOUILA)&nbsp;<\/strong><\/p>\n\n\n\n<p>-Pr\u00e9fet :&nbsp;<strong>M. Alphonse NDEME<\/strong>, confirm\u00e9&nbsp;<\/p>\n\n\n\n<p>-Secr\u00e9taire G\u00e9n\u00e9ral de Pr\u00e9fecture :&nbsp;<strong>M. Amos&nbsp; Rom\u00e9o NDEMBI<\/strong>, confirm\u00e9&nbsp;<\/p>\n\n\n\n<p><strong>DEPARTEMENT DE L\u2019OGOULOU&nbsp; (MIMONGO)&nbsp;<\/strong><\/p>\n\n\n\n<p>-Pr\u00e9fet :&nbsp;<strong>M. Lambert MOTONGO,&nbsp;<\/strong>en&nbsp; remplacement de M. Herv\u00e9 YANGA&nbsp; LEFOUME.<\/p>\n\n\n\n<p>-Secr\u00e9taire G\u00e9n\u00e9ral de Pr\u00e9fecture :&nbsp;<strong>M. Emile&nbsp; NZIENGUI IDIATA,&nbsp;<\/strong>en remplacement de M.&nbsp; Edmond MOUNANGA&nbsp;<\/p>\n\n\n\n<p><strong>DISTRICT D\u2019ETEKE&nbsp;<\/strong><\/p>\n\n\n\n<p>-Sous-Pr\u00e9fet :&nbsp;<strong>M. Edmond MOUNANGA<\/strong>, en&nbsp; remplacement de M. Valentin MAGNI-MA DIOBA.&nbsp;<\/p>\n\n\n\n<p>-Chef de Bureau :&nbsp;<strong>M. R\u00e9gis NGOMO MEYE<\/strong>,&nbsp; confirm\u00e9.&nbsp;<\/p>\n\n\n\n<p><strong>DEPARTEMENT DE LA DOLA (NDENDE)&nbsp;<\/strong><\/p>\n\n\n\n<p>-Pr\u00e9fet :&nbsp;<strong>M. Alain Rodrigue BOUSSOUGOU<\/strong>,&nbsp; en remplacement de M. Jean Damasc\u00e8ne&nbsp; MAPANGOU.&nbsp;<\/p>\n\n\n\n<p>-Secr\u00e9taire G\u00e9n\u00e9ral de Pr\u00e9fecture :&nbsp;<strong>M. Romuald&nbsp; KENDO NIATE<\/strong>, confirm\u00e9.&nbsp;<\/p>\n\n\n\n<p><strong>DEPARTEMENT DE NDOLOU (MANDJI)&nbsp;<\/strong>-Pr\u00e9fet :&nbsp;<strong>M. Serge Oscar NZENGUE.&nbsp;<\/strong><\/p>\n\n\n\n<p>-Secr\u00e9taire G\u00e9n\u00e9ral de Pr\u00e9fecture :&nbsp;<strong>M. Jean&nbsp; Mesmin GUIPANDI MOUCKAGA<\/strong>,&nbsp; confirm\u00e9.<\/p>\n\n\n\n<p><strong>DEPARTEMENT DE LA LOUETSI-BIBAKA&nbsp; (MALINGA)&nbsp;<\/strong><\/p>\n\n\n\n<p>-Pr\u00e9fet :&nbsp;<strong>M. Albert MAYOMBO IFOUNGA<\/strong>,&nbsp; en remplacement de M. Fran\u00e7ois&nbsp; NTOUTOUME ESSONE.&nbsp;<\/p>\n\n\n\n<p>-Secr\u00e9taire G\u00e9n\u00e9ral de Pr\u00e9fecture :&nbsp;<strong>M. Sylvestre&nbsp; MOUBAGNA<\/strong>, confirm\u00e9.&nbsp;<\/p>\n\n\n\n<p><strong>DEPARTEMENT DE TSAMBA-MAGOTSI&nbsp; (FOUGAMOU)&nbsp;<\/strong><\/p>\n\n\n\n<p>-Pr\u00e9fet :&nbsp;<strong>M. Alexandre MOUKAMBI<\/strong>, en&nbsp; remplacement de M. Dieudonn\u00e9 NGOYE.&nbsp;<\/p>\n\n\n\n<p>-Secr\u00e9taire G\u00e9n\u00e9ral de Pr\u00e9fecture :&nbsp;<strong>Mme&nbsp; Gyslaine Esther MANIME<\/strong>, confirm\u00e9e.&nbsp;<\/p>\n\n\n\n<p><strong>DISTRICT D\u2019IKOBEY&nbsp;<\/strong><\/p>\n\n\n\n<p>-Sous-Pr\u00e9fet :&nbsp;<strong>Adjudant-Chef-Major Stanislas&nbsp; NIMBOUABOYE<\/strong>, en remplacement de M.&nbsp; Valentin MIHINDOU MBADINGA.&nbsp;<\/p>\n\n\n\n<p>-Chef de Bureau :&nbsp;<strong>M. Jean Baptiste&nbsp; MOKAMBI<\/strong>, confirm\u00e9.<\/p>\n\n\n\n<p><strong>DEPARTEMENT DE LA MOUGALABA&nbsp; (GUIETSOU)&nbsp;<\/strong><\/p>\n\n\n\n<p>-Pr\u00e9fet :&nbsp;<strong>M. Guy Euloge MOUANDJOUDI<\/strong>, en&nbsp; remplacement de M. Boniface KODESSA.&nbsp;<\/p>\n\n\n\n<p>-Secr\u00e9taire G\u00e9n\u00e9ral de Pr\u00e9fecture :&nbsp;<strong>M. L\u00e9andre&nbsp; ONGOUORI MICKOTO<\/strong>, confirm\u00e9.&nbsp;<\/p>\n\n\n\n<p><strong>DEPARTEMENT DE LA BOUMI-LOUETSI&nbsp; (MBIGOU)&nbsp;<\/strong><\/p>\n\n\n\n<p>-Pr\u00e9fet :&nbsp;<strong>M. Th\u00e9odore ISSALANGOYE,&nbsp;<\/strong>en&nbsp; remplacement de M. Jean Aim\u00e9 FOULA.&nbsp;<\/p>\n\n\n\n<p>-Secr\u00e9taire G\u00e9n\u00e9ral de Pr\u00e9fecture :&nbsp;<strong>M.&nbsp; Emmanuel MAKENGNI<\/strong>, confirm\u00e9.&nbsp;<\/p>\n\n\n\n<p><strong>DISCTRICT DE NZENZELE&nbsp;<\/strong><\/p>\n\n\n\n<p>-Sous-Pr\u00e9fet :&nbsp;<strong>M. Justin MADIDI&nbsp; MOUKOUNDOU<\/strong>, en remplacement de M.&nbsp; Faustin MALOLA.&nbsp;<\/p>\n\n\n\n<p>-Chef de Bureau :&nbsp;<strong>Mme Delphine BANDONO<\/strong>,&nbsp; confirm\u00e9e.<\/p>\n\n\n\n<p><strong>DEPARTEMENT DE LA LOUETSI-WANO&nbsp; (LEBAMBA)&nbsp;<\/strong><\/p>\n\n\n\n<p>-Pr\u00e9fet :&nbsp;<strong>M. Euloge Parfait MOMBO&nbsp; MOUKAGA<\/strong>, confirm\u00e9.&nbsp;<\/p>\n\n\n\n<p>-Secr\u00e9taire G\u00e9n\u00e9ral de Pr\u00e9fecture :&nbsp;<strong>M. Christian&nbsp; YOUBI.&nbsp;<\/strong><\/p>\n\n\n\n<p><strong>PROVINCE DE LA NYANGA&nbsp;<\/strong><\/p>\n\n\n\n<p>-Gouverneur :&nbsp;<strong>M. Jean Robert MABOBE<\/strong>,&nbsp; confirm\u00e9.&nbsp;<\/p>\n\n\n\n<p>-Secr\u00e9taire G\u00e9n\u00e9ral de Province :&nbsp;<strong>M.&nbsp; MOUSSAVOU MOUSSAVOU<\/strong>, en&nbsp; remplacement de M. C\u00e9lestin Hydris NZINZI.&nbsp;<\/p>\n\n\n\n<p><strong>DEPARTEMENT DE MOUGOUTSI&nbsp; (TCHIBANGA)&nbsp;<\/strong><\/p>\n\n\n\n<p>-Pr\u00e9fet :&nbsp;<strong>M. Patrice MOUNGUENGUI<\/strong>,&nbsp; confirm\u00e9.&nbsp;<\/p>\n\n\n\n<p>-Secr\u00e9taire G\u00e9n\u00e9ral de Pr\u00e9fecture :&nbsp;<strong>M. Romuald&nbsp; BAKOUBADI<\/strong>, confirm\u00e9.<\/p>\n\n\n\n<p><strong>DISTRICT DE MOUKALABA&nbsp;<\/strong><\/p>\n\n\n\n<p>-Sous-Pr\u00e9fet :&nbsp;<strong>M. C\u00e9lestin IDIATA&nbsp; MAYOMBO<\/strong>, en remplacement de M. Gildas&nbsp; Mouloud Wenceslas KIMO.&nbsp;<\/p>\n\n\n\n<p>-Chef de Bureau :&nbsp;<strong>M. Paul TCHIBINDA<\/strong>,&nbsp; confirm\u00e9.&nbsp;<\/p>\n\n\n\n<p><strong>DEPARTEMENT DE LA DOUIGNY (MOABI)&nbsp;<\/strong><\/p>\n\n\n\n<p>-Pr\u00e9fet :&nbsp;<strong>M. Yves MAKAYA<\/strong>, en remplacement&nbsp; de M. Guy Aim\u00e9 MFOUMBI.&nbsp;<\/p>\n\n\n\n<p>\u2013 Secr\u00e9taire G\u00e9n\u00e9ral de Pr\u00e9fecture :&nbsp;<strong>M. Yves&nbsp; Christian MOUSSIROU MOUSSIROU<\/strong>,&nbsp; confirm\u00e9.&nbsp;<\/p>\n\n\n\n<p><strong>DISTRICT DE MOURINDI&nbsp;<\/strong><\/p>\n\n\n\n<p>-Sous-Pr\u00e9fet :&nbsp;<strong>M. Dieudonn\u00e9 MOMBO<\/strong>,&nbsp; confirm\u00e9.&nbsp;<\/p>\n\n\n\n<p>-Chef de Bureau :&nbsp;<strong>M. Guy Roger IBOUANGA&nbsp; MOUKAGNI<\/strong>, confirm\u00e9.&nbsp;<\/p>\n\n\n\n<p><strong>DEPARTEMENT DE LA BASSE BANIO&nbsp; (MAYUMBA)&nbsp;<\/strong><\/p>\n\n\n\n<p>-Pr\u00e9fet :&nbsp;<strong>M. Eric Andr\u00e9 ZUE<\/strong>, confirm\u00e9.<\/p>\n\n\n\n<p>-Secr\u00e9taire G\u00e9n\u00e9ral de Pr\u00e9fecture :&nbsp;<strong>M. Michel&nbsp; Archange MVOUBOU MAKAYA<\/strong>, en&nbsp; remplacement de M. Jos\u00e9 Victor ZINGA.&nbsp;<\/p>\n\n\n\n<p><strong>DEPARTEMENT DE LA HAUTE BANIO&nbsp; (NDINDI)&nbsp;<\/strong><\/p>\n\n\n\n<p>-Pr\u00e9fet :&nbsp;<strong>M. IWANGOU IWANGOU<\/strong>, confirm\u00e9.&nbsp;<\/p>\n\n\n\n<p>-Secr\u00e9taire G\u00e9n\u00e9ral de Pr\u00e9fecture :&nbsp;<strong>M. Jos\u00e9&nbsp; Victor ZINGA.&nbsp;<\/strong><\/p>\n\n\n\n<p><strong>DEPARTEMENT DE LA DOUTSILA&nbsp; (MABANDA)&nbsp;<\/strong><\/p>\n\n\n\n<p>-Pr\u00e9fet :&nbsp;<strong>Capitaine Bertin SIAPA BOUYOBA<\/strong>, en remplacement de M. Venant IBANGOT.&nbsp;<\/p>\n\n\n\n<p>-Secr\u00e9taire G\u00e9n\u00e9ral de Pr\u00e9fecture :&nbsp;<strong>M. No\u00ebl&nbsp; NZAMBA<\/strong>, confirm\u00e9.&nbsp;<\/p>\n\n\n\n<p><strong>DEPARTEMENT DE MONGO&nbsp; (MOULENGUI-BINZA)&nbsp;<\/strong><\/p>\n\n\n\n<p>-Pr\u00e9fet :&nbsp;<strong>M. Chrisanthe MABIALA<\/strong>, en&nbsp; remplacement de M. Privat Aubert NZIENGUI&nbsp; NZIENGUI.<\/p>\n\n\n\n<p>Pr\u00e9sidence de la R\u00e9publique Communiqu\u00e9 final SCM Page 24 sur 35&nbsp;<\/p>\n\n\n\n<p>-Secr\u00e9taire de Pr\u00e9fecture :&nbsp;<strong>M. Christian&nbsp; MIHINDOU<\/strong>, confirm\u00e9.&nbsp;<\/p>\n\n\n\n<p><strong>PROVINCE DE L\u2019OGOOUE IVINDO&nbsp;&nbsp;<\/strong><\/p>\n\n\n\n<p>\u2013 Gouverneur :&nbsp;<strong>Mme. Christiane LECKAT<\/strong>,&nbsp; confirm\u00e9e.&nbsp;<\/p>\n\n\n\n<p>\u2013 Secr\u00e9taire G\u00e9n\u00e9ral de Province :&nbsp;<strong>M. Michel&nbsp; L\u00e9andre TCHIBINDA<\/strong>, en remplacement de&nbsp; M. Laurent N\u2019NOUME.&nbsp;<\/p>\n\n\n\n<p><strong>DEPARTEMENT DE l\u2019IVINDO (MAKOKOU)&nbsp;&nbsp;<\/strong><\/p>\n\n\n\n<p>\u2013 Pr\u00e9fet :&nbsp;<strong>M. Pachelli NGAWIN MBOULOU,&nbsp;&nbsp;<\/strong>en remplacement de Mme. Ad\u00e9la\u00efde Chantal&nbsp; NGOVET Epse NKOGHE.&nbsp;<\/p>\n\n\n\n<p>\u2013 Secr\u00e9taire G\u00e9n\u00e9ral de Pr\u00e9fecture :&nbsp;<strong>M.&nbsp; Bertrand PAUBA,&nbsp;<\/strong>confirm\u00e9.&nbsp;<\/p>\n\n\n\n<p><strong>DISTRICT DE MAKEBE-BAKWAKA&nbsp;&nbsp;<\/strong><\/p>\n\n\n\n<p>\u2013 Sous-Pr\u00e9fet&nbsp;<strong>: M. Alain MBELE ASSEKO<\/strong>,&nbsp; confirm\u00e9.&nbsp;<\/p>\n\n\n\n<p>\u2013 Chef de Bureau&nbsp;<strong>: M. Achille MABIALA.<\/strong><\/p>\n\n\n\n<p><strong>DISTRICT DE MVADHY&nbsp;&nbsp;<\/strong><\/p>\n\n\n\n<p>\u2013 Sous-Pr\u00e9fet :&nbsp;<strong>M. Fortune MITOUA&nbsp; MBAME<\/strong>, en remplacement de M. Roger&nbsp; EGOUTOCK ABAH.&nbsp;<\/p>\n\n\n\n<p>\u2013 Chef de Bureau :&nbsp;<strong>M. Willy MODOUM&nbsp; MEYONG,&nbsp;<\/strong>en remplacement de M. Alfred&nbsp; DJIER.&nbsp;<\/p>\n\n\n\n<p><strong>DISTRICT DE BATOUALA&nbsp;&nbsp;<\/strong><\/p>\n\n\n\n<p>\u2013 Sous-Pr\u00e9fet :&nbsp;<strong>M. Gilbert KOUMBA&nbsp; DOUMINGOU,&nbsp;<\/strong>en remplacement de M.&nbsp; Th\u00e9odore OLENDE.&nbsp;<\/p>\n\n\n\n<p>\u2013 Chef de Bureau :&nbsp;<strong>M. Ulrich EBAUTH&nbsp; DJINA<\/strong>, confirm\u00e9.&nbsp;<\/p>\n\n\n\n<p><strong>DEPARTEMENT DE LA LOPE (BOOUE)&nbsp;<\/strong><\/p>\n\n\n\n<p>\u2013 Pr\u00e9fet :&nbsp;<strong>Capitaine Ange MBA BEKALE<\/strong>, en&nbsp; remplacement de M. Guy Euloge&nbsp; MOUANDJOUDI<strong>.&nbsp;<\/strong><\/p>\n\n\n\n<p>\u2013 Secr\u00e9taire G\u00e9n\u00e9ral de Pr\u00e9fecture :&nbsp;<strong>M. Landry&nbsp; KALIBI KIAKALA.<\/strong><\/p>\n\n\n\n<p><strong>DISTRICT DE MOKEKO&nbsp;&nbsp;<\/strong><\/p>\n\n\n\n<p>\u2013 Sous-Pr\u00e9fet :&nbsp;<strong>M. Raphael MAKAO<\/strong>, confirm\u00e9 \u2013 Chef de Bureau :&nbsp;<strong>M. Cl\u00e9ment&nbsp; BOLAMIKOUMOU<\/strong>, confirm\u00e9.&nbsp;<\/p>\n\n\n\n<p><strong>DEPARTEMENT DE LA ZADIE&nbsp; (MEKAMBO)&nbsp;&nbsp;<\/strong><\/p>\n\n\n\n<p>\u2013 Pr\u00e9fet :&nbsp;<strong>M. Claude Severin MAILAT&nbsp; MOUTSINGA<\/strong>, en remplacement de M. Jean&nbsp; Marie EKANG OKOUAGHE.&nbsp;<\/p>\n\n\n\n<p>\u2013 Secr\u00e9taire G\u00e9n\u00e9ral de Pr\u00e9fecture :&nbsp;<strong>M. Franck&nbsp; BONGOHO.&nbsp;<\/strong><\/p>\n\n\n\n<p><strong>DEPARTEMENT DE LA MVOUNG (OVAN)&nbsp;<\/strong><\/p>\n\n\n\n<p>\u2013 Pr\u00e9fet :&nbsp;<strong>Lieutenant Elie Julien BITEGHE&nbsp; BENHA,&nbsp;<\/strong>en remplacement de M. Pachelli&nbsp; NGAWIN MBOULOU.&nbsp;<\/p>\n\n\n\n<p>\u2013 Secr\u00e9taire G\u00e9n\u00e9ral de Pr\u00e9fecture&nbsp;<em>:&nbsp;<\/em><strong>M. C\u00e9sar&nbsp; NGUEMA ATSAME<\/strong>, en remplacement de M.&nbsp; Jean NTOMBO.&nbsp;<\/p>\n\n\n\n<p><strong>PROVINCE DE L\u2019OGOOUE LOLO&nbsp;<\/strong><\/p>\n\n\n\n<p>\u2013 Gouverneur :&nbsp;<strong>M. Jean Bosco&nbsp; ASSANGAMBAGNI,&nbsp;<\/strong>confirm\u00e9.<\/p>\n\n\n\n<p>\u2013 Secr\u00e9taire de Province :&nbsp;<strong>M. Come Cl\u00e9ment&nbsp; BIBANG,&nbsp;<\/strong>confirm\u00e9.&nbsp;<\/p>\n\n\n\n<p><strong>DEPARTEMENT DE LA LOLO BOUENGUIDI (KOULA-MOUTOU)&nbsp;&nbsp;<\/strong><\/p>\n\n\n\n<p>\u2013 Pr\u00e9fet :&nbsp;<strong>Mme Nancy BOUNANGA&nbsp; BOUAMI,&nbsp;<\/strong>en remplacement de M. Paul Henri&nbsp; BIMBOUNDZA.&nbsp;<\/p>\n\n\n\n<p>\u2013 Secr\u00e9taire de Pr\u00e9fecture :&nbsp;<strong>M. Alexandre&nbsp; MOUKAMBI MOUKAMBI<\/strong>, confirm\u00e9.&nbsp;<\/p>\n\n\n\n<p><strong>DISTRICT DE POPA&nbsp;&nbsp;<\/strong><\/p>\n\n\n\n<p>\u2013 Sous-Pr\u00e9fet : M.&nbsp;<strong>Rodrigue KONDO<\/strong>,&nbsp; confirm\u00e9.&nbsp;<\/p>\n\n\n\n<p>\u2013 Chef de bureau&nbsp;<em>:&nbsp;<\/em><strong>M. Alexis BOUSSOU&nbsp; MALONGA.&nbsp;<\/strong><\/p>\n\n\n\n<p><strong>DEPARTEMENT DE LA LOMBO BOUENGUIDI (PANA)&nbsp;<\/strong><\/p>\n\n\n\n<p>\u2013 Pr\u00e9fet :&nbsp;<strong>M. Fr\u00e9d\u00e9ric KOPA<\/strong>, confirm\u00e9.&nbsp;<\/p>\n\n\n\n<p>\u2013 Secr\u00e9taire G\u00e9n\u00e9ral de Pr\u00e9fecture :&nbsp;<strong>M. Steeve&nbsp; MOUNEYI<\/strong>, confirm\u00e9.<\/p>\n\n\n\n<p><strong>DISTRICT DE DIENGA&nbsp;&nbsp;<\/strong><\/p>\n\n\n\n<p>\u2013 Sous-Pr\u00e9fet :&nbsp;<strong>M. Cedrigue Martial&nbsp; NDZOUKI<\/strong>, en remplacement de M. Sylvain&nbsp; MOUANDA SOSSY.&nbsp;<\/p>\n\n\n\n<p>\u2013 Chef de Bureau :&nbsp;<strong>M. Jean Benoit&nbsp; MOUTOUMBOU KOPA.&nbsp;<\/strong><\/p>\n\n\n\n<p><strong>DEPARTEMENT DE L\u2019OFFOUE-ONOYE&nbsp; (IBOUNDJI)&nbsp;<\/strong><\/p>\n\n\n\n<p>\u2013 Pr\u00e9fet :&nbsp;<strong>M. Christian BOUSSOUGOU<\/strong>,&nbsp; confirm\u00e9&nbsp;<\/p>\n\n\n\n<p>\u2013 Secr\u00e9taire G\u00e9n\u00e9ral de Pr\u00e9fecture :&nbsp;<strong>M. Sidoine&nbsp; NGARI<\/strong>, confirm\u00e9&nbsp;<\/p>\n\n\n\n<p><strong>DEPARTEMENT DE MULUNDU&nbsp; (LASTOURVILLE)&nbsp;&nbsp;<\/strong><\/p>\n\n\n\n<p>\u2013 Pr\u00e9fet :&nbsp;<strong>M. Aymard R\u00e9gis OPIANGAH&nbsp; PEME<\/strong>, en remplacement de M. Ulrich Sylv\u00e8re&nbsp; MAVIOGA&nbsp;<\/p>\n\n\n\n<p>\u2013 Secr\u00e9taire G\u00e9n\u00e9ral de Pr\u00e9fecture :&nbsp;<strong>M. No\u00ebl&nbsp; BOUNOUNOU<\/strong>, confirm\u00e9<\/p>\n\n\n\n<p><strong>DISTRICT DE MATSATSA&nbsp;<\/strong><\/p>\n\n\n\n<p>\u2013 Sous-Pr\u00e9fet :&nbsp;<strong>M. Paul Marie NYANGONE<\/strong>,&nbsp; confirm\u00e9&nbsp;<\/p>\n\n\n\n<p>\u2013 Chef de Bureau :&nbsp;<strong>M. Richard&nbsp; HOUCKENDJE<\/strong>, confirm\u00e9&nbsp;<\/p>\n\n\n\n<p><strong>DISTRICT DE NDANGUI&nbsp;&nbsp;<\/strong><\/p>\n\n\n\n<p>\u2013 Sous-Pr\u00e9fet :&nbsp;<strong>M. Sylvain MOUANDA&nbsp; SOSSY<\/strong>, en remplacement de M. Sosth\u00e8ne&nbsp; Donald IDONGO MALONDA&nbsp;<\/p>\n\n\n\n<p>\u2013 Chef de Bureau :&nbsp;<strong>Mme. Samira Emeline&nbsp; ANOKOUAYA&nbsp;&nbsp;<\/strong><\/p>\n\n\n\n<p><strong>PROVINCE DE L\u2019OGOOUE MARITIME&nbsp;&nbsp;<\/strong>\u2013 Gouverneur :&nbsp;<strong>M. Jean Robert NGUEMA&nbsp; NANG<\/strong>, confirm\u00e9&nbsp;&nbsp;<\/p>\n\n\n\n<p>\u2013 Secr\u00e9taire G\u00e9n\u00e9ral de Province :&nbsp;<strong>Mme.&nbsp; Cl\u00e9mentine Ida AMPIEME OLOUNA Epse&nbsp; BENGONE MINKO<\/strong>, confirm\u00e9e&nbsp;<\/p>\n\n\n\n<p><strong>DEPARTEMENT DE BENDJE&nbsp;&nbsp;<\/strong><\/p>\n\n\n\n<p>\u2013 Pr\u00e9fet :&nbsp;<strong>Mme Eug\u00e9nie Marie Caroline&nbsp; KAMARA,&nbsp;<\/strong>confirm\u00e9e<\/p>\n\n\n\n<p>\u2013 Secr\u00e9taire G\u00e9n\u00e9ral de Pr\u00e9fecture :&nbsp;<strong>M.&nbsp; Athanase EDOU MEBIAME<\/strong>, confirm\u00e9&nbsp;<\/p>\n\n\n\n<p><strong>DISTRICT DE MPAGA&nbsp;&nbsp;<\/strong><\/p>\n\n\n\n<p>\u2013 Sous-Pr\u00e9fet :&nbsp;<strong>Mme. Nancy BOUNANGA&nbsp; BOUAMI<\/strong>, confirm\u00e9e&nbsp;<\/p>\n\n\n\n<p>\u2013 Chef de Bureau :&nbsp;<strong>M. F\u00e9lix ETSINA<\/strong>, confirm\u00e9&nbsp;<\/p>\n\n\n\n<p><strong>DEPARTEMENT D\u2019ETIMBOUE (OMBOUE)&nbsp;&nbsp;<\/strong>\u2013 Pr\u00e9fet&nbsp;<strong>: M. Junior BOULIKOU,&nbsp;<\/strong>confirm\u00e9&nbsp;<\/p>\n\n\n\n<p>\u2013 Secr\u00e9taire G\u00e9n\u00e9ral de Pr\u00e9fecture :&nbsp;<strong>M. Pierre&nbsp; EYO<\/strong>, confirm\u00e9&nbsp;<\/p>\n\n\n\n<p><strong>DEPARTEMENT DE NDOUGOU (GAMBA)&nbsp;&nbsp;<\/strong>\u2013 Pr\u00e9fet :&nbsp;<strong>M. Victor NGOMA<\/strong>, confirm\u00e9&nbsp;<\/p>\n\n\n\n<p>\u2013 Secr\u00e9taire G\u00e9n\u00e9ral de Pr\u00e9fecture :&nbsp;<strong>M. Fran\u00e7ois&nbsp; Gustave ONANGA ENDAMBA<\/strong>, confirm\u00e9&nbsp;<\/p>\n\n\n\n<p><strong>DISTRICT DE NDOUNGOU&nbsp;&nbsp;<\/strong><\/p>\n\n\n\n<p>\u2013 Sous-Pr\u00e9fet :&nbsp;<strong>M. Christian Robert&nbsp; MOUSSAVOU MOSSO<\/strong>, confirm\u00e9&nbsp;<\/p>\n\n\n\n<p>\u2013 Chef de Bureau :&nbsp;<strong>M. Flamie TSOUGOU&nbsp; MAGANGA<\/strong>, confirm\u00e9<\/p>\n\n\n\n<p>Pr\u00e9sidence de la R\u00e9publique Communiqu\u00e9 final SCM Page 31 sur 35&nbsp;<\/p>\n\n\n\n<p><strong>PROVINCE DU WOLEU NTEM&nbsp;&nbsp;<\/strong><\/p>\n\n\n\n<p>\u2013 Gouverneur :&nbsp;<strong>M. Jules DJEKI<\/strong>, confirm\u00e9&nbsp;<\/p>\n\n\n\n<p>\u2013 Secr\u00e9taire G\u00e9n\u00e9ral de Province :&nbsp;<strong>M. Thierry&nbsp; ENEME&nbsp;<\/strong><\/p>\n\n\n\n<p><strong>DEPARTEMENT DU WOLEU (OYEM)&nbsp;&nbsp;<\/strong><\/p>\n\n\n\n<p>\u2013 Pr\u00e9fet :&nbsp;<strong>M. Brice Arcadius MOUSSIROU<\/strong>,&nbsp; confirm\u00e9&nbsp;<\/p>\n\n\n\n<p>\u2013 Secr\u00e9taire G\u00e9n\u00e9ral de Pr\u00e9fecture :&nbsp;<strong>M. Cyprien&nbsp; MEBOUNE ESSO<\/strong>, confirm\u00e9&nbsp;<\/p>\n\n\n\n<p><strong>DISTRICT D\u2019AKAM-ESSATOUK&nbsp;&nbsp;<\/strong><\/p>\n\n\n\n<p>\u2013 Sous-Pr\u00e9fet :&nbsp;<strong>M. Nicaise MINKO EDZANG<\/strong>, en remplacement de M. Bruno&nbsp; MEHOULOBADI&nbsp;&nbsp;<\/p>\n\n\n\n<p>\u2013 Chef de Bureau :&nbsp;<strong>M. Jocelyn NGUEMA&nbsp; MVE<\/strong>, confirm\u00e9&nbsp;<\/p>\n\n\n\n<p><strong>DEPARTEMENT DU HAUT-NTEM&nbsp; (MINVOUL)&nbsp;<\/strong><\/p>\n\n\n\n<p>\u2013 Pr\u00e9fet :&nbsp;<strong>M. Timoth\u00e9e MALEMBA<\/strong>, en&nbsp; remplacement de M. Emile MABIKA&nbsp; MBOUROU<\/p>\n\n\n\n<p>\u2013 Secr\u00e9taire G\u00e9n\u00e9ral de Pr\u00e9fecture :&nbsp;<strong>M. Anselme&nbsp; EVOUNA ENGONE<\/strong>, confirm\u00e9&nbsp;<\/p>\n\n\n\n<p><strong>DISTRICT DE BOLOSSOVILLE&nbsp;&nbsp;<\/strong><\/p>\n\n\n\n<p>\u2013 Sous-Pr\u00e9fet :&nbsp;<strong>Capitaine Edouard&nbsp; LENDENGA<\/strong>, en remplacement de M. Guy&nbsp; Jos\u00e9 BEYIME B\u2019EKONGOLO&nbsp;<\/p>\n\n\n\n<p>\u2013 Chef de Bureau :&nbsp;<strong>M. Lambert MBA BE<\/strong>,&nbsp; confirm\u00e9&nbsp;<\/p>\n\n\n\n<p><strong>DEPARTEMENT DU HAUT-COMO&nbsp; (MEDOUNEU)&nbsp;&nbsp;<\/strong><\/p>\n\n\n\n<p>\u2013 Pr\u00e9fet :&nbsp;<strong>M. David ICKOMBOLO<\/strong>, confirm\u00e9&nbsp;<\/p>\n\n\n\n<p>\u2013 Secr\u00e9taire G\u00e9n\u00e9ral de Pr\u00e9fecture :&nbsp;<strong>M. Edmond&nbsp; NKOGHE MBA<\/strong>, confirm\u00e9&nbsp;<\/p>\n\n\n\n<p><strong>DISTRICT DE SAM&nbsp;<\/strong><\/p>\n\n\n\n<p>\u2013 Sous-Pr\u00e9fet :&nbsp;<strong>M. Emmanuel NZE OVONO<\/strong>,&nbsp; confirm\u00e9&nbsp;<\/p>\n\n\n\n<p>\u2013 Chef de Bureau :&nbsp;<strong>M. Faustin EDOU EKO<\/strong>,&nbsp; confirm\u00e9<\/p>\n\n\n\n<p><strong>DEPARTEMENT DE L\u2019OKANO (MITZIC)&nbsp;<\/strong><\/p>\n\n\n\n<p>\u2013 Pr\u00e9fet :&nbsp;<strong>M. Quelqu\u2019un BEKALE ANGO<\/strong>, en&nbsp; remplacement de M. Timoth\u00e9e MALEMBA&nbsp;<\/p>\n\n\n\n<p>\u2013 Secr\u00e9taire G\u00e9n\u00e9ral de Pr\u00e9fecture :&nbsp;<strong>M.&nbsp; Abraham MEDANG<\/strong>, confirm\u00e9&nbsp;<\/p>\n\n\n\n<p><strong>DEPARTEMENT DU NTEM (BITAM)&nbsp;&nbsp;<\/strong><\/p>\n\n\n\n<p>\u2013 Pr\u00e9fet :&nbsp;<strong>M. Jean Dieudonn\u00e9 GNAMBA<\/strong>,&nbsp; confirm\u00e9&nbsp;<\/p>\n\n\n\n<p>\u2013 Secr\u00e9taire G\u00e9n\u00e9ral de Pr\u00e9fecture :&nbsp;<strong>M. Fortun\u00e9&nbsp; NDONG MINTSA<\/strong>, confirm\u00e9&nbsp;<\/p>\n\n\n\n<p><strong>DISTRICT DE MEYO-KYE&nbsp;<\/strong><\/p>\n\n\n\n<p>\u2013 Sous-Pr\u00e9fet :&nbsp;<strong>M. Blaise ONDO OBIANG&nbsp;<\/strong><\/p>\n\n\n\n<p>\u2013 Chef de Bureau :&nbsp;<strong>M. Germain ANDEME&nbsp; NTOUTOUME<\/strong>, confirm\u00e9&nbsp;<\/p>\n\n\n\n<p><strong>DISTRICT DE BIKONDOM&nbsp;&nbsp;<\/strong><\/p>\n\n\n\n<p>\u2013 Sous-Pr\u00e9fet :&nbsp;<strong>Adjudant-Chef Major Richard&nbsp; EBOUIA MEKOULOU<\/strong>, en remplacement de&nbsp; M. Djo Ga\u00ebl EDOU OLLOMO<strong>.&nbsp;<\/strong><\/p>\n\n\n\n<p>\u2013 Chef de Bureau :&nbsp;<strong>M. Ars\u00e8ne MBA&nbsp; ANOUZOGHO<\/strong>, confirm\u00e9<\/p>\n\n\n\n<p><strong>MINISTERE DE L\u2019ECONOMIE ET DES&nbsp; PARTICIPATIONS&nbsp;<\/strong><\/p>\n\n\n\n<p><strong>FONDS GABONAIS D\u2019INVESTISSEMENTS&nbsp; STRATEGIQUES (FGIS)&nbsp;<\/strong><\/p>\n\n\n\n<p><strong>DIRECTION GENERALE&nbsp;<\/strong><\/p>\n\n\n\n<p>\u2013 Administrateur Directeur G\u00e9n\u00e9ral :&nbsp;<strong>M. Serge&nbsp; Brice NGODJOU.&nbsp;<\/strong><\/p>\n\n\n\n<p>\u2013 Directeur G\u00e9n\u00e9ral Adjoint :&nbsp;<strong>Mme Chim\u00e8ne&nbsp; AYITO.&nbsp;<\/strong><\/p>\n\n\n\n<p><strong>AGENCE GABONAISE POUR LE&nbsp; DEVELOPPEMENT DE L\u2019ECONOMIE&nbsp; VERTE (AGADEV)&nbsp;<\/strong><\/p>\n\n\n\n<p><strong>DIRECTION GENERALE&nbsp;<\/strong><\/p>\n\n\n\n<p>\u2013 Directeur G\u00e9n\u00e9ral :&nbsp;<strong>Mme Scyrielle SENDE&nbsp; ETALI.&nbsp;<\/strong><\/p>\n\n\n\n<p><strong>Je vous remercie.<\/strong><\/p>\n","protected":false},"excerpt":{"rendered":"<p>Sous la Tr\u00e8s Haute Pr\u00e9sidence de Son Excellence&nbsp; Brice Clotaire OLIGUI NGUEMA, G\u00e9n\u00e9ral de&nbsp; Brigade, Pr\u00e9sident de la Transition, Pr\u00e9sident&nbsp; de la R\u00e9publique, Chef de l\u2019\u00c9tat, le Conseil des&nbsp; Ministres s\u2019est r\u00e9uni ce mercredi 22 janvier 2025, \u00e0&nbsp; 11 heures pr\u00e9cises, au Palais de la Pr\u00e9sidence de la&nbsp; R\u00e9publique.&nbsp; En ouverture des travaux, le Conseil [&hellip;]<\/p>\n","protected":false},"author":7,"featured_media":23569,"comment_status":"open","ping_status":"open","sticky":false,"template":"","format":"standard","meta":{"footnotes":""},"categories":[57,59,65],"tags":[],"class_list":["post-23568","post","type-post","status-publish","format-standard","has-post-thumbnail","hentry","category-a-la-une","category-politique","category-politique-podcasts"],"yoast_head":"<!-- This site is optimized with the Yoast SEO plugin v24.2 - https:\/\/yoast.com\/wordpress\/plugins\/seo\/ -->\n<title>Communiqu\u00e9 final du Conseil des Ministres du 22 janvier 2025 - Gabon Nouvelle Vision<\/title>\n<meta name=\"robots\" content=\"index, follow, max-snippet:-1, max-image-preview:large, max-video-preview:-1\" \/>\n<link rel=\"canonical\" href=\"https:\/\/gabonnouvellevision.com\/gnv\/2025\/01\/23\/communique-final-du-conseil-des-ministres-du-22-janvier-2025\/\" \/>\n<meta property=\"og:locale\" content=\"fr_FR\" \/>\n<meta property=\"og:type\" content=\"article\" \/>\n<meta property=\"og:title\" content=\"Communiqu\u00e9 final du Conseil des Ministres du 22 janvier 2025 - Gabon Nouvelle Vision\" \/>\n<meta property=\"og:description\" content=\"Sous la Tr\u00e8s Haute Pr\u00e9sidence de Son Excellence&nbsp; Brice Clotaire OLIGUI NGUEMA, G\u00e9n\u00e9ral de&nbsp; Brigade, Pr\u00e9sident de la Transition, Pr\u00e9sident&nbsp; de la R\u00e9publique, Chef de l\u2019\u00c9tat, le Conseil des&nbsp; Ministres s\u2019est r\u00e9uni ce mercredi 22 janvier 2025, \u00e0&nbsp; 11 heures pr\u00e9cises, au Palais de la Pr\u00e9sidence de la&nbsp; R\u00e9publique.&nbsp; En ouverture des travaux, le Conseil [&hellip;]\" \/>\n<meta property=\"og:url\" content=\"https:\/\/gabonnouvellevision.com\/gnv\/2025\/01\/23\/communique-final-du-conseil-des-ministres-du-22-janvier-2025\/\" \/>\n<meta property=\"og:site_name\" content=\"Gabon Nouvelle Vision\" \/>\n<meta property=\"article:publisher\" content=\"https:\/\/www.facebook.com\/GNVofficiel\" \/>\n<meta property=\"article:published_time\" content=\"2025-01-23T08:46:55+00:00\" \/>\n<meta property=\"article:modified_time\" content=\"2025-01-23T08:46:57+00:00\" \/>\n<meta property=\"og:image\" content=\"https:\/\/gabonnouvellevision.com\/gnv\/wp-content\/uploads\/2025\/01\/Gabon-Gabonmediatime_Conseil-des-ministres-1-780x470-1.jpg\" \/>\n\t<meta property=\"og:image:width\" content=\"780\" \/>\n\t<meta property=\"og:image:height\" content=\"470\" \/>\n\t<meta property=\"og:image:type\" content=\"image\/jpeg\" \/>\n<meta name=\"author\" content=\"Eyeng Obame\" \/>\n<meta name=\"twitter:card\" content=\"summary_large_image\" \/>\n<meta name=\"twitter:label1\" content=\"\u00c9crit par\" \/>\n\t<meta name=\"twitter:data1\" content=\"Eyeng Obame\" \/>\n\t<meta name=\"twitter:label2\" content=\"Dur\u00e9e de lecture estim\u00e9e\" \/>\n\t<meta name=\"twitter:data2\" content=\"16 minutes\" \/>\n<script type=\"application\/ld+json\" class=\"yoast-schema-graph\">{\"@context\":\"https:\/\/schema.org\",\"@graph\":[{\"@type\":\"Article\",\"@id\":\"https:\/\/gabonnouvellevision.com\/gnv\/2025\/01\/23\/communique-final-du-conseil-des-ministres-du-22-janvier-2025\/#article\",\"isPartOf\":{\"@id\":\"https:\/\/gabonnouvellevision.com\/gnv\/2025\/01\/23\/communique-final-du-conseil-des-ministres-du-22-janvier-2025\/\"},\"author\":{\"name\":\"Eyeng Obame\",\"@id\":\"https:\/\/gabonnouvellevision.com\/gnv\/#\/schema\/person\/4b48e07d222f83c0285affc3704bc899\"},\"headline\":\"Communiqu\u00e9 final du Conseil des Ministres du 22 janvier 2025\",\"datePublished\":\"2025-01-23T08:46:55+00:00\",\"dateModified\":\"2025-01-23T08:46:57+00:00\",\"mainEntityOfPage\":{\"@id\":\"https:\/\/gabonnouvellevision.com\/gnv\/2025\/01\/23\/communique-final-du-conseil-des-ministres-du-22-janvier-2025\/\"},\"wordCount\":4425,\"commentCount\":0,\"publisher\":{\"@id\":\"https:\/\/gabonnouvellevision.com\/gnv\/#organization\"},\"image\":{\"@id\":\"https:\/\/gabonnouvellevision.com\/gnv\/2025\/01\/23\/communique-final-du-conseil-des-ministres-du-22-janvier-2025\/#primaryimage\"},\"thumbnailUrl\":\"https:\/\/gabonnouvellevision.com\/gnv\/wp-content\/uploads\/2025\/01\/Gabon-Gabonmediatime_Conseil-des-ministres-1-780x470-1.jpg\",\"articleSection\":[\"A la une\",\"Politique\",\"Politique\"],\"inLanguage\":\"fr-FR\",\"potentialAction\":[{\"@type\":\"CommentAction\",\"name\":\"Comment\",\"target\":[\"https:\/\/gabonnouvellevision.com\/gnv\/2025\/01\/23\/communique-final-du-conseil-des-ministres-du-22-janvier-2025\/#respond\"]}]},{\"@type\":\"WebPage\",\"@id\":\"https:\/\/gabonnouvellevision.com\/gnv\/2025\/01\/23\/communique-final-du-conseil-des-ministres-du-22-janvier-2025\/\",\"url\":\"https:\/\/gabonnouvellevision.com\/gnv\/2025\/01\/23\/communique-final-du-conseil-des-ministres-du-22-janvier-2025\/\",\"name\":\"Communiqu\u00e9 final du Conseil des Ministres du 22 janvier 2025 - Gabon Nouvelle Vision\",\"isPartOf\":{\"@id\":\"https:\/\/gabonnouvellevision.com\/gnv\/#website\"},\"primaryImageOfPage\":{\"@id\":\"https:\/\/gabonnouvellevision.com\/gnv\/2025\/01\/23\/communique-final-du-conseil-des-ministres-du-22-janvier-2025\/#primaryimage\"},\"image\":{\"@id\":\"https:\/\/gabonnouvellevision.com\/gnv\/2025\/01\/23\/communique-final-du-conseil-des-ministres-du-22-janvier-2025\/#primaryimage\"},\"thumbnailUrl\":\"https:\/\/gabonnouvellevision.com\/gnv\/wp-content\/uploads\/2025\/01\/Gabon-Gabonmediatime_Conseil-des-ministres-1-780x470-1.jpg\",\"datePublished\":\"2025-01-23T08:46:55+00:00\",\"dateModified\":\"2025-01-23T08:46:57+00:00\",\"breadcrumb\":{\"@id\":\"https:\/\/gabonnouvellevision.com\/gnv\/2025\/01\/23\/communique-final-du-conseil-des-ministres-du-22-janvier-2025\/#breadcrumb\"},\"inLanguage\":\"fr-FR\",\"potentialAction\":[{\"@type\":\"ReadAction\",\"target\":[\"https:\/\/gabonnouvellevision.com\/gnv\/2025\/01\/23\/communique-final-du-conseil-des-ministres-du-22-janvier-2025\/\"]}]},{\"@type\":\"ImageObject\",\"inLanguage\":\"fr-FR\",\"@id\":\"https:\/\/gabonnouvellevision.com\/gnv\/2025\/01\/23\/communique-final-du-conseil-des-ministres-du-22-janvier-2025\/#primaryimage\",\"url\":\"https:\/\/gabonnouvellevision.com\/gnv\/wp-content\/uploads\/2025\/01\/Gabon-Gabonmediatime_Conseil-des-ministres-1-780x470-1.jpg\",\"contentUrl\":\"https:\/\/gabonnouvellevision.com\/gnv\/wp-content\/uploads\/2025\/01\/Gabon-Gabonmediatime_Conseil-des-ministres-1-780x470-1.jpg\",\"width\":780,\"height\":470},{\"@type\":\"BreadcrumbList\",\"@id\":\"https:\/\/gabonnouvellevision.com\/gnv\/2025\/01\/23\/communique-final-du-conseil-des-ministres-du-22-janvier-2025\/#breadcrumb\",\"itemListElement\":[{\"@type\":\"ListItem\",\"position\":1,\"name\":\"Accueil\",\"item\":\"https:\/\/gabonnouvellevision.com\/gnv\/\"},{\"@type\":\"ListItem\",\"position\":2,\"name\":\"Communiqu\u00e9 final du Conseil des Ministres du 22 janvier 2025\"}]},{\"@type\":\"WebSite\",\"@id\":\"https:\/\/gabonnouvellevision.com\/gnv\/#website\",\"url\":\"https:\/\/gabonnouvellevision.com\/gnv\/\",\"name\":\"Gabon Nouvelle Vision\",\"description\":\"\",\"publisher\":{\"@id\":\"https:\/\/gabonnouvellevision.com\/gnv\/#organization\"},\"potentialAction\":[{\"@type\":\"SearchAction\",\"target\":{\"@type\":\"EntryPoint\",\"urlTemplate\":\"https:\/\/gabonnouvellevision.com\/gnv\/?s={search_term_string}\"},\"query-input\":{\"@type\":\"PropertyValueSpecification\",\"valueRequired\":true,\"valueName\":\"search_term_string\"}}],\"inLanguage\":\"fr-FR\"},{\"@type\":\"Organization\",\"@id\":\"https:\/\/gabonnouvellevision.com\/gnv\/#organization\",\"name\":\"Gabon Nouvelle Vision\",\"url\":\"https:\/\/gabonnouvellevision.com\/gnv\/\",\"logo\":{\"@type\":\"ImageObject\",\"inLanguage\":\"fr-FR\",\"@id\":\"https:\/\/gabonnouvellevision.com\/gnv\/#\/schema\/logo\/image\/\",\"url\":\"https:\/\/gabonnouvellevision.com\/gnv\/wp-content\/uploads\/2025\/01\/logo-text_Plan-de-travail-1.png\",\"contentUrl\":\"https:\/\/gabonnouvellevision.com\/gnv\/wp-content\/uploads\/2025\/01\/logo-text_Plan-de-travail-1.png\",\"width\":7169,\"height\":2390,\"caption\":\"Gabon Nouvelle Vision\"},\"image\":{\"@id\":\"https:\/\/gabonnouvellevision.com\/gnv\/#\/schema\/logo\/image\/\"},\"sameAs\":[\"https:\/\/www.facebook.com\/GNVofficiel\"]},{\"@type\":\"Person\",\"@id\":\"https:\/\/gabonnouvellevision.com\/gnv\/#\/schema\/person\/4b48e07d222f83c0285affc3704bc899\",\"name\":\"Eyeng Obame\",\"image\":{\"@type\":\"ImageObject\",\"inLanguage\":\"fr-FR\",\"@id\":\"https:\/\/gabonnouvellevision.com\/gnv\/#\/schema\/person\/image\/\",\"url\":\"https:\/\/secure.gravatar.com\/avatar\/167bc03b8baf3c77318a47159f80871de6f5a6cbf4bc8b6af750fbc1a369d7bf?s=96&d=mm&r=g\",\"contentUrl\":\"https:\/\/secure.gravatar.com\/avatar\/167bc03b8baf3c77318a47159f80871de6f5a6cbf4bc8b6af750fbc1a369d7bf?s=96&d=mm&r=g\",\"caption\":\"Eyeng Obame\"},\"url\":\"https:\/\/gabonnouvellevision.com\/gnv\/author\/rufin\/\"}]}<\/script>\n<!-- \/ Yoast SEO plugin. -->","yoast_head_json":{"title":"Communiqu\u00e9 final du Conseil des Ministres du 22 janvier 2025 - Gabon Nouvelle Vision","robots":{"index":"index","follow":"follow","max-snippet":"max-snippet:-1","max-image-preview":"max-image-preview:large","max-video-preview":"max-video-preview:-1"},"canonical":"https:\/\/gabonnouvellevision.com\/gnv\/2025\/01\/23\/communique-final-du-conseil-des-ministres-du-22-janvier-2025\/","og_locale":"fr_FR","og_type":"article","og_title":"Communiqu\u00e9 final du Conseil des Ministres du 22 janvier 2025 - Gabon Nouvelle Vision","og_description":"Sous la Tr\u00e8s Haute Pr\u00e9sidence de Son Excellence&nbsp; Brice Clotaire OLIGUI NGUEMA, G\u00e9n\u00e9ral de&nbsp; Brigade, Pr\u00e9sident de la Transition, Pr\u00e9sident&nbsp; de la R\u00e9publique, Chef de l\u2019\u00c9tat, le Conseil des&nbsp; Ministres s\u2019est r\u00e9uni ce mercredi 22 janvier 2025, \u00e0&nbsp; 11 heures pr\u00e9cises, au Palais de la Pr\u00e9sidence de la&nbsp; R\u00e9publique.&nbsp; En ouverture des travaux, le Conseil [&hellip;]","og_url":"https:\/\/gabonnouvellevision.com\/gnv\/2025\/01\/23\/communique-final-du-conseil-des-ministres-du-22-janvier-2025\/","og_site_name":"Gabon Nouvelle Vision","article_publisher":"https:\/\/www.facebook.com\/GNVofficiel","article_published_time":"2025-01-23T08:46:55+00:00","article_modified_time":"2025-01-23T08:46:57+00:00","og_image":[{"width":780,"height":470,"url":"https:\/\/gabonnouvellevision.com\/gnv\/wp-content\/uploads\/2025\/01\/Gabon-Gabonmediatime_Conseil-des-ministres-1-780x470-1.jpg","type":"image\/jpeg"}],"author":"Eyeng Obame","twitter_card":"summary_large_image","twitter_misc":{"\u00c9crit par":"Eyeng Obame","Dur\u00e9e de lecture estim\u00e9e":"16 minutes"},"schema":{"@context":"https:\/\/schema.org","@graph":[{"@type":"Article","@id":"https:\/\/gabonnouvellevision.com\/gnv\/2025\/01\/23\/communique-final-du-conseil-des-ministres-du-22-janvier-2025\/#article","isPartOf":{"@id":"https:\/\/gabonnouvellevision.com\/gnv\/2025\/01\/23\/communique-final-du-conseil-des-ministres-du-22-janvier-2025\/"},"author":{"name":"Eyeng Obame","@id":"https:\/\/gabonnouvellevision.com\/gnv\/#\/schema\/person\/4b48e07d222f83c0285affc3704bc899"},"headline":"Communiqu\u00e9 final du Conseil des Ministres du 22 janvier 2025","datePublished":"2025-01-23T08:46:55+00:00","dateModified":"2025-01-23T08:46:57+00:00","mainEntityOfPage":{"@id":"https:\/\/gabonnouvellevision.com\/gnv\/2025\/01\/23\/communique-final-du-conseil-des-ministres-du-22-janvier-2025\/"},"wordCount":4425,"commentCount":0,"publisher":{"@id":"https:\/\/gabonnouvellevision.com\/gnv\/#organization"},"image":{"@id":"https:\/\/gabonnouvellevision.com\/gnv\/2025\/01\/23\/communique-final-du-conseil-des-ministres-du-22-janvier-2025\/#primaryimage"},"thumbnailUrl":"https:\/\/gabonnouvellevision.com\/gnv\/wp-content\/uploads\/2025\/01\/Gabon-Gabonmediatime_Conseil-des-ministres-1-780x470-1.jpg","articleSection":["A la une","Politique","Politique"],"inLanguage":"fr-FR","potentialAction":[{"@type":"CommentAction","name":"Comment","target":["https:\/\/gabonnouvellevision.com\/gnv\/2025\/01\/23\/communique-final-du-conseil-des-ministres-du-22-janvier-2025\/#respond"]}]},{"@type":"WebPage","@id":"https:\/\/gabonnouvellevision.com\/gnv\/2025\/01\/23\/communique-final-du-conseil-des-ministres-du-22-janvier-2025\/","url":"https:\/\/gabonnouvellevision.com\/gnv\/2025\/01\/23\/communique-final-du-conseil-des-ministres-du-22-janvier-2025\/","name":"Communiqu\u00e9 final du Conseil des Ministres du 22 janvier 2025 - Gabon Nouvelle Vision","isPartOf":{"@id":"https:\/\/gabonnouvellevision.com\/gnv\/#website"},"primaryImageOfPage":{"@id":"https:\/\/gabonnouvellevision.com\/gnv\/2025\/01\/23\/communique-final-du-conseil-des-ministres-du-22-janvier-2025\/#primaryimage"},"image":{"@id":"https:\/\/gabonnouvellevision.com\/gnv\/2025\/01\/23\/communique-final-du-conseil-des-ministres-du-22-janvier-2025\/#primaryimage"},"thumbnailUrl":"https:\/\/gabonnouvellevision.com\/gnv\/wp-content\/uploads\/2025\/01\/Gabon-Gabonmediatime_Conseil-des-ministres-1-780x470-1.jpg","datePublished":"2025-01-23T08:46:55+00:00","dateModified":"2025-01-23T08:46:57+00:00","breadcrumb":{"@id":"https:\/\/gabonnouvellevision.com\/gnv\/2025\/01\/23\/communique-final-du-conseil-des-ministres-du-22-janvier-2025\/#breadcrumb"},"inLanguage":"fr-FR","potentialAction":[{"@type":"ReadAction","target":["https:\/\/gabonnouvellevision.com\/gnv\/2025\/01\/23\/communique-final-du-conseil-des-ministres-du-22-janvier-2025\/"]}]},{"@type":"ImageObject","inLanguage":"fr-FR","@id":"https:\/\/gabonnouvellevision.com\/gnv\/2025\/01\/23\/communique-final-du-conseil-des-ministres-du-22-janvier-2025\/#primaryimage","url":"https:\/\/gabonnouvellevision.com\/gnv\/wp-content\/uploads\/2025\/01\/Gabon-Gabonmediatime_Conseil-des-ministres-1-780x470-1.jpg","contentUrl":"https:\/\/gabonnouvellevision.com\/gnv\/wp-content\/uploads\/2025\/01\/Gabon-Gabonmediatime_Conseil-des-ministres-1-780x470-1.jpg","width":780,"height":470},{"@type":"BreadcrumbList","@id":"https:\/\/gabonnouvellevision.com\/gnv\/2025\/01\/23\/communique-final-du-conseil-des-ministres-du-22-janvier-2025\/#breadcrumb","itemListElement":[{"@type":"ListItem","position":1,"name":"Accueil","item":"https:\/\/gabonnouvellevision.com\/gnv\/"},{"@type":"ListItem","position":2,"name":"Communiqu\u00e9 final du Conseil des Ministres du 22 janvier 2025"}]},{"@type":"WebSite","@id":"https:\/\/gabonnouvellevision.com\/gnv\/#website","url":"https:\/\/gabonnouvellevision.com\/gnv\/","name":"Gabon Nouvelle Vision","description":"","publisher":{"@id":"https:\/\/gabonnouvellevision.com\/gnv\/#organization"},"potentialAction":[{"@type":"SearchAction","target":{"@type":"EntryPoint","urlTemplate":"https:\/\/gabonnouvellevision.com\/gnv\/?s={search_term_string}"},"query-input":{"@type":"PropertyValueSpecification","valueRequired":true,"valueName":"search_term_string"}}],"inLanguage":"fr-FR"},{"@type":"Organization","@id":"https:\/\/gabonnouvellevision.com\/gnv\/#organization","name":"Gabon Nouvelle Vision","url":"https:\/\/gabonnouvellevision.com\/gnv\/","logo":{"@type":"ImageObject","inLanguage":"fr-FR","@id":"https:\/\/gabonnouvellevision.com\/gnv\/#\/schema\/logo\/image\/","url":"https:\/\/gabonnouvellevision.com\/gnv\/wp-content\/uploads\/2025\/01\/logo-text_Plan-de-travail-1.png","contentUrl":"https:\/\/gabonnouvellevision.com\/gnv\/wp-content\/uploads\/2025\/01\/logo-text_Plan-de-travail-1.png","width":7169,"height":2390,"caption":"Gabon Nouvelle Vision"},"image":{"@id":"https:\/\/gabonnouvellevision.com\/gnv\/#\/schema\/logo\/image\/"},"sameAs":["https:\/\/www.facebook.com\/GNVofficiel"]},{"@type":"Person","@id":"https:\/\/gabonnouvellevision.com\/gnv\/#\/schema\/person\/4b48e07d222f83c0285affc3704bc899","name":"Eyeng Obame","image":{"@type":"ImageObject","inLanguage":"fr-FR","@id":"https:\/\/gabonnouvellevision.com\/gnv\/#\/schema\/person\/image\/","url":"https:\/\/secure.gravatar.com\/avatar\/167bc03b8baf3c77318a47159f80871de6f5a6cbf4bc8b6af750fbc1a369d7bf?s=96&d=mm&r=g","contentUrl":"https:\/\/secure.gravatar.com\/avatar\/167bc03b8baf3c77318a47159f80871de6f5a6cbf4bc8b6af750fbc1a369d7bf?s=96&d=mm&r=g","caption":"Eyeng Obame"},"url":"https:\/\/gabonnouvellevision.com\/gnv\/author\/rufin\/"}]}},"_links":{"self":[{"href":"https:\/\/gabonnouvellevision.com\/gnv\/wp-json\/wp\/v2\/posts\/23568","targetHints":{"allow":["GET"]}}],"collection":[{"href":"https:\/\/gabonnouvellevision.com\/gnv\/wp-json\/wp\/v2\/posts"}],"about":[{"href":"https:\/\/gabonnouvellevision.com\/gnv\/wp-json\/wp\/v2\/types\/post"}],"author":[{"embeddable":true,"href":"https:\/\/gabonnouvellevision.com\/gnv\/wp-json\/wp\/v2\/users\/7"}],"replies":[{"embeddable":true,"href":"https:\/\/gabonnouvellevision.com\/gnv\/wp-json\/wp\/v2\/comments?post=23568"}],"version-history":[{"count":1,"href":"https:\/\/gabonnouvellevision.com\/gnv\/wp-json\/wp\/v2\/posts\/23568\/revisions"}],"predecessor-version":[{"id":23570,"href":"https:\/\/gabonnouvellevision.com\/gnv\/wp-json\/wp\/v2\/posts\/23568\/revisions\/23570"}],"wp:featuredmedia":[{"embeddable":true,"href":"https:\/\/gabonnouvellevision.com\/gnv\/wp-json\/wp\/v2\/media\/23569"}],"wp:attachment":[{"href":"https:\/\/gabonnouvellevision.com\/gnv\/wp-json\/wp\/v2\/media?parent=23568"}],"wp:term":[{"taxonomy":"category","embeddable":true,"href":"https:\/\/gabonnouvellevision.com\/gnv\/wp-json\/wp\/v2\/categories?post=23568"},{"taxonomy":"post_tag","embeddable":true,"href":"https:\/\/gabonnouvellevision.com\/gnv\/wp-json\/wp\/v2\/tags?post=23568"}],"curies":[{"name":"wp","href":"https:\/\/api.w.org\/{rel}","templated":true}]}}