{"id":23490,"date":"2024-04-26T11:38:09","date_gmt":"2024-04-26T10:38:09","guid":{"rendered":"https:\/\/gabonnouvellevision.com\/gnv\/?p=2955"},"modified":"2024-04-26T11:38:09","modified_gmt":"2024-04-26T10:38:09","slug":"pose-des-vignettes-taxis-par-le-delegue-special-de-ntoum","status":"publish","type":"post","link":"https:\/\/gabonnouvellevision.com\/gnv\/2024\/04\/26\/pose-des-vignettes-taxis-par-le-delegue-special-de-ntoum\/","title":{"rendered":"Pose des vignettes-taxis par le D\u00e9l\u00e9gu\u00e9 Sp\u00e9cial de Ntoum"},"content":{"rendered":"<p><strong>le D\u00e9l\u00e9gu\u00e9 Sp\u00e9cial de Ntoum, le G\u00e9n\u00e9ral de Brigade, Samuel Ndoutoume Ekoua, posant symboliquement une vignette sur une porti\u00e8re de taxi avec un taximan<\/strong><\/p>\n<p><strong><em>Le D\u00e9l\u00e9gu\u00e9 Sp\u00e9cial de la commune de Ntoum, G\u00e9n\u00e9ral de Brigade Samuel Ndoutoume Ekoua, vient de proc\u00e9der \u00e0 la pose officielle des vignettes sur les porti\u00e8res de taxis pour le compte de l\u2019ann\u00e9e courante devant les locaux de son institution en pr\u00e9sence de ses Adjoints et de ses collaborateurs. Une \u00a0op\u00e9ration qui devra impacter 800 taxis dans la dite commune<\/em><\/strong><strong>.<\/strong><\/p>\n<p>Dans le cadre de l\u2019op\u00e9ration de conformit\u00e9 du transport urbain et interurbain des taxis dans le Grand Libreville, le D\u00e9l\u00e9gu\u00e9 Sp\u00e9cial de la commune de Ntoum, le G\u00e9n\u00e9ral de Brigade, Samuel Ndoutoume Ekoua, \u00a0a proc\u00e9d\u00e9 hier devant les locaux de son cabinet de travail,\u00a0 \u00e0 la pose officielle des vignettes de \u00a0taxis qui devraient circuler l\u00e9galement dans la dite commune pour le compte de l&rsquo;ann\u00e9e 2024,\u00a0 et la remise des badges d\u2019identifications des taximen,\u00a0 et de l\u2019autorisation de circuler dans les autres communes du Grand Libreville. Cette op\u00e9ration, 3\u00e8me du genre, depuis l&rsquo;\u00e9rection de la ville de Ntoum\u00a0 en\u00a0 commune de pleine exercice en 1996, devra toucher 800 taxis.\u201d Au d\u00e9part, nous avons obtenu l\u2019autorisation de Madame le Gouverneur pour 500 taxis, avec un ajout de 300. Donc, au total , nous aurons 800 taxis qui vont circuler dans la commune de Ntoum et dans les autres communes du Grand Libreville\u201d a d\u00e9clar\u00e9 le G\u00e9n\u00e9ral de Brigade, Samuel Ndoutoume Ekoua. La commune de Ntoum est la porte d\u2019entr\u00e9e et de sortie de la capitale Gabonaise. Le d\u00e9l\u00e9gu\u00e9 Sp\u00e9cial de la commune de Ntoum a aussi profit\u00e9 de cette occasion pour pr\u00e9senter \u00e0 la presse la maquette du future h\u00f4tel de ville de Ntoum, qui s\u2019\u00e9tend sur plusieurs m\u00e8tres carr\u00e9s,\u00a0 dont plus de 50% des travaux ont d\u00e9j\u00e0 \u00e9t\u00e9 effectu\u00e9s sur le fonds propre de la Mairie par l\u2019entreprise adjudicataire. Le b\u00e2timent en construction devra abriter tous les services de la mairie, \u00e9tat civil, recouvrement, les services de transports, et tous les services dont peut s\u2019attendre l\u2019usager de la commune\u201d a pr\u00e9cis\u00e9 l&rsquo;autorit\u00e9 municipale. Un joyau architectural hors pair qui fera la fiert\u00e9 des Ntoumois et Ntoumoises se r\u00e9jouit l\u2019\u00e9dile de Ntoum.\u201d Ce sera le plus bel immeuble abritant les services administratifs d\u2019un h\u00f4tel de ville de la province de l\u2019estuaire\u00a0\u00bb. \u00ab\u00a0Cet immeuble s\u2019\u00e9l\u00e8ve sur deux niveaux. Ce b\u00e2timent R+2 avec une salle des f\u00eates ultra moderne devra \u00eatre livr\u00e9 avant d\u00e9cembre 2024 \u00e0 en croire l&rsquo;autorit\u00e9 municipale.\u00a0 le D\u00e9l\u00e9gu\u00e9 Sp\u00e9cial de la commune de Ntoum, install\u00e9 le 07 f\u00e9vrier dernier,\u00a0 entend redorer l&rsquo;image de cette localit\u00e9 ternie depuis quelques ann\u00e9es\u00a0 par un d\u00e9cor architectural ma\u00e7onnique lugubre, l\u00e9gu\u00e9 par ses pr\u00e9d\u00e9cesseurs. Alors que le Gabon est officiellement un Etat la\u00efc.<\/p>\n<p>Chef lieu du d\u00e9partement de Komo-Mondah, la commune de Ntoum, \u00a0compte \u00e0 ce jour plus de 11000 habitants selon le dernier recensement de la population en 2012. Mais un chiffre contest\u00e9 par les sp\u00e9cialistes qui estiment \u00e0 leur tour que la commune de Ntoum,\u00a0 avec ses trois arrondissements,\u00a0 compterait \u00e0 ce jour plus de 40.000 habitants. Une hypoth\u00e8se soutenue avec l&rsquo;implantation de\u00a0 la zone \u00e9conomique de Nkok au PK27 avec son corollaire d\u00e9mographique.<\/p>\n<p><strong>Rufin Martial Oke Nze<\/strong><\/p>\n<p>&nbsp;<\/p>\n","protected":false},"excerpt":{"rendered":"<p>le D\u00e9l\u00e9gu\u00e9 Sp\u00e9cial de Ntoum, le G\u00e9n\u00e9ral de Brigade, Samuel Ndoutoume Ekoua, posant symboliquement une vignette sur une porti\u00e8re de taxi avec un taximan Le D\u00e9l\u00e9gu\u00e9 Sp\u00e9cial de la commune de Ntoum, G\u00e9n\u00e9ral de Brigade Samuel Ndoutoume Ekoua, vient de proc\u00e9der \u00e0 la pose officielle des vignettes sur les porti\u00e8res de taxis pour le compte [&hellip;]<\/p>\n","protected":false},"author":7,"featured_media":23500,"comment_status":"open","ping_status":"open","sticky":false,"template":"","format":"standard","meta":{"footnotes":""},"categories":[1,56],"tags":[],"class_list":["post-23490","post","type-post","status-publish","format-standard","has-post-thumbnail","hentry","category-non-classe","category-societe"],"yoast_head":"<!-- This site is optimized with the Yoast SEO plugin v24.2 - https:\/\/yoast.com\/wordpress\/plugins\/seo\/ -->\n<title>Pose des vignettes-taxis par le D\u00e9l\u00e9gu\u00e9 Sp\u00e9cial de Ntoum - Gabon Nouvelle Vision<\/title>\n<meta name=\"robots\" content=\"index, follow, max-snippet:-1, max-image-preview:large, max-video-preview:-1\" \/>\n<link rel=\"canonical\" href=\"https:\/\/gabonnouvellevision.com\/gnv\/2024\/04\/26\/pose-des-vignettes-taxis-par-le-delegue-special-de-ntoum\/\" \/>\n<meta property=\"og:locale\" content=\"fr_FR\" \/>\n<meta property=\"og:type\" content=\"article\" \/>\n<meta property=\"og:title\" content=\"Pose des vignettes-taxis par le D\u00e9l\u00e9gu\u00e9 Sp\u00e9cial de Ntoum - Gabon Nouvelle Vision\" \/>\n<meta property=\"og:description\" content=\"le D\u00e9l\u00e9gu\u00e9 Sp\u00e9cial de Ntoum, le G\u00e9n\u00e9ral de Brigade, Samuel Ndoutoume Ekoua, posant symboliquement une vignette sur une porti\u00e8re de taxi avec un taximan Le D\u00e9l\u00e9gu\u00e9 Sp\u00e9cial de la commune de Ntoum, G\u00e9n\u00e9ral de Brigade Samuel Ndoutoume Ekoua, vient de proc\u00e9der \u00e0 la pose officielle des vignettes sur les porti\u00e8res de taxis pour le compte [&hellip;]\" \/>\n<meta property=\"og:url\" content=\"https:\/\/gabonnouvellevision.com\/gnv\/2024\/04\/26\/pose-des-vignettes-taxis-par-le-delegue-special-de-ntoum\/\" \/>\n<meta property=\"og:site_name\" content=\"Gabon Nouvelle Vision\" \/>\n<meta property=\"article:publisher\" content=\"https:\/\/www.facebook.com\/GNVofficiel\" \/>\n<meta property=\"article:published_time\" content=\"2024-04-26T10:38:09+00:00\" \/>\n<meta property=\"og:image\" content=\"https:\/\/gabonnouvellevision.com\/gnv\/wp-content\/uploads\/2024\/04\/440296992_1170644213930495_8415484583050338777_n.jpg\" \/>\n\t<meta property=\"og:image:width\" content=\"1920\" \/>\n\t<meta property=\"og:image:height\" content=\"1080\" \/>\n\t<meta property=\"og:image:type\" content=\"image\/jpeg\" \/>\n<meta name=\"author\" content=\"Eyeng Obame\" \/>\n<meta name=\"twitter:card\" content=\"summary_large_image\" \/>\n<meta name=\"twitter:label1\" content=\"\u00c9crit par\" \/>\n\t<meta name=\"twitter:data1\" content=\"Eyeng Obame\" \/>\n\t<meta name=\"twitter:label2\" content=\"Dur\u00e9e de lecture estim\u00e9e\" \/>\n\t<meta name=\"twitter:data2\" content=\"3 minutes\" \/>\n<script type=\"application\/ld+json\" class=\"yoast-schema-graph\">{\"@context\":\"https:\/\/schema.org\",\"@graph\":[{\"@type\":\"Article\",\"@id\":\"https:\/\/gabonnouvellevision.com\/gnv\/2024\/04\/26\/pose-des-vignettes-taxis-par-le-delegue-special-de-ntoum\/#article\",\"isPartOf\":{\"@id\":\"https:\/\/gabonnouvellevision.com\/gnv\/2024\/04\/26\/pose-des-vignettes-taxis-par-le-delegue-special-de-ntoum\/\"},\"author\":{\"name\":\"Eyeng Obame\",\"@id\":\"https:\/\/gabonnouvellevision.com\/gnv\/#\/schema\/person\/4b48e07d222f83c0285affc3704bc899\"},\"headline\":\"Pose des vignettes-taxis par le D\u00e9l\u00e9gu\u00e9 Sp\u00e9cial de Ntoum\",\"datePublished\":\"2024-04-26T10:38:09+00:00\",\"dateModified\":\"2024-04-26T10:38:09+00:00\",\"mainEntityOfPage\":{\"@id\":\"https:\/\/gabonnouvellevision.com\/gnv\/2024\/04\/26\/pose-des-vignettes-taxis-par-le-delegue-special-de-ntoum\/\"},\"wordCount\":600,\"commentCount\":0,\"publisher\":{\"@id\":\"https:\/\/gabonnouvellevision.com\/gnv\/#organization\"},\"image\":{\"@id\":\"https:\/\/gabonnouvellevision.com\/gnv\/2024\/04\/26\/pose-des-vignettes-taxis-par-le-delegue-special-de-ntoum\/#primaryimage\"},\"thumbnailUrl\":\"https:\/\/gabonnouvellevision.com\/gnv\/wp-content\/uploads\/2024\/04\/440296992_1170644213930495_8415484583050338777_n.jpg\",\"articleSection\":{\"1\":\"Societe\"},\"inLanguage\":\"fr-FR\",\"potentialAction\":[{\"@type\":\"CommentAction\",\"name\":\"Comment\",\"target\":[\"https:\/\/gabonnouvellevision.com\/gnv\/2024\/04\/26\/pose-des-vignettes-taxis-par-le-delegue-special-de-ntoum\/#respond\"]}]},{\"@type\":\"WebPage\",\"@id\":\"https:\/\/gabonnouvellevision.com\/gnv\/2024\/04\/26\/pose-des-vignettes-taxis-par-le-delegue-special-de-ntoum\/\",\"url\":\"https:\/\/gabonnouvellevision.com\/gnv\/2024\/04\/26\/pose-des-vignettes-taxis-par-le-delegue-special-de-ntoum\/\",\"name\":\"Pose des vignettes-taxis par le D\u00e9l\u00e9gu\u00e9 Sp\u00e9cial de Ntoum - Gabon Nouvelle Vision\",\"isPartOf\":{\"@id\":\"https:\/\/gabonnouvellevision.com\/gnv\/#website\"},\"primaryImageOfPage\":{\"@id\":\"https:\/\/gabonnouvellevision.com\/gnv\/2024\/04\/26\/pose-des-vignettes-taxis-par-le-delegue-special-de-ntoum\/#primaryimage\"},\"image\":{\"@id\":\"https:\/\/gabonnouvellevision.com\/gnv\/2024\/04\/26\/pose-des-vignettes-taxis-par-le-delegue-special-de-ntoum\/#primaryimage\"},\"thumbnailUrl\":\"https:\/\/gabonnouvellevision.com\/gnv\/wp-content\/uploads\/2024\/04\/440296992_1170644213930495_8415484583050338777_n.jpg\",\"datePublished\":\"2024-04-26T10:38:09+00:00\",\"dateModified\":\"2024-04-26T10:38:09+00:00\",\"breadcrumb\":{\"@id\":\"https:\/\/gabonnouvellevision.com\/gnv\/2024\/04\/26\/pose-des-vignettes-taxis-par-le-delegue-special-de-ntoum\/#breadcrumb\"},\"inLanguage\":\"fr-FR\",\"potentialAction\":[{\"@type\":\"ReadAction\",\"target\":[\"https:\/\/gabonnouvellevision.com\/gnv\/2024\/04\/26\/pose-des-vignettes-taxis-par-le-delegue-special-de-ntoum\/\"]}]},{\"@type\":\"ImageObject\",\"inLanguage\":\"fr-FR\",\"@id\":\"https:\/\/gabonnouvellevision.com\/gnv\/2024\/04\/26\/pose-des-vignettes-taxis-par-le-delegue-special-de-ntoum\/#primaryimage\",\"url\":\"https:\/\/gabonnouvellevision.com\/gnv\/wp-content\/uploads\/2024\/04\/440296992_1170644213930495_8415484583050338777_n.jpg\",\"contentUrl\":\"https:\/\/gabonnouvellevision.com\/gnv\/wp-content\/uploads\/2024\/04\/440296992_1170644213930495_8415484583050338777_n.jpg\",\"width\":1920,\"height\":1080},{\"@type\":\"BreadcrumbList\",\"@id\":\"https:\/\/gabonnouvellevision.com\/gnv\/2024\/04\/26\/pose-des-vignettes-taxis-par-le-delegue-special-de-ntoum\/#breadcrumb\",\"itemListElement\":[{\"@type\":\"ListItem\",\"position\":1,\"name\":\"Accueil\",\"item\":\"https:\/\/gabonnouvellevision.com\/gnv\/\"},{\"@type\":\"ListItem\",\"position\":2,\"name\":\"Pose des vignettes-taxis par le D\u00e9l\u00e9gu\u00e9 Sp\u00e9cial de Ntoum\"}]},{\"@type\":\"WebSite\",\"@id\":\"https:\/\/gabonnouvellevision.com\/gnv\/#website\",\"url\":\"https:\/\/gabonnouvellevision.com\/gnv\/\",\"name\":\"Gabon Nouvelle Vision\",\"description\":\"\",\"publisher\":{\"@id\":\"https:\/\/gabonnouvellevision.com\/gnv\/#organization\"},\"potentialAction\":[{\"@type\":\"SearchAction\",\"target\":{\"@type\":\"EntryPoint\",\"urlTemplate\":\"https:\/\/gabonnouvellevision.com\/gnv\/?s={search_term_string}\"},\"query-input\":{\"@type\":\"PropertyValueSpecification\",\"valueRequired\":true,\"valueName\":\"search_term_string\"}}],\"inLanguage\":\"fr-FR\"},{\"@type\":\"Organization\",\"@id\":\"https:\/\/gabonnouvellevision.com\/gnv\/#organization\",\"name\":\"Gabon Nouvelle Vision\",\"url\":\"https:\/\/gabonnouvellevision.com\/gnv\/\",\"logo\":{\"@type\":\"ImageObject\",\"inLanguage\":\"fr-FR\",\"@id\":\"https:\/\/gabonnouvellevision.com\/gnv\/#\/schema\/logo\/image\/\",\"url\":\"https:\/\/gabonnouvellevision.com\/gnv\/wp-content\/uploads\/2025\/01\/logo-text_Plan-de-travail-1.png\",\"contentUrl\":\"https:\/\/gabonnouvellevision.com\/gnv\/wp-content\/uploads\/2025\/01\/logo-text_Plan-de-travail-1.png\",\"width\":7169,\"height\":2390,\"caption\":\"Gabon Nouvelle Vision\"},\"image\":{\"@id\":\"https:\/\/gabonnouvellevision.com\/gnv\/#\/schema\/logo\/image\/\"},\"sameAs\":[\"https:\/\/www.facebook.com\/GNVofficiel\"]},{\"@type\":\"Person\",\"@id\":\"https:\/\/gabonnouvellevision.com\/gnv\/#\/schema\/person\/4b48e07d222f83c0285affc3704bc899\",\"name\":\"Eyeng Obame\",\"image\":{\"@type\":\"ImageObject\",\"inLanguage\":\"fr-FR\",\"@id\":\"https:\/\/gabonnouvellevision.com\/gnv\/#\/schema\/person\/image\/\",\"url\":\"https:\/\/secure.gravatar.com\/avatar\/167bc03b8baf3c77318a47159f80871de6f5a6cbf4bc8b6af750fbc1a369d7bf?s=96&d=mm&r=g\",\"contentUrl\":\"https:\/\/secure.gravatar.com\/avatar\/167bc03b8baf3c77318a47159f80871de6f5a6cbf4bc8b6af750fbc1a369d7bf?s=96&d=mm&r=g\",\"caption\":\"Eyeng Obame\"},\"url\":\"https:\/\/gabonnouvellevision.com\/gnv\/author\/rufin\/\"}]}<\/script>\n<!-- \/ Yoast SEO plugin. -->","yoast_head_json":{"title":"Pose des vignettes-taxis par le D\u00e9l\u00e9gu\u00e9 Sp\u00e9cial de Ntoum - Gabon Nouvelle Vision","robots":{"index":"index","follow":"follow","max-snippet":"max-snippet:-1","max-image-preview":"max-image-preview:large","max-video-preview":"max-video-preview:-1"},"canonical":"https:\/\/gabonnouvellevision.com\/gnv\/2024\/04\/26\/pose-des-vignettes-taxis-par-le-delegue-special-de-ntoum\/","og_locale":"fr_FR","og_type":"article","og_title":"Pose des vignettes-taxis par le D\u00e9l\u00e9gu\u00e9 Sp\u00e9cial de Ntoum - Gabon Nouvelle Vision","og_description":"le D\u00e9l\u00e9gu\u00e9 Sp\u00e9cial de Ntoum, le G\u00e9n\u00e9ral de Brigade, Samuel Ndoutoume Ekoua, posant symboliquement une vignette sur une porti\u00e8re de taxi avec un taximan Le D\u00e9l\u00e9gu\u00e9 Sp\u00e9cial de la commune de Ntoum, G\u00e9n\u00e9ral de Brigade Samuel Ndoutoume Ekoua, vient de proc\u00e9der \u00e0 la pose officielle des vignettes sur les porti\u00e8res de taxis pour le compte [&hellip;]","og_url":"https:\/\/gabonnouvellevision.com\/gnv\/2024\/04\/26\/pose-des-vignettes-taxis-par-le-delegue-special-de-ntoum\/","og_site_name":"Gabon Nouvelle Vision","article_publisher":"https:\/\/www.facebook.com\/GNVofficiel","article_published_time":"2024-04-26T10:38:09+00:00","og_image":[{"width":1920,"height":1080,"url":"https:\/\/gabonnouvellevision.com\/gnv\/wp-content\/uploads\/2024\/04\/440296992_1170644213930495_8415484583050338777_n.jpg","type":"image\/jpeg"}],"author":"Eyeng Obame","twitter_card":"summary_large_image","twitter_misc":{"\u00c9crit par":"Eyeng Obame","Dur\u00e9e de lecture estim\u00e9e":"3 minutes"},"schema":{"@context":"https:\/\/schema.org","@graph":[{"@type":"Article","@id":"https:\/\/gabonnouvellevision.com\/gnv\/2024\/04\/26\/pose-des-vignettes-taxis-par-le-delegue-special-de-ntoum\/#article","isPartOf":{"@id":"https:\/\/gabonnouvellevision.com\/gnv\/2024\/04\/26\/pose-des-vignettes-taxis-par-le-delegue-special-de-ntoum\/"},"author":{"name":"Eyeng Obame","@id":"https:\/\/gabonnouvellevision.com\/gnv\/#\/schema\/person\/4b48e07d222f83c0285affc3704bc899"},"headline":"Pose des vignettes-taxis par le D\u00e9l\u00e9gu\u00e9 Sp\u00e9cial de Ntoum","datePublished":"2024-04-26T10:38:09+00:00","dateModified":"2024-04-26T10:38:09+00:00","mainEntityOfPage":{"@id":"https:\/\/gabonnouvellevision.com\/gnv\/2024\/04\/26\/pose-des-vignettes-taxis-par-le-delegue-special-de-ntoum\/"},"wordCount":600,"commentCount":0,"publisher":{"@id":"https:\/\/gabonnouvellevision.com\/gnv\/#organization"},"image":{"@id":"https:\/\/gabonnouvellevision.com\/gnv\/2024\/04\/26\/pose-des-vignettes-taxis-par-le-delegue-special-de-ntoum\/#primaryimage"},"thumbnailUrl":"https:\/\/gabonnouvellevision.com\/gnv\/wp-content\/uploads\/2024\/04\/440296992_1170644213930495_8415484583050338777_n.jpg","articleSection":{"1":"Societe"},"inLanguage":"fr-FR","potentialAction":[{"@type":"CommentAction","name":"Comment","target":["https:\/\/gabonnouvellevision.com\/gnv\/2024\/04\/26\/pose-des-vignettes-taxis-par-le-delegue-special-de-ntoum\/#respond"]}]},{"@type":"WebPage","@id":"https:\/\/gabonnouvellevision.com\/gnv\/2024\/04\/26\/pose-des-vignettes-taxis-par-le-delegue-special-de-ntoum\/","url":"https:\/\/gabonnouvellevision.com\/gnv\/2024\/04\/26\/pose-des-vignettes-taxis-par-le-delegue-special-de-ntoum\/","name":"Pose des vignettes-taxis par le D\u00e9l\u00e9gu\u00e9 Sp\u00e9cial de Ntoum - Gabon Nouvelle Vision","isPartOf":{"@id":"https:\/\/gabonnouvellevision.com\/gnv\/#website"},"primaryImageOfPage":{"@id":"https:\/\/gabonnouvellevision.com\/gnv\/2024\/04\/26\/pose-des-vignettes-taxis-par-le-delegue-special-de-ntoum\/#primaryimage"},"image":{"@id":"https:\/\/gabonnouvellevision.com\/gnv\/2024\/04\/26\/pose-des-vignettes-taxis-par-le-delegue-special-de-ntoum\/#primaryimage"},"thumbnailUrl":"https:\/\/gabonnouvellevision.com\/gnv\/wp-content\/uploads\/2024\/04\/440296992_1170644213930495_8415484583050338777_n.jpg","datePublished":"2024-04-26T10:38:09+00:00","dateModified":"2024-04-26T10:38:09+00:00","breadcrumb":{"@id":"https:\/\/gabonnouvellevision.com\/gnv\/2024\/04\/26\/pose-des-vignettes-taxis-par-le-delegue-special-de-ntoum\/#breadcrumb"},"inLanguage":"fr-FR","potentialAction":[{"@type":"ReadAction","target":["https:\/\/gabonnouvellevision.com\/gnv\/2024\/04\/26\/pose-des-vignettes-taxis-par-le-delegue-special-de-ntoum\/"]}]},{"@type":"ImageObject","inLanguage":"fr-FR","@id":"https:\/\/gabonnouvellevision.com\/gnv\/2024\/04\/26\/pose-des-vignettes-taxis-par-le-delegue-special-de-ntoum\/#primaryimage","url":"https:\/\/gabonnouvellevision.com\/gnv\/wp-content\/uploads\/2024\/04\/440296992_1170644213930495_8415484583050338777_n.jpg","contentUrl":"https:\/\/gabonnouvellevision.com\/gnv\/wp-content\/uploads\/2024\/04\/440296992_1170644213930495_8415484583050338777_n.jpg","width":1920,"height":1080},{"@type":"BreadcrumbList","@id":"https:\/\/gabonnouvellevision.com\/gnv\/2024\/04\/26\/pose-des-vignettes-taxis-par-le-delegue-special-de-ntoum\/#breadcrumb","itemListElement":[{"@type":"ListItem","position":1,"name":"Accueil","item":"https:\/\/gabonnouvellevision.com\/gnv\/"},{"@type":"ListItem","position":2,"name":"Pose des vignettes-taxis par le D\u00e9l\u00e9gu\u00e9 Sp\u00e9cial de Ntoum"}]},{"@type":"WebSite","@id":"https:\/\/gabonnouvellevision.com\/gnv\/#website","url":"https:\/\/gabonnouvellevision.com\/gnv\/","name":"Gabon Nouvelle Vision","description":"","publisher":{"@id":"https:\/\/gabonnouvellevision.com\/gnv\/#organization"},"potentialAction":[{"@type":"SearchAction","target":{"@type":"EntryPoint","urlTemplate":"https:\/\/gabonnouvellevision.com\/gnv\/?s={search_term_string}"},"query-input":{"@type":"PropertyValueSpecification","valueRequired":true,"valueName":"search_term_string"}}],"inLanguage":"fr-FR"},{"@type":"Organization","@id":"https:\/\/gabonnouvellevision.com\/gnv\/#organization","name":"Gabon Nouvelle Vision","url":"https:\/\/gabonnouvellevision.com\/gnv\/","logo":{"@type":"ImageObject","inLanguage":"fr-FR","@id":"https:\/\/gabonnouvellevision.com\/gnv\/#\/schema\/logo\/image\/","url":"https:\/\/gabonnouvellevision.com\/gnv\/wp-content\/uploads\/2025\/01\/logo-text_Plan-de-travail-1.png","contentUrl":"https:\/\/gabonnouvellevision.com\/gnv\/wp-content\/uploads\/2025\/01\/logo-text_Plan-de-travail-1.png","width":7169,"height":2390,"caption":"Gabon Nouvelle Vision"},"image":{"@id":"https:\/\/gabonnouvellevision.com\/gnv\/#\/schema\/logo\/image\/"},"sameAs":["https:\/\/www.facebook.com\/GNVofficiel"]},{"@type":"Person","@id":"https:\/\/gabonnouvellevision.com\/gnv\/#\/schema\/person\/4b48e07d222f83c0285affc3704bc899","name":"Eyeng Obame","image":{"@type":"ImageObject","inLanguage":"fr-FR","@id":"https:\/\/gabonnouvellevision.com\/gnv\/#\/schema\/person\/image\/","url":"https:\/\/secure.gravatar.com\/avatar\/167bc03b8baf3c77318a47159f80871de6f5a6cbf4bc8b6af750fbc1a369d7bf?s=96&d=mm&r=g","contentUrl":"https:\/\/secure.gravatar.com\/avatar\/167bc03b8baf3c77318a47159f80871de6f5a6cbf4bc8b6af750fbc1a369d7bf?s=96&d=mm&r=g","caption":"Eyeng Obame"},"url":"https:\/\/gabonnouvellevision.com\/gnv\/author\/rufin\/"}]}},"_links":{"self":[{"href":"https:\/\/gabonnouvellevision.com\/gnv\/wp-json\/wp\/v2\/posts\/23490","targetHints":{"allow":["GET"]}}],"collection":[{"href":"https:\/\/gabonnouvellevision.com\/gnv\/wp-json\/wp\/v2\/posts"}],"about":[{"href":"https:\/\/gabonnouvellevision.com\/gnv\/wp-json\/wp\/v2\/types\/post"}],"author":[{"embeddable":true,"href":"https:\/\/gabonnouvellevision.com\/gnv\/wp-json\/wp\/v2\/users\/7"}],"replies":[{"embeddable":true,"href":"https:\/\/gabonnouvellevision.com\/gnv\/wp-json\/wp\/v2\/comments?post=23490"}],"version-history":[{"count":0,"href":"https:\/\/gabonnouvellevision.com\/gnv\/wp-json\/wp\/v2\/posts\/23490\/revisions"}],"wp:featuredmedia":[{"embeddable":true,"href":"https:\/\/gabonnouvellevision.com\/gnv\/wp-json\/wp\/v2\/media\/23500"}],"wp:attachment":[{"href":"https:\/\/gabonnouvellevision.com\/gnv\/wp-json\/wp\/v2\/media?parent=23490"}],"wp:term":[{"taxonomy":"category","embeddable":true,"href":"https:\/\/gabonnouvellevision.com\/gnv\/wp-json\/wp\/v2\/categories?post=23490"},{"taxonomy":"post_tag","embeddable":true,"href":"https:\/\/gabonnouvellevision.com\/gnv\/wp-json\/wp\/v2\/tags?post=23490"}],"curies":[{"name":"wp","href":"https:\/\/api.w.org\/{rel}","templated":true}]}}